{"id":26888,"date":"2023-09-14T10:54:31","date_gmt":"2023-09-14T10:54:31","guid":{"rendered":"https:\/\/permbledhja.com\/?p=26888"},"modified":"2023-09-14T10:54:31","modified_gmt":"2023-09-14T10:54:31","slug":"ish-oficeri-i-ushtrise-britanike-shqiptaret-kishin-karakter-te-forte-kombetar-dhe-ndjesi-te-larte-patriotike","status":"publish","type":"post","link":"https:\/\/permbledhja.com\/sq\/ish-oficeri-i-ushtrise-britanike-shqiptaret-kishin-karakter-te-forte-kombetar-dhe-ndjesi-te-larte-patriotike\/","title":{"rendered":"Ish-oficeri i ushtris\u00eb britanike: Shqiptar\u00ebt kishin karakter t\u00eb fort\u00eb komb\u00ebtar dhe ndjesi t\u00eb lart\u00eb patriotike"},"content":{"rendered":"<h3>N\u00eb Dhomat e Specializuara t\u00eb Kosov\u00ebs (DhSK) n\u00eb Hag\u00eb, n\u00eb gjykimin ndaj Hashim Tha\u00e7it, Kadri Veselit, Rexhep Selimit dhe Jakup Krasniqit, d\u00ebshmitari i 25-t\u00eb (me kodin 03724), Douglas Young, ish-oficer i ushtris\u00eb britanike ka th\u00ebn\u00eb se shqiptar\u00ebt kishin karakter t\u00eb fort\u00eb komb\u00ebtar dhe ndjesi t\u00eb lart\u00eb patriotike.<\/h3>\n<p>K\u00ebt\u00eb deklarim, ai e b\u00ebri duke u p\u00ebrgjigjur n\u00eb kund\u00ebr-pyetjet e mbrojtjes s\u00eb Selimit, avokatit Geoffrey Roberts.<\/p>\n<p>\u201cNga marr\u00ebdh\u00ebniet e mia t\u00eb zgjeruara me shqiptar\u00ebt dhe veteran\u00ebt e U\u00c7K-s\u00eb ishte pjes\u00ebrisht nga psikologjia komb\u00ebtare dhe karakteri komb\u00ebtar q\u00eb ata d\u00ebshironin q\u00eb forca e tyre t\u00eb shihej si e nderuar dhe p\u00ebrfaq\u00ebsues t\u00eb fitores komb\u00ebtare, dua t\u00eb them se kishin karakter t\u00eb fort\u00eb komb\u00ebtar dhe ndjesi t\u00eb lart\u00eb patriotike\u201d, tha d\u00ebshmitari Young.<\/p>\n<p>K\u00ebt\u00eb e tha si arsyetim se pse kishte th\u00ebn\u00eb se pjes\u00ebtar\u00ebt e Ushtris\u00eb \u00c7lirimtare t\u00eb Kosov\u00ebs (U\u00c7K) d\u00ebshironin t\u00eb shiheshin si ushtri e organizuar.<\/p>\n<p>Kurse, si arsye t\u00eb par\u00eb ai tha se kishte q\u00eb U\u00c7K-ja t\u00eb prezantohej n\u00eb m\u00ebnyr\u00eb sa m\u00eb t\u00eb mir\u00eb para organizatave nd\u00ebrkomb\u00ebtare n\u00eb m\u00ebnyr\u00eb q\u00eb t\u00eb demonstronin legjitimitet dhe t\u00eb ekzagjeronin nivelin e organizimit n\u00eb krahasim me \u00e7ka ishte n\u00eb realitet p\u00ebr t\u00eb inkurajuar shtetet t\u00eb ndihmonin U\u00c7K-n\u00eb.<\/p>\n<p>Po ashtu, d\u00ebshmitari Young tregoi se sa i p\u00ebrket komunikimit kishte qen\u00eb d\u00ebshmitar se ushtar\u00ebt nuk kishin pasur radio-lidhje dhe se ishin shkrepur plumba n\u00eb aj\u00ebr dhe me arm\u00eb pa pushim, sipas tij p\u00ebr t\u00eb dh\u00ebn\u00eb udh\u00ebzimin Komandant Drini p\u00ebr arm\u00ebpushim.<\/p>\n<p>Lidhur me pikat e kontrollit, ai tha se personalisht kishte kaluar n\u00eb dy prej tyre por se kishte par\u00eb edhe t\u00eb tjera.<\/p>\n<p>N\u00eb an\u00ebn tjet\u00ebr, i pyetur p\u00ebr deklarimin e m\u00ebparsh\u00ebm se kolegu i tij kishte takuar \u201c10-shin\u201d, ai tha se nuk kishte qen\u00eb n\u00eb njohuri se kush ishte apo n\u00ebse ishte nj\u00eb person apo nj\u00eb departament<strong>,\u00a0<\/strong>raporton \u201cBetimi p\u00ebr Drejt\u00ebsi\u201d.<\/p>\n<p>Duke i lexuar pjes\u00eb t\u00eb deklarat\u00ebs s\u00eb d\u00ebshmitarit n\u00eb TPNJ u tha se kishte deklaruar se kolegu i tij e kishte njohur \u201c10-shin\u201d si p\u00ebrfaq\u00ebsuesin e shefit t\u00eb inteligjenc\u00ebs apo se n\u00eb raportin p\u00ebr incidentin t\u00eb misionit verifikues kishte th\u00ebn\u00eb se kolegu njohu shefin e operacioneve sekrete t\u00eb U\u00c7K-s\u00eb.<\/p>\n<p>D\u00ebshmitari s\u00ebrish u pyet p\u00ebr takimin e tij me Fatmir Limaj, ku dha detaje se fillimisht kishte qen\u00eb takimit me Skenderin, i cili i udh\u00ebzuar nga Komandant Drini i kishte \u00e7uar n\u00eb vendtakim n\u00eb Trepez\u00eb.<\/p>\n<p>Ai tha se n\u00eb at\u00eb takim i nj\u00ebjti kishte qen\u00eb me q\u00ebndrimin se Komandat Drini iu kishte dh\u00ebn\u00eb qasje te personi n\u00eb fjal\u00eb, por se aty kishte qen\u00eb i vet\u00ebdijshme se kishte t\u00eb b\u00ebnte me nj\u00eb nivel m\u00eb t\u00eb lart\u00eb dhe mbi Komandant Drinin.<\/p>\n<p>Young tha se para se t\u00eb largohej nga takimi, koleg\u00ebt e tij i kishin informuar se personi q\u00eb takuan ishte Fatmir Limaj \u2013 Komandat \u00c7eliku.<\/p>\n<p>I nj\u00ebjti sqaroi se ai takim ka qen\u00eb me mosmarr\u00ebveshje pasi sipas tij Limaj i kishte th\u00ebn\u00eb se Young ka simpati ndaj serb\u00ebve dhe kishte p\u00ebrmendur personin e zhdukur, andaj sipas tij nuk ishte e kuptueshme q\u00eb t\u00eb kthehej nga makina p\u00ebr t\u00eb verifikuar identitetin e tij.<\/p>\n<p>Sipas tij, shqet\u00ebsuesi ishte edhe fakti se po p\u00ebrballej me nj\u00eb person q\u00eb nuk ishte n\u00ebn kontrollin e Komandat Drinit dhe se ai ishte ndjer\u00eb i pasigurt.<\/p>\n<p>D\u00ebshmitari tha se ky person po fliste n\u00eb em\u00ebr t\u00eb niveleve m\u00eb t\u00eb larta dhe qart\u00ebsisht iu kishte th\u00ebn\u00eb se personi tanim\u00eb \u00ebsht\u00eb n\u00ebn kontroll t\u00eb Shtabit t\u00eb P\u00ebrgjithsh\u00ebm dhe se sipas tij i binte se negociatat e deritanishme me Komandant Drinin nuk kishin vler\u00eb.<\/p>\n<p>Nd\u00ebrkaq, i pyetur n\u00ebse asnj\u00ebher\u00eb s\u2019kishte pasur dyshime se ai ishte personi q\u00eb i ishte th\u00ebn\u00eb se ishte, d\u00ebshmitari tha se ai kishte pasur njohuri t\u00eb m\u00ebparshme p\u00ebr llojet e operacioneve q\u00eb personi ishte i p\u00ebrfshir\u00eb n\u00eb par\u00eb dhe se emri p\u00ebrputhej me paraqitjen e tij.<\/p>\n<p>Seanca po vazhdon n\u00eb sesion publik.<\/p>\n","protected":false},"excerpt":{"rendered":"<p>N\u00eb Dhomat e Specializuara t\u00eb Kosov\u00ebs (DhSK) n\u00eb Hag\u00eb, n\u00eb gjykimin ndaj Hashim Tha\u00e7it, Kadri Veselit, Rexhep Selimit dhe Jakup Krasniqit, d\u00ebshmitari i 25-t\u00eb (me kodin 03724), Douglas Young, ish-oficer i ushtris\u00eb britanike ka th\u00ebn\u00eb se shqiptar\u00ebt kishin karakter t\u00eb fort\u00eb komb\u00ebtar dhe ndjesi t\u00eb lart\u00eb patriotike. K\u00ebt\u00eb deklarim, ai e b\u00ebri duke u p\u00ebrgjigjur [&hellip;]<\/p>\n","protected":false},"author":2,"featured_media":26889,"comment_status":"closed","ping_status":"closed","sticky":false,"template":"","format":"standard","meta":{"_monsterinsights_skip_tracking":false,"_monsterinsights_sitenote_active":false,"_monsterinsights_sitenote_note":"","_monsterinsights_sitenote_category":0,"_uf_show_specific_survey":0,"_uf_disable_surveys":false,"footnotes":""},"categories":[23,15],"tags":[],"yoast_head":"<!-- This site is optimized with the Yoast SEO plugin v21.5 - https:\/\/yoast.com\/wordpress\/plugins\/seo\/ -->\n<title>Ish-oficeri i ushtris\u00eb britanike: Shqiptar\u00ebt kishin karakter t\u00eb fort\u00eb komb\u00ebtar dhe ndjesi t\u00eb lart\u00eb patriotike<\/title>\n<meta name=\"robots\" content=\"index, follow, max-snippet:-1, max-image-preview:large, max-video-preview:-1\" \/>\n<link rel=\"canonical\" href=\"https:\/\/permbledhja.com\/sq\/ish-oficeri-i-ushtrise-britanike-shqiptaret-kishin-karakter-te-forte-kombetar-dhe-ndjesi-te-larte-patriotike\/\" \/>\n<meta property=\"og:locale\" content=\"sq_AL\" \/>\n<meta property=\"og:type\" content=\"article\" \/>\n<meta property=\"og:title\" content=\"Ish-oficeri i ushtris\u00eb britanike: Shqiptar\u00ebt kishin karakter t\u00eb fort\u00eb komb\u00ebtar dhe ndjesi t\u00eb lart\u00eb patriotike\" \/>\n<meta property=\"og:description\" content=\"N\u00eb Dhomat e Specializuara t\u00eb Kosov\u00ebs (DhSK) n\u00eb Hag\u00eb, n\u00eb gjykimin ndaj Hashim Tha\u00e7it, Kadri Veselit, Rexhep Selimit dhe Jakup Krasniqit, d\u00ebshmitari i 25-t\u00eb (me kodin 03724), Douglas Young, ish-oficer i ushtris\u00eb britanike ka th\u00ebn\u00eb se shqiptar\u00ebt kishin karakter t\u00eb fort\u00eb komb\u00ebtar dhe ndjesi t\u00eb lart\u00eb patriotike. K\u00ebt\u00eb deklarim, ai e b\u00ebri duke u p\u00ebrgjigjur [&hellip;]\" \/>\n<meta property=\"og:url\" content=\"https:\/\/permbledhja.com\/sq\/ish-oficeri-i-ushtrise-britanike-shqiptaret-kishin-karakter-te-forte-kombetar-dhe-ndjesi-te-larte-patriotike\/\" \/>\n<meta property=\"og:site_name\" content=\"Ve\u00e7 artikuj p\u00ebrmbledh\u00ebs\" \/>\n<meta property=\"article:publisher\" content=\"https:\/\/www.facebook.com\/press07\/\" \/>\n<meta property=\"article:published_time\" content=\"2023-09-14T10:54:31+00:00\" \/>\n<meta property=\"og:image\" content=\"https:\/\/permbledhja.com\/wp-content\/uploads\/2023\/09\/Screenshot-2023-09-14-094946-750x402-1-600x360-1.webp\" \/>\n\t<meta property=\"og:image:width\" content=\"600\" \/>\n\t<meta property=\"og:image:height\" content=\"360\" \/>\n\t<meta property=\"og:image:type\" content=\"image\/webp\" \/>\n<meta name=\"author\" content=\"M M\" \/>\n<meta name=\"twitter:card\" content=\"summary_large_image\" \/>\n<meta name=\"twitter:label1\" content=\"Written by\" \/>\n\t<meta name=\"twitter:data1\" content=\"M M\" \/>\n\t<meta name=\"twitter:label2\" content=\"Est. reading time\" \/>\n\t<meta name=\"twitter:data2\" content=\"4 minuta\" \/>\n<script type=\"application\/ld+json\" class=\"yoast-schema-graph\">{\"@context\":\"https:\/\/schema.org\",\"@graph\":[{\"@type\":\"Article\",\"@id\":\"https:\/\/permbledhja.com\/ish-oficeri-i-ushtrise-britanike-shqiptaret-kishin-karakter-te-forte-kombetar-dhe-ndjesi-te-larte-patriotike\/#article\",\"isPartOf\":{\"@id\":\"https:\/\/permbledhja.com\/ish-oficeri-i-ushtrise-britanike-shqiptaret-kishin-karakter-te-forte-kombetar-dhe-ndjesi-te-larte-patriotike\/\"},\"author\":{\"name\":\"M M\",\"@id\":\"https:\/\/permbledhja.com\/#\/schema\/person\/d23f13f59b5722643933d6780783acf3\"},\"headline\":\"Ish-oficeri i ushtris\u00eb britanike: Shqiptar\u00ebt kishin karakter t\u00eb fort\u00eb komb\u00ebtar dhe ndjesi t\u00eb lart\u00eb patriotike\",\"datePublished\":\"2023-09-14T10:54:31+00:00\",\"dateModified\":\"2023-09-14T10:54:31+00:00\",\"mainEntityOfPage\":{\"@id\":\"https:\/\/permbledhja.com\/ish-oficeri-i-ushtrise-britanike-shqiptaret-kishin-karakter-te-forte-kombetar-dhe-ndjesi-te-larte-patriotike\/\"},\"wordCount\":731,\"publisher\":{\"@id\":\"https:\/\/permbledhja.com\/#organization\"},\"articleSection\":[\"Komb\u00ebtare\",\"Lajme\"],\"inLanguage\":\"sq\"},{\"@type\":\"WebPage\",\"@id\":\"https:\/\/permbledhja.com\/ish-oficeri-i-ushtrise-britanike-shqiptaret-kishin-karakter-te-forte-kombetar-dhe-ndjesi-te-larte-patriotike\/\",\"url\":\"https:\/\/permbledhja.com\/ish-oficeri-i-ushtrise-britanike-shqiptaret-kishin-karakter-te-forte-kombetar-dhe-ndjesi-te-larte-patriotike\/\",\"name\":\"Ish-oficeri i ushtris\u00eb britanike: Shqiptar\u00ebt kishin karakter t\u00eb fort\u00eb komb\u00ebtar dhe ndjesi t\u00eb lart\u00eb patriotike\",\"isPartOf\":{\"@id\":\"https:\/\/permbledhja.com\/#website\"},\"datePublished\":\"2023-09-14T10:54:31+00:00\",\"dateModified\":\"2023-09-14T10:54:31+00:00\",\"breadcrumb\":{\"@id\":\"https:\/\/permbledhja.com\/ish-oficeri-i-ushtrise-britanike-shqiptaret-kishin-karakter-te-forte-kombetar-dhe-ndjesi-te-larte-patriotike\/#breadcrumb\"},\"inLanguage\":\"sq\",\"potentialAction\":[{\"@type\":\"ReadAction\",\"target\":[\"https:\/\/permbledhja.com\/ish-oficeri-i-ushtrise-britanike-shqiptaret-kishin-karakter-te-forte-kombetar-dhe-ndjesi-te-larte-patriotike\/\"]}]},{\"@type\":\"BreadcrumbList\",\"@id\":\"https:\/\/permbledhja.com\/ish-oficeri-i-ushtrise-britanike-shqiptaret-kishin-karakter-te-forte-kombetar-dhe-ndjesi-te-larte-patriotike\/#breadcrumb\",\"itemListElement\":[{\"@type\":\"ListItem\",\"position\":1,\"name\":\"Ballina\",\"item\":\"https:\/\/permbledhja.com\/sq\/\"},{\"@type\":\"ListItem\",\"position\":2,\"name\":\"Ish-oficeri i ushtris\u00eb britanike: Shqiptar\u00ebt kishin karakter t\u00eb fort\u00eb komb\u00ebtar dhe ndjesi t\u00eb lart\u00eb patriotike\"}]},{\"@type\":\"WebSite\",\"@id\":\"https:\/\/permbledhja.com\/#website\",\"url\":\"https:\/\/permbledhja.com\/\",\"name\":\"Ve\u00e7 artikuj p\u00ebrmbledh\u00ebs\",\"description\":\"\",\"publisher\":{\"@id\":\"https:\/\/permbledhja.com\/#organization\"},\"potentialAction\":[{\"@type\":\"SearchAction\",\"target\":{\"@type\":\"EntryPoint\",\"urlTemplate\":\"https:\/\/permbledhja.com\/?s={search_term_string}\"},\"query-input\":\"required name=search_term_string\"}],\"inLanguage\":\"sq\"},{\"@type\":\"Organization\",\"@id\":\"https:\/\/permbledhja.com\/#organization\",\"name\":\"MK Media & Pr\",\"url\":\"https:\/\/permbledhja.com\/\",\"logo\":{\"@type\":\"ImageObject\",\"inLanguage\":\"sq\",\"@id\":\"https:\/\/permbledhja.com\/#\/schema\/logo\/image\/\",\"url\":\"https:\/\/permbledhja.com\/wp-content\/uploads\/2021\/12\/07-Press-Logo.jpg\",\"contentUrl\":\"https:\/\/permbledhja.com\/wp-content\/uploads\/2021\/12\/07-Press-Logo.jpg\",\"width\":512,\"height\":512,\"caption\":\"MK Media & Pr\"},\"image\":{\"@id\":\"https:\/\/permbledhja.com\/#\/schema\/logo\/image\/\"},\"sameAs\":[\"https:\/\/www.facebook.com\/press07\/\"]},{\"@type\":\"Person\",\"@id\":\"https:\/\/permbledhja.com\/#\/schema\/person\/d23f13f59b5722643933d6780783acf3\",\"name\":\"M M\",\"image\":{\"@type\":\"ImageObject\",\"inLanguage\":\"sq\",\"@id\":\"https:\/\/permbledhja.com\/#\/schema\/person\/image\/\",\"url\":\"https:\/\/secure.gravatar.com\/avatar\/e2835a76ca7c31a2416b2d51c4ec9a8f?s=96&d=mm&r=g\",\"contentUrl\":\"https:\/\/secure.gravatar.com\/avatar\/e2835a76ca7c31a2416b2d51c4ec9a8f?s=96&d=mm&r=g\",\"caption\":\"M M\"},\"sameAs\":[\"http:\/\/MM\"],\"url\":\"https:\/\/permbledhja.com\/sq\/author\/muhamet\/\"}]}<\/script>\n<!-- \/ Yoast SEO plugin. -->","yoast_head_json":{"title":"Ish-oficeri i ushtris\u00eb britanike: Shqiptar\u00ebt kishin karakter t\u00eb fort\u00eb komb\u00ebtar dhe ndjesi t\u00eb lart\u00eb patriotike","robots":{"index":"index","follow":"follow","max-snippet":"max-snippet:-1","max-image-preview":"max-image-preview:large","max-video-preview":"max-video-preview:-1"},"canonical":"https:\/\/permbledhja.com\/sq\/ish-oficeri-i-ushtrise-britanike-shqiptaret-kishin-karakter-te-forte-kombetar-dhe-ndjesi-te-larte-patriotike\/","og_locale":"sq_AL","og_type":"article","og_title":"Ish-oficeri i ushtris\u00eb britanike: Shqiptar\u00ebt kishin karakter t\u00eb fort\u00eb komb\u00ebtar dhe ndjesi t\u00eb lart\u00eb patriotike","og_description":"N\u00eb Dhomat e Specializuara t\u00eb Kosov\u00ebs (DhSK) n\u00eb Hag\u00eb, n\u00eb gjykimin ndaj Hashim Tha\u00e7it, Kadri Veselit, Rexhep Selimit dhe Jakup Krasniqit, d\u00ebshmitari i 25-t\u00eb (me kodin 03724), Douglas Young, ish-oficer i ushtris\u00eb britanike ka th\u00ebn\u00eb se shqiptar\u00ebt kishin karakter t\u00eb fort\u00eb komb\u00ebtar dhe ndjesi t\u00eb lart\u00eb patriotike. K\u00ebt\u00eb deklarim, ai e b\u00ebri duke u p\u00ebrgjigjur [&hellip;]","og_url":"https:\/\/permbledhja.com\/sq\/ish-oficeri-i-ushtrise-britanike-shqiptaret-kishin-karakter-te-forte-kombetar-dhe-ndjesi-te-larte-patriotike\/","og_site_name":"Ve\u00e7 artikuj p\u00ebrmbledh\u00ebs","article_publisher":"https:\/\/www.facebook.com\/press07\/","article_published_time":"2023-09-14T10:54:31+00:00","og_image":[{"width":600,"height":360,"url":"https:\/\/permbledhja.com\/wp-content\/uploads\/2023\/09\/Screenshot-2023-09-14-094946-750x402-1-600x360-1.webp","type":"image\/webp"}],"author":"M M","twitter_card":"summary_large_image","twitter_misc":{"Written by":"M M","Est. reading time":"4 minuta"},"schema":{"@context":"https:\/\/schema.org","@graph":[{"@type":"Article","@id":"https:\/\/permbledhja.com\/ish-oficeri-i-ushtrise-britanike-shqiptaret-kishin-karakter-te-forte-kombetar-dhe-ndjesi-te-larte-patriotike\/#article","isPartOf":{"@id":"https:\/\/permbledhja.com\/ish-oficeri-i-ushtrise-britanike-shqiptaret-kishin-karakter-te-forte-kombetar-dhe-ndjesi-te-larte-patriotike\/"},"author":{"name":"M M","@id":"https:\/\/permbledhja.com\/#\/schema\/person\/d23f13f59b5722643933d6780783acf3"},"headline":"Ish-oficeri i ushtris\u00eb britanike: Shqiptar\u00ebt kishin karakter t\u00eb fort\u00eb komb\u00ebtar dhe ndjesi t\u00eb lart\u00eb patriotike","datePublished":"2023-09-14T10:54:31+00:00","dateModified":"2023-09-14T10:54:31+00:00","mainEntityOfPage":{"@id":"https:\/\/permbledhja.com\/ish-oficeri-i-ushtrise-britanike-shqiptaret-kishin-karakter-te-forte-kombetar-dhe-ndjesi-te-larte-patriotike\/"},"wordCount":731,"publisher":{"@id":"https:\/\/permbledhja.com\/#organization"},"articleSection":["Komb\u00ebtare","Lajme"],"inLanguage":"sq"},{"@type":"WebPage","@id":"https:\/\/permbledhja.com\/ish-oficeri-i-ushtrise-britanike-shqiptaret-kishin-karakter-te-forte-kombetar-dhe-ndjesi-te-larte-patriotike\/","url":"https:\/\/permbledhja.com\/ish-oficeri-i-ushtrise-britanike-shqiptaret-kishin-karakter-te-forte-kombetar-dhe-ndjesi-te-larte-patriotike\/","name":"Ish-oficeri i ushtris\u00eb britanike: Shqiptar\u00ebt kishin karakter t\u00eb fort\u00eb komb\u00ebtar dhe ndjesi t\u00eb lart\u00eb patriotike","isPartOf":{"@id":"https:\/\/permbledhja.com\/#website"},"datePublished":"2023-09-14T10:54:31+00:00","dateModified":"2023-09-14T10:54:31+00:00","breadcrumb":{"@id":"https:\/\/permbledhja.com\/ish-oficeri-i-ushtrise-britanike-shqiptaret-kishin-karakter-te-forte-kombetar-dhe-ndjesi-te-larte-patriotike\/#breadcrumb"},"inLanguage":"sq","potentialAction":[{"@type":"ReadAction","target":["https:\/\/permbledhja.com\/ish-oficeri-i-ushtrise-britanike-shqiptaret-kishin-karakter-te-forte-kombetar-dhe-ndjesi-te-larte-patriotike\/"]}]},{"@type":"BreadcrumbList","@id":"https:\/\/permbledhja.com\/ish-oficeri-i-ushtrise-britanike-shqiptaret-kishin-karakter-te-forte-kombetar-dhe-ndjesi-te-larte-patriotike\/#breadcrumb","itemListElement":[{"@type":"ListItem","position":1,"name":"Ballina","item":"https:\/\/permbledhja.com\/sq\/"},{"@type":"ListItem","position":2,"name":"Ish-oficeri i ushtris\u00eb britanike: Shqiptar\u00ebt kishin karakter t\u00eb fort\u00eb komb\u00ebtar dhe ndjesi t\u00eb lart\u00eb patriotike"}]},{"@type":"WebSite","@id":"https:\/\/permbledhja.com\/#website","url":"https:\/\/permbledhja.com\/","name":"Ve\u00e7 artikuj p\u00ebrmbledh\u00ebs","description":"","publisher":{"@id":"https:\/\/permbledhja.com\/#organization"},"potentialAction":[{"@type":"SearchAction","target":{"@type":"EntryPoint","urlTemplate":"https:\/\/permbledhja.com\/?s={search_term_string}"},"query-input":"required name=search_term_string"}],"inLanguage":"sq"},{"@type":"Organization","@id":"https:\/\/permbledhja.com\/#organization","name":"MK Media & Pr","url":"https:\/\/permbledhja.com\/","logo":{"@type":"ImageObject","inLanguage":"sq","@id":"https:\/\/permbledhja.com\/#\/schema\/logo\/image\/","url":"https:\/\/permbledhja.com\/wp-content\/uploads\/2021\/12\/07-Press-Logo.jpg","contentUrl":"https:\/\/permbledhja.com\/wp-content\/uploads\/2021\/12\/07-Press-Logo.jpg","width":512,"height":512,"caption":"MK Media & Pr"},"image":{"@id":"https:\/\/permbledhja.com\/#\/schema\/logo\/image\/"},"sameAs":["https:\/\/www.facebook.com\/press07\/"]},{"@type":"Person","@id":"https:\/\/permbledhja.com\/#\/schema\/person\/d23f13f59b5722643933d6780783acf3","name":"M M","image":{"@type":"ImageObject","inLanguage":"sq","@id":"https:\/\/permbledhja.com\/#\/schema\/person\/image\/","url":"https:\/\/secure.gravatar.com\/avatar\/e2835a76ca7c31a2416b2d51c4ec9a8f?s=96&d=mm&r=g","contentUrl":"https:\/\/secure.gravatar.com\/avatar\/e2835a76ca7c31a2416b2d51c4ec9a8f?s=96&d=mm&r=g","caption":"M M"},"sameAs":["http:\/\/MM"],"url":"https:\/\/permbledhja.com\/sq\/author\/muhamet\/"}]}},"_links":{"self":[{"href":"https:\/\/permbledhja.com\/sq\/wp-json\/wp\/v2\/posts\/26888"}],"collection":[{"href":"https:\/\/permbledhja.com\/sq\/wp-json\/wp\/v2\/posts"}],"about":[{"href":"https:\/\/permbledhja.com\/sq\/wp-json\/wp\/v2\/types\/post"}],"author":[{"embeddable":true,"href":"https:\/\/permbledhja.com\/sq\/wp-json\/wp\/v2\/users\/2"}],"replies":[{"embeddable":true,"href":"https:\/\/permbledhja.com\/sq\/wp-json\/wp\/v2\/comments?post=26888"}],"version-history":[{"count":1,"href":"https:\/\/permbledhja.com\/sq\/wp-json\/wp\/v2\/posts\/26888\/revisions"}],"predecessor-version":[{"id":26890,"href":"https:\/\/permbledhja.com\/sq\/wp-json\/wp\/v2\/posts\/26888\/revisions\/26890"}],"wp:featuredmedia":[{"embeddable":true,"href":"https:\/\/permbledhja.com\/sq\/wp-json\/wp\/v2\/media\/26889"}],"wp:attachment":[{"href":"https:\/\/permbledhja.com\/sq\/wp-json\/wp\/v2\/media?parent=26888"}],"wp:term":[{"taxonomy":"category","embeddable":true,"href":"https:\/\/permbledhja.com\/sq\/wp-json\/wp\/v2\/categories?post=26888"},{"taxonomy":"post_tag","embeddable":true,"href":"https:\/\/permbledhja.com\/sq\/wp-json\/wp\/v2\/tags?post=26888"}],"curies":[{"name":"wp","href":"https:\/\/api.w.org\/{rel}","templated":true}]}}