{"id":26879,"date":"2023-09-14T10:19:31","date_gmt":"2023-09-14T10:19:31","guid":{"rendered":"https:\/\/permbledhja.com\/?p=26879"},"modified":"2023-09-14T10:19:31","modified_gmt":"2023-09-14T10:19:31","slug":"momenti-kur-kurti-e-vuciq-shihen-sy-me-sy-ne-bruksel","status":"publish","type":"post","link":"https:\/\/permbledhja.com\/sq\/momenti-kur-kurti-e-vuciq-shihen-sy-me-sy-ne-bruksel\/","title":{"rendered":"Momenti kur Kurti e Vu\u00e7iq shihen sy m\u00eb sy n\u00eb Bruksel"},"content":{"rendered":"<h3>N\u00eb Bruskel \u00ebsht\u00eb duke u zhvilluar takimi i nivelit t\u00eb lart\u00eb nd\u00ebrmjet kryeministrit t\u00eb Kosov\u00ebs, Albin Kurti, dhe presidentit t\u00eb Serbis\u00eb, Aleksand\u00ebr Vu\u00e7iq.<\/h3>\n<p>N\u00eb pamjet q\u00eb ka publikuar Bashkimi Evropian, shihen Kurti dhe Vu\u00e7iqi n\u00eb nj\u00eb moment q\u00eb s\u2019ia shkoqin syt\u00eb nj\u00ebri-tjetrit, raporton Klan Kosova.<\/p>\n<p>N\u00eb tavolin\u00ebn e bisedimeve jan\u00eb t\u00eb pranish\u00ebm edhe P\u00ebrfaq\u00ebsuesi i Lart\u00eb i BE-s\u00eb, Josep Borrell, dhe i D\u00ebrguari i Posa\u00e7\u00ebm i BE-s\u00eb p\u00ebr dialogun Kosov\u00eb-Serbi, Miroslav Laj\u00e7ak.<\/p>\n<p>Dy diplomat\u00ebt evropian\u00eb fillimisht i kan\u00eb takuar ndaras p\u00ebrfaq\u00ebsuesit e dy vendeve t\u00eb Ballkanit Per\u00ebndimor, nd\u00ebrsa ky tani \u00ebsht\u00eb takimi trepal\u00ebsh ku do t\u00eb diskutohet p\u00ebr implementimin e Marr\u00ebveshjes Baz\u00eb dhe Aneksit t\u00eb saj.<\/p>\n<p><iframe loading=\"lazy\" title=\"Dalin pamjet nga takimi mes Kurtit dhe Vu\u00e7iqit n\u00eb Bruksel\" width=\"640\" height=\"360\" src=\"https:\/\/www.youtube.com\/embed\/y4yvblYksGA?feature=oembed\" frameborder=\"0\" allow=\"accelerometer; autoplay; clipboard-write; encrypted-media; gyroscope; picture-in-picture; web-share\" allowfullscreen><\/iframe><\/p>\n","protected":false},"excerpt":{"rendered":"<p>N\u00eb Bruskel \u00ebsht\u00eb duke u zhvilluar takimi i nivelit t\u00eb lart\u00eb nd\u00ebrmjet kryeministrit t\u00eb Kosov\u00ebs, Albin Kurti, dhe presidentit t\u00eb Serbis\u00eb, Aleksand\u00ebr Vu\u00e7iq. N\u00eb pamjet q\u00eb ka publikuar Bashkimi Evropian, shihen Kurti dhe Vu\u00e7iqi n\u00eb nj\u00eb moment q\u00eb s\u2019ia shkoqin syt\u00eb nj\u00ebri-tjetrit, raporton Klan Kosova. N\u00eb tavolin\u00ebn e bisedimeve jan\u00eb t\u00eb pranish\u00ebm edhe P\u00ebrfaq\u00ebsuesi i [&hellip;]<\/p>\n","protected":false},"author":2,"featured_media":26880,"comment_status":"closed","ping_status":"closed","sticky":false,"template":"","format":"standard","meta":{"_monsterinsights_skip_tracking":false,"_monsterinsights_sitenote_active":false,"_monsterinsights_sitenote_note":"","_monsterinsights_sitenote_category":0,"_uf_show_specific_survey":0,"_uf_disable_surveys":false,"footnotes":""},"categories":[23,15],"tags":[86,658],"yoast_head":"<!-- This site is optimized with the Yoast SEO plugin v21.5 - https:\/\/yoast.com\/wordpress\/plugins\/seo\/ -->\n<title>Momenti kur Kurti e Vu\u00e7iq shihen sy m\u00eb sy n\u00eb Bruksel<\/title>\n<meta name=\"robots\" content=\"index, follow, max-snippet:-1, max-image-preview:large, max-video-preview:-1\" \/>\n<link rel=\"canonical\" href=\"https:\/\/permbledhja.com\/sq\/momenti-kur-kurti-e-vuciq-shihen-sy-me-sy-ne-bruksel\/\" \/>\n<meta property=\"og:locale\" content=\"sq_AL\" \/>\n<meta property=\"og:type\" content=\"article\" \/>\n<meta property=\"og:title\" content=\"Momenti kur Kurti e Vu\u00e7iq shihen sy m\u00eb sy n\u00eb Bruksel\" \/>\n<meta property=\"og:description\" content=\"N\u00eb Bruskel \u00ebsht\u00eb duke u zhvilluar takimi i nivelit t\u00eb lart\u00eb nd\u00ebrmjet kryeministrit t\u00eb Kosov\u00ebs, Albin Kurti, dhe presidentit t\u00eb Serbis\u00eb, Aleksand\u00ebr Vu\u00e7iq. N\u00eb pamjet q\u00eb ka publikuar Bashkimi Evropian, shihen Kurti dhe Vu\u00e7iqi n\u00eb nj\u00eb moment q\u00eb s\u2019ia shkoqin syt\u00eb nj\u00ebri-tjetrit, raporton Klan Kosova. N\u00eb tavolin\u00ebn e bisedimeve jan\u00eb t\u00eb pranish\u00ebm edhe P\u00ebrfaq\u00ebsuesi i [&hellip;]\" \/>\n<meta property=\"og:url\" content=\"https:\/\/permbledhja.com\/sq\/momenti-kur-kurti-e-vuciq-shihen-sy-me-sy-ne-bruksel\/\" \/>\n<meta property=\"og:site_name\" content=\"Ve\u00e7 artikuj p\u00ebrmbledh\u00ebs\" \/>\n<meta property=\"article:publisher\" content=\"https:\/\/www.facebook.com\/press07\/\" \/>\n<meta property=\"article:published_time\" content=\"2023-09-14T10:19:31+00:00\" \/>\n<meta property=\"og:image\" content=\"https:\/\/permbledhja.com\/wp-content\/uploads\/2023\/09\/Capture-198.jpg\" \/>\n\t<meta property=\"og:image:width\" content=\"914\" \/>\n\t<meta property=\"og:image:height\" content=\"487\" \/>\n\t<meta property=\"og:image:type\" content=\"image\/jpeg\" \/>\n<meta name=\"author\" content=\"M M\" \/>\n<meta name=\"twitter:card\" content=\"summary_large_image\" \/>\n<meta name=\"twitter:label1\" content=\"Written by\" \/>\n\t<meta name=\"twitter:data1\" content=\"M M\" \/>\n\t<meta name=\"twitter:label2\" content=\"Est. reading time\" \/>\n\t<meta name=\"twitter:data2\" content=\"1 minut\u00eb\" \/>\n<script type=\"application\/ld+json\" class=\"yoast-schema-graph\">{\"@context\":\"https:\/\/schema.org\",\"@graph\":[{\"@type\":\"Article\",\"@id\":\"https:\/\/permbledhja.com\/sq\/momenti-kur-kurti-e-vuciq-shihen-sy-me-sy-ne-bruksel\/#article\",\"isPartOf\":{\"@id\":\"https:\/\/permbledhja.com\/sq\/momenti-kur-kurti-e-vuciq-shihen-sy-me-sy-ne-bruksel\/\"},\"author\":{\"name\":\"M M\",\"@id\":\"https:\/\/permbledhja.com\/#\/schema\/person\/d23f13f59b5722643933d6780783acf3\"},\"headline\":\"Momenti kur Kurti e Vu\u00e7iq shihen sy m\u00eb sy n\u00eb Bruksel\",\"datePublished\":\"2023-09-14T10:19:31+00:00\",\"dateModified\":\"2023-09-14T10:19:31+00:00\",\"mainEntityOfPage\":{\"@id\":\"https:\/\/permbledhja.com\/sq\/momenti-kur-kurti-e-vuciq-shihen-sy-me-sy-ne-bruksel\/\"},\"wordCount\":170,\"publisher\":{\"@id\":\"https:\/\/permbledhja.com\/#organization\"},\"keywords\":[\"Albin Kurti\",\"Aleksandar Vu\u00e7iq\"],\"articleSection\":[\"Komb\u00ebtare\",\"Lajme\"],\"inLanguage\":\"sq\"},{\"@type\":\"WebPage\",\"@id\":\"https:\/\/permbledhja.com\/sq\/momenti-kur-kurti-e-vuciq-shihen-sy-me-sy-ne-bruksel\/\",\"url\":\"https:\/\/permbledhja.com\/sq\/momenti-kur-kurti-e-vuciq-shihen-sy-me-sy-ne-bruksel\/\",\"name\":\"Momenti kur Kurti e Vu\u00e7iq shihen sy m\u00eb sy n\u00eb Bruksel\",\"isPartOf\":{\"@id\":\"https:\/\/permbledhja.com\/#website\"},\"datePublished\":\"2023-09-14T10:19:31+00:00\",\"dateModified\":\"2023-09-14T10:19:31+00:00\",\"breadcrumb\":{\"@id\":\"https:\/\/permbledhja.com\/sq\/momenti-kur-kurti-e-vuciq-shihen-sy-me-sy-ne-bruksel\/#breadcrumb\"},\"inLanguage\":\"sq\",\"potentialAction\":[{\"@type\":\"ReadAction\",\"target\":[\"https:\/\/permbledhja.com\/sq\/momenti-kur-kurti-e-vuciq-shihen-sy-me-sy-ne-bruksel\/\"]}]},{\"@type\":\"BreadcrumbList\",\"@id\":\"https:\/\/permbledhja.com\/sq\/momenti-kur-kurti-e-vuciq-shihen-sy-me-sy-ne-bruksel\/#breadcrumb\",\"itemListElement\":[{\"@type\":\"ListItem\",\"position\":1,\"name\":\"Ballina\",\"item\":\"https:\/\/permbledhja.com\/sq\/\"},{\"@type\":\"ListItem\",\"position\":2,\"name\":\"Momenti kur Kurti e Vu\u00e7iq shihen sy m\u00eb sy n\u00eb Bruksel\"}]},{\"@type\":\"WebSite\",\"@id\":\"https:\/\/permbledhja.com\/#website\",\"url\":\"https:\/\/permbledhja.com\/\",\"name\":\"Ve\u00e7 artikuj p\u00ebrmbledh\u00ebs\",\"description\":\"\",\"publisher\":{\"@id\":\"https:\/\/permbledhja.com\/#organization\"},\"potentialAction\":[{\"@type\":\"SearchAction\",\"target\":{\"@type\":\"EntryPoint\",\"urlTemplate\":\"https:\/\/permbledhja.com\/?s={search_term_string}\"},\"query-input\":\"required name=search_term_string\"}],\"inLanguage\":\"sq\"},{\"@type\":\"Organization\",\"@id\":\"https:\/\/permbledhja.com\/#organization\",\"name\":\"MK Media & Pr\",\"url\":\"https:\/\/permbledhja.com\/\",\"logo\":{\"@type\":\"ImageObject\",\"inLanguage\":\"sq\",\"@id\":\"https:\/\/permbledhja.com\/#\/schema\/logo\/image\/\",\"url\":\"https:\/\/permbledhja.com\/wp-content\/uploads\/2021\/12\/07-Press-Logo.jpg\",\"contentUrl\":\"https:\/\/permbledhja.com\/wp-content\/uploads\/2021\/12\/07-Press-Logo.jpg\",\"width\":512,\"height\":512,\"caption\":\"MK Media & Pr\"},\"image\":{\"@id\":\"https:\/\/permbledhja.com\/#\/schema\/logo\/image\/\"},\"sameAs\":[\"https:\/\/www.facebook.com\/press07\/\"]},{\"@type\":\"Person\",\"@id\":\"https:\/\/permbledhja.com\/#\/schema\/person\/d23f13f59b5722643933d6780783acf3\",\"name\":\"M M\",\"image\":{\"@type\":\"ImageObject\",\"inLanguage\":\"sq\",\"@id\":\"https:\/\/permbledhja.com\/#\/schema\/person\/image\/\",\"url\":\"https:\/\/secure.gravatar.com\/avatar\/e2835a76ca7c31a2416b2d51c4ec9a8f?s=96&d=mm&r=g\",\"contentUrl\":\"https:\/\/secure.gravatar.com\/avatar\/e2835a76ca7c31a2416b2d51c4ec9a8f?s=96&d=mm&r=g\",\"caption\":\"M M\"},\"sameAs\":[\"http:\/\/MM\"],\"url\":\"https:\/\/permbledhja.com\/sq\/author\/muhamet\/\"}]}<\/script>\n<!-- \/ Yoast SEO plugin. -->","yoast_head_json":{"title":"Momenti kur Kurti e Vu\u00e7iq shihen sy m\u00eb sy n\u00eb Bruksel","robots":{"index":"index","follow":"follow","max-snippet":"max-snippet:-1","max-image-preview":"max-image-preview:large","max-video-preview":"max-video-preview:-1"},"canonical":"https:\/\/permbledhja.com\/sq\/momenti-kur-kurti-e-vuciq-shihen-sy-me-sy-ne-bruksel\/","og_locale":"sq_AL","og_type":"article","og_title":"Momenti kur Kurti e Vu\u00e7iq shihen sy m\u00eb sy n\u00eb Bruksel","og_description":"N\u00eb Bruskel \u00ebsht\u00eb duke u zhvilluar takimi i nivelit t\u00eb lart\u00eb nd\u00ebrmjet kryeministrit t\u00eb Kosov\u00ebs, Albin Kurti, dhe presidentit t\u00eb Serbis\u00eb, Aleksand\u00ebr Vu\u00e7iq. N\u00eb pamjet q\u00eb ka publikuar Bashkimi Evropian, shihen Kurti dhe Vu\u00e7iqi n\u00eb nj\u00eb moment q\u00eb s\u2019ia shkoqin syt\u00eb nj\u00ebri-tjetrit, raporton Klan Kosova. N\u00eb tavolin\u00ebn e bisedimeve jan\u00eb t\u00eb pranish\u00ebm edhe P\u00ebrfaq\u00ebsuesi i [&hellip;]","og_url":"https:\/\/permbledhja.com\/sq\/momenti-kur-kurti-e-vuciq-shihen-sy-me-sy-ne-bruksel\/","og_site_name":"Ve\u00e7 artikuj p\u00ebrmbledh\u00ebs","article_publisher":"https:\/\/www.facebook.com\/press07\/","article_published_time":"2023-09-14T10:19:31+00:00","og_image":[{"width":914,"height":487,"url":"https:\/\/permbledhja.com\/wp-content\/uploads\/2023\/09\/Capture-198.jpg","type":"image\/jpeg"}],"author":"M M","twitter_card":"summary_large_image","twitter_misc":{"Written by":"M M","Est. reading time":"1 minut\u00eb"},"schema":{"@context":"https:\/\/schema.org","@graph":[{"@type":"Article","@id":"https:\/\/permbledhja.com\/sq\/momenti-kur-kurti-e-vuciq-shihen-sy-me-sy-ne-bruksel\/#article","isPartOf":{"@id":"https:\/\/permbledhja.com\/sq\/momenti-kur-kurti-e-vuciq-shihen-sy-me-sy-ne-bruksel\/"},"author":{"name":"M M","@id":"https:\/\/permbledhja.com\/#\/schema\/person\/d23f13f59b5722643933d6780783acf3"},"headline":"Momenti kur Kurti e Vu\u00e7iq shihen sy m\u00eb sy n\u00eb Bruksel","datePublished":"2023-09-14T10:19:31+00:00","dateModified":"2023-09-14T10:19:31+00:00","mainEntityOfPage":{"@id":"https:\/\/permbledhja.com\/sq\/momenti-kur-kurti-e-vuciq-shihen-sy-me-sy-ne-bruksel\/"},"wordCount":170,"publisher":{"@id":"https:\/\/permbledhja.com\/#organization"},"keywords":["Albin Kurti","Aleksandar Vu\u00e7iq"],"articleSection":["Komb\u00ebtare","Lajme"],"inLanguage":"sq"},{"@type":"WebPage","@id":"https:\/\/permbledhja.com\/sq\/momenti-kur-kurti-e-vuciq-shihen-sy-me-sy-ne-bruksel\/","url":"https:\/\/permbledhja.com\/sq\/momenti-kur-kurti-e-vuciq-shihen-sy-me-sy-ne-bruksel\/","name":"Momenti kur Kurti e Vu\u00e7iq shihen sy m\u00eb sy n\u00eb Bruksel","isPartOf":{"@id":"https:\/\/permbledhja.com\/#website"},"datePublished":"2023-09-14T10:19:31+00:00","dateModified":"2023-09-14T10:19:31+00:00","breadcrumb":{"@id":"https:\/\/permbledhja.com\/sq\/momenti-kur-kurti-e-vuciq-shihen-sy-me-sy-ne-bruksel\/#breadcrumb"},"inLanguage":"sq","potentialAction":[{"@type":"ReadAction","target":["https:\/\/permbledhja.com\/sq\/momenti-kur-kurti-e-vuciq-shihen-sy-me-sy-ne-bruksel\/"]}]},{"@type":"BreadcrumbList","@id":"https:\/\/permbledhja.com\/sq\/momenti-kur-kurti-e-vuciq-shihen-sy-me-sy-ne-bruksel\/#breadcrumb","itemListElement":[{"@type":"ListItem","position":1,"name":"Ballina","item":"https:\/\/permbledhja.com\/sq\/"},{"@type":"ListItem","position":2,"name":"Momenti kur Kurti e Vu\u00e7iq shihen sy m\u00eb sy n\u00eb Bruksel"}]},{"@type":"WebSite","@id":"https:\/\/permbledhja.com\/#website","url":"https:\/\/permbledhja.com\/","name":"Ve\u00e7 artikuj p\u00ebrmbledh\u00ebs","description":"","publisher":{"@id":"https:\/\/permbledhja.com\/#organization"},"potentialAction":[{"@type":"SearchAction","target":{"@type":"EntryPoint","urlTemplate":"https:\/\/permbledhja.com\/?s={search_term_string}"},"query-input":"required name=search_term_string"}],"inLanguage":"sq"},{"@type":"Organization","@id":"https:\/\/permbledhja.com\/#organization","name":"MK Media & Pr","url":"https:\/\/permbledhja.com\/","logo":{"@type":"ImageObject","inLanguage":"sq","@id":"https:\/\/permbledhja.com\/#\/schema\/logo\/image\/","url":"https:\/\/permbledhja.com\/wp-content\/uploads\/2021\/12\/07-Press-Logo.jpg","contentUrl":"https:\/\/permbledhja.com\/wp-content\/uploads\/2021\/12\/07-Press-Logo.jpg","width":512,"height":512,"caption":"MK Media & Pr"},"image":{"@id":"https:\/\/permbledhja.com\/#\/schema\/logo\/image\/"},"sameAs":["https:\/\/www.facebook.com\/press07\/"]},{"@type":"Person","@id":"https:\/\/permbledhja.com\/#\/schema\/person\/d23f13f59b5722643933d6780783acf3","name":"M M","image":{"@type":"ImageObject","inLanguage":"sq","@id":"https:\/\/permbledhja.com\/#\/schema\/person\/image\/","url":"https:\/\/secure.gravatar.com\/avatar\/e2835a76ca7c31a2416b2d51c4ec9a8f?s=96&d=mm&r=g","contentUrl":"https:\/\/secure.gravatar.com\/avatar\/e2835a76ca7c31a2416b2d51c4ec9a8f?s=96&d=mm&r=g","caption":"M M"},"sameAs":["http:\/\/MM"],"url":"https:\/\/permbledhja.com\/sq\/author\/muhamet\/"}]}},"_links":{"self":[{"href":"https:\/\/permbledhja.com\/sq\/wp-json\/wp\/v2\/posts\/26879"}],"collection":[{"href":"https:\/\/permbledhja.com\/sq\/wp-json\/wp\/v2\/posts"}],"about":[{"href":"https:\/\/permbledhja.com\/sq\/wp-json\/wp\/v2\/types\/post"}],"author":[{"embeddable":true,"href":"https:\/\/permbledhja.com\/sq\/wp-json\/wp\/v2\/users\/2"}],"replies":[{"embeddable":true,"href":"https:\/\/permbledhja.com\/sq\/wp-json\/wp\/v2\/comments?post=26879"}],"version-history":[{"count":1,"href":"https:\/\/permbledhja.com\/sq\/wp-json\/wp\/v2\/posts\/26879\/revisions"}],"predecessor-version":[{"id":26881,"href":"https:\/\/permbledhja.com\/sq\/wp-json\/wp\/v2\/posts\/26879\/revisions\/26881"}],"wp:featuredmedia":[{"embeddable":true,"href":"https:\/\/permbledhja.com\/sq\/wp-json\/wp\/v2\/media\/26880"}],"wp:attachment":[{"href":"https:\/\/permbledhja.com\/sq\/wp-json\/wp\/v2\/media?parent=26879"}],"wp:term":[{"taxonomy":"category","embeddable":true,"href":"https:\/\/permbledhja.com\/sq\/wp-json\/wp\/v2\/categories?post=26879"},{"taxonomy":"post_tag","embeddable":true,"href":"https:\/\/permbledhja.com\/sq\/wp-json\/wp\/v2\/tags?post=26879"}],"curies":[{"name":"wp","href":"https:\/\/api.w.org\/{rel}","templated":true}]}}