{"id":26856,"date":"2023-09-14T09:16:27","date_gmt":"2023-09-14T09:16:27","guid":{"rendered":"https:\/\/permbledhja.com\/?p=26856"},"modified":"2023-09-14T09:16:27","modified_gmt":"2023-09-14T09:16:27","slug":"hoxhaj-ky-vend-ka-mbetur-pa-lidership-te-shkojme-ne-zgjedhje","status":"publish","type":"post","link":"https:\/\/permbledhja.com\/sq\/hoxhaj-ky-vend-ka-mbetur-pa-lidership-te-shkojme-ne-zgjedhje\/","title":{"rendered":"Hoxhaj: Ky vend ka mbetur pa lidership, t\u00eb shkojm\u00eb n\u00eb zgjedhje"},"content":{"rendered":"<h3>Deputeti i Partis\u00eb Demokratike t\u00eb Kosov\u00ebs, Enver Hoxhaj, ka th\u00ebn\u00eb q\u00eb t\u00eb mos blihet koh\u00eb por t\u00eb shkohet n\u00eb zgjedhje.<\/h3>\n<p>\u201cP\u00ebr 1200 dit\u00eb dy mandate ka tregu q\u00eb nuk ka guxim me marr\u00eb vendime t\u00eb m\u00ebdha\u201d, ka th\u00ebn\u00eb Hoxhaj n\u00eb foltoren e Kuvendit.<\/p>\n<p>\u201cKy vend ka mbetur pa lidership me marr\u00eb vendime t\u00eb m\u00ebdha, dhe ftoj shumic\u00ebn parlamentare dhe krejt deputet\u00eb q\u00eb e shohin interesin e Kosov\u00ebs para interesit individual se n\u00eb fund t\u00eb dit\u00ebs na kur vijm\u00eb n\u00eb k\u00ebt\u00eb institucion t\u00eb nderum e reflektojm\u00eb nd\u00ebrgjegjen ton\u00eb, jo vet\u00ebm q\u00ebllimet tona, i ftoj t\u00eb gjith\u00eb deputet\u00ebt e shumic\u00ebs edhe t\u00eb opozit\u00ebs q\u00eb ne ta shp\u00ebrb\u00ebjm\u00eb k\u00ebt\u00eb Kuvend, neve na duhet nj\u00eb qeveri e re, neve na duhet nj\u00eb lidership i ri, neve na duhet nj\u00eb mandat\u00a0 i ri i k\u00ebtij institucioni dhe i k\u00ebtij kuvendi me q\u00ebllim q\u00eb Kosov\u00ebn ta kthejm\u00eb tek parimet ky\u00e7e t\u00eb dialogut dhe parimet ky\u00e7e t\u00eb dialogut jan\u00eb marr\u00ebveshja obligative ligjore jo bazike, marr\u00ebveshje finale jo t\u00eb p\u00ebrkohshme, marr\u00ebveshje p\u00ebr njohje t\u00eb nd\u00ebrsjell\u00eb dhe jo marr\u00ebveshje e cila \u00ebsht\u00eb n\u00eb fakt mosmarr\u00ebveshje\u201d.<\/p>\n<p>\u201cDhe k\u00ebt\u00eb e tham\u00eb p\u00ebr nj\u00eb arsye. K\u00ebt\u00eb e tham\u00eb se e kam bindjen q\u00eb procesi ku \u00ebsht\u00eb Kosova un\u00eb nuk pres personalisht jo m\u00eb 2023-2024, por nuk pres p\u00ebr nj\u00eb koh\u00eb t\u00eb gjat\u00eb q\u00eb t\u00eb arrijm\u00eb ndonj\u00eb marr\u00ebveshje mes Kosov\u00ebs dhe Serbis\u00eb p\u00ebr njohje t\u00eb nd\u00ebrsjell\u00eb\u201d.<\/p>\n","protected":false},"excerpt":{"rendered":"<p>Deputeti i Partis\u00eb Demokratike t\u00eb Kosov\u00ebs, Enver Hoxhaj, ka th\u00ebn\u00eb q\u00eb t\u00eb mos blihet koh\u00eb por t\u00eb shkohet n\u00eb zgjedhje. \u201cP\u00ebr 1200 dit\u00eb dy mandate ka tregu q\u00eb nuk ka guxim me marr\u00eb vendime t\u00eb m\u00ebdha\u201d, ka th\u00ebn\u00eb Hoxhaj n\u00eb foltoren e Kuvendit. \u201cKy vend ka mbetur pa lidership me marr\u00eb vendime t\u00eb m\u00ebdha, dhe [&hellip;]<\/p>\n","protected":false},"author":2,"featured_media":26858,"comment_status":"closed","ping_status":"closed","sticky":false,"template":"","format":"standard","meta":{"_monsterinsights_skip_tracking":false,"_monsterinsights_sitenote_active":false,"_monsterinsights_sitenote_note":"","_monsterinsights_sitenote_category":0,"_uf_show_specific_survey":0,"_uf_disable_surveys":false,"footnotes":""},"categories":[23,15],"tags":[1956],"yoast_head":"<!-- This site is optimized with the Yoast SEO plugin v21.5 - https:\/\/yoast.com\/wordpress\/plugins\/seo\/ -->\n<title>Hoxhaj: Ky vend ka mbetur pa lidership, t\u00eb shkojm\u00eb n\u00eb zgjedhje<\/title>\n<meta name=\"robots\" content=\"index, follow, max-snippet:-1, max-image-preview:large, max-video-preview:-1\" \/>\n<link rel=\"canonical\" href=\"https:\/\/permbledhja.com\/sq\/hoxhaj-ky-vend-ka-mbetur-pa-lidership-te-shkojme-ne-zgjedhje\/\" \/>\n<meta property=\"og:locale\" content=\"sq_AL\" \/>\n<meta property=\"og:type\" content=\"article\" \/>\n<meta property=\"og:title\" content=\"Hoxhaj: Ky vend ka mbetur pa lidership, t\u00eb shkojm\u00eb n\u00eb zgjedhje\" \/>\n<meta property=\"og:description\" content=\"Deputeti i Partis\u00eb Demokratike t\u00eb Kosov\u00ebs, Enver Hoxhaj, ka th\u00ebn\u00eb q\u00eb t\u00eb mos blihet koh\u00eb por t\u00eb shkohet n\u00eb zgjedhje. \u201cP\u00ebr 1200 dit\u00eb dy mandate ka tregu q\u00eb nuk ka guxim me marr\u00eb vendime t\u00eb m\u00ebdha\u201d, ka th\u00ebn\u00eb Hoxhaj n\u00eb foltoren e Kuvendit. \u201cKy vend ka mbetur pa lidership me marr\u00eb vendime t\u00eb m\u00ebdha, dhe [&hellip;]\" \/>\n<meta property=\"og:url\" content=\"https:\/\/permbledhja.com\/sq\/hoxhaj-ky-vend-ka-mbetur-pa-lidership-te-shkojme-ne-zgjedhje\/\" \/>\n<meta property=\"og:site_name\" content=\"Ve\u00e7 artikuj p\u00ebrmbledh\u00ebs\" \/>\n<meta property=\"article:publisher\" content=\"https:\/\/www.facebook.com\/press07\/\" \/>\n<meta property=\"article:published_time\" content=\"2023-09-14T09:16:27+00:00\" \/>\n<meta property=\"og:image\" content=\"https:\/\/permbledhja.com\/wp-content\/uploads\/2023\/09\/Capture-195.jpg\" \/>\n\t<meta property=\"og:image:width\" content=\"896\" \/>\n\t<meta property=\"og:image:height\" content=\"519\" \/>\n\t<meta property=\"og:image:type\" content=\"image\/jpeg\" \/>\n<meta name=\"author\" content=\"M M\" \/>\n<meta name=\"twitter:card\" content=\"summary_large_image\" \/>\n<meta name=\"twitter:label1\" content=\"Written by\" \/>\n\t<meta name=\"twitter:data1\" content=\"M M\" \/>\n\t<meta name=\"twitter:label2\" content=\"Est. reading time\" \/>\n\t<meta name=\"twitter:data2\" content=\"1 minut\u00eb\" \/>\n<script type=\"application\/ld+json\" class=\"yoast-schema-graph\">{\"@context\":\"https:\/\/schema.org\",\"@graph\":[{\"@type\":\"Article\",\"@id\":\"https:\/\/permbledhja.com\/hoxhaj-ky-vend-ka-mbetur-pa-lidership-te-shkojme-ne-zgjedhje\/#article\",\"isPartOf\":{\"@id\":\"https:\/\/permbledhja.com\/hoxhaj-ky-vend-ka-mbetur-pa-lidership-te-shkojme-ne-zgjedhje\/\"},\"author\":{\"name\":\"M M\",\"@id\":\"https:\/\/permbledhja.com\/#\/schema\/person\/d23f13f59b5722643933d6780783acf3\"},\"headline\":\"Hoxhaj: Ky vend ka mbetur pa lidership, t\u00eb shkojm\u00eb n\u00eb zgjedhje\",\"datePublished\":\"2023-09-14T09:16:27+00:00\",\"dateModified\":\"2023-09-14T09:16:27+00:00\",\"mainEntityOfPage\":{\"@id\":\"https:\/\/permbledhja.com\/hoxhaj-ky-vend-ka-mbetur-pa-lidership-te-shkojme-ne-zgjedhje\/\"},\"wordCount\":274,\"publisher\":{\"@id\":\"https:\/\/permbledhja.com\/#organization\"},\"keywords\":[\"Enver Hoxha\"],\"articleSection\":[\"Komb\u00ebtare\",\"Lajme\"],\"inLanguage\":\"sq\"},{\"@type\":\"WebPage\",\"@id\":\"https:\/\/permbledhja.com\/hoxhaj-ky-vend-ka-mbetur-pa-lidership-te-shkojme-ne-zgjedhje\/\",\"url\":\"https:\/\/permbledhja.com\/hoxhaj-ky-vend-ka-mbetur-pa-lidership-te-shkojme-ne-zgjedhje\/\",\"name\":\"Hoxhaj: Ky vend ka mbetur pa lidership, t\u00eb shkojm\u00eb n\u00eb zgjedhje\",\"isPartOf\":{\"@id\":\"https:\/\/permbledhja.com\/#website\"},\"datePublished\":\"2023-09-14T09:16:27+00:00\",\"dateModified\":\"2023-09-14T09:16:27+00:00\",\"breadcrumb\":{\"@id\":\"https:\/\/permbledhja.com\/hoxhaj-ky-vend-ka-mbetur-pa-lidership-te-shkojme-ne-zgjedhje\/#breadcrumb\"},\"inLanguage\":\"sq\",\"potentialAction\":[{\"@type\":\"ReadAction\",\"target\":[\"https:\/\/permbledhja.com\/hoxhaj-ky-vend-ka-mbetur-pa-lidership-te-shkojme-ne-zgjedhje\/\"]}]},{\"@type\":\"BreadcrumbList\",\"@id\":\"https:\/\/permbledhja.com\/hoxhaj-ky-vend-ka-mbetur-pa-lidership-te-shkojme-ne-zgjedhje\/#breadcrumb\",\"itemListElement\":[{\"@type\":\"ListItem\",\"position\":1,\"name\":\"Ballina\",\"item\":\"https:\/\/permbledhja.com\/sq\/\"},{\"@type\":\"ListItem\",\"position\":2,\"name\":\"Hoxhaj: Ky vend ka mbetur pa lidership, t\u00eb shkojm\u00eb n\u00eb zgjedhje\"}]},{\"@type\":\"WebSite\",\"@id\":\"https:\/\/permbledhja.com\/#website\",\"url\":\"https:\/\/permbledhja.com\/\",\"name\":\"Ve\u00e7 artikuj p\u00ebrmbledh\u00ebs\",\"description\":\"\",\"publisher\":{\"@id\":\"https:\/\/permbledhja.com\/#organization\"},\"potentialAction\":[{\"@type\":\"SearchAction\",\"target\":{\"@type\":\"EntryPoint\",\"urlTemplate\":\"https:\/\/permbledhja.com\/?s={search_term_string}\"},\"query-input\":\"required name=search_term_string\"}],\"inLanguage\":\"sq\"},{\"@type\":\"Organization\",\"@id\":\"https:\/\/permbledhja.com\/#organization\",\"name\":\"MK Media & Pr\",\"url\":\"https:\/\/permbledhja.com\/\",\"logo\":{\"@type\":\"ImageObject\",\"inLanguage\":\"sq\",\"@id\":\"https:\/\/permbledhja.com\/#\/schema\/logo\/image\/\",\"url\":\"https:\/\/permbledhja.com\/wp-content\/uploads\/2021\/12\/07-Press-Logo.jpg\",\"contentUrl\":\"https:\/\/permbledhja.com\/wp-content\/uploads\/2021\/12\/07-Press-Logo.jpg\",\"width\":512,\"height\":512,\"caption\":\"MK Media & Pr\"},\"image\":{\"@id\":\"https:\/\/permbledhja.com\/#\/schema\/logo\/image\/\"},\"sameAs\":[\"https:\/\/www.facebook.com\/press07\/\"]},{\"@type\":\"Person\",\"@id\":\"https:\/\/permbledhja.com\/#\/schema\/person\/d23f13f59b5722643933d6780783acf3\",\"name\":\"M M\",\"image\":{\"@type\":\"ImageObject\",\"inLanguage\":\"sq\",\"@id\":\"https:\/\/permbledhja.com\/#\/schema\/person\/image\/\",\"url\":\"https:\/\/secure.gravatar.com\/avatar\/e2835a76ca7c31a2416b2d51c4ec9a8f?s=96&d=mm&r=g\",\"contentUrl\":\"https:\/\/secure.gravatar.com\/avatar\/e2835a76ca7c31a2416b2d51c4ec9a8f?s=96&d=mm&r=g\",\"caption\":\"M M\"},\"sameAs\":[\"http:\/\/MM\"],\"url\":\"https:\/\/permbledhja.com\/sq\/author\/muhamet\/\"}]}<\/script>\n<!-- \/ Yoast SEO plugin. -->","yoast_head_json":{"title":"Hoxhaj: Ky vend ka mbetur pa lidership, t\u00eb shkojm\u00eb n\u00eb zgjedhje","robots":{"index":"index","follow":"follow","max-snippet":"max-snippet:-1","max-image-preview":"max-image-preview:large","max-video-preview":"max-video-preview:-1"},"canonical":"https:\/\/permbledhja.com\/sq\/hoxhaj-ky-vend-ka-mbetur-pa-lidership-te-shkojme-ne-zgjedhje\/","og_locale":"sq_AL","og_type":"article","og_title":"Hoxhaj: Ky vend ka mbetur pa lidership, t\u00eb shkojm\u00eb n\u00eb zgjedhje","og_description":"Deputeti i Partis\u00eb Demokratike t\u00eb Kosov\u00ebs, Enver Hoxhaj, ka th\u00ebn\u00eb q\u00eb t\u00eb mos blihet koh\u00eb por t\u00eb shkohet n\u00eb zgjedhje. \u201cP\u00ebr 1200 dit\u00eb dy mandate ka tregu q\u00eb nuk ka guxim me marr\u00eb vendime t\u00eb m\u00ebdha\u201d, ka th\u00ebn\u00eb Hoxhaj n\u00eb foltoren e Kuvendit. \u201cKy vend ka mbetur pa lidership me marr\u00eb vendime t\u00eb m\u00ebdha, dhe [&hellip;]","og_url":"https:\/\/permbledhja.com\/sq\/hoxhaj-ky-vend-ka-mbetur-pa-lidership-te-shkojme-ne-zgjedhje\/","og_site_name":"Ve\u00e7 artikuj p\u00ebrmbledh\u00ebs","article_publisher":"https:\/\/www.facebook.com\/press07\/","article_published_time":"2023-09-14T09:16:27+00:00","og_image":[{"width":896,"height":519,"url":"https:\/\/permbledhja.com\/wp-content\/uploads\/2023\/09\/Capture-195.jpg","type":"image\/jpeg"}],"author":"M M","twitter_card":"summary_large_image","twitter_misc":{"Written by":"M M","Est. reading time":"1 minut\u00eb"},"schema":{"@context":"https:\/\/schema.org","@graph":[{"@type":"Article","@id":"https:\/\/permbledhja.com\/hoxhaj-ky-vend-ka-mbetur-pa-lidership-te-shkojme-ne-zgjedhje\/#article","isPartOf":{"@id":"https:\/\/permbledhja.com\/hoxhaj-ky-vend-ka-mbetur-pa-lidership-te-shkojme-ne-zgjedhje\/"},"author":{"name":"M M","@id":"https:\/\/permbledhja.com\/#\/schema\/person\/d23f13f59b5722643933d6780783acf3"},"headline":"Hoxhaj: Ky vend ka mbetur pa lidership, t\u00eb shkojm\u00eb n\u00eb zgjedhje","datePublished":"2023-09-14T09:16:27+00:00","dateModified":"2023-09-14T09:16:27+00:00","mainEntityOfPage":{"@id":"https:\/\/permbledhja.com\/hoxhaj-ky-vend-ka-mbetur-pa-lidership-te-shkojme-ne-zgjedhje\/"},"wordCount":274,"publisher":{"@id":"https:\/\/permbledhja.com\/#organization"},"keywords":["Enver Hoxha"],"articleSection":["Komb\u00ebtare","Lajme"],"inLanguage":"sq"},{"@type":"WebPage","@id":"https:\/\/permbledhja.com\/hoxhaj-ky-vend-ka-mbetur-pa-lidership-te-shkojme-ne-zgjedhje\/","url":"https:\/\/permbledhja.com\/hoxhaj-ky-vend-ka-mbetur-pa-lidership-te-shkojme-ne-zgjedhje\/","name":"Hoxhaj: Ky vend ka mbetur pa lidership, t\u00eb shkojm\u00eb n\u00eb zgjedhje","isPartOf":{"@id":"https:\/\/permbledhja.com\/#website"},"datePublished":"2023-09-14T09:16:27+00:00","dateModified":"2023-09-14T09:16:27+00:00","breadcrumb":{"@id":"https:\/\/permbledhja.com\/hoxhaj-ky-vend-ka-mbetur-pa-lidership-te-shkojme-ne-zgjedhje\/#breadcrumb"},"inLanguage":"sq","potentialAction":[{"@type":"ReadAction","target":["https:\/\/permbledhja.com\/hoxhaj-ky-vend-ka-mbetur-pa-lidership-te-shkojme-ne-zgjedhje\/"]}]},{"@type":"BreadcrumbList","@id":"https:\/\/permbledhja.com\/hoxhaj-ky-vend-ka-mbetur-pa-lidership-te-shkojme-ne-zgjedhje\/#breadcrumb","itemListElement":[{"@type":"ListItem","position":1,"name":"Ballina","item":"https:\/\/permbledhja.com\/sq\/"},{"@type":"ListItem","position":2,"name":"Hoxhaj: Ky vend ka mbetur pa lidership, t\u00eb shkojm\u00eb n\u00eb zgjedhje"}]},{"@type":"WebSite","@id":"https:\/\/permbledhja.com\/#website","url":"https:\/\/permbledhja.com\/","name":"Ve\u00e7 artikuj p\u00ebrmbledh\u00ebs","description":"","publisher":{"@id":"https:\/\/permbledhja.com\/#organization"},"potentialAction":[{"@type":"SearchAction","target":{"@type":"EntryPoint","urlTemplate":"https:\/\/permbledhja.com\/?s={search_term_string}"},"query-input":"required name=search_term_string"}],"inLanguage":"sq"},{"@type":"Organization","@id":"https:\/\/permbledhja.com\/#organization","name":"MK Media & Pr","url":"https:\/\/permbledhja.com\/","logo":{"@type":"ImageObject","inLanguage":"sq","@id":"https:\/\/permbledhja.com\/#\/schema\/logo\/image\/","url":"https:\/\/permbledhja.com\/wp-content\/uploads\/2021\/12\/07-Press-Logo.jpg","contentUrl":"https:\/\/permbledhja.com\/wp-content\/uploads\/2021\/12\/07-Press-Logo.jpg","width":512,"height":512,"caption":"MK Media & Pr"},"image":{"@id":"https:\/\/permbledhja.com\/#\/schema\/logo\/image\/"},"sameAs":["https:\/\/www.facebook.com\/press07\/"]},{"@type":"Person","@id":"https:\/\/permbledhja.com\/#\/schema\/person\/d23f13f59b5722643933d6780783acf3","name":"M M","image":{"@type":"ImageObject","inLanguage":"sq","@id":"https:\/\/permbledhja.com\/#\/schema\/person\/image\/","url":"https:\/\/secure.gravatar.com\/avatar\/e2835a76ca7c31a2416b2d51c4ec9a8f?s=96&d=mm&r=g","contentUrl":"https:\/\/secure.gravatar.com\/avatar\/e2835a76ca7c31a2416b2d51c4ec9a8f?s=96&d=mm&r=g","caption":"M M"},"sameAs":["http:\/\/MM"],"url":"https:\/\/permbledhja.com\/sq\/author\/muhamet\/"}]}},"_links":{"self":[{"href":"https:\/\/permbledhja.com\/sq\/wp-json\/wp\/v2\/posts\/26856"}],"collection":[{"href":"https:\/\/permbledhja.com\/sq\/wp-json\/wp\/v2\/posts"}],"about":[{"href":"https:\/\/permbledhja.com\/sq\/wp-json\/wp\/v2\/types\/post"}],"author":[{"embeddable":true,"href":"https:\/\/permbledhja.com\/sq\/wp-json\/wp\/v2\/users\/2"}],"replies":[{"embeddable":true,"href":"https:\/\/permbledhja.com\/sq\/wp-json\/wp\/v2\/comments?post=26856"}],"version-history":[{"count":1,"href":"https:\/\/permbledhja.com\/sq\/wp-json\/wp\/v2\/posts\/26856\/revisions"}],"predecessor-version":[{"id":26859,"href":"https:\/\/permbledhja.com\/sq\/wp-json\/wp\/v2\/posts\/26856\/revisions\/26859"}],"wp:featuredmedia":[{"embeddable":true,"href":"https:\/\/permbledhja.com\/sq\/wp-json\/wp\/v2\/media\/26858"}],"wp:attachment":[{"href":"https:\/\/permbledhja.com\/sq\/wp-json\/wp\/v2\/media?parent=26856"}],"wp:term":[{"taxonomy":"category","embeddable":true,"href":"https:\/\/permbledhja.com\/sq\/wp-json\/wp\/v2\/categories?post=26856"},{"taxonomy":"post_tag","embeddable":true,"href":"https:\/\/permbledhja.com\/sq\/wp-json\/wp\/v2\/tags?post=26856"}],"curies":[{"name":"wp","href":"https:\/\/api.w.org\/{rel}","templated":true}]}}