{"id":26841,"date":"2023-09-14T08:38:49","date_gmt":"2023-09-14T08:38:49","guid":{"rendered":"https:\/\/permbledhja.com\/?p=26841"},"modified":"2023-09-14T08:41:35","modified_gmt":"2023-09-14T08:41:35","slug":"pamje-nga-takimi-i-kurtit-me-diplomatet-evropiane","status":"publish","type":"post","link":"https:\/\/permbledhja.com\/sq\/pamje-nga-takimi-i-kurtit-me-diplomatet-evropiane\/","title":{"rendered":"Pamje nga takimi i Kurtit me diplomat\u00ebt evropian\u00eb"},"content":{"rendered":"<h3>Ka filluar takimi i kryeministrit t\u00eb Kosov\u00ebs, Albin Kurti, me P\u00ebrfaq\u00ebsuesin e Lart\u00eb t\u00eb BE-s\u00eb, Josep Borrell, si dhe t\u00eb D\u00ebrguarin e Posa\u00e7\u00ebm t\u00eb BE-s\u00eb p\u00ebr dialogun Kosov\u00eb-Serbi, Miroslav Laj\u00e7ak.<\/h3>\n<p>S\u00eb pari, dy diplomat\u00ebt evropian\u00eb kan\u00eb takuar presidentin e Serbis\u00eb, Aleksand\u00ebr Vu\u00e7iq, duke filluar nga ora 9:00 raporton KlanKosova.tv.<\/p>\n<p>Takimi trepal\u00ebsh, sipas njoftimit, do t\u00eb filloj\u00eb nga ora 11:00 dhe tem\u00eb diskutimi do t\u00eb ket\u00eb zbatimin e Marr\u00ebveshjes p\u00ebr normalizimin e marr\u00ebdh\u00ebnieve, e arritur gojarisht mes Kurtit dhe Vu\u00e7iqit n\u00eb muajin shkurt.<\/p>\n<p><img loading=\"lazy\" decoding=\"async\" class=\"alignnone  wp-image-26844\" src=\"https:\/\/permbledhja.com\/wp-content\/uploads\/2023\/09\/Capture-193-1-300x173.jpg\" alt=\"\" width=\"690\" height=\"398\" srcset=\"https:\/\/permbledhja.com\/wp-content\/uploads\/2023\/09\/Capture-193-1-300x173.jpg 300w, https:\/\/permbledhja.com\/wp-content\/uploads\/2023\/09\/Capture-193-1-768x442.jpg 768w, https:\/\/permbledhja.com\/wp-content\/uploads\/2023\/09\/Capture-193-1-18x10.jpg 18w, https:\/\/permbledhja.com\/wp-content\/uploads\/2023\/09\/Capture-193-1.jpg 883w\" sizes=\"(max-width: 690px) 100vw, 690px\" \/><\/p>\n","protected":false},"excerpt":{"rendered":"<p>Ka filluar takimi i kryeministrit t\u00eb Kosov\u00ebs, Albin Kurti, me P\u00ebrfaq\u00ebsuesin e Lart\u00eb t\u00eb BE-s\u00eb, Josep Borrell, si dhe t\u00eb D\u00ebrguarin e Posa\u00e7\u00ebm t\u00eb BE-s\u00eb p\u00ebr dialogun Kosov\u00eb-Serbi, Miroslav Laj\u00e7ak. S\u00eb pari, dy diplomat\u00ebt evropian\u00eb kan\u00eb takuar presidentin e Serbis\u00eb, Aleksand\u00ebr Vu\u00e7iq, duke filluar nga ora 9:00 raporton KlanKosova.tv. Takimi trepal\u00ebsh, sipas njoftimit, do t\u00eb [&hellip;]<\/p>\n","protected":false},"author":2,"featured_media":26842,"comment_status":"closed","ping_status":"closed","sticky":false,"template":"","format":"standard","meta":{"_monsterinsights_skip_tracking":false,"_monsterinsights_sitenote_active":false,"_monsterinsights_sitenote_note":"","_monsterinsights_sitenote_category":0,"_uf_show_specific_survey":0,"_uf_disable_surveys":false,"footnotes":""},"categories":[1146,15],"tags":[86],"yoast_head":"<!-- This site is optimized with the Yoast SEO plugin v21.5 - https:\/\/yoast.com\/wordpress\/plugins\/seo\/ -->\n<title>Pamje nga takimi i Kurtit me diplomat\u00ebt evropian\u00eb<\/title>\n<meta name=\"robots\" content=\"index, follow, max-snippet:-1, max-image-preview:large, max-video-preview:-1\" \/>\n<link rel=\"canonical\" href=\"https:\/\/permbledhja.com\/sq\/pamje-nga-takimi-i-kurtit-me-diplomatet-evropiane\/\" \/>\n<meta property=\"og:locale\" content=\"sq_AL\" \/>\n<meta property=\"og:type\" content=\"article\" \/>\n<meta property=\"og:title\" content=\"Pamje nga takimi i Kurtit me diplomat\u00ebt evropian\u00eb\" \/>\n<meta property=\"og:description\" content=\"Ka filluar takimi i kryeministrit t\u00eb Kosov\u00ebs, Albin Kurti, me P\u00ebrfaq\u00ebsuesin e Lart\u00eb t\u00eb BE-s\u00eb, Josep Borrell, si dhe t\u00eb D\u00ebrguarin e Posa\u00e7\u00ebm t\u00eb BE-s\u00eb p\u00ebr dialogun Kosov\u00eb-Serbi, Miroslav Laj\u00e7ak. S\u00eb pari, dy diplomat\u00ebt evropian\u00eb kan\u00eb takuar presidentin e Serbis\u00eb, Aleksand\u00ebr Vu\u00e7iq, duke filluar nga ora 9:00 raporton KlanKosova.tv. Takimi trepal\u00ebsh, sipas njoftimit, do t\u00eb [&hellip;]\" \/>\n<meta property=\"og:url\" content=\"https:\/\/permbledhja.com\/sq\/pamje-nga-takimi-i-kurtit-me-diplomatet-evropiane\/\" \/>\n<meta property=\"og:site_name\" content=\"Ve\u00e7 artikuj p\u00ebrmbledh\u00ebs\" \/>\n<meta property=\"article:publisher\" content=\"https:\/\/www.facebook.com\/press07\/\" \/>\n<meta property=\"article:published_time\" content=\"2023-09-14T08:38:49+00:00\" \/>\n<meta property=\"article:modified_time\" content=\"2023-09-14T08:41:35+00:00\" \/>\n<meta property=\"og:image\" content=\"https:\/\/permbledhja.com\/wp-content\/uploads\/2023\/09\/Capture-193.jpg\" \/>\n\t<meta property=\"og:image:width\" content=\"883\" \/>\n\t<meta property=\"og:image:height\" content=\"508\" \/>\n\t<meta property=\"og:image:type\" content=\"image\/jpeg\" \/>\n<meta name=\"author\" content=\"M M\" \/>\n<meta name=\"twitter:card\" content=\"summary_large_image\" \/>\n<meta name=\"twitter:label1\" content=\"Written by\" \/>\n\t<meta name=\"twitter:data1\" content=\"M M\" \/>\n\t<meta name=\"twitter:label2\" content=\"Est. reading time\" \/>\n\t<meta name=\"twitter:data2\" content=\"1 minut\u00eb\" \/>\n<script type=\"application\/ld+json\" class=\"yoast-schema-graph\">{\"@context\":\"https:\/\/schema.org\",\"@graph\":[{\"@type\":\"Article\",\"@id\":\"https:\/\/permbledhja.com\/pamje-nga-takimi-i-kurtit-me-diplomatet-evropiane\/#article\",\"isPartOf\":{\"@id\":\"https:\/\/permbledhja.com\/pamje-nga-takimi-i-kurtit-me-diplomatet-evropiane\/\"},\"author\":{\"name\":\"M M\",\"@id\":\"https:\/\/permbledhja.com\/#\/schema\/person\/d23f13f59b5722643933d6780783acf3\"},\"headline\":\"Pamje nga takimi i Kurtit me diplomat\u00ebt evropian\u00eb\",\"datePublished\":\"2023-09-14T08:38:49+00:00\",\"dateModified\":\"2023-09-14T08:41:35+00:00\",\"mainEntityOfPage\":{\"@id\":\"https:\/\/permbledhja.com\/pamje-nga-takimi-i-kurtit-me-diplomatet-evropiane\/\"},\"wordCount\":107,\"publisher\":{\"@id\":\"https:\/\/permbledhja.com\/#organization\"},\"keywords\":[\"Albin Kurti\"],\"articleSection\":[\"Kryesoret\",\"Lajme\"],\"inLanguage\":\"sq\"},{\"@type\":\"WebPage\",\"@id\":\"https:\/\/permbledhja.com\/pamje-nga-takimi-i-kurtit-me-diplomatet-evropiane\/\",\"url\":\"https:\/\/permbledhja.com\/pamje-nga-takimi-i-kurtit-me-diplomatet-evropiane\/\",\"name\":\"Pamje nga takimi i Kurtit me diplomat\u00ebt evropian\u00eb\",\"isPartOf\":{\"@id\":\"https:\/\/permbledhja.com\/#website\"},\"datePublished\":\"2023-09-14T08:38:49+00:00\",\"dateModified\":\"2023-09-14T08:41:35+00:00\",\"breadcrumb\":{\"@id\":\"https:\/\/permbledhja.com\/pamje-nga-takimi-i-kurtit-me-diplomatet-evropiane\/#breadcrumb\"},\"inLanguage\":\"sq\",\"potentialAction\":[{\"@type\":\"ReadAction\",\"target\":[\"https:\/\/permbledhja.com\/pamje-nga-takimi-i-kurtit-me-diplomatet-evropiane\/\"]}]},{\"@type\":\"BreadcrumbList\",\"@id\":\"https:\/\/permbledhja.com\/pamje-nga-takimi-i-kurtit-me-diplomatet-evropiane\/#breadcrumb\",\"itemListElement\":[{\"@type\":\"ListItem\",\"position\":1,\"name\":\"Ballina\",\"item\":\"https:\/\/permbledhja.com\/sq\/\"},{\"@type\":\"ListItem\",\"position\":2,\"name\":\"Pamje nga takimi i Kurtit me diplomat\u00ebt evropian\u00eb\"}]},{\"@type\":\"WebSite\",\"@id\":\"https:\/\/permbledhja.com\/#website\",\"url\":\"https:\/\/permbledhja.com\/\",\"name\":\"Ve\u00e7 artikuj p\u00ebrmbledh\u00ebs\",\"description\":\"\",\"publisher\":{\"@id\":\"https:\/\/permbledhja.com\/#organization\"},\"potentialAction\":[{\"@type\":\"SearchAction\",\"target\":{\"@type\":\"EntryPoint\",\"urlTemplate\":\"https:\/\/permbledhja.com\/?s={search_term_string}\"},\"query-input\":\"required name=search_term_string\"}],\"inLanguage\":\"sq\"},{\"@type\":\"Organization\",\"@id\":\"https:\/\/permbledhja.com\/#organization\",\"name\":\"MK Media & Pr\",\"url\":\"https:\/\/permbledhja.com\/\",\"logo\":{\"@type\":\"ImageObject\",\"inLanguage\":\"sq\",\"@id\":\"https:\/\/permbledhja.com\/#\/schema\/logo\/image\/\",\"url\":\"https:\/\/permbledhja.com\/wp-content\/uploads\/2021\/12\/07-Press-Logo.jpg\",\"contentUrl\":\"https:\/\/permbledhja.com\/wp-content\/uploads\/2021\/12\/07-Press-Logo.jpg\",\"width\":512,\"height\":512,\"caption\":\"MK Media & Pr\"},\"image\":{\"@id\":\"https:\/\/permbledhja.com\/#\/schema\/logo\/image\/\"},\"sameAs\":[\"https:\/\/www.facebook.com\/press07\/\"]},{\"@type\":\"Person\",\"@id\":\"https:\/\/permbledhja.com\/#\/schema\/person\/d23f13f59b5722643933d6780783acf3\",\"name\":\"M M\",\"image\":{\"@type\":\"ImageObject\",\"inLanguage\":\"sq\",\"@id\":\"https:\/\/permbledhja.com\/#\/schema\/person\/image\/\",\"url\":\"https:\/\/secure.gravatar.com\/avatar\/e2835a76ca7c31a2416b2d51c4ec9a8f?s=96&d=mm&r=g\",\"contentUrl\":\"https:\/\/secure.gravatar.com\/avatar\/e2835a76ca7c31a2416b2d51c4ec9a8f?s=96&d=mm&r=g\",\"caption\":\"M M\"},\"sameAs\":[\"http:\/\/MM\"],\"url\":\"https:\/\/permbledhja.com\/sq\/author\/muhamet\/\"}]}<\/script>\n<!-- \/ Yoast SEO plugin. -->","yoast_head_json":{"title":"Pamje nga takimi i Kurtit me diplomat\u00ebt evropian\u00eb","robots":{"index":"index","follow":"follow","max-snippet":"max-snippet:-1","max-image-preview":"max-image-preview:large","max-video-preview":"max-video-preview:-1"},"canonical":"https:\/\/permbledhja.com\/sq\/pamje-nga-takimi-i-kurtit-me-diplomatet-evropiane\/","og_locale":"sq_AL","og_type":"article","og_title":"Pamje nga takimi i Kurtit me diplomat\u00ebt evropian\u00eb","og_description":"Ka filluar takimi i kryeministrit t\u00eb Kosov\u00ebs, Albin Kurti, me P\u00ebrfaq\u00ebsuesin e Lart\u00eb t\u00eb BE-s\u00eb, Josep Borrell, si dhe t\u00eb D\u00ebrguarin e Posa\u00e7\u00ebm t\u00eb BE-s\u00eb p\u00ebr dialogun Kosov\u00eb-Serbi, Miroslav Laj\u00e7ak. S\u00eb pari, dy diplomat\u00ebt evropian\u00eb kan\u00eb takuar presidentin e Serbis\u00eb, Aleksand\u00ebr Vu\u00e7iq, duke filluar nga ora 9:00 raporton KlanKosova.tv. Takimi trepal\u00ebsh, sipas njoftimit, do t\u00eb [&hellip;]","og_url":"https:\/\/permbledhja.com\/sq\/pamje-nga-takimi-i-kurtit-me-diplomatet-evropiane\/","og_site_name":"Ve\u00e7 artikuj p\u00ebrmbledh\u00ebs","article_publisher":"https:\/\/www.facebook.com\/press07\/","article_published_time":"2023-09-14T08:38:49+00:00","article_modified_time":"2023-09-14T08:41:35+00:00","og_image":[{"width":883,"height":508,"url":"https:\/\/permbledhja.com\/wp-content\/uploads\/2023\/09\/Capture-193.jpg","type":"image\/jpeg"}],"author":"M M","twitter_card":"summary_large_image","twitter_misc":{"Written by":"M M","Est. reading time":"1 minut\u00eb"},"schema":{"@context":"https:\/\/schema.org","@graph":[{"@type":"Article","@id":"https:\/\/permbledhja.com\/pamje-nga-takimi-i-kurtit-me-diplomatet-evropiane\/#article","isPartOf":{"@id":"https:\/\/permbledhja.com\/pamje-nga-takimi-i-kurtit-me-diplomatet-evropiane\/"},"author":{"name":"M M","@id":"https:\/\/permbledhja.com\/#\/schema\/person\/d23f13f59b5722643933d6780783acf3"},"headline":"Pamje nga takimi i Kurtit me diplomat\u00ebt evropian\u00eb","datePublished":"2023-09-14T08:38:49+00:00","dateModified":"2023-09-14T08:41:35+00:00","mainEntityOfPage":{"@id":"https:\/\/permbledhja.com\/pamje-nga-takimi-i-kurtit-me-diplomatet-evropiane\/"},"wordCount":107,"publisher":{"@id":"https:\/\/permbledhja.com\/#organization"},"keywords":["Albin Kurti"],"articleSection":["Kryesoret","Lajme"],"inLanguage":"sq"},{"@type":"WebPage","@id":"https:\/\/permbledhja.com\/pamje-nga-takimi-i-kurtit-me-diplomatet-evropiane\/","url":"https:\/\/permbledhja.com\/pamje-nga-takimi-i-kurtit-me-diplomatet-evropiane\/","name":"Pamje nga takimi i Kurtit me diplomat\u00ebt evropian\u00eb","isPartOf":{"@id":"https:\/\/permbledhja.com\/#website"},"datePublished":"2023-09-14T08:38:49+00:00","dateModified":"2023-09-14T08:41:35+00:00","breadcrumb":{"@id":"https:\/\/permbledhja.com\/pamje-nga-takimi-i-kurtit-me-diplomatet-evropiane\/#breadcrumb"},"inLanguage":"sq","potentialAction":[{"@type":"ReadAction","target":["https:\/\/permbledhja.com\/pamje-nga-takimi-i-kurtit-me-diplomatet-evropiane\/"]}]},{"@type":"BreadcrumbList","@id":"https:\/\/permbledhja.com\/pamje-nga-takimi-i-kurtit-me-diplomatet-evropiane\/#breadcrumb","itemListElement":[{"@type":"ListItem","position":1,"name":"Ballina","item":"https:\/\/permbledhja.com\/sq\/"},{"@type":"ListItem","position":2,"name":"Pamje nga takimi i Kurtit me diplomat\u00ebt evropian\u00eb"}]},{"@type":"WebSite","@id":"https:\/\/permbledhja.com\/#website","url":"https:\/\/permbledhja.com\/","name":"Ve\u00e7 artikuj p\u00ebrmbledh\u00ebs","description":"","publisher":{"@id":"https:\/\/permbledhja.com\/#organization"},"potentialAction":[{"@type":"SearchAction","target":{"@type":"EntryPoint","urlTemplate":"https:\/\/permbledhja.com\/?s={search_term_string}"},"query-input":"required name=search_term_string"}],"inLanguage":"sq"},{"@type":"Organization","@id":"https:\/\/permbledhja.com\/#organization","name":"MK Media & Pr","url":"https:\/\/permbledhja.com\/","logo":{"@type":"ImageObject","inLanguage":"sq","@id":"https:\/\/permbledhja.com\/#\/schema\/logo\/image\/","url":"https:\/\/permbledhja.com\/wp-content\/uploads\/2021\/12\/07-Press-Logo.jpg","contentUrl":"https:\/\/permbledhja.com\/wp-content\/uploads\/2021\/12\/07-Press-Logo.jpg","width":512,"height":512,"caption":"MK Media & Pr"},"image":{"@id":"https:\/\/permbledhja.com\/#\/schema\/logo\/image\/"},"sameAs":["https:\/\/www.facebook.com\/press07\/"]},{"@type":"Person","@id":"https:\/\/permbledhja.com\/#\/schema\/person\/d23f13f59b5722643933d6780783acf3","name":"M M","image":{"@type":"ImageObject","inLanguage":"sq","@id":"https:\/\/permbledhja.com\/#\/schema\/person\/image\/","url":"https:\/\/secure.gravatar.com\/avatar\/e2835a76ca7c31a2416b2d51c4ec9a8f?s=96&d=mm&r=g","contentUrl":"https:\/\/secure.gravatar.com\/avatar\/e2835a76ca7c31a2416b2d51c4ec9a8f?s=96&d=mm&r=g","caption":"M M"},"sameAs":["http:\/\/MM"],"url":"https:\/\/permbledhja.com\/sq\/author\/muhamet\/"}]}},"_links":{"self":[{"href":"https:\/\/permbledhja.com\/sq\/wp-json\/wp\/v2\/posts\/26841"}],"collection":[{"href":"https:\/\/permbledhja.com\/sq\/wp-json\/wp\/v2\/posts"}],"about":[{"href":"https:\/\/permbledhja.com\/sq\/wp-json\/wp\/v2\/types\/post"}],"author":[{"embeddable":true,"href":"https:\/\/permbledhja.com\/sq\/wp-json\/wp\/v2\/users\/2"}],"replies":[{"embeddable":true,"href":"https:\/\/permbledhja.com\/sq\/wp-json\/wp\/v2\/comments?post=26841"}],"version-history":[{"count":3,"href":"https:\/\/permbledhja.com\/sq\/wp-json\/wp\/v2\/posts\/26841\/revisions"}],"predecessor-version":[{"id":26846,"href":"https:\/\/permbledhja.com\/sq\/wp-json\/wp\/v2\/posts\/26841\/revisions\/26846"}],"wp:featuredmedia":[{"embeddable":true,"href":"https:\/\/permbledhja.com\/sq\/wp-json\/wp\/v2\/media\/26842"}],"wp:attachment":[{"href":"https:\/\/permbledhja.com\/sq\/wp-json\/wp\/v2\/media?parent=26841"}],"wp:term":[{"taxonomy":"category","embeddable":true,"href":"https:\/\/permbledhja.com\/sq\/wp-json\/wp\/v2\/categories?post=26841"},{"taxonomy":"post_tag","embeddable":true,"href":"https:\/\/permbledhja.com\/sq\/wp-json\/wp\/v2\/tags?post=26841"}],"curies":[{"name":"wp","href":"https:\/\/api.w.org\/{rel}","templated":true}]}}