{"id":26838,"date":"2023-09-14T08:29:57","date_gmt":"2023-09-14T08:29:57","guid":{"rendered":"https:\/\/permbledhja.com\/?p=26838"},"modified":"2023-09-14T08:29:57","modified_gmt":"2023-09-14T08:29:57","slug":"ish-oficeri-i-ushtrise-britanike-po-vazhdon-deshmine-ne-gjykimin-ndaj-thacit-dhe-te-tjereve","status":"publish","type":"post","link":"https:\/\/permbledhja.com\/sq\/ish-oficeri-i-ushtrise-britanike-po-vazhdon-deshmine-ne-gjykimin-ndaj-thacit-dhe-te-tjereve\/","title":{"rendered":"Ish-oficeri i ushtris\u00eb britanike po vazhdon d\u00ebshmin\u00eb n\u00eb gjykimin ndaj Tha\u00e7it dhe t\u00eb tjer\u00ebve"},"content":{"rendered":"<h3>N\u00eb Dhomat e Specializuara t\u00eb Kosov\u00ebs (DhSK) n\u00eb Hag\u00eb, n\u00eb gjykimin ndaj Hashim Tha\u00e7it, Kadri Veselit, Rexhep Selimit dhe Jakup Krasniqit, d\u00ebshmitari i 25-t\u00eb (me kodin 03724), Douglas Young, ish-oficer i ushtris\u00eb britanike po vazhdon d\u00ebshmin\u00eb e tij edhe n\u00eb seanc\u00ebn e t\u00eb enjtes.<\/h3>\n<p>Ky d\u00ebshmitar, ka filluar d\u00ebshmin\u00eb e tij m\u00eb 13 shtator duke iu p\u00ebrgjigjur pyetjeve t\u00eb Zyr\u00ebs s\u00eb Prokurorit t\u00eb Specializuar (ZPS) dhe kund\u00ebr-pyetjeve t\u00eb ekipit mbrojt\u00ebs t\u00eb Selimit, raporton \u201cBetimi p\u00ebr Drejt\u00ebsi\u201d.<\/p>\n<p>I nj\u00ebjti po vazhdon t\u00eb p\u00ebrgjigjet n\u00eb pyetjet e avokatit Geoffrey Roberts n\u00eb seanc\u00eb publike.<\/p>\n<p>Ndryshe, gjykat\u00ebsi Charles Smith ka urdh\u00ebruar ZPS-n\u00eb q\u00eb deri n\u00eb fund t\u00eb dit\u00ebs s\u00eb nes\u00ebrme t\u00eb paraqesin list\u00ebn e d\u00ebshmitar\u00ebve q\u00eb do t\u00eb thirren p\u00ebr tri jav\u00ebt n\u00eb vazhdim.<\/p>\n<div><\/div>\n<p>Gjat\u00eb muajit prill ka filluar gjykimi derisa n\u00eb seanc\u00ebn e 3 prillit, Zyra e Prokurorit t\u00eb Specializuar (ZPS) dhe mbrojt\u00ebsi i viktimave kan\u00eb paraqitur deklarimet hyr\u00ebse dhe pas leximit t\u00eb aktakuz\u00ebs s\u00eb ndryshuar nga ana e ZPS-s\u00eb, ish-presidenti Hashim Tha\u00e7i, ish-kryeparlamentar\u00ebt Kadri Veseli dhe Jakup Krasniqi, si dhe ish-deputeti Rexhep Selimi, u deklaruan t\u00eb pafajsh\u00ebm p\u00ebr veprat penale q\u00eb iu vihen barr\u00eb.<\/p>\n<p>M\u00eb 4 prill mbrojtja e Tha\u00e7it, Veselit dhe Selimit kan\u00eb dh\u00ebn\u00eb fjal\u00ebn hyr\u00ebse derisa m\u00eb 5 prill mbrojtja e Krasniqit ka dh\u00ebn\u00eb fjal\u00ebn hyr\u00ebse.<\/p>\n<p>M\u00eb 11 prill ka filluar paraqitja e provave t\u00eb Prokuroris\u00eb ku d\u00ebshmitarja e par\u00eb e mbrojtur e Prokuroris\u00eb, ka dh\u00ebn\u00eb d\u00ebshmin\u00eb e saj m\u00eb 11 prill, 12 prill, 13 prill dhe m\u00eb 17 prill.<\/p>\n<p>M\u00eb 17 prill ka filluar d\u00ebgjimi i d\u00ebshmitarit t\u00eb dyt\u00eb, po ashtu i mbrojtur, i cili ka vazhduar dh\u00ebnien e d\u00ebshmis\u00eb edhe m\u00eb 18 prill, 19 prill dhe 20 prill, ku ka p\u00ebrfunduar dh\u00ebnien e d\u00ebshmis\u00eb edhe d\u00ebshmitari i tret\u00eb, kurse m\u00eb 10 maj ka filluar dh\u00ebnien e d\u00ebshmis\u00eb d\u00ebshmitari i kat\u00ebrt, d\u00ebshmia e t\u00eb cilit p\u00ebrfundoi m\u00eb 17 maj.<\/p>\n<p>Tutje, d\u00ebshmitari i pest\u00eb ka filluar d\u00ebshmin\u00eb m\u00eb 17 maj dhe e p\u00ebrfundoi m\u00eb 22 maj, ku filloi d\u00ebshmin\u00eb d\u00ebshmitari i gjasht\u00eb i cili p\u00ebrfundoi d\u00ebshmin\u00eb m\u00eb 23 maj, n\u00eb t\u00eb nj\u00ebjt\u00ebn dit\u00eb me d\u00ebshmitarin e shtat\u00eb.<\/p>\n<p>Kurse, m\u00eb 12 qershor ka filluar d\u00ebshmin\u00eb e tij d\u00ebshmitari i tet\u00eb, i cili p\u00ebrfundoi d\u00ebshmin\u00eb e tij m\u00eb 14 qershor, nd\u00ebrkaq me 15 qershor ka p\u00ebrfunduar d\u00ebshmia e d\u00ebshmitarit i n\u00ebnt\u00eb.<\/p>\n<p>M\u00eb 19 qershor ka p\u00ebrfunduar d\u00ebshmin\u00eb d\u00ebshmitari i dhjet\u00eb, n\u00eb dit\u00ebn ku ka filluar d\u00ebshmin\u00eb d\u00ebshmitari i 11-t\u00eb i cili e ka p\u00ebrfunduar d\u00ebshmin\u00eb e tij m\u00eb 20 qershor. E m\u00eb 10 korrik ka filluar d\u00ebshmin\u00eb d\u00ebshmitari i 12-t\u00eb, i cili ka p\u00ebrfunduar d\u00ebshmin\u00eb m\u00eb 11 korrik, n\u00eb seanc\u00ebn ku ka filluar d\u00ebshmin\u00eb Rrustem Mustafa, ish-komandat i zon\u00ebs operative t\u00eb Llapit.<\/p>\n<p>Mustafa ka vazhduar dh\u00ebnien e d\u00ebshmin\u00eb s\u00eb tij n\u00eb seanc\u00ebn e 12, 13, 14, 17 dhe 18 korrikut.<\/p>\n<p>Nd\u00ebrsa d\u00ebshmitari i 14-t\u00eb me radh\u00eb, Francis Ladwidge, oficeri britanez q\u00eb sh\u00ebrbeu n\u00eb Kosov\u00eb filloi d\u00ebshmin\u00eb po m\u00eb 18 korrik dhe e mbaroi m\u00eb 19 korrik, ku nisi d\u00ebshmin\u00eb d\u00ebshmitari i 15-t\u00eb, i cili e p\u00ebrfundoi m\u00eb 20 korrik.<\/p>\n<p>Kurse, m\u00eb 14 gusht filloi dh\u00ebnien e d\u00ebshmis\u00eb d\u00ebshmitari i 16-t\u00eb, e q\u00eb e p\u00ebrfundoi m\u00eb 16 gusht dhe m\u00eb 17 gusht p\u00ebrfundoi d\u00ebshmin\u00eb d\u00ebshmitarja e 17, Dragica Bozhaniq.<\/p>\n<p>E d\u00ebshmia e d\u00ebshmitarit t\u00eb 18-t\u00eb ka filluar m\u00eb 28 gusht dhe ka mbaruar m\u00eb 29 gusht, n\u00eb dit\u00ebn kur filloi d\u00ebshmin\u00eb d\u00ebshmitari i 19-t\u00eb, i cili p\u00ebrfundoi d\u00ebshmin\u00eb m\u00eb 30 gusht.<\/p>\n<p>M\u00eb 4 shtator p\u00ebrfundoi n\u00eb t\u00eb nj\u00ebjt\u00ebn dit\u00eb d\u00ebshmin\u00eb d\u00ebshmitari i 20-t\u00eb, kurse pa masa mbrojt\u00ebse, d\u00ebshmitari i 21-t\u00eb, Agim Idrizi filloi t\u00eb d\u00ebshmoj\u00eb, i cili p\u00ebrfundoi d\u00ebshmin\u00eb m\u00eb 5 shtator, ku edhe filloi d\u00ebshmia e zyrtarit nga organizata nd\u00ebrkomb\u00ebtare \u201cHuman Rights Watch\u201d, t\u00eb Frederick Abrahams, i cili p\u00ebrfundoi m\u00eb 11 shtator.<\/p>\n<p>M\u00eb 11 shtator ka filluar edhe d\u00ebshmia e d\u00ebshmitarit t\u00eb 23-t\u00eb, i cili pas nj\u00eb nd\u00ebrprerja ka p\u00ebrfunduar d\u00ebshmin\u00eb m\u00eb 13 shtator, nd\u00ebrkaq m\u00eb 12 shtator ka filluar t\u00eb d\u00ebshmoj\u00eb d\u00ebshmitari i 24-t\u00eb, q\u00eb po ashtu p\u00ebrfundoi d\u00ebshmin\u00eb n\u00eb seanc\u00ebn e 13 shtatorit.<\/p>\n<p>N\u00eb t\u00eb nj\u00ebjt\u00ebn dit\u00eb ka filluar d\u00ebshmin\u00eb d\u00ebshmitari i 25-t\u00eb Douglas Young, ish-oficer i ushtris\u00eb britanike.<\/p>\n<p>Ndryshe, Zyra e Prokurorit t\u00eb Specializuar, m\u00eb 30 shtator 2022 ka dor\u00ebzuar aktakuz\u00ebn e konfirmuar t\u00eb ndryshuar ndaj Hashim Tha\u00e7it, Kadri Veselit, Jakup Krasniqit dhe Rexhep Selimit, e cila p\u00ebrb\u00ebhet nga dhjet\u00eb pika me akuza, ku k\u00ebta t\u00eb fundit ngarkohen p\u00ebr krime lufte e krime kund\u00ebr njer\u00ebzimit.<\/p>\n<p>M\u00eb 29 prill 2022, Zyra e Prokurorit t\u00eb Specializuar kishte dor\u00ebzuar nj\u00eb aktakuz\u00eb t\u00eb ndryshuar ndaj Hashim Tha\u00e7it, Kadri Veselit, Rexhep Selimit e Jakup Krasniqit, ku pretendohet se kat\u00ebr t\u00eb akuzuarit kan\u00eb kryer krime lufte edhe n\u00eb Gjilan, Budakov\u00eb e Semetisht\u00eb.<\/p>\n<p>M\u00eb 9 n\u00ebntor t\u00eb vitit 2020, n\u00eb paraqitjet e tyre t\u00eb para, Jakup Krasniqi e Hashim Tha\u00e7i jan\u00eb deklaruar t\u00eb pafajsh\u00ebm p\u00ebr akuzat q\u00eb u vihen n\u00eb barr\u00eb. Nj\u00ebjt\u00eb \u00ebsht\u00eb deklaruar edhe Veseli n\u00eb paraqitjen e tij m\u00eb 10 n\u00ebntor, sikurse edhe Rexhep Selimi m\u00eb 11 n\u00ebntor.<\/p>\n<p>Aktakuza ndaj Hashim Tha\u00e7it, Kadri Veselit, Rexhep Selimit dhe Jakup Krasniqit \u00ebsht\u00eb konfirmuar m\u00eb 26 tetor 2020.<\/p>\n","protected":false},"excerpt":{"rendered":"<p>N\u00eb Dhomat e Specializuara t\u00eb Kosov\u00ebs (DhSK) n\u00eb Hag\u00eb, n\u00eb gjykimin ndaj Hashim Tha\u00e7it, Kadri Veselit, Rexhep Selimit dhe Jakup Krasniqit, d\u00ebshmitari i 25-t\u00eb (me kodin 03724), Douglas Young, ish-oficer i ushtris\u00eb britanike po vazhdon d\u00ebshmin\u00eb e tij edhe n\u00eb seanc\u00ebn e t\u00eb enjtes. Ky d\u00ebshmitar, ka filluar d\u00ebshmin\u00eb e tij m\u00eb 13 shtator duke [&hellip;]<\/p>\n","protected":false},"author":2,"featured_media":26839,"comment_status":"closed","ping_status":"closed","sticky":false,"template":"","format":"standard","meta":{"_monsterinsights_skip_tracking":false,"_monsterinsights_sitenote_active":false,"_monsterinsights_sitenote_note":"","_monsterinsights_sitenote_category":0,"_uf_show_specific_survey":0,"_uf_disable_surveys":false,"footnotes":""},"categories":[23,15],"tags":[],"yoast_head":"<!-- This site is optimized with the Yoast SEO plugin v21.5 - https:\/\/yoast.com\/wordpress\/plugins\/seo\/ -->\n<title>Ish-oficeri i ushtris\u00eb britanike po vazhdon d\u00ebshmin\u00eb n\u00eb gjykimin ndaj Tha\u00e7it dhe t\u00eb tjer\u00ebve<\/title>\n<meta name=\"robots\" content=\"index, follow, max-snippet:-1, max-image-preview:large, max-video-preview:-1\" \/>\n<link rel=\"canonical\" href=\"https:\/\/permbledhja.com\/sq\/ish-oficeri-i-ushtrise-britanike-po-vazhdon-deshmine-ne-gjykimin-ndaj-thacit-dhe-te-tjereve\/\" \/>\n<meta property=\"og:locale\" content=\"sq_AL\" \/>\n<meta property=\"og:type\" content=\"article\" \/>\n<meta property=\"og:title\" content=\"Ish-oficeri i ushtris\u00eb britanike po vazhdon d\u00ebshmin\u00eb n\u00eb gjykimin ndaj Tha\u00e7it dhe t\u00eb tjer\u00ebve\" \/>\n<meta property=\"og:description\" content=\"N\u00eb Dhomat e Specializuara t\u00eb Kosov\u00ebs (DhSK) n\u00eb Hag\u00eb, n\u00eb gjykimin ndaj Hashim Tha\u00e7it, Kadri Veselit, Rexhep Selimit dhe Jakup Krasniqit, d\u00ebshmitari i 25-t\u00eb (me kodin 03724), Douglas Young, ish-oficer i ushtris\u00eb britanike po vazhdon d\u00ebshmin\u00eb e tij edhe n\u00eb seanc\u00ebn e t\u00eb enjtes. Ky d\u00ebshmitar, ka filluar d\u00ebshmin\u00eb e tij m\u00eb 13 shtator duke [&hellip;]\" \/>\n<meta property=\"og:url\" content=\"https:\/\/permbledhja.com\/sq\/ish-oficeri-i-ushtrise-britanike-po-vazhdon-deshmine-ne-gjykimin-ndaj-thacit-dhe-te-tjereve\/\" \/>\n<meta property=\"og:site_name\" content=\"Ve\u00e7 artikuj p\u00ebrmbledh\u00ebs\" \/>\n<meta property=\"article:publisher\" content=\"https:\/\/www.facebook.com\/press07\/\" \/>\n<meta property=\"article:published_time\" content=\"2023-09-14T08:29:57+00:00\" \/>\n<meta property=\"og:image\" content=\"https:\/\/permbledhja.com\/wp-content\/uploads\/2023\/09\/Screenshot-2023-09-14-094946-750x402-1-600x360-1.png\" \/>\n\t<meta property=\"og:image:width\" content=\"600\" \/>\n\t<meta property=\"og:image:height\" content=\"360\" \/>\n\t<meta property=\"og:image:type\" content=\"image\/png\" \/>\n<meta name=\"author\" content=\"M M\" \/>\n<meta name=\"twitter:card\" content=\"summary_large_image\" \/>\n<meta name=\"twitter:label1\" content=\"Written by\" \/>\n\t<meta name=\"twitter:data1\" content=\"M M\" \/>\n\t<meta name=\"twitter:label2\" content=\"Est. reading time\" \/>\n\t<meta name=\"twitter:data2\" content=\"5 minuta\" \/>\n<script type=\"application\/ld+json\" class=\"yoast-schema-graph\">{\"@context\":\"https:\/\/schema.org\",\"@graph\":[{\"@type\":\"Article\",\"@id\":\"https:\/\/permbledhja.com\/ish-oficeri-i-ushtrise-britanike-po-vazhdon-deshmine-ne-gjykimin-ndaj-thacit-dhe-te-tjereve\/#article\",\"isPartOf\":{\"@id\":\"https:\/\/permbledhja.com\/ish-oficeri-i-ushtrise-britanike-po-vazhdon-deshmine-ne-gjykimin-ndaj-thacit-dhe-te-tjereve\/\"},\"author\":{\"name\":\"M M\",\"@id\":\"https:\/\/permbledhja.com\/#\/schema\/person\/d23f13f59b5722643933d6780783acf3\"},\"headline\":\"Ish-oficeri i ushtris\u00eb britanike po vazhdon d\u00ebshmin\u00eb n\u00eb gjykimin ndaj Tha\u00e7it dhe t\u00eb tjer\u00ebve\",\"datePublished\":\"2023-09-14T08:29:57+00:00\",\"dateModified\":\"2023-09-14T08:29:57+00:00\",\"mainEntityOfPage\":{\"@id\":\"https:\/\/permbledhja.com\/ish-oficeri-i-ushtrise-britanike-po-vazhdon-deshmine-ne-gjykimin-ndaj-thacit-dhe-te-tjereve\/\"},\"wordCount\":933,\"publisher\":{\"@id\":\"https:\/\/permbledhja.com\/#organization\"},\"articleSection\":[\"Komb\u00ebtare\",\"Lajme\"],\"inLanguage\":\"sq\"},{\"@type\":\"WebPage\",\"@id\":\"https:\/\/permbledhja.com\/ish-oficeri-i-ushtrise-britanike-po-vazhdon-deshmine-ne-gjykimin-ndaj-thacit-dhe-te-tjereve\/\",\"url\":\"https:\/\/permbledhja.com\/ish-oficeri-i-ushtrise-britanike-po-vazhdon-deshmine-ne-gjykimin-ndaj-thacit-dhe-te-tjereve\/\",\"name\":\"Ish-oficeri i ushtris\u00eb britanike po vazhdon d\u00ebshmin\u00eb n\u00eb gjykimin ndaj Tha\u00e7it dhe t\u00eb tjer\u00ebve\",\"isPartOf\":{\"@id\":\"https:\/\/permbledhja.com\/#website\"},\"datePublished\":\"2023-09-14T08:29:57+00:00\",\"dateModified\":\"2023-09-14T08:29:57+00:00\",\"breadcrumb\":{\"@id\":\"https:\/\/permbledhja.com\/ish-oficeri-i-ushtrise-britanike-po-vazhdon-deshmine-ne-gjykimin-ndaj-thacit-dhe-te-tjereve\/#breadcrumb\"},\"inLanguage\":\"sq\",\"potentialAction\":[{\"@type\":\"ReadAction\",\"target\":[\"https:\/\/permbledhja.com\/ish-oficeri-i-ushtrise-britanike-po-vazhdon-deshmine-ne-gjykimin-ndaj-thacit-dhe-te-tjereve\/\"]}]},{\"@type\":\"BreadcrumbList\",\"@id\":\"https:\/\/permbledhja.com\/ish-oficeri-i-ushtrise-britanike-po-vazhdon-deshmine-ne-gjykimin-ndaj-thacit-dhe-te-tjereve\/#breadcrumb\",\"itemListElement\":[{\"@type\":\"ListItem\",\"position\":1,\"name\":\"Ballina\",\"item\":\"https:\/\/permbledhja.com\/sq\/\"},{\"@type\":\"ListItem\",\"position\":2,\"name\":\"Ish-oficeri i ushtris\u00eb britanike po vazhdon d\u00ebshmin\u00eb n\u00eb gjykimin ndaj Tha\u00e7it dhe t\u00eb tjer\u00ebve\"}]},{\"@type\":\"WebSite\",\"@id\":\"https:\/\/permbledhja.com\/#website\",\"url\":\"https:\/\/permbledhja.com\/\",\"name\":\"Ve\u00e7 artikuj p\u00ebrmbledh\u00ebs\",\"description\":\"\",\"publisher\":{\"@id\":\"https:\/\/permbledhja.com\/#organization\"},\"potentialAction\":[{\"@type\":\"SearchAction\",\"target\":{\"@type\":\"EntryPoint\",\"urlTemplate\":\"https:\/\/permbledhja.com\/?s={search_term_string}\"},\"query-input\":\"required name=search_term_string\"}],\"inLanguage\":\"sq\"},{\"@type\":\"Organization\",\"@id\":\"https:\/\/permbledhja.com\/#organization\",\"name\":\"MK Media & Pr\",\"url\":\"https:\/\/permbledhja.com\/\",\"logo\":{\"@type\":\"ImageObject\",\"inLanguage\":\"sq\",\"@id\":\"https:\/\/permbledhja.com\/#\/schema\/logo\/image\/\",\"url\":\"https:\/\/permbledhja.com\/wp-content\/uploads\/2021\/12\/07-Press-Logo.jpg\",\"contentUrl\":\"https:\/\/permbledhja.com\/wp-content\/uploads\/2021\/12\/07-Press-Logo.jpg\",\"width\":512,\"height\":512,\"caption\":\"MK Media & Pr\"},\"image\":{\"@id\":\"https:\/\/permbledhja.com\/#\/schema\/logo\/image\/\"},\"sameAs\":[\"https:\/\/www.facebook.com\/press07\/\"]},{\"@type\":\"Person\",\"@id\":\"https:\/\/permbledhja.com\/#\/schema\/person\/d23f13f59b5722643933d6780783acf3\",\"name\":\"M M\",\"image\":{\"@type\":\"ImageObject\",\"inLanguage\":\"sq\",\"@id\":\"https:\/\/permbledhja.com\/#\/schema\/person\/image\/\",\"url\":\"https:\/\/secure.gravatar.com\/avatar\/e2835a76ca7c31a2416b2d51c4ec9a8f?s=96&d=mm&r=g\",\"contentUrl\":\"https:\/\/secure.gravatar.com\/avatar\/e2835a76ca7c31a2416b2d51c4ec9a8f?s=96&d=mm&r=g\",\"caption\":\"M M\"},\"sameAs\":[\"http:\/\/MM\"],\"url\":\"https:\/\/permbledhja.com\/sq\/author\/muhamet\/\"}]}<\/script>\n<!-- \/ Yoast SEO plugin. -->","yoast_head_json":{"title":"Ish-oficeri i ushtris\u00eb britanike po vazhdon d\u00ebshmin\u00eb n\u00eb gjykimin ndaj Tha\u00e7it dhe t\u00eb tjer\u00ebve","robots":{"index":"index","follow":"follow","max-snippet":"max-snippet:-1","max-image-preview":"max-image-preview:large","max-video-preview":"max-video-preview:-1"},"canonical":"https:\/\/permbledhja.com\/sq\/ish-oficeri-i-ushtrise-britanike-po-vazhdon-deshmine-ne-gjykimin-ndaj-thacit-dhe-te-tjereve\/","og_locale":"sq_AL","og_type":"article","og_title":"Ish-oficeri i ushtris\u00eb britanike po vazhdon d\u00ebshmin\u00eb n\u00eb gjykimin ndaj Tha\u00e7it dhe t\u00eb tjer\u00ebve","og_description":"N\u00eb Dhomat e Specializuara t\u00eb Kosov\u00ebs (DhSK) n\u00eb Hag\u00eb, n\u00eb gjykimin ndaj Hashim Tha\u00e7it, Kadri Veselit, Rexhep Selimit dhe Jakup Krasniqit, d\u00ebshmitari i 25-t\u00eb (me kodin 03724), Douglas Young, ish-oficer i ushtris\u00eb britanike po vazhdon d\u00ebshmin\u00eb e tij edhe n\u00eb seanc\u00ebn e t\u00eb enjtes. Ky d\u00ebshmitar, ka filluar d\u00ebshmin\u00eb e tij m\u00eb 13 shtator duke [&hellip;]","og_url":"https:\/\/permbledhja.com\/sq\/ish-oficeri-i-ushtrise-britanike-po-vazhdon-deshmine-ne-gjykimin-ndaj-thacit-dhe-te-tjereve\/","og_site_name":"Ve\u00e7 artikuj p\u00ebrmbledh\u00ebs","article_publisher":"https:\/\/www.facebook.com\/press07\/","article_published_time":"2023-09-14T08:29:57+00:00","og_image":[{"width":600,"height":360,"url":"https:\/\/permbledhja.com\/wp-content\/uploads\/2023\/09\/Screenshot-2023-09-14-094946-750x402-1-600x360-1.png","type":"image\/png"}],"author":"M M","twitter_card":"summary_large_image","twitter_misc":{"Written by":"M M","Est. reading time":"5 minuta"},"schema":{"@context":"https:\/\/schema.org","@graph":[{"@type":"Article","@id":"https:\/\/permbledhja.com\/ish-oficeri-i-ushtrise-britanike-po-vazhdon-deshmine-ne-gjykimin-ndaj-thacit-dhe-te-tjereve\/#article","isPartOf":{"@id":"https:\/\/permbledhja.com\/ish-oficeri-i-ushtrise-britanike-po-vazhdon-deshmine-ne-gjykimin-ndaj-thacit-dhe-te-tjereve\/"},"author":{"name":"M M","@id":"https:\/\/permbledhja.com\/#\/schema\/person\/d23f13f59b5722643933d6780783acf3"},"headline":"Ish-oficeri i ushtris\u00eb britanike po vazhdon d\u00ebshmin\u00eb n\u00eb gjykimin ndaj Tha\u00e7it dhe t\u00eb tjer\u00ebve","datePublished":"2023-09-14T08:29:57+00:00","dateModified":"2023-09-14T08:29:57+00:00","mainEntityOfPage":{"@id":"https:\/\/permbledhja.com\/ish-oficeri-i-ushtrise-britanike-po-vazhdon-deshmine-ne-gjykimin-ndaj-thacit-dhe-te-tjereve\/"},"wordCount":933,"publisher":{"@id":"https:\/\/permbledhja.com\/#organization"},"articleSection":["Komb\u00ebtare","Lajme"],"inLanguage":"sq"},{"@type":"WebPage","@id":"https:\/\/permbledhja.com\/ish-oficeri-i-ushtrise-britanike-po-vazhdon-deshmine-ne-gjykimin-ndaj-thacit-dhe-te-tjereve\/","url":"https:\/\/permbledhja.com\/ish-oficeri-i-ushtrise-britanike-po-vazhdon-deshmine-ne-gjykimin-ndaj-thacit-dhe-te-tjereve\/","name":"Ish-oficeri i ushtris\u00eb britanike po vazhdon d\u00ebshmin\u00eb n\u00eb gjykimin ndaj Tha\u00e7it dhe t\u00eb tjer\u00ebve","isPartOf":{"@id":"https:\/\/permbledhja.com\/#website"},"datePublished":"2023-09-14T08:29:57+00:00","dateModified":"2023-09-14T08:29:57+00:00","breadcrumb":{"@id":"https:\/\/permbledhja.com\/ish-oficeri-i-ushtrise-britanike-po-vazhdon-deshmine-ne-gjykimin-ndaj-thacit-dhe-te-tjereve\/#breadcrumb"},"inLanguage":"sq","potentialAction":[{"@type":"ReadAction","target":["https:\/\/permbledhja.com\/ish-oficeri-i-ushtrise-britanike-po-vazhdon-deshmine-ne-gjykimin-ndaj-thacit-dhe-te-tjereve\/"]}]},{"@type":"BreadcrumbList","@id":"https:\/\/permbledhja.com\/ish-oficeri-i-ushtrise-britanike-po-vazhdon-deshmine-ne-gjykimin-ndaj-thacit-dhe-te-tjereve\/#breadcrumb","itemListElement":[{"@type":"ListItem","position":1,"name":"Ballina","item":"https:\/\/permbledhja.com\/sq\/"},{"@type":"ListItem","position":2,"name":"Ish-oficeri i ushtris\u00eb britanike po vazhdon d\u00ebshmin\u00eb n\u00eb gjykimin ndaj Tha\u00e7it dhe t\u00eb tjer\u00ebve"}]},{"@type":"WebSite","@id":"https:\/\/permbledhja.com\/#website","url":"https:\/\/permbledhja.com\/","name":"Ve\u00e7 artikuj p\u00ebrmbledh\u00ebs","description":"","publisher":{"@id":"https:\/\/permbledhja.com\/#organization"},"potentialAction":[{"@type":"SearchAction","target":{"@type":"EntryPoint","urlTemplate":"https:\/\/permbledhja.com\/?s={search_term_string}"},"query-input":"required name=search_term_string"}],"inLanguage":"sq"},{"@type":"Organization","@id":"https:\/\/permbledhja.com\/#organization","name":"MK Media & Pr","url":"https:\/\/permbledhja.com\/","logo":{"@type":"ImageObject","inLanguage":"sq","@id":"https:\/\/permbledhja.com\/#\/schema\/logo\/image\/","url":"https:\/\/permbledhja.com\/wp-content\/uploads\/2021\/12\/07-Press-Logo.jpg","contentUrl":"https:\/\/permbledhja.com\/wp-content\/uploads\/2021\/12\/07-Press-Logo.jpg","width":512,"height":512,"caption":"MK Media & Pr"},"image":{"@id":"https:\/\/permbledhja.com\/#\/schema\/logo\/image\/"},"sameAs":["https:\/\/www.facebook.com\/press07\/"]},{"@type":"Person","@id":"https:\/\/permbledhja.com\/#\/schema\/person\/d23f13f59b5722643933d6780783acf3","name":"M M","image":{"@type":"ImageObject","inLanguage":"sq","@id":"https:\/\/permbledhja.com\/#\/schema\/person\/image\/","url":"https:\/\/secure.gravatar.com\/avatar\/e2835a76ca7c31a2416b2d51c4ec9a8f?s=96&d=mm&r=g","contentUrl":"https:\/\/secure.gravatar.com\/avatar\/e2835a76ca7c31a2416b2d51c4ec9a8f?s=96&d=mm&r=g","caption":"M M"},"sameAs":["http:\/\/MM"],"url":"https:\/\/permbledhja.com\/sq\/author\/muhamet\/"}]}},"_links":{"self":[{"href":"https:\/\/permbledhja.com\/sq\/wp-json\/wp\/v2\/posts\/26838"}],"collection":[{"href":"https:\/\/permbledhja.com\/sq\/wp-json\/wp\/v2\/posts"}],"about":[{"href":"https:\/\/permbledhja.com\/sq\/wp-json\/wp\/v2\/types\/post"}],"author":[{"embeddable":true,"href":"https:\/\/permbledhja.com\/sq\/wp-json\/wp\/v2\/users\/2"}],"replies":[{"embeddable":true,"href":"https:\/\/permbledhja.com\/sq\/wp-json\/wp\/v2\/comments?post=26838"}],"version-history":[{"count":1,"href":"https:\/\/permbledhja.com\/sq\/wp-json\/wp\/v2\/posts\/26838\/revisions"}],"predecessor-version":[{"id":26840,"href":"https:\/\/permbledhja.com\/sq\/wp-json\/wp\/v2\/posts\/26838\/revisions\/26840"}],"wp:featuredmedia":[{"embeddable":true,"href":"https:\/\/permbledhja.com\/sq\/wp-json\/wp\/v2\/media\/26839"}],"wp:attachment":[{"href":"https:\/\/permbledhja.com\/sq\/wp-json\/wp\/v2\/media?parent=26838"}],"wp:term":[{"taxonomy":"category","embeddable":true,"href":"https:\/\/permbledhja.com\/sq\/wp-json\/wp\/v2\/categories?post=26838"},{"taxonomy":"post_tag","embeddable":true,"href":"https:\/\/permbledhja.com\/sq\/wp-json\/wp\/v2\/tags?post=26838"}],"curies":[{"name":"wp","href":"https:\/\/api.w.org\/{rel}","templated":true}]}}