{"id":26796,"date":"2023-09-13T21:57:23","date_gmt":"2023-09-13T21:57:23","guid":{"rendered":"https:\/\/permbledhja.com\/?p=26796"},"modified":"2023-09-13T21:57:23","modified_gmt":"2023-09-13T21:57:23","slug":"haxhiu-te-enjten-spres-epilog-nje-sekuence-e-negociatave-do-te-zhvillohet-ne-nju-jork","status":"publish","type":"post","link":"https:\/\/permbledhja.com\/sq\/haxhiu-te-enjten-spres-epilog-nje-sekuence-e-negociatave-do-te-zhvillohet-ne-nju-jork\/","title":{"rendered":"Haxhiu: T\u00eb enjten s\u2019pres epilog, nj\u00eb sekuenc\u00eb e negociatave do t\u00eb zhvillohet n\u00eb Nju Jork"},"content":{"rendered":"<h3>Baton Haxhiu, gazetar, ka folur n\u00eb Pressing p\u00ebr dialogun n\u00eb mes Kosov\u00ebs dhe Serbis\u00eb, nj\u00eb takim i nivelit t\u00eb lart\u00eb do t\u00eb zhvillohet n\u00eb Bruksel m\u00eb 14 shkurt.<\/h3>\n<p>Por Haxhiu ka paralajm\u00ebruar nj\u00eb sekuenc\u00eb t\u00eb dialogut n\u00eb Ne\u00eb York, ku thot\u00eb q\u00eb do t\u00eb jepen mesazhe t\u00eb qarta.<\/p>\n<p>M\u00eb tutje, ai ka th\u00ebn\u00eb se takime Kosov\u00eb \u2013 Serbi do t\u00eb ket\u00eb edhe n\u00eb muajin tetori, ku dialogu zhvillohet n\u00eb Bruksel. Po thot\u00eb se pa shpalljen e dat\u00ebs s\u00eb zgjedhjeve n\u00eb komuant veriore dhe zotimi p\u00ebr implementim t\u00eb Asociacionit nuk do t\u00eb ket\u00eb p\u00ebrparim.<\/p>\n<p>N\u00ebse nuk ndodh nj\u00eb gj\u00eb e till\u00eb, at\u00ebher\u00eb Haxhiu ka cituar Macronin q\u00eb kishte paralajm\u00ebruar nj\u00eb konferecn\u00eb plus p\u00ebr \u00e7\u00ebshtjen e dialogut.<\/p>\n<p>\u201dGabime taktike t\u00eb lidershipit t\u00eb Kosov\u00ebs kan\u00eb qen\u00eb ndoshta d\u00ebsh\u00ebruese, jemi n\u00eb nj\u00eb pozit\u00eb q\u00eb kurr\u00eb s\u2019kemi qen\u00eb m\u00eb keq. Besoj se nj\u00eb sekuecn\u00eb e k\u00ebtyre negociatave do t\u00eb ndodh m\u00eb dat\u00ebn 16-17 shtator, dhe aty do t\u00eb ket\u00eb mesazhe deri n\u00eb takimit te tetorit kur pritet ndoshta t\u00eb definohen zgjedhjet dhe Asociacioni dhe n\u00ebse k\u00ebto nuk ndodhin at\u00ebher\u00eb vijm\u00eb te ajo pika q\u00eb e ka paralaj\u00ebmruar Macron q\u00eb \u00ebsht\u00eb konferenc\u00eb+\u201c, ka th\u00ebn\u00eb Haxhiu.<\/p>\n<p>M\u00eb tutje, ai ka th\u00ebn\u00eb se liberalizimi i vizave mund t\u00eb kusht\u00ebzohet me \u00e7\u00ebshtjen e dialogut.<\/p>\n<p>Sipas Haxhiut, ka informata q\u00eb Kurti \u00ebsht\u00eb dashur t\u00eb jet\u00eb n\u00eb muajin korrik n\u00eb Paris e t\u00eb takohet me presidentin francez Macron.<\/p>\n<p>\u201dMe gjith\u00eb at\u00eb q\u00eb thot\u00eb Gjermania se liberalizmi do t\u00eb ndodh \u00ebsht\u00eb nj\u00eb precident i paralaj\u00ebmruar q\u00eb do ta kusht\u00eboj\u00eb procesin e vizave me dialogun. N\u00eb muajin korrik \u00ebsht\u00eb dashur Kurti t\u00eb jet\u00eb n\u00eb Paris t\u00eb takohet m Macronin, t\u2019i thuhet kjo gj\u00eb. Por k\u00ebshilltar\u00ebt e tij e kan\u00eb b\u00ebr\u00eb t\u00eb pamundur q\u00eb ai mos t\u00eb shkoj\u00eb\u201d, ka th\u00ebn\u00eb ai.<\/p>\n","protected":false},"excerpt":{"rendered":"<p>Baton Haxhiu, gazetar, ka folur n\u00eb Pressing p\u00ebr dialogun n\u00eb mes Kosov\u00ebs dhe Serbis\u00eb, nj\u00eb takim i nivelit t\u00eb lart\u00eb do t\u00eb zhvillohet n\u00eb Bruksel m\u00eb 14 shkurt. Por Haxhiu ka paralajm\u00ebruar nj\u00eb sekuenc\u00eb t\u00eb dialogut n\u00eb Ne\u00eb York, ku thot\u00eb q\u00eb do t\u00eb jepen mesazhe t\u00eb qarta. M\u00eb tutje, ai ka th\u00ebn\u00eb se takime [&hellip;]<\/p>\n","protected":false},"author":1,"featured_media":26798,"comment_status":"closed","ping_status":"closed","sticky":false,"template":"","format":"standard","meta":{"_monsterinsights_skip_tracking":false,"_monsterinsights_sitenote_active":false,"_monsterinsights_sitenote_note":"","_monsterinsights_sitenote_category":0,"_uf_show_specific_survey":0,"_uf_disable_surveys":false,"footnotes":""},"categories":[23,15],"tags":[426],"yoast_head":"<!-- This site is optimized with the Yoast SEO plugin v21.5 - https:\/\/yoast.com\/wordpress\/plugins\/seo\/ -->\n<title>Haxhiu: T\u00eb enjten s\u2019pres epilog, nj\u00eb sekuenc\u00eb e negociatave do t\u00eb zhvillohet n\u00eb Nju Jork<\/title>\n<meta name=\"robots\" content=\"index, follow, max-snippet:-1, max-image-preview:large, max-video-preview:-1\" \/>\n<link rel=\"canonical\" href=\"https:\/\/permbledhja.com\/sq\/haxhiu-te-enjten-spres-epilog-nje-sekuence-e-negociatave-do-te-zhvillohet-ne-nju-jork\/\" \/>\n<meta property=\"og:locale\" content=\"sq_AL\" \/>\n<meta property=\"og:type\" content=\"article\" \/>\n<meta property=\"og:title\" content=\"Haxhiu: T\u00eb enjten s\u2019pres epilog, nj\u00eb sekuenc\u00eb e negociatave do t\u00eb zhvillohet n\u00eb Nju Jork\" \/>\n<meta property=\"og:description\" content=\"Baton Haxhiu, gazetar, ka folur n\u00eb Pressing p\u00ebr dialogun n\u00eb mes Kosov\u00ebs dhe Serbis\u00eb, nj\u00eb takim i nivelit t\u00eb lart\u00eb do t\u00eb zhvillohet n\u00eb Bruksel m\u00eb 14 shkurt. Por Haxhiu ka paralajm\u00ebruar nj\u00eb sekuenc\u00eb t\u00eb dialogut n\u00eb Ne\u00eb York, ku thot\u00eb q\u00eb do t\u00eb jepen mesazhe t\u00eb qarta. M\u00eb tutje, ai ka th\u00ebn\u00eb se takime [&hellip;]\" \/>\n<meta property=\"og:url\" content=\"https:\/\/permbledhja.com\/sq\/haxhiu-te-enjten-spres-epilog-nje-sekuence-e-negociatave-do-te-zhvillohet-ne-nju-jork\/\" \/>\n<meta property=\"og:site_name\" content=\"Ve\u00e7 artikuj p\u00ebrmbledh\u00ebs\" \/>\n<meta property=\"article:publisher\" content=\"https:\/\/www.facebook.com\/press07\/\" \/>\n<meta property=\"article:author\" content=\"https:\/\/www.facebook.com\/kafexhiu.muharrem\/\" \/>\n<meta property=\"article:published_time\" content=\"2023-09-13T21:57:23+00:00\" \/>\n<meta property=\"og:image\" content=\"https:\/\/permbledhja.com\/wp-content\/uploads\/2023\/09\/auto_baton_haxhiu1574434577-1.jpg\" \/>\n\t<meta property=\"og:image:width\" content=\"850\" \/>\n\t<meta property=\"og:image:height\" content=\"476\" \/>\n\t<meta property=\"og:image:type\" content=\"image\/jpeg\" \/>\n<meta name=\"author\" content=\"P\u00ebrmbledhja\" \/>\n<meta name=\"twitter:card\" content=\"summary_large_image\" \/>\n<meta name=\"twitter:label1\" content=\"Written by\" \/>\n\t<meta name=\"twitter:data1\" content=\"P\u00ebrmbledhja\" \/>\n\t<meta name=\"twitter:label2\" content=\"Est. reading time\" \/>\n\t<meta name=\"twitter:data2\" content=\"2 minuta\" \/>\n<script type=\"application\/ld+json\" class=\"yoast-schema-graph\">{\"@context\":\"https:\/\/schema.org\",\"@graph\":[{\"@type\":\"Article\",\"@id\":\"https:\/\/permbledhja.com\/sq\/haxhiu-te-enjten-spres-epilog-nje-sekuence-e-negociatave-do-te-zhvillohet-ne-nju-jork\/#article\",\"isPartOf\":{\"@id\":\"https:\/\/permbledhja.com\/sq\/haxhiu-te-enjten-spres-epilog-nje-sekuence-e-negociatave-do-te-zhvillohet-ne-nju-jork\/\"},\"author\":{\"name\":\"P\u00ebrmbledhja\",\"@id\":\"https:\/\/permbledhja.com\/#\/schema\/person\/0d064377258d3221e50693947b9eb4fe\"},\"headline\":\"Haxhiu: T\u00eb enjten s\u2019pres epilog, nj\u00eb sekuenc\u00eb e negociatave do t\u00eb zhvillohet n\u00eb Nju Jork\",\"datePublished\":\"2023-09-13T21:57:23+00:00\",\"dateModified\":\"2023-09-13T21:57:23+00:00\",\"mainEntityOfPage\":{\"@id\":\"https:\/\/permbledhja.com\/sq\/haxhiu-te-enjten-spres-epilog-nje-sekuence-e-negociatave-do-te-zhvillohet-ne-nju-jork\/\"},\"wordCount\":332,\"publisher\":{\"@id\":\"https:\/\/permbledhja.com\/#organization\"},\"keywords\":[\"Baton Haxhiu\"],\"articleSection\":[\"Komb\u00ebtare\",\"Lajme\"],\"inLanguage\":\"sq\"},{\"@type\":\"WebPage\",\"@id\":\"https:\/\/permbledhja.com\/sq\/haxhiu-te-enjten-spres-epilog-nje-sekuence-e-negociatave-do-te-zhvillohet-ne-nju-jork\/\",\"url\":\"https:\/\/permbledhja.com\/sq\/haxhiu-te-enjten-spres-epilog-nje-sekuence-e-negociatave-do-te-zhvillohet-ne-nju-jork\/\",\"name\":\"Haxhiu: T\u00eb enjten s\u2019pres epilog, nj\u00eb sekuenc\u00eb e negociatave do t\u00eb zhvillohet n\u00eb Nju Jork\",\"isPartOf\":{\"@id\":\"https:\/\/permbledhja.com\/#website\"},\"datePublished\":\"2023-09-13T21:57:23+00:00\",\"dateModified\":\"2023-09-13T21:57:23+00:00\",\"breadcrumb\":{\"@id\":\"https:\/\/permbledhja.com\/sq\/haxhiu-te-enjten-spres-epilog-nje-sekuence-e-negociatave-do-te-zhvillohet-ne-nju-jork\/#breadcrumb\"},\"inLanguage\":\"sq\",\"potentialAction\":[{\"@type\":\"ReadAction\",\"target\":[\"https:\/\/permbledhja.com\/sq\/haxhiu-te-enjten-spres-epilog-nje-sekuence-e-negociatave-do-te-zhvillohet-ne-nju-jork\/\"]}]},{\"@type\":\"BreadcrumbList\",\"@id\":\"https:\/\/permbledhja.com\/sq\/haxhiu-te-enjten-spres-epilog-nje-sekuence-e-negociatave-do-te-zhvillohet-ne-nju-jork\/#breadcrumb\",\"itemListElement\":[{\"@type\":\"ListItem\",\"position\":1,\"name\":\"Ballina\",\"item\":\"https:\/\/permbledhja.com\/sq\/\"},{\"@type\":\"ListItem\",\"position\":2,\"name\":\"Haxhiu: T\u00eb enjten s\u2019pres epilog, nj\u00eb sekuenc\u00eb e negociatave do t\u00eb zhvillohet n\u00eb Nju Jork\"}]},{\"@type\":\"WebSite\",\"@id\":\"https:\/\/permbledhja.com\/#website\",\"url\":\"https:\/\/permbledhja.com\/\",\"name\":\"Ve\u00e7 artikuj p\u00ebrmbledh\u00ebs\",\"description\":\"\",\"publisher\":{\"@id\":\"https:\/\/permbledhja.com\/#organization\"},\"potentialAction\":[{\"@type\":\"SearchAction\",\"target\":{\"@type\":\"EntryPoint\",\"urlTemplate\":\"https:\/\/permbledhja.com\/?s={search_term_string}\"},\"query-input\":\"required name=search_term_string\"}],\"inLanguage\":\"sq\"},{\"@type\":\"Organization\",\"@id\":\"https:\/\/permbledhja.com\/#organization\",\"name\":\"MK Media & Pr\",\"url\":\"https:\/\/permbledhja.com\/\",\"logo\":{\"@type\":\"ImageObject\",\"inLanguage\":\"sq\",\"@id\":\"https:\/\/permbledhja.com\/#\/schema\/logo\/image\/\",\"url\":\"https:\/\/permbledhja.com\/wp-content\/uploads\/2021\/12\/07-Press-Logo.jpg\",\"contentUrl\":\"https:\/\/permbledhja.com\/wp-content\/uploads\/2021\/12\/07-Press-Logo.jpg\",\"width\":512,\"height\":512,\"caption\":\"MK Media & Pr\"},\"image\":{\"@id\":\"https:\/\/permbledhja.com\/#\/schema\/logo\/image\/\"},\"sameAs\":[\"https:\/\/www.facebook.com\/press07\/\"]},{\"@type\":\"Person\",\"@id\":\"https:\/\/permbledhja.com\/#\/schema\/person\/0d064377258d3221e50693947b9eb4fe\",\"name\":\"P\u00ebrmbledhja\",\"image\":{\"@type\":\"ImageObject\",\"inLanguage\":\"sq\",\"@id\":\"https:\/\/permbledhja.com\/#\/schema\/person\/image\/\",\"url\":\"https:\/\/permbledhja.com\/wp-content\/uploads\/2026\/01\/452004717_1040944174702970_8932037511805513407_n-96x96.jpg\",\"contentUrl\":\"https:\/\/permbledhja.com\/wp-content\/uploads\/2026\/01\/452004717_1040944174702970_8932037511805513407_n-96x96.jpg\",\"caption\":\"P\u00ebrmbledhja\"},\"sameAs\":[\"https:\/\/www.facebook.com\/kafexhiu.muharrem\/\",\"https:\/\/www.instagram.com\/muharrem_kafexhiu\/\"],\"url\":\"https:\/\/permbledhja.com\/sq\/author\/admin\/\"}]}<\/script>\n<!-- \/ Yoast SEO plugin. -->","yoast_head_json":{"title":"Haxhiu: T\u00eb enjten s\u2019pres epilog, nj\u00eb sekuenc\u00eb e negociatave do t\u00eb zhvillohet n\u00eb Nju Jork","robots":{"index":"index","follow":"follow","max-snippet":"max-snippet:-1","max-image-preview":"max-image-preview:large","max-video-preview":"max-video-preview:-1"},"canonical":"https:\/\/permbledhja.com\/sq\/haxhiu-te-enjten-spres-epilog-nje-sekuence-e-negociatave-do-te-zhvillohet-ne-nju-jork\/","og_locale":"sq_AL","og_type":"article","og_title":"Haxhiu: T\u00eb enjten s\u2019pres epilog, nj\u00eb sekuenc\u00eb e negociatave do t\u00eb zhvillohet n\u00eb Nju Jork","og_description":"Baton Haxhiu, gazetar, ka folur n\u00eb Pressing p\u00ebr dialogun n\u00eb mes Kosov\u00ebs dhe Serbis\u00eb, nj\u00eb takim i nivelit t\u00eb lart\u00eb do t\u00eb zhvillohet n\u00eb Bruksel m\u00eb 14 shkurt. Por Haxhiu ka paralajm\u00ebruar nj\u00eb sekuenc\u00eb t\u00eb dialogut n\u00eb Ne\u00eb York, ku thot\u00eb q\u00eb do t\u00eb jepen mesazhe t\u00eb qarta. M\u00eb tutje, ai ka th\u00ebn\u00eb se takime [&hellip;]","og_url":"https:\/\/permbledhja.com\/sq\/haxhiu-te-enjten-spres-epilog-nje-sekuence-e-negociatave-do-te-zhvillohet-ne-nju-jork\/","og_site_name":"Ve\u00e7 artikuj p\u00ebrmbledh\u00ebs","article_publisher":"https:\/\/www.facebook.com\/press07\/","article_author":"https:\/\/www.facebook.com\/kafexhiu.muharrem\/","article_published_time":"2023-09-13T21:57:23+00:00","og_image":[{"width":850,"height":476,"url":"https:\/\/permbledhja.com\/wp-content\/uploads\/2023\/09\/auto_baton_haxhiu1574434577-1.jpg","type":"image\/jpeg"}],"author":"P\u00ebrmbledhja","twitter_card":"summary_large_image","twitter_misc":{"Written by":"P\u00ebrmbledhja","Est. reading time":"2 minuta"},"schema":{"@context":"https:\/\/schema.org","@graph":[{"@type":"Article","@id":"https:\/\/permbledhja.com\/sq\/haxhiu-te-enjten-spres-epilog-nje-sekuence-e-negociatave-do-te-zhvillohet-ne-nju-jork\/#article","isPartOf":{"@id":"https:\/\/permbledhja.com\/sq\/haxhiu-te-enjten-spres-epilog-nje-sekuence-e-negociatave-do-te-zhvillohet-ne-nju-jork\/"},"author":{"name":"P\u00ebrmbledhja","@id":"https:\/\/permbledhja.com\/#\/schema\/person\/0d064377258d3221e50693947b9eb4fe"},"headline":"Haxhiu: T\u00eb enjten s\u2019pres epilog, nj\u00eb sekuenc\u00eb e negociatave do t\u00eb zhvillohet n\u00eb Nju Jork","datePublished":"2023-09-13T21:57:23+00:00","dateModified":"2023-09-13T21:57:23+00:00","mainEntityOfPage":{"@id":"https:\/\/permbledhja.com\/sq\/haxhiu-te-enjten-spres-epilog-nje-sekuence-e-negociatave-do-te-zhvillohet-ne-nju-jork\/"},"wordCount":332,"publisher":{"@id":"https:\/\/permbledhja.com\/#organization"},"keywords":["Baton Haxhiu"],"articleSection":["Komb\u00ebtare","Lajme"],"inLanguage":"sq"},{"@type":"WebPage","@id":"https:\/\/permbledhja.com\/sq\/haxhiu-te-enjten-spres-epilog-nje-sekuence-e-negociatave-do-te-zhvillohet-ne-nju-jork\/","url":"https:\/\/permbledhja.com\/sq\/haxhiu-te-enjten-spres-epilog-nje-sekuence-e-negociatave-do-te-zhvillohet-ne-nju-jork\/","name":"Haxhiu: T\u00eb enjten s\u2019pres epilog, nj\u00eb sekuenc\u00eb e negociatave do t\u00eb zhvillohet n\u00eb Nju Jork","isPartOf":{"@id":"https:\/\/permbledhja.com\/#website"},"datePublished":"2023-09-13T21:57:23+00:00","dateModified":"2023-09-13T21:57:23+00:00","breadcrumb":{"@id":"https:\/\/permbledhja.com\/sq\/haxhiu-te-enjten-spres-epilog-nje-sekuence-e-negociatave-do-te-zhvillohet-ne-nju-jork\/#breadcrumb"},"inLanguage":"sq","potentialAction":[{"@type":"ReadAction","target":["https:\/\/permbledhja.com\/sq\/haxhiu-te-enjten-spres-epilog-nje-sekuence-e-negociatave-do-te-zhvillohet-ne-nju-jork\/"]}]},{"@type":"BreadcrumbList","@id":"https:\/\/permbledhja.com\/sq\/haxhiu-te-enjten-spres-epilog-nje-sekuence-e-negociatave-do-te-zhvillohet-ne-nju-jork\/#breadcrumb","itemListElement":[{"@type":"ListItem","position":1,"name":"Ballina","item":"https:\/\/permbledhja.com\/sq\/"},{"@type":"ListItem","position":2,"name":"Haxhiu: T\u00eb enjten s\u2019pres epilog, nj\u00eb sekuenc\u00eb e negociatave do t\u00eb zhvillohet n\u00eb Nju Jork"}]},{"@type":"WebSite","@id":"https:\/\/permbledhja.com\/#website","url":"https:\/\/permbledhja.com\/","name":"Ve\u00e7 artikuj p\u00ebrmbledh\u00ebs","description":"","publisher":{"@id":"https:\/\/permbledhja.com\/#organization"},"potentialAction":[{"@type":"SearchAction","target":{"@type":"EntryPoint","urlTemplate":"https:\/\/permbledhja.com\/?s={search_term_string}"},"query-input":"required name=search_term_string"}],"inLanguage":"sq"},{"@type":"Organization","@id":"https:\/\/permbledhja.com\/#organization","name":"MK Media & Pr","url":"https:\/\/permbledhja.com\/","logo":{"@type":"ImageObject","inLanguage":"sq","@id":"https:\/\/permbledhja.com\/#\/schema\/logo\/image\/","url":"https:\/\/permbledhja.com\/wp-content\/uploads\/2021\/12\/07-Press-Logo.jpg","contentUrl":"https:\/\/permbledhja.com\/wp-content\/uploads\/2021\/12\/07-Press-Logo.jpg","width":512,"height":512,"caption":"MK Media & Pr"},"image":{"@id":"https:\/\/permbledhja.com\/#\/schema\/logo\/image\/"},"sameAs":["https:\/\/www.facebook.com\/press07\/"]},{"@type":"Person","@id":"https:\/\/permbledhja.com\/#\/schema\/person\/0d064377258d3221e50693947b9eb4fe","name":"P\u00ebrmbledhja","image":{"@type":"ImageObject","inLanguage":"sq","@id":"https:\/\/permbledhja.com\/#\/schema\/person\/image\/","url":"https:\/\/permbledhja.com\/wp-content\/uploads\/2026\/01\/452004717_1040944174702970_8932037511805513407_n-96x96.jpg","contentUrl":"https:\/\/permbledhja.com\/wp-content\/uploads\/2026\/01\/452004717_1040944174702970_8932037511805513407_n-96x96.jpg","caption":"P\u00ebrmbledhja"},"sameAs":["https:\/\/www.facebook.com\/kafexhiu.muharrem\/","https:\/\/www.instagram.com\/muharrem_kafexhiu\/"],"url":"https:\/\/permbledhja.com\/sq\/author\/admin\/"}]}},"_links":{"self":[{"href":"https:\/\/permbledhja.com\/sq\/wp-json\/wp\/v2\/posts\/26796"}],"collection":[{"href":"https:\/\/permbledhja.com\/sq\/wp-json\/wp\/v2\/posts"}],"about":[{"href":"https:\/\/permbledhja.com\/sq\/wp-json\/wp\/v2\/types\/post"}],"author":[{"embeddable":true,"href":"https:\/\/permbledhja.com\/sq\/wp-json\/wp\/v2\/users\/1"}],"replies":[{"embeddable":true,"href":"https:\/\/permbledhja.com\/sq\/wp-json\/wp\/v2\/comments?post=26796"}],"version-history":[{"count":1,"href":"https:\/\/permbledhja.com\/sq\/wp-json\/wp\/v2\/posts\/26796\/revisions"}],"predecessor-version":[{"id":26799,"href":"https:\/\/permbledhja.com\/sq\/wp-json\/wp\/v2\/posts\/26796\/revisions\/26799"}],"wp:featuredmedia":[{"embeddable":true,"href":"https:\/\/permbledhja.com\/sq\/wp-json\/wp\/v2\/media\/26798"}],"wp:attachment":[{"href":"https:\/\/permbledhja.com\/sq\/wp-json\/wp\/v2\/media?parent=26796"}],"wp:term":[{"taxonomy":"category","embeddable":true,"href":"https:\/\/permbledhja.com\/sq\/wp-json\/wp\/v2\/categories?post=26796"},{"taxonomy":"post_tag","embeddable":true,"href":"https:\/\/permbledhja.com\/sq\/wp-json\/wp\/v2\/tags?post=26796"}],"curies":[{"name":"wp","href":"https:\/\/api.w.org\/{rel}","templated":true}]}}