{"id":26686,"date":"2023-09-13T06:45:08","date_gmt":"2023-09-13T06:45:08","guid":{"rendered":"https:\/\/permbledhja.com\/?p=26686"},"modified":"2023-09-13T06:45:08","modified_gmt":"2023-09-13T06:45:08","slug":"pretendimet-per-largim-nga-vv-deklarohet-rrahmani-jam-distancuar-nga-disa-aktivitete-te-partise","status":"publish","type":"post","link":"https:\/\/permbledhja.com\/sq\/pretendimet-per-largim-nga-vv-deklarohet-rrahmani-jam-distancuar-nga-disa-aktivitete-te-partise\/","title":{"rendered":"Pretendimet p\u00ebr largim nga VV, deklarohet Rrahmani: Jam distancuar nga disa aktivitete t\u00eb partis\u00eb"},"content":{"rendered":"<h3>Deputeti i Kuvendit t\u00eb Kosov\u00ebs nga radh\u00ebt e L\u00ebvizjes Vet\u00ebvendosje, Eman Rrahmani sot \u00ebsht\u00eb deklaruar duke i komentuar pretendimet p\u00ebr nj\u00eb largim t\u00eb mundsh\u00ebm nga kjo parti.<\/h3>\n<p>Rrahmani tha se n\u00eb k\u00ebt\u00eb pozit\u00eb ka ardhur nga vota e votuesve t\u00eb cil\u00ebt e kan\u00eb votu VV-n\u00eb, dhe aty do ta vazhdoj\u00eb mandatin e tij, mir\u00ebpo shton se nuk ka interes t\u00eb inkuadrohet n\u00eb t\u00eb tjera aktivitete t\u00eb partis\u00eb<\/p>\n<p>\u201cPo, un\u00eb jam deputet, b\u00ebj pjes\u00eb n\u00eb grupin parlamentar t\u00eb L\u00ebvizjes Vet\u00ebvendosje. Aktivitetin e b\u00ebj aty. Vot\u00ebn e kam prej votuesve t\u00eb cil\u00ebt e kan\u00eb votu VV-n\u00eb, dhe mandati im do t\u00eb jet\u00eb deri n\u00eb fund n\u00eb L\u00ebvizjen Vet\u00ebvendosje. N\u00eb aktivitete tjera ka koh\u00eb q\u00eb nuk kam marr\u00eb pjes\u00eb, as nj\u00eb zgjedhje t\u00eb brendshme t\u00eb cilat jan\u00eb mbajt\u00eb as n\u00eb aktivitetet e tjera partiake, p\u00ebr shum\u00eb aryse. Mir\u00ebpo, aktivitetin tim si deputet e b\u00ebj duke qen\u00eb pjes\u00eb e GP t\u00eb LVV-s\u00eb. Nuk jam i interesuar q\u00eb t\u00eb kem tjet\u00ebr pozit\u00eb\u201d, deklaroi ai n\u00eb DPT te Fidani.<\/p>\n<p>Nj\u00eb nga arsyet pse Rrahmani ka marr k\u00ebt\u00eb vendim ka t\u00eb b\u00ebj\u00eb edhe me parimet e LVV-s\u00eb dhe me disa prej l\u00ebvizjeve q\u00eb i mb\u00ebshtesin.<\/p>\n<p>\u201cJan\u00eb disa \u00e7\u00ebshtje parimore me t\u00eb cilat un\u00eb nuk pajtoj, si\u00e7 \u00ebsht\u00eb Kodi Civil dhe disa q\u00eb tashm\u00eb LVV i mb\u00ebshtet publikisht edhe q\u00eb kam pas\u00eb d\u00ebshir\u00eb t\u00eb mos jem pjes\u00eb organizative e partis\u00eb. Un\u00eb do t\u00eb jap kontributin tim p\u00ebr programin me t\u00eb cilin kemi kandidu\u201d, ka deklaruar ai.<\/p>\n","protected":false},"excerpt":{"rendered":"<p>Deputeti i Kuvendit t\u00eb Kosov\u00ebs nga radh\u00ebt e L\u00ebvizjes Vet\u00ebvendosje, Eman Rrahmani sot \u00ebsht\u00eb deklaruar duke i komentuar pretendimet p\u00ebr nj\u00eb largim t\u00eb mundsh\u00ebm nga kjo parti. Rrahmani tha se n\u00eb k\u00ebt\u00eb pozit\u00eb ka ardhur nga vota e votuesve t\u00eb cil\u00ebt e kan\u00eb votu VV-n\u00eb, dhe aty do ta vazhdoj\u00eb mandatin e tij, mir\u00ebpo shton [&hellip;]<\/p>\n","protected":false},"author":2,"featured_media":26687,"comment_status":"closed","ping_status":"closed","sticky":false,"template":"","format":"standard","meta":{"_monsterinsights_skip_tracking":false,"_monsterinsights_sitenote_active":false,"_monsterinsights_sitenote_note":"","_monsterinsights_sitenote_category":0,"_uf_show_specific_survey":0,"_uf_disable_surveys":false,"footnotes":""},"categories":[23,15],"tags":[1350],"yoast_head":"<!-- This site is optimized with the Yoast SEO plugin v21.5 - https:\/\/yoast.com\/wordpress\/plugins\/seo\/ -->\n<title>Pretendimet p\u00ebr largim nga VV, deklarohet Rrahmani: Jam distancuar nga disa aktivitete t\u00eb partis\u00eb<\/title>\n<meta name=\"robots\" content=\"index, follow, max-snippet:-1, max-image-preview:large, max-video-preview:-1\" \/>\n<link rel=\"canonical\" href=\"https:\/\/permbledhja.com\/sq\/pretendimet-per-largim-nga-vv-deklarohet-rrahmani-jam-distancuar-nga-disa-aktivitete-te-partise\/\" \/>\n<meta property=\"og:locale\" content=\"sq_AL\" \/>\n<meta property=\"og:type\" content=\"article\" \/>\n<meta property=\"og:title\" content=\"Pretendimet p\u00ebr largim nga VV, deklarohet Rrahmani: Jam distancuar nga disa aktivitete t\u00eb partis\u00eb\" \/>\n<meta property=\"og:description\" content=\"Deputeti i Kuvendit t\u00eb Kosov\u00ebs nga radh\u00ebt e L\u00ebvizjes Vet\u00ebvendosje, Eman Rrahmani sot \u00ebsht\u00eb deklaruar duke i komentuar pretendimet p\u00ebr nj\u00eb largim t\u00eb mundsh\u00ebm nga kjo parti. Rrahmani tha se n\u00eb k\u00ebt\u00eb pozit\u00eb ka ardhur nga vota e votuesve t\u00eb cil\u00ebt e kan\u00eb votu VV-n\u00eb, dhe aty do ta vazhdoj\u00eb mandatin e tij, mir\u00ebpo shton [&hellip;]\" \/>\n<meta property=\"og:url\" content=\"https:\/\/permbledhja.com\/sq\/pretendimet-per-largim-nga-vv-deklarohet-rrahmani-jam-distancuar-nga-disa-aktivitete-te-partise\/\" \/>\n<meta property=\"og:site_name\" content=\"Ve\u00e7 artikuj p\u00ebrmbledh\u00ebs\" \/>\n<meta property=\"article:publisher\" content=\"https:\/\/www.facebook.com\/press07\/\" \/>\n<meta property=\"article:published_time\" content=\"2023-09-13T06:45:08+00:00\" \/>\n<meta property=\"og:image\" content=\"https:\/\/permbledhja.com\/wp-content\/uploads\/2023\/09\/188122954_885898018625861_5051058932679114277_n-1.jpg\" \/>\n\t<meta property=\"og:image:width\" content=\"843\" \/>\n\t<meta property=\"og:image:height\" content=\"570\" \/>\n\t<meta property=\"og:image:type\" content=\"image\/jpeg\" \/>\n<meta name=\"author\" content=\"M M\" \/>\n<meta name=\"twitter:card\" content=\"summary_large_image\" \/>\n<meta name=\"twitter:label1\" content=\"Written by\" \/>\n\t<meta name=\"twitter:data1\" content=\"M M\" \/>\n\t<meta name=\"twitter:label2\" content=\"Est. reading time\" \/>\n\t<meta name=\"twitter:data2\" content=\"1 minut\u00eb\" \/>\n<script type=\"application\/ld+json\" class=\"yoast-schema-graph\">{\"@context\":\"https:\/\/schema.org\",\"@graph\":[{\"@type\":\"Article\",\"@id\":\"https:\/\/permbledhja.com\/sq\/pretendimet-per-largim-nga-vv-deklarohet-rrahmani-jam-distancuar-nga-disa-aktivitete-te-partise\/#article\",\"isPartOf\":{\"@id\":\"https:\/\/permbledhja.com\/sq\/pretendimet-per-largim-nga-vv-deklarohet-rrahmani-jam-distancuar-nga-disa-aktivitete-te-partise\/\"},\"author\":{\"name\":\"M M\",\"@id\":\"https:\/\/permbledhja.com\/#\/schema\/person\/d23f13f59b5722643933d6780783acf3\"},\"headline\":\"Pretendimet p\u00ebr largim nga VV, deklarohet Rrahmani: Jam distancuar nga disa aktivitete t\u00eb partis\u00eb\",\"datePublished\":\"2023-09-13T06:45:08+00:00\",\"dateModified\":\"2023-09-13T06:45:08+00:00\",\"mainEntityOfPage\":{\"@id\":\"https:\/\/permbledhja.com\/sq\/pretendimet-per-largim-nga-vv-deklarohet-rrahmani-jam-distancuar-nga-disa-aktivitete-te-partise\/\"},\"wordCount\":281,\"publisher\":{\"@id\":\"https:\/\/permbledhja.com\/#organization\"},\"keywords\":[\"Eman Rrahmani\"],\"articleSection\":[\"Komb\u00ebtare\",\"Lajme\"],\"inLanguage\":\"sq\"},{\"@type\":\"WebPage\",\"@id\":\"https:\/\/permbledhja.com\/sq\/pretendimet-per-largim-nga-vv-deklarohet-rrahmani-jam-distancuar-nga-disa-aktivitete-te-partise\/\",\"url\":\"https:\/\/permbledhja.com\/sq\/pretendimet-per-largim-nga-vv-deklarohet-rrahmani-jam-distancuar-nga-disa-aktivitete-te-partise\/\",\"name\":\"Pretendimet p\u00ebr largim nga VV, deklarohet Rrahmani: Jam distancuar nga disa aktivitete t\u00eb partis\u00eb\",\"isPartOf\":{\"@id\":\"https:\/\/permbledhja.com\/#website\"},\"datePublished\":\"2023-09-13T06:45:08+00:00\",\"dateModified\":\"2023-09-13T06:45:08+00:00\",\"breadcrumb\":{\"@id\":\"https:\/\/permbledhja.com\/sq\/pretendimet-per-largim-nga-vv-deklarohet-rrahmani-jam-distancuar-nga-disa-aktivitete-te-partise\/#breadcrumb\"},\"inLanguage\":\"sq\",\"potentialAction\":[{\"@type\":\"ReadAction\",\"target\":[\"https:\/\/permbledhja.com\/sq\/pretendimet-per-largim-nga-vv-deklarohet-rrahmani-jam-distancuar-nga-disa-aktivitete-te-partise\/\"]}]},{\"@type\":\"BreadcrumbList\",\"@id\":\"https:\/\/permbledhja.com\/sq\/pretendimet-per-largim-nga-vv-deklarohet-rrahmani-jam-distancuar-nga-disa-aktivitete-te-partise\/#breadcrumb\",\"itemListElement\":[{\"@type\":\"ListItem\",\"position\":1,\"name\":\"Ballina\",\"item\":\"https:\/\/permbledhja.com\/sq\/\"},{\"@type\":\"ListItem\",\"position\":2,\"name\":\"Pretendimet p\u00ebr largim nga VV, deklarohet Rrahmani: Jam distancuar nga disa aktivitete t\u00eb partis\u00eb\"}]},{\"@type\":\"WebSite\",\"@id\":\"https:\/\/permbledhja.com\/#website\",\"url\":\"https:\/\/permbledhja.com\/\",\"name\":\"Ve\u00e7 artikuj p\u00ebrmbledh\u00ebs\",\"description\":\"\",\"publisher\":{\"@id\":\"https:\/\/permbledhja.com\/#organization\"},\"potentialAction\":[{\"@type\":\"SearchAction\",\"target\":{\"@type\":\"EntryPoint\",\"urlTemplate\":\"https:\/\/permbledhja.com\/?s={search_term_string}\"},\"query-input\":\"required name=search_term_string\"}],\"inLanguage\":\"sq\"},{\"@type\":\"Organization\",\"@id\":\"https:\/\/permbledhja.com\/#organization\",\"name\":\"MK Media & Pr\",\"url\":\"https:\/\/permbledhja.com\/\",\"logo\":{\"@type\":\"ImageObject\",\"inLanguage\":\"sq\",\"@id\":\"https:\/\/permbledhja.com\/#\/schema\/logo\/image\/\",\"url\":\"https:\/\/permbledhja.com\/wp-content\/uploads\/2021\/12\/07-Press-Logo.jpg\",\"contentUrl\":\"https:\/\/permbledhja.com\/wp-content\/uploads\/2021\/12\/07-Press-Logo.jpg\",\"width\":512,\"height\":512,\"caption\":\"MK Media & Pr\"},\"image\":{\"@id\":\"https:\/\/permbledhja.com\/#\/schema\/logo\/image\/\"},\"sameAs\":[\"https:\/\/www.facebook.com\/press07\/\"]},{\"@type\":\"Person\",\"@id\":\"https:\/\/permbledhja.com\/#\/schema\/person\/d23f13f59b5722643933d6780783acf3\",\"name\":\"M M\",\"image\":{\"@type\":\"ImageObject\",\"inLanguage\":\"sq\",\"@id\":\"https:\/\/permbledhja.com\/#\/schema\/person\/image\/\",\"url\":\"https:\/\/secure.gravatar.com\/avatar\/e2835a76ca7c31a2416b2d51c4ec9a8f?s=96&d=mm&r=g\",\"contentUrl\":\"https:\/\/secure.gravatar.com\/avatar\/e2835a76ca7c31a2416b2d51c4ec9a8f?s=96&d=mm&r=g\",\"caption\":\"M M\"},\"sameAs\":[\"http:\/\/MM\"],\"url\":\"https:\/\/permbledhja.com\/sq\/author\/muhamet\/\"}]}<\/script>\n<!-- \/ Yoast SEO plugin. -->","yoast_head_json":{"title":"Pretendimet p\u00ebr largim nga VV, deklarohet Rrahmani: Jam distancuar nga disa aktivitete t\u00eb partis\u00eb","robots":{"index":"index","follow":"follow","max-snippet":"max-snippet:-1","max-image-preview":"max-image-preview:large","max-video-preview":"max-video-preview:-1"},"canonical":"https:\/\/permbledhja.com\/sq\/pretendimet-per-largim-nga-vv-deklarohet-rrahmani-jam-distancuar-nga-disa-aktivitete-te-partise\/","og_locale":"sq_AL","og_type":"article","og_title":"Pretendimet p\u00ebr largim nga VV, deklarohet Rrahmani: Jam distancuar nga disa aktivitete t\u00eb partis\u00eb","og_description":"Deputeti i Kuvendit t\u00eb Kosov\u00ebs nga radh\u00ebt e L\u00ebvizjes Vet\u00ebvendosje, Eman Rrahmani sot \u00ebsht\u00eb deklaruar duke i komentuar pretendimet p\u00ebr nj\u00eb largim t\u00eb mundsh\u00ebm nga kjo parti. Rrahmani tha se n\u00eb k\u00ebt\u00eb pozit\u00eb ka ardhur nga vota e votuesve t\u00eb cil\u00ebt e kan\u00eb votu VV-n\u00eb, dhe aty do ta vazhdoj\u00eb mandatin e tij, mir\u00ebpo shton [&hellip;]","og_url":"https:\/\/permbledhja.com\/sq\/pretendimet-per-largim-nga-vv-deklarohet-rrahmani-jam-distancuar-nga-disa-aktivitete-te-partise\/","og_site_name":"Ve\u00e7 artikuj p\u00ebrmbledh\u00ebs","article_publisher":"https:\/\/www.facebook.com\/press07\/","article_published_time":"2023-09-13T06:45:08+00:00","og_image":[{"width":843,"height":570,"url":"https:\/\/permbledhja.com\/wp-content\/uploads\/2023\/09\/188122954_885898018625861_5051058932679114277_n-1.jpg","type":"image\/jpeg"}],"author":"M M","twitter_card":"summary_large_image","twitter_misc":{"Written by":"M M","Est. reading time":"1 minut\u00eb"},"schema":{"@context":"https:\/\/schema.org","@graph":[{"@type":"Article","@id":"https:\/\/permbledhja.com\/sq\/pretendimet-per-largim-nga-vv-deklarohet-rrahmani-jam-distancuar-nga-disa-aktivitete-te-partise\/#article","isPartOf":{"@id":"https:\/\/permbledhja.com\/sq\/pretendimet-per-largim-nga-vv-deklarohet-rrahmani-jam-distancuar-nga-disa-aktivitete-te-partise\/"},"author":{"name":"M M","@id":"https:\/\/permbledhja.com\/#\/schema\/person\/d23f13f59b5722643933d6780783acf3"},"headline":"Pretendimet p\u00ebr largim nga VV, deklarohet Rrahmani: Jam distancuar nga disa aktivitete t\u00eb partis\u00eb","datePublished":"2023-09-13T06:45:08+00:00","dateModified":"2023-09-13T06:45:08+00:00","mainEntityOfPage":{"@id":"https:\/\/permbledhja.com\/sq\/pretendimet-per-largim-nga-vv-deklarohet-rrahmani-jam-distancuar-nga-disa-aktivitete-te-partise\/"},"wordCount":281,"publisher":{"@id":"https:\/\/permbledhja.com\/#organization"},"keywords":["Eman Rrahmani"],"articleSection":["Komb\u00ebtare","Lajme"],"inLanguage":"sq"},{"@type":"WebPage","@id":"https:\/\/permbledhja.com\/sq\/pretendimet-per-largim-nga-vv-deklarohet-rrahmani-jam-distancuar-nga-disa-aktivitete-te-partise\/","url":"https:\/\/permbledhja.com\/sq\/pretendimet-per-largim-nga-vv-deklarohet-rrahmani-jam-distancuar-nga-disa-aktivitete-te-partise\/","name":"Pretendimet p\u00ebr largim nga VV, deklarohet Rrahmani: Jam distancuar nga disa aktivitete t\u00eb partis\u00eb","isPartOf":{"@id":"https:\/\/permbledhja.com\/#website"},"datePublished":"2023-09-13T06:45:08+00:00","dateModified":"2023-09-13T06:45:08+00:00","breadcrumb":{"@id":"https:\/\/permbledhja.com\/sq\/pretendimet-per-largim-nga-vv-deklarohet-rrahmani-jam-distancuar-nga-disa-aktivitete-te-partise\/#breadcrumb"},"inLanguage":"sq","potentialAction":[{"@type":"ReadAction","target":["https:\/\/permbledhja.com\/sq\/pretendimet-per-largim-nga-vv-deklarohet-rrahmani-jam-distancuar-nga-disa-aktivitete-te-partise\/"]}]},{"@type":"BreadcrumbList","@id":"https:\/\/permbledhja.com\/sq\/pretendimet-per-largim-nga-vv-deklarohet-rrahmani-jam-distancuar-nga-disa-aktivitete-te-partise\/#breadcrumb","itemListElement":[{"@type":"ListItem","position":1,"name":"Ballina","item":"https:\/\/permbledhja.com\/sq\/"},{"@type":"ListItem","position":2,"name":"Pretendimet p\u00ebr largim nga VV, deklarohet Rrahmani: Jam distancuar nga disa aktivitete t\u00eb partis\u00eb"}]},{"@type":"WebSite","@id":"https:\/\/permbledhja.com\/#website","url":"https:\/\/permbledhja.com\/","name":"Ve\u00e7 artikuj p\u00ebrmbledh\u00ebs","description":"","publisher":{"@id":"https:\/\/permbledhja.com\/#organization"},"potentialAction":[{"@type":"SearchAction","target":{"@type":"EntryPoint","urlTemplate":"https:\/\/permbledhja.com\/?s={search_term_string}"},"query-input":"required name=search_term_string"}],"inLanguage":"sq"},{"@type":"Organization","@id":"https:\/\/permbledhja.com\/#organization","name":"MK Media & Pr","url":"https:\/\/permbledhja.com\/","logo":{"@type":"ImageObject","inLanguage":"sq","@id":"https:\/\/permbledhja.com\/#\/schema\/logo\/image\/","url":"https:\/\/permbledhja.com\/wp-content\/uploads\/2021\/12\/07-Press-Logo.jpg","contentUrl":"https:\/\/permbledhja.com\/wp-content\/uploads\/2021\/12\/07-Press-Logo.jpg","width":512,"height":512,"caption":"MK Media & Pr"},"image":{"@id":"https:\/\/permbledhja.com\/#\/schema\/logo\/image\/"},"sameAs":["https:\/\/www.facebook.com\/press07\/"]},{"@type":"Person","@id":"https:\/\/permbledhja.com\/#\/schema\/person\/d23f13f59b5722643933d6780783acf3","name":"M M","image":{"@type":"ImageObject","inLanguage":"sq","@id":"https:\/\/permbledhja.com\/#\/schema\/person\/image\/","url":"https:\/\/secure.gravatar.com\/avatar\/e2835a76ca7c31a2416b2d51c4ec9a8f?s=96&d=mm&r=g","contentUrl":"https:\/\/secure.gravatar.com\/avatar\/e2835a76ca7c31a2416b2d51c4ec9a8f?s=96&d=mm&r=g","caption":"M M"},"sameAs":["http:\/\/MM"],"url":"https:\/\/permbledhja.com\/sq\/author\/muhamet\/"}]}},"_links":{"self":[{"href":"https:\/\/permbledhja.com\/sq\/wp-json\/wp\/v2\/posts\/26686"}],"collection":[{"href":"https:\/\/permbledhja.com\/sq\/wp-json\/wp\/v2\/posts"}],"about":[{"href":"https:\/\/permbledhja.com\/sq\/wp-json\/wp\/v2\/types\/post"}],"author":[{"embeddable":true,"href":"https:\/\/permbledhja.com\/sq\/wp-json\/wp\/v2\/users\/2"}],"replies":[{"embeddable":true,"href":"https:\/\/permbledhja.com\/sq\/wp-json\/wp\/v2\/comments?post=26686"}],"version-history":[{"count":1,"href":"https:\/\/permbledhja.com\/sq\/wp-json\/wp\/v2\/posts\/26686\/revisions"}],"predecessor-version":[{"id":26688,"href":"https:\/\/permbledhja.com\/sq\/wp-json\/wp\/v2\/posts\/26686\/revisions\/26688"}],"wp:featuredmedia":[{"embeddable":true,"href":"https:\/\/permbledhja.com\/sq\/wp-json\/wp\/v2\/media\/26687"}],"wp:attachment":[{"href":"https:\/\/permbledhja.com\/sq\/wp-json\/wp\/v2\/media?parent=26686"}],"wp:term":[{"taxonomy":"category","embeddable":true,"href":"https:\/\/permbledhja.com\/sq\/wp-json\/wp\/v2\/categories?post=26686"},{"taxonomy":"post_tag","embeddable":true,"href":"https:\/\/permbledhja.com\/sq\/wp-json\/wp\/v2\/tags?post=26686"}],"curies":[{"name":"wp","href":"https:\/\/api.w.org\/{rel}","templated":true}]}}