{"id":26521,"date":"2023-09-11T13:53:53","date_gmt":"2023-09-11T13:53:53","guid":{"rendered":"https:\/\/permbledhja.com\/?p=26521"},"modified":"2023-09-11T13:53:53","modified_gmt":"2023-09-11T13:53:53","slug":"vuciq-i-reagon-kurtit-pasi-kerkoi-kamxhik-ndaj-serbise-kosova-sdo-te-jete-kurre-shtet-ketu-dallojme","status":"publish","type":"post","link":"https:\/\/permbledhja.com\/sq\/vuciq-i-reagon-kurtit-pasi-kerkoi-kamxhik-ndaj-serbise-kosova-sdo-te-jete-kurre-shtet-ketu-dallojme\/","title":{"rendered":"Vu\u00e7iq i reagon Kurtit pasi k\u00ebrkoi \u201ckamxhik\u201d ndaj Serbis\u00eb: Kosova s\u2019do t\u00eb jet\u00eb kurr\u00eb shtet, k\u00ebtu dallojm\u00eb"},"content":{"rendered":"<h3>Deklarimet e Kryeministrit t\u00eb Kosov\u00ebs, Albin Kurti, se Serbis\u00eb \u201cduhet ofruar m\u00eb shum\u00eb kamxhi, e m\u00eb pak gurabi\u201d, i \u00ebsht\u00eb p\u00ebrgjigjur Presidenti i Serbis\u00eb, Aleksandar Vu\u00e7iq, pas mbledhjes s\u00eb Proecesit t\u00eb B\u00ebrdo-Brionit, ku u shpreh se \u201c\u00ebsht\u00eb interesante\u201d q\u00eb Kurti u k\u00ebrkon pal\u00ebve t\u00eb treta \u201ckamxhi ndaj dikujt\u201d; teksa shtoi edhe se \u201cdallimi nd\u00ebrmjet Kosov\u00ebs dhe Serbis\u00eb \u00ebsht\u00eb se Serbia \u00ebsht\u00eb sovran, nd\u00ebrsa Kosova nuk do t\u00eb jet\u00eb kurr\u00eb\u201d.<\/h3>\n<p>\u201c\u00cbsht\u00eb interesante q\u00eb dikush t\u00eb mendoj se ka t\u00eb drejt\u00eb t\u00eb k\u00ebrkoj\u00eb nga pal\u00ebt e treja q\u00eb t\u00eb p\u00ebrdorin kamxhi ndaj dikujt, kund\u00ebr nj\u00eb shteti sovran. Pasi q\u00eb ai \u00ebsht\u00eb aq i fort\u00eb dhe t\u00eb p\u00ebrcaktonte fatin e t\u00eb gjitha kombeve t\u00eb Evrop\u00ebs, nuk e di pse un\u00eb nuk p\u00ebrdor at kamxhi dhe t\u00eb tregoj\u00eb se si t\u00eb trajtoni t\u00eb tjer\u00ebt\u201d, ka th\u00ebn\u00eb Aleksandar Vu\u00e7iq.<\/p>\n<p>Vu\u00e7iq tha se nuk e kupton se si Kurti \u201cq\u00eb e konsideron veten lider t\u00eb ndokujt\u201d t\u00eb p\u00ebrdor \u201cfjalor t\u00eb till\u00eb\u201d.<\/p>\n<p>\u201cNe vendosim p\u00ebr sanksione vetvetiu, dhe k\u00ebtu \u00ebsht\u00eb ku dallojm\u00eb nga Prishtina. Dhe jo n\u00eb \u00e7\u00ebshtjen e Rusis\u00eb me Ukrain\u00ebn, por n\u00eb \u00e7\u00ebshtjen e sovranitet. Serbia \u00ebsht\u00eb shtet sovran, nd\u00ebrsa ata nuk jan\u00eb e as nuk do t\u00eb jen\u00eb kurr\u00eb\u201d, ka th\u00ebn\u00eb Vu\u00e7iq.<\/p>\n<p>Vu\u00e7iq u kap edhe me Kroacin\u00eb dhe Bullgarin\u00eb, kur k\u00ebta dy t\u00eb fund\u00ebt k\u00ebrkuan q\u00eb Serbia t\u00eb vendos sanksione ndaj Federat\u00ebs Ruse, t\u00eb cil\u00ebve iu drejtua me \u201cju keni probleme mjaftuesh\u00ebm n\u00eb vendet e juaja\u2026mos u ngat\u00ebrroni me pun\u00ebt e Serbis\u00eb dhe t\u00eb shtireni kinse jeni t\u00eb men\u00e7ur\u201d.<\/p>\n","protected":false},"excerpt":{"rendered":"<p>Deklarimet e Kryeministrit t\u00eb Kosov\u00ebs, Albin Kurti, se Serbis\u00eb \u201cduhet ofruar m\u00eb shum\u00eb kamxhi, e m\u00eb pak gurabi\u201d, i \u00ebsht\u00eb p\u00ebrgjigjur Presidenti i Serbis\u00eb, Aleksandar Vu\u00e7iq, pas mbledhjes s\u00eb Proecesit t\u00eb B\u00ebrdo-Brionit, ku u shpreh se \u201c\u00ebsht\u00eb interesante\u201d q\u00eb Kurti u k\u00ebrkon pal\u00ebve t\u00eb treta \u201ckamxhi ndaj dikujt\u201d; teksa shtoi edhe se \u201cdallimi nd\u00ebrmjet Kosov\u00ebs [&hellip;]<\/p>\n","protected":false},"author":2,"featured_media":26522,"comment_status":"closed","ping_status":"closed","sticky":false,"template":"","format":"standard","meta":{"_monsterinsights_skip_tracking":false,"_monsterinsights_sitenote_active":false,"_monsterinsights_sitenote_note":"","_monsterinsights_sitenote_category":0,"_uf_show_specific_survey":0,"_uf_disable_surveys":false,"footnotes":""},"categories":[23,15],"tags":[],"yoast_head":"<!-- This site is optimized with the Yoast SEO plugin v21.5 - https:\/\/yoast.com\/wordpress\/plugins\/seo\/ -->\n<title>Vu\u00e7iq i reagon Kurtit pasi k\u00ebrkoi \u201ckamxhik\u201d ndaj Serbis\u00eb: Kosova s\u2019do t\u00eb jet\u00eb kurr\u00eb shtet, k\u00ebtu dallojm\u00eb<\/title>\n<meta name=\"robots\" content=\"index, follow, max-snippet:-1, max-image-preview:large, max-video-preview:-1\" \/>\n<link rel=\"canonical\" href=\"https:\/\/permbledhja.com\/sq\/vuciq-i-reagon-kurtit-pasi-kerkoi-kamxhik-ndaj-serbise-kosova-sdo-te-jete-kurre-shtet-ketu-dallojme\/\" \/>\n<meta property=\"og:locale\" content=\"sq_AL\" \/>\n<meta property=\"og:type\" content=\"article\" \/>\n<meta property=\"og:title\" content=\"Vu\u00e7iq i reagon Kurtit pasi k\u00ebrkoi \u201ckamxhik\u201d ndaj Serbis\u00eb: Kosova s\u2019do t\u00eb jet\u00eb kurr\u00eb shtet, k\u00ebtu dallojm\u00eb\" \/>\n<meta property=\"og:description\" content=\"Deklarimet e Kryeministrit t\u00eb Kosov\u00ebs, Albin Kurti, se Serbis\u00eb \u201cduhet ofruar m\u00eb shum\u00eb kamxhi, e m\u00eb pak gurabi\u201d, i \u00ebsht\u00eb p\u00ebrgjigjur Presidenti i Serbis\u00eb, Aleksandar Vu\u00e7iq, pas mbledhjes s\u00eb Proecesit t\u00eb B\u00ebrdo-Brionit, ku u shpreh se \u201c\u00ebsht\u00eb interesante\u201d q\u00eb Kurti u k\u00ebrkon pal\u00ebve t\u00eb treta \u201ckamxhi ndaj dikujt\u201d; teksa shtoi edhe se \u201cdallimi nd\u00ebrmjet Kosov\u00ebs [&hellip;]\" \/>\n<meta property=\"og:url\" content=\"https:\/\/permbledhja.com\/sq\/vuciq-i-reagon-kurtit-pasi-kerkoi-kamxhik-ndaj-serbise-kosova-sdo-te-jete-kurre-shtet-ketu-dallojme\/\" \/>\n<meta property=\"og:site_name\" content=\"Ve\u00e7 artikuj p\u00ebrmbledh\u00ebs\" \/>\n<meta property=\"article:publisher\" content=\"https:\/\/www.facebook.com\/press07\/\" \/>\n<meta property=\"article:published_time\" content=\"2023-09-11T13:53:53+00:00\" \/>\n<meta property=\"og:image\" content=\"https:\/\/permbledhja.com\/wp-content\/uploads\/2023\/09\/vucc.webp\" \/>\n\t<meta property=\"og:image:width\" content=\"630\" \/>\n\t<meta property=\"og:image:height\" content=\"364\" \/>\n\t<meta property=\"og:image:type\" content=\"image\/webp\" \/>\n<meta name=\"author\" content=\"M M\" \/>\n<meta name=\"twitter:card\" content=\"summary_large_image\" \/>\n<meta name=\"twitter:label1\" content=\"Written by\" \/>\n\t<meta name=\"twitter:data1\" content=\"M M\" \/>\n\t<meta name=\"twitter:label2\" content=\"Est. reading time\" \/>\n\t<meta name=\"twitter:data2\" content=\"1 minut\u00eb\" \/>\n<script type=\"application\/ld+json\" class=\"yoast-schema-graph\">{\"@context\":\"https:\/\/schema.org\",\"@graph\":[{\"@type\":\"Article\",\"@id\":\"https:\/\/permbledhja.com\/vuciq-i-reagon-kurtit-pasi-kerkoi-kamxhik-ndaj-serbise-kosova-sdo-te-jete-kurre-shtet-ketu-dallojme\/#article\",\"isPartOf\":{\"@id\":\"https:\/\/permbledhja.com\/vuciq-i-reagon-kurtit-pasi-kerkoi-kamxhik-ndaj-serbise-kosova-sdo-te-jete-kurre-shtet-ketu-dallojme\/\"},\"author\":{\"name\":\"M M\",\"@id\":\"https:\/\/permbledhja.com\/#\/schema\/person\/d23f13f59b5722643933d6780783acf3\"},\"headline\":\"Vu\u00e7iq i reagon Kurtit pasi k\u00ebrkoi \u201ckamxhik\u201d ndaj Serbis\u00eb: Kosova s\u2019do t\u00eb jet\u00eb kurr\u00eb shtet, k\u00ebtu dallojm\u00eb\",\"datePublished\":\"2023-09-11T13:53:53+00:00\",\"dateModified\":\"2023-09-11T13:53:53+00:00\",\"mainEntityOfPage\":{\"@id\":\"https:\/\/permbledhja.com\/vuciq-i-reagon-kurtit-pasi-kerkoi-kamxhik-ndaj-serbise-kosova-sdo-te-jete-kurre-shtet-ketu-dallojme\/\"},\"wordCount\":305,\"publisher\":{\"@id\":\"https:\/\/permbledhja.com\/#organization\"},\"articleSection\":[\"Komb\u00ebtare\",\"Lajme\"],\"inLanguage\":\"sq\"},{\"@type\":\"WebPage\",\"@id\":\"https:\/\/permbledhja.com\/vuciq-i-reagon-kurtit-pasi-kerkoi-kamxhik-ndaj-serbise-kosova-sdo-te-jete-kurre-shtet-ketu-dallojme\/\",\"url\":\"https:\/\/permbledhja.com\/vuciq-i-reagon-kurtit-pasi-kerkoi-kamxhik-ndaj-serbise-kosova-sdo-te-jete-kurre-shtet-ketu-dallojme\/\",\"name\":\"Vu\u00e7iq i reagon Kurtit pasi k\u00ebrkoi \u201ckamxhik\u201d ndaj Serbis\u00eb: Kosova s\u2019do t\u00eb jet\u00eb kurr\u00eb shtet, k\u00ebtu dallojm\u00eb\",\"isPartOf\":{\"@id\":\"https:\/\/permbledhja.com\/#website\"},\"datePublished\":\"2023-09-11T13:53:53+00:00\",\"dateModified\":\"2023-09-11T13:53:53+00:00\",\"breadcrumb\":{\"@id\":\"https:\/\/permbledhja.com\/vuciq-i-reagon-kurtit-pasi-kerkoi-kamxhik-ndaj-serbise-kosova-sdo-te-jete-kurre-shtet-ketu-dallojme\/#breadcrumb\"},\"inLanguage\":\"sq\",\"potentialAction\":[{\"@type\":\"ReadAction\",\"target\":[\"https:\/\/permbledhja.com\/vuciq-i-reagon-kurtit-pasi-kerkoi-kamxhik-ndaj-serbise-kosova-sdo-te-jete-kurre-shtet-ketu-dallojme\/\"]}]},{\"@type\":\"BreadcrumbList\",\"@id\":\"https:\/\/permbledhja.com\/vuciq-i-reagon-kurtit-pasi-kerkoi-kamxhik-ndaj-serbise-kosova-sdo-te-jete-kurre-shtet-ketu-dallojme\/#breadcrumb\",\"itemListElement\":[{\"@type\":\"ListItem\",\"position\":1,\"name\":\"Ballina\",\"item\":\"https:\/\/permbledhja.com\/sq\/\"},{\"@type\":\"ListItem\",\"position\":2,\"name\":\"Vu\u00e7iq i reagon Kurtit pasi k\u00ebrkoi \u201ckamxhik\u201d ndaj Serbis\u00eb: Kosova s\u2019do t\u00eb jet\u00eb kurr\u00eb shtet, k\u00ebtu dallojm\u00eb\"}]},{\"@type\":\"WebSite\",\"@id\":\"https:\/\/permbledhja.com\/#website\",\"url\":\"https:\/\/permbledhja.com\/\",\"name\":\"Ve\u00e7 artikuj p\u00ebrmbledh\u00ebs\",\"description\":\"\",\"publisher\":{\"@id\":\"https:\/\/permbledhja.com\/#organization\"},\"potentialAction\":[{\"@type\":\"SearchAction\",\"target\":{\"@type\":\"EntryPoint\",\"urlTemplate\":\"https:\/\/permbledhja.com\/?s={search_term_string}\"},\"query-input\":\"required name=search_term_string\"}],\"inLanguage\":\"sq\"},{\"@type\":\"Organization\",\"@id\":\"https:\/\/permbledhja.com\/#organization\",\"name\":\"MK Media & Pr\",\"url\":\"https:\/\/permbledhja.com\/\",\"logo\":{\"@type\":\"ImageObject\",\"inLanguage\":\"sq\",\"@id\":\"https:\/\/permbledhja.com\/#\/schema\/logo\/image\/\",\"url\":\"https:\/\/permbledhja.com\/wp-content\/uploads\/2021\/12\/07-Press-Logo.jpg\",\"contentUrl\":\"https:\/\/permbledhja.com\/wp-content\/uploads\/2021\/12\/07-Press-Logo.jpg\",\"width\":512,\"height\":512,\"caption\":\"MK Media & Pr\"},\"image\":{\"@id\":\"https:\/\/permbledhja.com\/#\/schema\/logo\/image\/\"},\"sameAs\":[\"https:\/\/www.facebook.com\/press07\/\"]},{\"@type\":\"Person\",\"@id\":\"https:\/\/permbledhja.com\/#\/schema\/person\/d23f13f59b5722643933d6780783acf3\",\"name\":\"M M\",\"image\":{\"@type\":\"ImageObject\",\"inLanguage\":\"sq\",\"@id\":\"https:\/\/permbledhja.com\/#\/schema\/person\/image\/\",\"url\":\"https:\/\/secure.gravatar.com\/avatar\/e2835a76ca7c31a2416b2d51c4ec9a8f?s=96&d=mm&r=g\",\"contentUrl\":\"https:\/\/secure.gravatar.com\/avatar\/e2835a76ca7c31a2416b2d51c4ec9a8f?s=96&d=mm&r=g\",\"caption\":\"M M\"},\"sameAs\":[\"http:\/\/MM\"],\"url\":\"https:\/\/permbledhja.com\/sq\/author\/muhamet\/\"}]}<\/script>\n<!-- \/ Yoast SEO plugin. -->","yoast_head_json":{"title":"Vu\u00e7iq i reagon Kurtit pasi k\u00ebrkoi \u201ckamxhik\u201d ndaj Serbis\u00eb: Kosova s\u2019do t\u00eb jet\u00eb kurr\u00eb shtet, k\u00ebtu dallojm\u00eb","robots":{"index":"index","follow":"follow","max-snippet":"max-snippet:-1","max-image-preview":"max-image-preview:large","max-video-preview":"max-video-preview:-1"},"canonical":"https:\/\/permbledhja.com\/sq\/vuciq-i-reagon-kurtit-pasi-kerkoi-kamxhik-ndaj-serbise-kosova-sdo-te-jete-kurre-shtet-ketu-dallojme\/","og_locale":"sq_AL","og_type":"article","og_title":"Vu\u00e7iq i reagon Kurtit pasi k\u00ebrkoi \u201ckamxhik\u201d ndaj Serbis\u00eb: Kosova s\u2019do t\u00eb jet\u00eb kurr\u00eb shtet, k\u00ebtu dallojm\u00eb","og_description":"Deklarimet e Kryeministrit t\u00eb Kosov\u00ebs, Albin Kurti, se Serbis\u00eb \u201cduhet ofruar m\u00eb shum\u00eb kamxhi, e m\u00eb pak gurabi\u201d, i \u00ebsht\u00eb p\u00ebrgjigjur Presidenti i Serbis\u00eb, Aleksandar Vu\u00e7iq, pas mbledhjes s\u00eb Proecesit t\u00eb B\u00ebrdo-Brionit, ku u shpreh se \u201c\u00ebsht\u00eb interesante\u201d q\u00eb Kurti u k\u00ebrkon pal\u00ebve t\u00eb treta \u201ckamxhi ndaj dikujt\u201d; teksa shtoi edhe se \u201cdallimi nd\u00ebrmjet Kosov\u00ebs [&hellip;]","og_url":"https:\/\/permbledhja.com\/sq\/vuciq-i-reagon-kurtit-pasi-kerkoi-kamxhik-ndaj-serbise-kosova-sdo-te-jete-kurre-shtet-ketu-dallojme\/","og_site_name":"Ve\u00e7 artikuj p\u00ebrmbledh\u00ebs","article_publisher":"https:\/\/www.facebook.com\/press07\/","article_published_time":"2023-09-11T13:53:53+00:00","og_image":[{"width":630,"height":364,"url":"https:\/\/permbledhja.com\/wp-content\/uploads\/2023\/09\/vucc.webp","type":"image\/webp"}],"author":"M M","twitter_card":"summary_large_image","twitter_misc":{"Written by":"M M","Est. reading time":"1 minut\u00eb"},"schema":{"@context":"https:\/\/schema.org","@graph":[{"@type":"Article","@id":"https:\/\/permbledhja.com\/vuciq-i-reagon-kurtit-pasi-kerkoi-kamxhik-ndaj-serbise-kosova-sdo-te-jete-kurre-shtet-ketu-dallojme\/#article","isPartOf":{"@id":"https:\/\/permbledhja.com\/vuciq-i-reagon-kurtit-pasi-kerkoi-kamxhik-ndaj-serbise-kosova-sdo-te-jete-kurre-shtet-ketu-dallojme\/"},"author":{"name":"M M","@id":"https:\/\/permbledhja.com\/#\/schema\/person\/d23f13f59b5722643933d6780783acf3"},"headline":"Vu\u00e7iq i reagon Kurtit pasi k\u00ebrkoi \u201ckamxhik\u201d ndaj Serbis\u00eb: Kosova s\u2019do t\u00eb jet\u00eb kurr\u00eb shtet, k\u00ebtu dallojm\u00eb","datePublished":"2023-09-11T13:53:53+00:00","dateModified":"2023-09-11T13:53:53+00:00","mainEntityOfPage":{"@id":"https:\/\/permbledhja.com\/vuciq-i-reagon-kurtit-pasi-kerkoi-kamxhik-ndaj-serbise-kosova-sdo-te-jete-kurre-shtet-ketu-dallojme\/"},"wordCount":305,"publisher":{"@id":"https:\/\/permbledhja.com\/#organization"},"articleSection":["Komb\u00ebtare","Lajme"],"inLanguage":"sq"},{"@type":"WebPage","@id":"https:\/\/permbledhja.com\/vuciq-i-reagon-kurtit-pasi-kerkoi-kamxhik-ndaj-serbise-kosova-sdo-te-jete-kurre-shtet-ketu-dallojme\/","url":"https:\/\/permbledhja.com\/vuciq-i-reagon-kurtit-pasi-kerkoi-kamxhik-ndaj-serbise-kosova-sdo-te-jete-kurre-shtet-ketu-dallojme\/","name":"Vu\u00e7iq i reagon Kurtit pasi k\u00ebrkoi \u201ckamxhik\u201d ndaj Serbis\u00eb: Kosova s\u2019do t\u00eb jet\u00eb kurr\u00eb shtet, k\u00ebtu dallojm\u00eb","isPartOf":{"@id":"https:\/\/permbledhja.com\/#website"},"datePublished":"2023-09-11T13:53:53+00:00","dateModified":"2023-09-11T13:53:53+00:00","breadcrumb":{"@id":"https:\/\/permbledhja.com\/vuciq-i-reagon-kurtit-pasi-kerkoi-kamxhik-ndaj-serbise-kosova-sdo-te-jete-kurre-shtet-ketu-dallojme\/#breadcrumb"},"inLanguage":"sq","potentialAction":[{"@type":"ReadAction","target":["https:\/\/permbledhja.com\/vuciq-i-reagon-kurtit-pasi-kerkoi-kamxhik-ndaj-serbise-kosova-sdo-te-jete-kurre-shtet-ketu-dallojme\/"]}]},{"@type":"BreadcrumbList","@id":"https:\/\/permbledhja.com\/vuciq-i-reagon-kurtit-pasi-kerkoi-kamxhik-ndaj-serbise-kosova-sdo-te-jete-kurre-shtet-ketu-dallojme\/#breadcrumb","itemListElement":[{"@type":"ListItem","position":1,"name":"Ballina","item":"https:\/\/permbledhja.com\/sq\/"},{"@type":"ListItem","position":2,"name":"Vu\u00e7iq i reagon Kurtit pasi k\u00ebrkoi \u201ckamxhik\u201d ndaj Serbis\u00eb: Kosova s\u2019do t\u00eb jet\u00eb kurr\u00eb shtet, k\u00ebtu dallojm\u00eb"}]},{"@type":"WebSite","@id":"https:\/\/permbledhja.com\/#website","url":"https:\/\/permbledhja.com\/","name":"Ve\u00e7 artikuj p\u00ebrmbledh\u00ebs","description":"","publisher":{"@id":"https:\/\/permbledhja.com\/#organization"},"potentialAction":[{"@type":"SearchAction","target":{"@type":"EntryPoint","urlTemplate":"https:\/\/permbledhja.com\/?s={search_term_string}"},"query-input":"required name=search_term_string"}],"inLanguage":"sq"},{"@type":"Organization","@id":"https:\/\/permbledhja.com\/#organization","name":"MK Media & Pr","url":"https:\/\/permbledhja.com\/","logo":{"@type":"ImageObject","inLanguage":"sq","@id":"https:\/\/permbledhja.com\/#\/schema\/logo\/image\/","url":"https:\/\/permbledhja.com\/wp-content\/uploads\/2021\/12\/07-Press-Logo.jpg","contentUrl":"https:\/\/permbledhja.com\/wp-content\/uploads\/2021\/12\/07-Press-Logo.jpg","width":512,"height":512,"caption":"MK Media & Pr"},"image":{"@id":"https:\/\/permbledhja.com\/#\/schema\/logo\/image\/"},"sameAs":["https:\/\/www.facebook.com\/press07\/"]},{"@type":"Person","@id":"https:\/\/permbledhja.com\/#\/schema\/person\/d23f13f59b5722643933d6780783acf3","name":"M M","image":{"@type":"ImageObject","inLanguage":"sq","@id":"https:\/\/permbledhja.com\/#\/schema\/person\/image\/","url":"https:\/\/secure.gravatar.com\/avatar\/e2835a76ca7c31a2416b2d51c4ec9a8f?s=96&d=mm&r=g","contentUrl":"https:\/\/secure.gravatar.com\/avatar\/e2835a76ca7c31a2416b2d51c4ec9a8f?s=96&d=mm&r=g","caption":"M M"},"sameAs":["http:\/\/MM"],"url":"https:\/\/permbledhja.com\/sq\/author\/muhamet\/"}]}},"_links":{"self":[{"href":"https:\/\/permbledhja.com\/sq\/wp-json\/wp\/v2\/posts\/26521"}],"collection":[{"href":"https:\/\/permbledhja.com\/sq\/wp-json\/wp\/v2\/posts"}],"about":[{"href":"https:\/\/permbledhja.com\/sq\/wp-json\/wp\/v2\/types\/post"}],"author":[{"embeddable":true,"href":"https:\/\/permbledhja.com\/sq\/wp-json\/wp\/v2\/users\/2"}],"replies":[{"embeddable":true,"href":"https:\/\/permbledhja.com\/sq\/wp-json\/wp\/v2\/comments?post=26521"}],"version-history":[{"count":1,"href":"https:\/\/permbledhja.com\/sq\/wp-json\/wp\/v2\/posts\/26521\/revisions"}],"predecessor-version":[{"id":26523,"href":"https:\/\/permbledhja.com\/sq\/wp-json\/wp\/v2\/posts\/26521\/revisions\/26523"}],"wp:featuredmedia":[{"embeddable":true,"href":"https:\/\/permbledhja.com\/sq\/wp-json\/wp\/v2\/media\/26522"}],"wp:attachment":[{"href":"https:\/\/permbledhja.com\/sq\/wp-json\/wp\/v2\/media?parent=26521"}],"wp:term":[{"taxonomy":"category","embeddable":true,"href":"https:\/\/permbledhja.com\/sq\/wp-json\/wp\/v2\/categories?post=26521"},{"taxonomy":"post_tag","embeddable":true,"href":"https:\/\/permbledhja.com\/sq\/wp-json\/wp\/v2\/tags?post=26521"}],"curies":[{"name":"wp","href":"https:\/\/api.w.org\/{rel}","templated":true}]}}