{"id":2648,"date":"2022-07-19T11:38:32","date_gmt":"2022-07-19T11:38:32","guid":{"rendered":"https:\/\/permbledhja.com\/?p=2648"},"modified":"2022-07-19T11:38:32","modified_gmt":"2022-07-19T11:38:32","slug":"historike-shqiperia-cel-negociatat-me-be-ne-momenti-nisi-tani-rama-beteje-per-jete-a-vdekje","status":"publish","type":"post","link":"https:\/\/permbledhja.com\/sq\/historike-shqiperia-cel-negociatat-me-be-ne-momenti-nisi-tani-rama-beteje-per-jete-a-vdekje\/","title":{"rendered":"Historike! Shqip\u00ebria \u00e7el negociatat me BE-n\u00eb: Momenti nisi tani! Rama: Betej\u00eb p\u00ebr jet\u00eb a vdekje"},"content":{"rendered":"<p><strong>Momenti fillon tani, Shqip\u00ebria ka \u00e7elur zyrtarisht negociatat me BE.<\/strong><\/p>\n<p>Pritja e gjat\u00eb \u00ebsht\u00eb finalizuar sot me mbajtjen e Konferenc\u00ebs s\u00eb Par\u00eb Nd\u00ebrqeveritare Shqip\u00ebri-BE n\u00eb Bruksel q\u00eb sh\u00ebnoi \u00e7eljen e negociatave p\u00ebr an\u00ebtar\u00ebsim e plot\u00eb t\u00eb vendit n\u00eb bllokun Evropian.<\/p>\n<p>\u201cSot un\u00eb jam i lumtur, zemrat e njer\u00ebzve q\u00eb p\u00ebrfaq\u00ebsoj jan\u00eb t\u00eb mbushur me lumturi, asnj\u00ebher\u00eb nuk mendoja t\u00eb gjeja lumturi n\u00eb k\u00ebt\u00eb nd\u00ebrtes\u00eb, jan\u00eb t\u00eb mbushura me vendosm\u00ebri t\u00eb re p\u00ebr t\u00eb vazhduar rrokullisjen e gur\u00ebve t\u00eb BE dhe t\u00eb mbushura me shpres\u00eb miti dhe politika do cop\u00ebtohen. Se nj\u00eb dit\u00eb do kemi sukses t\u00eb arrijm\u00eb maj\u00ebn e malit dhe mos jemi t\u00eb detyruar t\u00eb rrokullisemi mbrapa. Ai vend n\u00eb maj\u00eb t\u00eb malit quhet sht\u00ebpi dhe \u00ebsht\u00eb vendi q\u00eb ne i p\u00ebrkasim gjithmon\u00eb, n\u00eb familjen evropiane\u201d.<\/p>\n<p>https:\/\/permbledhja.com\/borxhi-milionesh-ndaj-spitaleve-turke-fondi-per-sigurime-ua-hedh-fajin-qkuk-se-e-msh-se\/<\/p>\n<p>Me k\u00ebto fjal\u00eb Kryeministri Edi Rama mbylli fjalimin e tij n\u00eb Bruksel gjat\u00eb Konferenc\u00ebs s\u00eb Par\u00eb Nd\u00ebrqeveritare t\u00eb Bashkimit Europian me Shqip\u00ebrin\u00eb.<\/p>\n<p>Pjes\u00ebmarr\u00ebsit e duartrokit\u00ebn Ram\u00ebn, nd\u00ebrsa drejtuesi i k\u00ebsaj konference tha se ky \u00ebsht\u00eb pik\u00ebrisht momenti zyrtar i \u00e7eljes s\u00eb negociatave p\u00ebr an\u00ebtar\u00ebsim t\u00eb Shqip\u00ebris\u00eb me Bashkimin Europian. \u201cMomenti nis tani\u201d, tha ai, duke sh\u00ebnuar nj\u00eb \u00e7ast historik p\u00ebr Shqip\u00ebrin\u00eb.<\/p>\n<p>Kjo dit\u00eb sa entuziaste na ngre dhe pyetje se sa vite t\u00eb tjera do t\u2019i duhen Shqip\u00ebris\u00eb p\u00ebr t\u2019u b\u00ebr\u00eb an\u00ebtare e BE pas \u00e7eljes zyrtare t\u00eb negociatave q\u00eb erdh\u00ebn si rrjedhoj\u00eb e zhbllokimit t\u00eb ng\u00ebr\u00e7it Bullgari-Maqedoni e Veriut.<\/p>\n<p>Zhvillimet p\u00ebr konferenc\u00ebn e par\u00eb nd\u00ebrqeveritare n\u00eb Bruksel<\/p>\n<p>Gjat\u00eb fjal\u00ebs s\u00eb mbajtur n\u00eb Konferenc\u00ebn e Par\u00eb Nd\u00ebrqeveritare mes Shqip\u00ebris\u00eb dhe Bashkimit Evropian, Rama e vuri theksin te zbatimi i reformave n\u00eb vend dhe ve\u00e7an\u00ebrisht reform\u00ebs n\u00eb drejt\u00ebsi.<\/p>\n<p>\u201cIntegrimi i plot\u00eb n\u00eb Evrop\u00eb p\u00ebr popullin shqiptar \u00ebsht\u00eb nj\u00eb \u00e7\u00ebshtje p\u00ebr jet\u00eb a vdekje. Edhe pse u refuzuam p\u00ebr tre vite me radh\u00eb ne i vazhduam reformat tona, ve\u00e7an\u00ebrisht reform\u00ebn n\u00eb drejt\u00ebsi. Natyrisht ka m\u00eb shum\u00eb p\u00ebr t\u00eb b\u00ebr\u00eb por themelet p\u00ebr nj\u00eb sistem drejt\u00ebsie t\u00eb drejt\u00eb dhe t\u00eb pavarur jan\u00eb vendosur, K\u00ebto vite na kan\u00eb b\u00ebr\u00eb m\u00eb t\u00eb vendosur n\u00eb luft\u00ebn kund\u00ebr krimit dhe korrupsionit\u201d.<\/p>\n<p>https:\/\/permbledhja.com\/hapja-e-negociatave-rames-nuk-i-besohet-borrell-thote-se-shtetet-i-duhen-be-se\/<\/p>\n<p>Kryeministri Edi Rama ka nisur fjal\u00ebn e tij n\u00eb konferenc\u00ebn e par\u00eb nd\u00ebrqeveritare me BE n\u00eb Bruksel. \u201cNuk m\u00eb besohet qe kjo po ndodh\u201d, tha Rama duke iu referuar \u00e7eljes zyrtarisht t\u00eb negociatave. Rama tha se Bashkimi Evropian \u00ebsht\u00eb zgjedhja e lir\u00eb e shqiptar\u00ebve dhe t\u00eb gjith\u00eb n\u00eb Shqip\u00ebri bien dakord se \u00ebsht\u00eb fati yn\u00eb.<\/p>\n<p>P\u00ebrfaq\u00ebsuesi i Lart\u00eb i BE-s\u00eb p\u00ebr Politik\u00eb t\u00eb Jashtme dhe Siguri, Josep Borrell, ka p\u00ebrg\u00ebzuar Shqip\u00ebrin\u00eb p\u00ebr ndihm\u00ebn n\u00eb dialogun Kosov\u00eb-Serbi dhe ka lavd\u00ebruar at\u00eb p\u00ebr fqinj\u00ebsin\u00eb e mir\u00eb. Borrell, n\u00eb konferenc\u00ebn e par\u00eb nd\u00ebrqeveritare Shqip\u00ebri-BE n\u00eb Bruksel, tha se p\u00ebr k\u00ebt\u00eb \u00e7\u00ebshtje mb\u00ebshtetet n\u00eb Shqip\u00ebrin\u00eb, raporton Gazeta Express.<\/p>\n<p>P\u00ebrfaq\u00ebsuesi i lart\u00eb i BE-s\u00eb p\u00ebr politik\u00ebn e jashtme, Josep Borrell  ka shprehur mb\u00ebshtetjen  e BE-s\u00eb p\u00ebr Shqip\u00ebrin\u00eb n\u00eb konferenc\u00ebn e par\u00eb nd\u00ebrqeveritare q\u00eb po mbahet n\u00eb Bruksel. Ai u shpreh se sot sh\u00ebnohet nj\u00eb arritje e madhe dhe nj\u00eb rezultat i shum\u00eb viteve pun\u00eb p\u00ebr vendin ton\u00eb.<\/p>\n<p>Ka nisur k\u00ebt\u00eb t\u00eb mart\u00eb Konferenca e Par\u00eb Nd\u00ebrqeveritare n\u00eb Bruksel, mes Shqip\u00ebris\u00eb, RMV dhe BE q\u00eb sh\u00ebnon \u00e7eljen e negociatave. N\u00eb fjal\u00ebn e tij p\u00ebrfaq\u00ebsuesi i BE-s\u00eb b\u00ebri me dije hapat n\u00eb t\u00eb cilat duhet t\u00eb kaloj\u00eb procesi i negociatave p\u00ebr hapjen e kapitujve p\u00ebr an\u00ebtar\u00ebsimin n\u00eb BE.<\/p>\n<p>Presidentja Vjosa Osmani ka uruar Shqip\u00ebrin\u00eb dhe Maqedonin\u00eb e Veriut p\u00ebr fillimin e negociatave me Bashkimin Europian.<\/p>\n<p>Shqip\u00ebria pritet q\u00eb sot t\u00eb \u00e7el\u00eb negociatat me Bashkimin Europian, 16 vite pas firmosjes s\u00eb marr\u00ebveshjes s\u00eb Stabilizim-Asocimit.<\/p>\n<p>Kryeministri Edi Rama, nga Brukseli deklaroi se Shqip\u00ebria sot \u201cjo vet\u00ebm hyn n\u00eb kat\u00ebrshen e vendeve t\u00eb Ballkanit Per\u00ebndimor q\u00eb negociojn\u00eb p\u00ebr an\u00ebtar\u00ebsim n\u00eb Bashkimin Evropian\u201d, por \u00ebsht\u00eb \u201cn\u00eb pararoj\u00eb t\u00eb t\u00eb gjith\u00ebve\u201d.<\/p>\n<p>Ka ardhur reagimi i par\u00eb nga PD p\u00ebr konferenc\u00ebn e par\u00eb Nd\u00ebrqeveritare n\u00eb Bruksel, q\u00eb sh\u00ebnon dhe \u00e7eljen zyrtare t\u00eb negociatave p\u00ebr Shqip\u00ebrin\u00eb p\u00ebr t\u2019u an\u00ebtar\u00ebsuar n\u00eb BE. P\u00ebrmes nj\u00eb postimi n\u00eb rrjetin social \u201cFacebook\u201d, deputetja e PD-s\u00eb, Jorida Tabaku shkruan se nuk ka koh\u00eb p\u00ebr fest\u00eb por politika t\u00eb reflektoj\u00eb dhe t\u00eb prodhoj\u00eb nj\u00eb politik\u00eb q\u00eb i sh\u00ebrben integrimit.<\/p>\n<p>N\u00eb k\u00ebt\u00eb dit\u00eb t\u00eb r\u00ebnd\u00ebsishme p\u00ebr Shqip\u00ebrin\u00eb nuk kan\u00eb munguar urimet nga p\u00ebrfaq\u00ebsues t\u00eb huaj q\u00eb e kan\u00eb ndjekur k\u00ebt\u00eb proces. Komisioneri i BE p\u00ebr Zgjerimin Oliver Varhelyi ka shkruar n\u00eb Twitter se prioriteti i BE-s\u00eb mbetet Ballkani Per\u00ebndimor dhe m\u00eb shum\u00eb se kurr\u00eb Bashkimi Europian \u00ebsht\u00eb i angazhuar p\u00ebr ta b\u00ebr\u00eb gjith\u00eb rajonin pjes\u00eb t\u00eb saj.<\/p>\n<p>Presidentja e Komisionit Evropian e cil\u00ebsoi nj\u00eb moment historik \u00e7eljen e negociatave p\u00ebr Shqip\u00ebrin\u00eb dhe Maqedonin\u00eb e Veriut gjat\u00eb konferenc\u00ebs p\u00ebr shtyp me kryeministrin Edi Rama dhe kryeministrin e Maqedonis\u00eb s\u00eb Veriut nga Brukseli.<\/p>\n<p>Von der Leyen: Ky \u00ebsht\u00eb nj\u00eb moment historik, sot Shqip\u00ebria dhe  Maqedonia  e Veriut kan\u00eb hapur negociatat  p\u00ebr aderimin n\u00eb Be dhe jam shum\u00eb  e lumtur q\u00eb jam k\u00ebtu me ju. Ky \u00ebsht\u00eb suksesi juaj, i juaji si qeveri dhe i qytetar\u00ebve tuaj. Keni punuar kaq shum\u00eb p\u00ebr t\u00eb arritur deri k\u00ebtu. Ju keni b\u00ebr\u00eb ndryshim, jo vet\u00ebm aty ku jan\u00eb t\u00eb detyrueshme p\u00ebr rrug\u00ebn drejt BE, pro sepse jan\u00eb t\u00eb mira p\u00ebr vendin tuaj. K\u00ebto reforma po japin nj\u00eb cil\u00ebsi m\u00eb t\u00eb mir\u00eb jetese. Ne ju kemi mb\u00ebshtetur dhe do t\u00eb vazhdojm\u00eb ta b\u00ebjm\u00eb.<\/p>\n<p>https:\/\/permbledhja.com\/ky-eshte-pronari-i-kafiterise-ne-malisheve-qe-rrahu-kamarierin\/<\/p>\n<p>Nga Brukseli n\u00eb dit\u00ebn historike t\u00eb \u00e7eljes zyrtare t\u00eb negociatave p\u00ebr Shqip\u00ebrin\u00eb p\u00ebr an\u00ebtar\u00ebsimin n\u00eb BE, kryeministri Edi Rama nuk ka harruar t\u00eb falenderoj\u00eb lider\u00ebt evropian\u00eb, duke specifikuar dy prej tyre, q\u00eb sipas kreut t\u00eb qeveris\u00eb pa t\u00eb cil\u00eby nuk do t\u00eb ishte b\u00ebr\u00eb i mundur ky hap i shum\u00ebpritur. Kryeministri Rama ka fal\u00ebnderuar presidentin francez Emmanuel Macron dhe ish-kancelaren gjermane Angela Merkel p\u00ebr kontributin e dh\u00ebn\u00eb n\u00eb rrug\u00ebtimin e Shqip\u00ebris\u00eb drejt an\u00ebtar\u00ebsimit n\u00eb BE, q\u00eb kulmoi k\u00ebt\u00eb t\u00eb mart\u00eb me hapjen e negociatave.<\/p>\n<p>\u201cKy \u00ebsht\u00eb vet\u00ebm fundi i fillimit t\u00eb nj\u00eb rruge drejt BE\u201d. K\u00ebshtu e ka p\u00ebrshkruar kryeministri Edi Rama k\u00ebt\u00eb dit\u00eb historike p\u00ebr Shqip\u00ebrin\u00eb gjat\u00eb konferenc\u00ebs s\u00eb mbajtur n\u00eb prag t\u00eb nisjes s\u00eb negociatave p\u00ebr vendin ton\u00eb n\u00eb Bruksel. Ai tha se duan t\u00eb nd\u00ebrtojn\u00eb nj\u00eb Shqip\u00ebri t\u00eb fort\u00eb n\u00eb nj\u00eb Ballkan t\u00eb Hapur dhe demokratik.<\/p>\n<p>\u201cLufta nga ana tjet\u00ebr krrijuan nj\u00eb situat\u00eb t\u00eb v\u00ebshtir\u00eb. Falenderoj Peten q\u00eb \u00ebsht\u00eb sot k\u00ebtu i pranish\u00ebm p\u00ebr t\u00eb shtyr\u00eb p\u00ebrpara integrimin e plot\u00eb t\u00eb Ballkanit Per\u00ebndimor. Ky nuk \u00ebsht\u00eb fillimi i fundit por \u00ebsht\u00eb fundi i fillimit. Situata \u00ebsht\u00eb kjo q\u00eb \u00ebsht\u00eb dhe \u00ebsht\u00eb mir\u00eb k\u00ebshtu si \u00ebsht\u00eb. Ne duam t\u00eb ngrem\u00eb nj\u00eb Shqip\u00ebri europiane dhe t\u00eb fort\u00eb n\u00eb nj\u00eb Ballkan t\u00eb hapur dhe t\u00eb forte\u201d, deklaroi Rama.<\/p>\n","protected":false},"excerpt":{"rendered":"<p>Momenti fillon tani, Shqip\u00ebria ka \u00e7elur zyrtarisht negociatat me BE. Pritja e gjat\u00eb \u00ebsht\u00eb finalizuar sot me mbajtjen e Konferenc\u00ebs s\u00eb Par\u00eb Nd\u00ebrqeveritare Shqip\u00ebri-BE n\u00eb Bruksel q\u00eb sh\u00ebnoi \u00e7eljen e negociatave p\u00ebr an\u00ebtar\u00ebsim e plot\u00eb t\u00eb vendit n\u00eb bllokun Evropian. \u201cSot un\u00eb jam i lumtur, zemrat e njer\u00ebzve q\u00eb p\u00ebrfaq\u00ebsoj jan\u00eb t\u00eb mbushur me lumturi, [&hellip;]<\/p>\n","protected":false},"author":1,"featured_media":2649,"comment_status":"closed","ping_status":"closed","sticky":false,"template":"","format":"standard","meta":{"_monsterinsights_skip_tracking":false,"_monsterinsights_sitenote_active":false,"_monsterinsights_sitenote_note":"","_monsterinsights_sitenote_category":0,"_uf_show_specific_survey":0,"_uf_disable_surveys":false,"footnotes":""},"categories":[22],"tags":[487,459],"yoast_head":"<!-- This site is optimized with the Yoast SEO plugin v21.5 - https:\/\/yoast.com\/wordpress\/plugins\/seo\/ -->\n<title>Historike! Shqip\u00ebria \u00e7el negociatat me BE-n\u00eb: Momenti nisi tani! Rama: Betej\u00eb p\u00ebr jet\u00eb a vdekje<\/title>\n<meta name=\"robots\" content=\"index, follow, max-snippet:-1, max-image-preview:large, max-video-preview:-1\" \/>\n<link rel=\"canonical\" href=\"https:\/\/permbledhja.com\/sq\/historike-shqiperia-cel-negociatat-me-be-ne-momenti-nisi-tani-rama-beteje-per-jete-a-vdekje\/\" \/>\n<meta property=\"og:locale\" content=\"sq_AL\" \/>\n<meta property=\"og:type\" content=\"article\" \/>\n<meta property=\"og:title\" content=\"Historike! Shqip\u00ebria \u00e7el negociatat me BE-n\u00eb: Momenti nisi tani! Rama: Betej\u00eb p\u00ebr jet\u00eb a vdekje\" \/>\n<meta property=\"og:description\" content=\"Momenti fillon tani, Shqip\u00ebria ka \u00e7elur zyrtarisht negociatat me BE. Pritja e gjat\u00eb \u00ebsht\u00eb finalizuar sot me mbajtjen e Konferenc\u00ebs s\u00eb Par\u00eb Nd\u00ebrqeveritare Shqip\u00ebri-BE n\u00eb Bruksel q\u00eb sh\u00ebnoi \u00e7eljen e negociatave p\u00ebr an\u00ebtar\u00ebsim e plot\u00eb t\u00eb vendit n\u00eb bllokun Evropian. \u201cSot un\u00eb jam i lumtur, zemrat e njer\u00ebzve q\u00eb p\u00ebrfaq\u00ebsoj jan\u00eb t\u00eb mbushur me lumturi, [&hellip;]\" \/>\n<meta property=\"og:url\" content=\"https:\/\/permbledhja.com\/sq\/historike-shqiperia-cel-negociatat-me-be-ne-momenti-nisi-tani-rama-beteje-per-jete-a-vdekje\/\" \/>\n<meta property=\"og:site_name\" content=\"Ve\u00e7 artikuj p\u00ebrmbledh\u00ebs\" \/>\n<meta property=\"article:publisher\" content=\"https:\/\/www.facebook.com\/press07\/\" \/>\n<meta property=\"article:author\" content=\"https:\/\/www.facebook.com\/kafexhiu.muharrem\/\" \/>\n<meta property=\"article:published_time\" content=\"2022-07-19T11:38:32+00:00\" \/>\n<meta property=\"og:image\" content=\"https:\/\/permbledhja.com\/wp-content\/uploads\/2022\/07\/WhatsApp-Image-2022-07-19-at-4.55.59-PM-600x360-1.jpeg\" \/>\n\t<meta property=\"og:image:width\" content=\"600\" \/>\n\t<meta property=\"og:image:height\" content=\"360\" \/>\n\t<meta property=\"og:image:type\" content=\"image\/jpeg\" \/>\n<meta name=\"author\" content=\"P\u00ebrmbledhja\" \/>\n<meta name=\"twitter:card\" content=\"summary_large_image\" \/>\n<meta name=\"twitter:label1\" content=\"Written by\" \/>\n\t<meta name=\"twitter:data1\" content=\"P\u00ebrmbledhja\" \/>\n\t<meta name=\"twitter:label2\" content=\"Est. reading time\" \/>\n\t<meta name=\"twitter:data2\" content=\"6 minuta\" \/>\n<script type=\"application\/ld+json\" class=\"yoast-schema-graph\">{\"@context\":\"https:\/\/schema.org\",\"@graph\":[{\"@type\":\"Article\",\"@id\":\"https:\/\/permbledhja.com\/historike-shqiperia-cel-negociatat-me-be-ne-momenti-nisi-tani-rama-beteje-per-jete-a-vdekje\/#article\",\"isPartOf\":{\"@id\":\"https:\/\/permbledhja.com\/historike-shqiperia-cel-negociatat-me-be-ne-momenti-nisi-tani-rama-beteje-per-jete-a-vdekje\/\"},\"author\":{\"name\":\"P\u00ebrmbledhja\",\"@id\":\"https:\/\/permbledhja.com\/#\/schema\/person\/0d064377258d3221e50693947b9eb4fe\"},\"headline\":\"Historike! Shqip\u00ebria \u00e7el negociatat me BE-n\u00eb: Momenti nisi tani! Rama: Betej\u00eb p\u00ebr jet\u00eb a vdekje\",\"datePublished\":\"2022-07-19T11:38:32+00:00\",\"dateModified\":\"2022-07-19T11:38:32+00:00\",\"mainEntityOfPage\":{\"@id\":\"https:\/\/permbledhja.com\/historike-shqiperia-cel-negociatat-me-be-ne-momenti-nisi-tani-rama-beteje-per-jete-a-vdekje\/\"},\"wordCount\":1297,\"publisher\":{\"@id\":\"https:\/\/permbledhja.com\/#organization\"},\"keywords\":[\"BE\",\"Shqip\u00ebria\"],\"articleSection\":[\"Ballina\"],\"inLanguage\":\"sq\"},{\"@type\":\"WebPage\",\"@id\":\"https:\/\/permbledhja.com\/historike-shqiperia-cel-negociatat-me-be-ne-momenti-nisi-tani-rama-beteje-per-jete-a-vdekje\/\",\"url\":\"https:\/\/permbledhja.com\/historike-shqiperia-cel-negociatat-me-be-ne-momenti-nisi-tani-rama-beteje-per-jete-a-vdekje\/\",\"name\":\"Historike! Shqip\u00ebria \u00e7el negociatat me BE-n\u00eb: Momenti nisi tani! Rama: Betej\u00eb p\u00ebr jet\u00eb a vdekje\",\"isPartOf\":{\"@id\":\"https:\/\/permbledhja.com\/#website\"},\"datePublished\":\"2022-07-19T11:38:32+00:00\",\"dateModified\":\"2022-07-19T11:38:32+00:00\",\"breadcrumb\":{\"@id\":\"https:\/\/permbledhja.com\/historike-shqiperia-cel-negociatat-me-be-ne-momenti-nisi-tani-rama-beteje-per-jete-a-vdekje\/#breadcrumb\"},\"inLanguage\":\"sq\",\"potentialAction\":[{\"@type\":\"ReadAction\",\"target\":[\"https:\/\/permbledhja.com\/historike-shqiperia-cel-negociatat-me-be-ne-momenti-nisi-tani-rama-beteje-per-jete-a-vdekje\/\"]}]},{\"@type\":\"BreadcrumbList\",\"@id\":\"https:\/\/permbledhja.com\/historike-shqiperia-cel-negociatat-me-be-ne-momenti-nisi-tani-rama-beteje-per-jete-a-vdekje\/#breadcrumb\",\"itemListElement\":[{\"@type\":\"ListItem\",\"position\":1,\"name\":\"Ballina\",\"item\":\"https:\/\/permbledhja.com\/sq\/\"},{\"@type\":\"ListItem\",\"position\":2,\"name\":\"Historike! Shqip\u00ebria \u00e7el negociatat me BE-n\u00eb: Momenti nisi tani! Rama: Betej\u00eb p\u00ebr jet\u00eb a vdekje\"}]},{\"@type\":\"WebSite\",\"@id\":\"https:\/\/permbledhja.com\/#website\",\"url\":\"https:\/\/permbledhja.com\/\",\"name\":\"Ve\u00e7 artikuj p\u00ebrmbledh\u00ebs\",\"description\":\"\",\"publisher\":{\"@id\":\"https:\/\/permbledhja.com\/#organization\"},\"potentialAction\":[{\"@type\":\"SearchAction\",\"target\":{\"@type\":\"EntryPoint\",\"urlTemplate\":\"https:\/\/permbledhja.com\/?s={search_term_string}\"},\"query-input\":\"required name=search_term_string\"}],\"inLanguage\":\"sq\"},{\"@type\":\"Organization\",\"@id\":\"https:\/\/permbledhja.com\/#organization\",\"name\":\"MK Media & Pr\",\"url\":\"https:\/\/permbledhja.com\/\",\"logo\":{\"@type\":\"ImageObject\",\"inLanguage\":\"sq\",\"@id\":\"https:\/\/permbledhja.com\/#\/schema\/logo\/image\/\",\"url\":\"https:\/\/permbledhja.com\/wp-content\/uploads\/2021\/12\/07-Press-Logo.jpg\",\"contentUrl\":\"https:\/\/permbledhja.com\/wp-content\/uploads\/2021\/12\/07-Press-Logo.jpg\",\"width\":512,\"height\":512,\"caption\":\"MK Media & Pr\"},\"image\":{\"@id\":\"https:\/\/permbledhja.com\/#\/schema\/logo\/image\/\"},\"sameAs\":[\"https:\/\/www.facebook.com\/press07\/\"]},{\"@type\":\"Person\",\"@id\":\"https:\/\/permbledhja.com\/#\/schema\/person\/0d064377258d3221e50693947b9eb4fe\",\"name\":\"P\u00ebrmbledhja\",\"image\":{\"@type\":\"ImageObject\",\"inLanguage\":\"sq\",\"@id\":\"https:\/\/permbledhja.com\/#\/schema\/person\/image\/\",\"url\":\"https:\/\/permbledhja.com\/wp-content\/uploads\/2026\/01\/452004717_1040944174702970_8932037511805513407_n-96x96.jpg\",\"contentUrl\":\"https:\/\/permbledhja.com\/wp-content\/uploads\/2026\/01\/452004717_1040944174702970_8932037511805513407_n-96x96.jpg\",\"caption\":\"P\u00ebrmbledhja\"},\"sameAs\":[\"https:\/\/www.facebook.com\/kafexhiu.muharrem\/\",\"https:\/\/www.instagram.com\/muharrem_kafexhiu\/\"],\"url\":\"https:\/\/permbledhja.com\/sq\/author\/admin\/\"}]}<\/script>\n<!-- \/ Yoast SEO plugin. -->","yoast_head_json":{"title":"Historike! Shqip\u00ebria \u00e7el negociatat me BE-n\u00eb: Momenti nisi tani! Rama: Betej\u00eb p\u00ebr jet\u00eb a vdekje","robots":{"index":"index","follow":"follow","max-snippet":"max-snippet:-1","max-image-preview":"max-image-preview:large","max-video-preview":"max-video-preview:-1"},"canonical":"https:\/\/permbledhja.com\/sq\/historike-shqiperia-cel-negociatat-me-be-ne-momenti-nisi-tani-rama-beteje-per-jete-a-vdekje\/","og_locale":"sq_AL","og_type":"article","og_title":"Historike! Shqip\u00ebria \u00e7el negociatat me BE-n\u00eb: Momenti nisi tani! Rama: Betej\u00eb p\u00ebr jet\u00eb a vdekje","og_description":"Momenti fillon tani, Shqip\u00ebria ka \u00e7elur zyrtarisht negociatat me BE. Pritja e gjat\u00eb \u00ebsht\u00eb finalizuar sot me mbajtjen e Konferenc\u00ebs s\u00eb Par\u00eb Nd\u00ebrqeveritare Shqip\u00ebri-BE n\u00eb Bruksel q\u00eb sh\u00ebnoi \u00e7eljen e negociatave p\u00ebr an\u00ebtar\u00ebsim e plot\u00eb t\u00eb vendit n\u00eb bllokun Evropian. \u201cSot un\u00eb jam i lumtur, zemrat e njer\u00ebzve q\u00eb p\u00ebrfaq\u00ebsoj jan\u00eb t\u00eb mbushur me lumturi, [&hellip;]","og_url":"https:\/\/permbledhja.com\/sq\/historike-shqiperia-cel-negociatat-me-be-ne-momenti-nisi-tani-rama-beteje-per-jete-a-vdekje\/","og_site_name":"Ve\u00e7 artikuj p\u00ebrmbledh\u00ebs","article_publisher":"https:\/\/www.facebook.com\/press07\/","article_author":"https:\/\/www.facebook.com\/kafexhiu.muharrem\/","article_published_time":"2022-07-19T11:38:32+00:00","og_image":[{"width":600,"height":360,"url":"https:\/\/permbledhja.com\/wp-content\/uploads\/2022\/07\/WhatsApp-Image-2022-07-19-at-4.55.59-PM-600x360-1.jpeg","type":"image\/jpeg"}],"author":"P\u00ebrmbledhja","twitter_card":"summary_large_image","twitter_misc":{"Written by":"P\u00ebrmbledhja","Est. reading time":"6 minuta"},"schema":{"@context":"https:\/\/schema.org","@graph":[{"@type":"Article","@id":"https:\/\/permbledhja.com\/historike-shqiperia-cel-negociatat-me-be-ne-momenti-nisi-tani-rama-beteje-per-jete-a-vdekje\/#article","isPartOf":{"@id":"https:\/\/permbledhja.com\/historike-shqiperia-cel-negociatat-me-be-ne-momenti-nisi-tani-rama-beteje-per-jete-a-vdekje\/"},"author":{"name":"P\u00ebrmbledhja","@id":"https:\/\/permbledhja.com\/#\/schema\/person\/0d064377258d3221e50693947b9eb4fe"},"headline":"Historike! Shqip\u00ebria \u00e7el negociatat me BE-n\u00eb: Momenti nisi tani! Rama: Betej\u00eb p\u00ebr jet\u00eb a vdekje","datePublished":"2022-07-19T11:38:32+00:00","dateModified":"2022-07-19T11:38:32+00:00","mainEntityOfPage":{"@id":"https:\/\/permbledhja.com\/historike-shqiperia-cel-negociatat-me-be-ne-momenti-nisi-tani-rama-beteje-per-jete-a-vdekje\/"},"wordCount":1297,"publisher":{"@id":"https:\/\/permbledhja.com\/#organization"},"keywords":["BE","Shqip\u00ebria"],"articleSection":["Ballina"],"inLanguage":"sq"},{"@type":"WebPage","@id":"https:\/\/permbledhja.com\/historike-shqiperia-cel-negociatat-me-be-ne-momenti-nisi-tani-rama-beteje-per-jete-a-vdekje\/","url":"https:\/\/permbledhja.com\/historike-shqiperia-cel-negociatat-me-be-ne-momenti-nisi-tani-rama-beteje-per-jete-a-vdekje\/","name":"Historike! Shqip\u00ebria \u00e7el negociatat me BE-n\u00eb: Momenti nisi tani! Rama: Betej\u00eb p\u00ebr jet\u00eb a vdekje","isPartOf":{"@id":"https:\/\/permbledhja.com\/#website"},"datePublished":"2022-07-19T11:38:32+00:00","dateModified":"2022-07-19T11:38:32+00:00","breadcrumb":{"@id":"https:\/\/permbledhja.com\/historike-shqiperia-cel-negociatat-me-be-ne-momenti-nisi-tani-rama-beteje-per-jete-a-vdekje\/#breadcrumb"},"inLanguage":"sq","potentialAction":[{"@type":"ReadAction","target":["https:\/\/permbledhja.com\/historike-shqiperia-cel-negociatat-me-be-ne-momenti-nisi-tani-rama-beteje-per-jete-a-vdekje\/"]}]},{"@type":"BreadcrumbList","@id":"https:\/\/permbledhja.com\/historike-shqiperia-cel-negociatat-me-be-ne-momenti-nisi-tani-rama-beteje-per-jete-a-vdekje\/#breadcrumb","itemListElement":[{"@type":"ListItem","position":1,"name":"Ballina","item":"https:\/\/permbledhja.com\/sq\/"},{"@type":"ListItem","position":2,"name":"Historike! Shqip\u00ebria \u00e7el negociatat me BE-n\u00eb: Momenti nisi tani! Rama: Betej\u00eb p\u00ebr jet\u00eb a vdekje"}]},{"@type":"WebSite","@id":"https:\/\/permbledhja.com\/#website","url":"https:\/\/permbledhja.com\/","name":"Ve\u00e7 artikuj p\u00ebrmbledh\u00ebs","description":"","publisher":{"@id":"https:\/\/permbledhja.com\/#organization"},"potentialAction":[{"@type":"SearchAction","target":{"@type":"EntryPoint","urlTemplate":"https:\/\/permbledhja.com\/?s={search_term_string}"},"query-input":"required name=search_term_string"}],"inLanguage":"sq"},{"@type":"Organization","@id":"https:\/\/permbledhja.com\/#organization","name":"MK Media & Pr","url":"https:\/\/permbledhja.com\/","logo":{"@type":"ImageObject","inLanguage":"sq","@id":"https:\/\/permbledhja.com\/#\/schema\/logo\/image\/","url":"https:\/\/permbledhja.com\/wp-content\/uploads\/2021\/12\/07-Press-Logo.jpg","contentUrl":"https:\/\/permbledhja.com\/wp-content\/uploads\/2021\/12\/07-Press-Logo.jpg","width":512,"height":512,"caption":"MK Media & Pr"},"image":{"@id":"https:\/\/permbledhja.com\/#\/schema\/logo\/image\/"},"sameAs":["https:\/\/www.facebook.com\/press07\/"]},{"@type":"Person","@id":"https:\/\/permbledhja.com\/#\/schema\/person\/0d064377258d3221e50693947b9eb4fe","name":"P\u00ebrmbledhja","image":{"@type":"ImageObject","inLanguage":"sq","@id":"https:\/\/permbledhja.com\/#\/schema\/person\/image\/","url":"https:\/\/permbledhja.com\/wp-content\/uploads\/2026\/01\/452004717_1040944174702970_8932037511805513407_n-96x96.jpg","contentUrl":"https:\/\/permbledhja.com\/wp-content\/uploads\/2026\/01\/452004717_1040944174702970_8932037511805513407_n-96x96.jpg","caption":"P\u00ebrmbledhja"},"sameAs":["https:\/\/www.facebook.com\/kafexhiu.muharrem\/","https:\/\/www.instagram.com\/muharrem_kafexhiu\/"],"url":"https:\/\/permbledhja.com\/sq\/author\/admin\/"}]}},"_links":{"self":[{"href":"https:\/\/permbledhja.com\/sq\/wp-json\/wp\/v2\/posts\/2648"}],"collection":[{"href":"https:\/\/permbledhja.com\/sq\/wp-json\/wp\/v2\/posts"}],"about":[{"href":"https:\/\/permbledhja.com\/sq\/wp-json\/wp\/v2\/types\/post"}],"author":[{"embeddable":true,"href":"https:\/\/permbledhja.com\/sq\/wp-json\/wp\/v2\/users\/1"}],"replies":[{"embeddable":true,"href":"https:\/\/permbledhja.com\/sq\/wp-json\/wp\/v2\/comments?post=2648"}],"version-history":[{"count":1,"href":"https:\/\/permbledhja.com\/sq\/wp-json\/wp\/v2\/posts\/2648\/revisions"}],"predecessor-version":[{"id":2650,"href":"https:\/\/permbledhja.com\/sq\/wp-json\/wp\/v2\/posts\/2648\/revisions\/2650"}],"wp:featuredmedia":[{"embeddable":true,"href":"https:\/\/permbledhja.com\/sq\/wp-json\/wp\/v2\/media\/2649"}],"wp:attachment":[{"href":"https:\/\/permbledhja.com\/sq\/wp-json\/wp\/v2\/media?parent=2648"}],"wp:term":[{"taxonomy":"category","embeddable":true,"href":"https:\/\/permbledhja.com\/sq\/wp-json\/wp\/v2\/categories?post=2648"},{"taxonomy":"post_tag","embeddable":true,"href":"https:\/\/permbledhja.com\/sq\/wp-json\/wp\/v2\/tags?post=2648"}],"curies":[{"name":"wp","href":"https:\/\/api.w.org\/{rel}","templated":true}]}}