{"id":26453,"date":"2023-09-11T09:19:02","date_gmt":"2023-09-11T09:19:02","guid":{"rendered":"https:\/\/permbledhja.com\/?p=26453"},"modified":"2023-09-11T09:19:02","modified_gmt":"2023-09-11T09:19:02","slug":"kurti-e-emeron-emin-hoxhajn-drejtor-te-agjencise-per-mbrojtjen-e-informacionit-te-klasifikuar","status":"publish","type":"post","link":"https:\/\/permbledhja.com\/sq\/kurti-e-emeron-emin-hoxhajn-drejtor-te-agjencise-per-mbrojtjen-e-informacionit-te-klasifikuar\/","title":{"rendered":"Kurti e em\u00ebron Emin Hoxhajn Drejtor t\u00eb Agjencis\u00eb p\u00ebr Mbrojtjen e Informacionit t\u00eb Klasifikuar"},"content":{"rendered":"<h3>Kryeministri i Kosov\u00ebs, Albin Kurti, ka em\u00ebruar Emin Hoxhajn n\u00eb pozit\u00ebn e Drejtorit t\u00eb Agjencis\u00eb p\u00ebr Mbrojtjen e Informacionit t\u00eb Klasifikuar.<\/h3>\n<p>N\u00eb vendimin q\u00eb \u00ebsht\u00eb marr\u00eb sot, Zyra e Kryeministrit ka dh\u00ebn\u00eb nj\u00eb biografi t\u00eb shkurt p\u00ebr Hoxhajn.<\/p>\n<p>Sipas k\u00ebtij njoftimi, Hoxhaj ka qen\u00eb ish-pjes\u00ebtar i U\u00c7K-s\u00eb si dhe ka qen\u00eb pjes\u00eb e Policis\u00eb s\u00eb Kosov\u00ebs nga viti 2001.<\/p>\n<p><strong>Njoftimi i plot\u00eb:<\/strong><\/p>\n<p>Kryeministri i Republik\u00ebs s\u00eb Kosov\u00ebs, Albin Kurti, ka em\u00ebruar sot Emin Hoxhajn, Drejtor t\u00eb Agjencis\u00eb p\u00ebr Mbrojtjen e Informacionit t\u00eb Klasifikuar.<\/p>\n<p>Ish-pjes\u00ebtar i Ushtris\u00eb \u00c7lirimtare t\u00eb Kosov\u00ebs, z. Hoxhaj ka qen\u00eb pjes\u00eb e Policis\u00eb s\u00eb Kosov\u00ebs nga viti 2001, duke sh\u00ebrbyer n\u00eb kapacitete t\u00eb ndryshme, p\u00ebrfshir\u00eb si Shef i Nj\u00ebsis\u00eb s\u00eb Hetimeve t\u00eb Krimeve Ekonomike dhe Korrupsionit dhe tash s\u00eb fundmi si Shef i Nj\u00ebsis\u00eb s\u00eb Hetimeve t\u00eb P\u00ebrgjithshme n\u00eb Gjakov\u00eb.<\/p>\n<p>Ai ka p\u00ebrfunduar studimet n\u00eb Fakultetin Juridik, n\u00eb Universitetin e Prishtin\u00ebs.<\/p>\n","protected":false},"excerpt":{"rendered":"<p>Kryeministri i Kosov\u00ebs, Albin Kurti, ka em\u00ebruar Emin Hoxhajn n\u00eb pozit\u00ebn e Drejtorit t\u00eb Agjencis\u00eb p\u00ebr Mbrojtjen e Informacionit t\u00eb Klasifikuar. N\u00eb vendimin q\u00eb \u00ebsht\u00eb marr\u00eb sot, Zyra e Kryeministrit ka dh\u00ebn\u00eb nj\u00eb biografi t\u00eb shkurt p\u00ebr Hoxhajn. Sipas k\u00ebtij njoftimi, Hoxhaj ka qen\u00eb ish-pjes\u00ebtar i U\u00c7K-s\u00eb si dhe ka qen\u00eb pjes\u00eb e Policis\u00eb s\u00eb [&hellip;]<\/p>\n","protected":false},"author":2,"featured_media":26454,"comment_status":"closed","ping_status":"closed","sticky":false,"template":"","format":"standard","meta":{"_monsterinsights_skip_tracking":false,"_monsterinsights_sitenote_active":false,"_monsterinsights_sitenote_note":"","_monsterinsights_sitenote_category":0,"_uf_show_specific_survey":0,"_uf_disable_surveys":false,"footnotes":""},"categories":[23,15],"tags":[86],"yoast_head":"<!-- This site is optimized with the Yoast SEO plugin v21.5 - https:\/\/yoast.com\/wordpress\/plugins\/seo\/ -->\n<title>Kurti e em\u00ebron Emin Hoxhajn Drejtor t\u00eb Agjencis\u00eb p\u00ebr Mbrojtjen e Informacionit t\u00eb Klasifikuar<\/title>\n<meta name=\"robots\" content=\"index, follow, max-snippet:-1, max-image-preview:large, max-video-preview:-1\" \/>\n<link rel=\"canonical\" href=\"https:\/\/permbledhja.com\/sq\/kurti-e-emeron-emin-hoxhajn-drejtor-te-agjencise-per-mbrojtjen-e-informacionit-te-klasifikuar\/\" \/>\n<meta property=\"og:locale\" content=\"sq_AL\" \/>\n<meta property=\"og:type\" content=\"article\" \/>\n<meta property=\"og:title\" content=\"Kurti e em\u00ebron Emin Hoxhajn Drejtor t\u00eb Agjencis\u00eb p\u00ebr Mbrojtjen e Informacionit t\u00eb Klasifikuar\" \/>\n<meta property=\"og:description\" content=\"Kryeministri i Kosov\u00ebs, Albin Kurti, ka em\u00ebruar Emin Hoxhajn n\u00eb pozit\u00ebn e Drejtorit t\u00eb Agjencis\u00eb p\u00ebr Mbrojtjen e Informacionit t\u00eb Klasifikuar. N\u00eb vendimin q\u00eb \u00ebsht\u00eb marr\u00eb sot, Zyra e Kryeministrit ka dh\u00ebn\u00eb nj\u00eb biografi t\u00eb shkurt p\u00ebr Hoxhajn. Sipas k\u00ebtij njoftimi, Hoxhaj ka qen\u00eb ish-pjes\u00ebtar i U\u00c7K-s\u00eb si dhe ka qen\u00eb pjes\u00eb e Policis\u00eb s\u00eb [&hellip;]\" \/>\n<meta property=\"og:url\" content=\"https:\/\/permbledhja.com\/sq\/kurti-e-emeron-emin-hoxhajn-drejtor-te-agjencise-per-mbrojtjen-e-informacionit-te-klasifikuar\/\" \/>\n<meta property=\"og:site_name\" content=\"Ve\u00e7 artikuj p\u00ebrmbledh\u00ebs\" \/>\n<meta property=\"article:publisher\" content=\"https:\/\/www.facebook.com\/press07\/\" \/>\n<meta property=\"article:published_time\" content=\"2023-09-11T09:19:02+00:00\" \/>\n<meta property=\"og:image\" content=\"https:\/\/permbledhja.com\/wp-content\/uploads\/2023\/09\/jj.jpg\" \/>\n\t<meta property=\"og:image:width\" content=\"1117\" \/>\n\t<meta property=\"og:image:height\" content=\"735\" \/>\n\t<meta property=\"og:image:type\" content=\"image\/jpeg\" \/>\n<meta name=\"author\" content=\"M M\" \/>\n<meta name=\"twitter:card\" content=\"summary_large_image\" \/>\n<meta name=\"twitter:label1\" content=\"Written by\" \/>\n\t<meta name=\"twitter:data1\" content=\"M M\" \/>\n\t<meta name=\"twitter:label2\" content=\"Est. reading time\" \/>\n\t<meta name=\"twitter:data2\" content=\"1 minut\u00eb\" \/>\n<script type=\"application\/ld+json\" class=\"yoast-schema-graph\">{\"@context\":\"https:\/\/schema.org\",\"@graph\":[{\"@type\":\"Article\",\"@id\":\"https:\/\/permbledhja.com\/kurti-e-emeron-emin-hoxhajn-drejtor-te-agjencise-per-mbrojtjen-e-informacionit-te-klasifikuar\/#article\",\"isPartOf\":{\"@id\":\"https:\/\/permbledhja.com\/kurti-e-emeron-emin-hoxhajn-drejtor-te-agjencise-per-mbrojtjen-e-informacionit-te-klasifikuar\/\"},\"author\":{\"name\":\"M M\",\"@id\":\"https:\/\/permbledhja.com\/#\/schema\/person\/d23f13f59b5722643933d6780783acf3\"},\"headline\":\"Kurti e em\u00ebron Emin Hoxhajn Drejtor t\u00eb Agjencis\u00eb p\u00ebr Mbrojtjen e Informacionit t\u00eb Klasifikuar\",\"datePublished\":\"2023-09-11T09:19:02+00:00\",\"dateModified\":\"2023-09-11T09:19:02+00:00\",\"mainEntityOfPage\":{\"@id\":\"https:\/\/permbledhja.com\/kurti-e-emeron-emin-hoxhajn-drejtor-te-agjencise-per-mbrojtjen-e-informacionit-te-klasifikuar\/\"},\"wordCount\":182,\"publisher\":{\"@id\":\"https:\/\/permbledhja.com\/#organization\"},\"keywords\":[\"Albin Kurti\"],\"articleSection\":[\"Komb\u00ebtare\",\"Lajme\"],\"inLanguage\":\"sq\"},{\"@type\":\"WebPage\",\"@id\":\"https:\/\/permbledhja.com\/kurti-e-emeron-emin-hoxhajn-drejtor-te-agjencise-per-mbrojtjen-e-informacionit-te-klasifikuar\/\",\"url\":\"https:\/\/permbledhja.com\/kurti-e-emeron-emin-hoxhajn-drejtor-te-agjencise-per-mbrojtjen-e-informacionit-te-klasifikuar\/\",\"name\":\"Kurti e em\u00ebron Emin Hoxhajn Drejtor t\u00eb Agjencis\u00eb p\u00ebr Mbrojtjen e Informacionit t\u00eb Klasifikuar\",\"isPartOf\":{\"@id\":\"https:\/\/permbledhja.com\/#website\"},\"datePublished\":\"2023-09-11T09:19:02+00:00\",\"dateModified\":\"2023-09-11T09:19:02+00:00\",\"breadcrumb\":{\"@id\":\"https:\/\/permbledhja.com\/kurti-e-emeron-emin-hoxhajn-drejtor-te-agjencise-per-mbrojtjen-e-informacionit-te-klasifikuar\/#breadcrumb\"},\"inLanguage\":\"sq\",\"potentialAction\":[{\"@type\":\"ReadAction\",\"target\":[\"https:\/\/permbledhja.com\/kurti-e-emeron-emin-hoxhajn-drejtor-te-agjencise-per-mbrojtjen-e-informacionit-te-klasifikuar\/\"]}]},{\"@type\":\"BreadcrumbList\",\"@id\":\"https:\/\/permbledhja.com\/kurti-e-emeron-emin-hoxhajn-drejtor-te-agjencise-per-mbrojtjen-e-informacionit-te-klasifikuar\/#breadcrumb\",\"itemListElement\":[{\"@type\":\"ListItem\",\"position\":1,\"name\":\"Ballina\",\"item\":\"https:\/\/permbledhja.com\/sq\/\"},{\"@type\":\"ListItem\",\"position\":2,\"name\":\"Kurti e em\u00ebron Emin Hoxhajn Drejtor t\u00eb Agjencis\u00eb p\u00ebr Mbrojtjen e Informacionit t\u00eb Klasifikuar\"}]},{\"@type\":\"WebSite\",\"@id\":\"https:\/\/permbledhja.com\/#website\",\"url\":\"https:\/\/permbledhja.com\/\",\"name\":\"Ve\u00e7 artikuj p\u00ebrmbledh\u00ebs\",\"description\":\"\",\"publisher\":{\"@id\":\"https:\/\/permbledhja.com\/#organization\"},\"potentialAction\":[{\"@type\":\"SearchAction\",\"target\":{\"@type\":\"EntryPoint\",\"urlTemplate\":\"https:\/\/permbledhja.com\/?s={search_term_string}\"},\"query-input\":\"required name=search_term_string\"}],\"inLanguage\":\"sq\"},{\"@type\":\"Organization\",\"@id\":\"https:\/\/permbledhja.com\/#organization\",\"name\":\"MK Media & Pr\",\"url\":\"https:\/\/permbledhja.com\/\",\"logo\":{\"@type\":\"ImageObject\",\"inLanguage\":\"sq\",\"@id\":\"https:\/\/permbledhja.com\/#\/schema\/logo\/image\/\",\"url\":\"https:\/\/permbledhja.com\/wp-content\/uploads\/2021\/12\/07-Press-Logo.jpg\",\"contentUrl\":\"https:\/\/permbledhja.com\/wp-content\/uploads\/2021\/12\/07-Press-Logo.jpg\",\"width\":512,\"height\":512,\"caption\":\"MK Media & Pr\"},\"image\":{\"@id\":\"https:\/\/permbledhja.com\/#\/schema\/logo\/image\/\"},\"sameAs\":[\"https:\/\/www.facebook.com\/press07\/\"]},{\"@type\":\"Person\",\"@id\":\"https:\/\/permbledhja.com\/#\/schema\/person\/d23f13f59b5722643933d6780783acf3\",\"name\":\"M M\",\"image\":{\"@type\":\"ImageObject\",\"inLanguage\":\"sq\",\"@id\":\"https:\/\/permbledhja.com\/#\/schema\/person\/image\/\",\"url\":\"https:\/\/secure.gravatar.com\/avatar\/e2835a76ca7c31a2416b2d51c4ec9a8f?s=96&d=mm&r=g\",\"contentUrl\":\"https:\/\/secure.gravatar.com\/avatar\/e2835a76ca7c31a2416b2d51c4ec9a8f?s=96&d=mm&r=g\",\"caption\":\"M M\"},\"sameAs\":[\"http:\/\/MM\"],\"url\":\"https:\/\/permbledhja.com\/sq\/author\/muhamet\/\"}]}<\/script>\n<!-- \/ Yoast SEO plugin. -->","yoast_head_json":{"title":"Kurti e em\u00ebron Emin Hoxhajn Drejtor t\u00eb Agjencis\u00eb p\u00ebr Mbrojtjen e Informacionit t\u00eb Klasifikuar","robots":{"index":"index","follow":"follow","max-snippet":"max-snippet:-1","max-image-preview":"max-image-preview:large","max-video-preview":"max-video-preview:-1"},"canonical":"https:\/\/permbledhja.com\/sq\/kurti-e-emeron-emin-hoxhajn-drejtor-te-agjencise-per-mbrojtjen-e-informacionit-te-klasifikuar\/","og_locale":"sq_AL","og_type":"article","og_title":"Kurti e em\u00ebron Emin Hoxhajn Drejtor t\u00eb Agjencis\u00eb p\u00ebr Mbrojtjen e Informacionit t\u00eb Klasifikuar","og_description":"Kryeministri i Kosov\u00ebs, Albin Kurti, ka em\u00ebruar Emin Hoxhajn n\u00eb pozit\u00ebn e Drejtorit t\u00eb Agjencis\u00eb p\u00ebr Mbrojtjen e Informacionit t\u00eb Klasifikuar. N\u00eb vendimin q\u00eb \u00ebsht\u00eb marr\u00eb sot, Zyra e Kryeministrit ka dh\u00ebn\u00eb nj\u00eb biografi t\u00eb shkurt p\u00ebr Hoxhajn. Sipas k\u00ebtij njoftimi, Hoxhaj ka qen\u00eb ish-pjes\u00ebtar i U\u00c7K-s\u00eb si dhe ka qen\u00eb pjes\u00eb e Policis\u00eb s\u00eb [&hellip;]","og_url":"https:\/\/permbledhja.com\/sq\/kurti-e-emeron-emin-hoxhajn-drejtor-te-agjencise-per-mbrojtjen-e-informacionit-te-klasifikuar\/","og_site_name":"Ve\u00e7 artikuj p\u00ebrmbledh\u00ebs","article_publisher":"https:\/\/www.facebook.com\/press07\/","article_published_time":"2023-09-11T09:19:02+00:00","og_image":[{"width":1117,"height":735,"url":"https:\/\/permbledhja.com\/wp-content\/uploads\/2023\/09\/jj.jpg","type":"image\/jpeg"}],"author":"M M","twitter_card":"summary_large_image","twitter_misc":{"Written by":"M M","Est. reading time":"1 minut\u00eb"},"schema":{"@context":"https:\/\/schema.org","@graph":[{"@type":"Article","@id":"https:\/\/permbledhja.com\/kurti-e-emeron-emin-hoxhajn-drejtor-te-agjencise-per-mbrojtjen-e-informacionit-te-klasifikuar\/#article","isPartOf":{"@id":"https:\/\/permbledhja.com\/kurti-e-emeron-emin-hoxhajn-drejtor-te-agjencise-per-mbrojtjen-e-informacionit-te-klasifikuar\/"},"author":{"name":"M M","@id":"https:\/\/permbledhja.com\/#\/schema\/person\/d23f13f59b5722643933d6780783acf3"},"headline":"Kurti e em\u00ebron Emin Hoxhajn Drejtor t\u00eb Agjencis\u00eb p\u00ebr Mbrojtjen e Informacionit t\u00eb Klasifikuar","datePublished":"2023-09-11T09:19:02+00:00","dateModified":"2023-09-11T09:19:02+00:00","mainEntityOfPage":{"@id":"https:\/\/permbledhja.com\/kurti-e-emeron-emin-hoxhajn-drejtor-te-agjencise-per-mbrojtjen-e-informacionit-te-klasifikuar\/"},"wordCount":182,"publisher":{"@id":"https:\/\/permbledhja.com\/#organization"},"keywords":["Albin Kurti"],"articleSection":["Komb\u00ebtare","Lajme"],"inLanguage":"sq"},{"@type":"WebPage","@id":"https:\/\/permbledhja.com\/kurti-e-emeron-emin-hoxhajn-drejtor-te-agjencise-per-mbrojtjen-e-informacionit-te-klasifikuar\/","url":"https:\/\/permbledhja.com\/kurti-e-emeron-emin-hoxhajn-drejtor-te-agjencise-per-mbrojtjen-e-informacionit-te-klasifikuar\/","name":"Kurti e em\u00ebron Emin Hoxhajn Drejtor t\u00eb Agjencis\u00eb p\u00ebr Mbrojtjen e Informacionit t\u00eb Klasifikuar","isPartOf":{"@id":"https:\/\/permbledhja.com\/#website"},"datePublished":"2023-09-11T09:19:02+00:00","dateModified":"2023-09-11T09:19:02+00:00","breadcrumb":{"@id":"https:\/\/permbledhja.com\/kurti-e-emeron-emin-hoxhajn-drejtor-te-agjencise-per-mbrojtjen-e-informacionit-te-klasifikuar\/#breadcrumb"},"inLanguage":"sq","potentialAction":[{"@type":"ReadAction","target":["https:\/\/permbledhja.com\/kurti-e-emeron-emin-hoxhajn-drejtor-te-agjencise-per-mbrojtjen-e-informacionit-te-klasifikuar\/"]}]},{"@type":"BreadcrumbList","@id":"https:\/\/permbledhja.com\/kurti-e-emeron-emin-hoxhajn-drejtor-te-agjencise-per-mbrojtjen-e-informacionit-te-klasifikuar\/#breadcrumb","itemListElement":[{"@type":"ListItem","position":1,"name":"Ballina","item":"https:\/\/permbledhja.com\/sq\/"},{"@type":"ListItem","position":2,"name":"Kurti e em\u00ebron Emin Hoxhajn Drejtor t\u00eb Agjencis\u00eb p\u00ebr Mbrojtjen e Informacionit t\u00eb Klasifikuar"}]},{"@type":"WebSite","@id":"https:\/\/permbledhja.com\/#website","url":"https:\/\/permbledhja.com\/","name":"Ve\u00e7 artikuj p\u00ebrmbledh\u00ebs","description":"","publisher":{"@id":"https:\/\/permbledhja.com\/#organization"},"potentialAction":[{"@type":"SearchAction","target":{"@type":"EntryPoint","urlTemplate":"https:\/\/permbledhja.com\/?s={search_term_string}"},"query-input":"required name=search_term_string"}],"inLanguage":"sq"},{"@type":"Organization","@id":"https:\/\/permbledhja.com\/#organization","name":"MK Media & Pr","url":"https:\/\/permbledhja.com\/","logo":{"@type":"ImageObject","inLanguage":"sq","@id":"https:\/\/permbledhja.com\/#\/schema\/logo\/image\/","url":"https:\/\/permbledhja.com\/wp-content\/uploads\/2021\/12\/07-Press-Logo.jpg","contentUrl":"https:\/\/permbledhja.com\/wp-content\/uploads\/2021\/12\/07-Press-Logo.jpg","width":512,"height":512,"caption":"MK Media & Pr"},"image":{"@id":"https:\/\/permbledhja.com\/#\/schema\/logo\/image\/"},"sameAs":["https:\/\/www.facebook.com\/press07\/"]},{"@type":"Person","@id":"https:\/\/permbledhja.com\/#\/schema\/person\/d23f13f59b5722643933d6780783acf3","name":"M M","image":{"@type":"ImageObject","inLanguage":"sq","@id":"https:\/\/permbledhja.com\/#\/schema\/person\/image\/","url":"https:\/\/secure.gravatar.com\/avatar\/e2835a76ca7c31a2416b2d51c4ec9a8f?s=96&d=mm&r=g","contentUrl":"https:\/\/secure.gravatar.com\/avatar\/e2835a76ca7c31a2416b2d51c4ec9a8f?s=96&d=mm&r=g","caption":"M M"},"sameAs":["http:\/\/MM"],"url":"https:\/\/permbledhja.com\/sq\/author\/muhamet\/"}]}},"_links":{"self":[{"href":"https:\/\/permbledhja.com\/sq\/wp-json\/wp\/v2\/posts\/26453"}],"collection":[{"href":"https:\/\/permbledhja.com\/sq\/wp-json\/wp\/v2\/posts"}],"about":[{"href":"https:\/\/permbledhja.com\/sq\/wp-json\/wp\/v2\/types\/post"}],"author":[{"embeddable":true,"href":"https:\/\/permbledhja.com\/sq\/wp-json\/wp\/v2\/users\/2"}],"replies":[{"embeddable":true,"href":"https:\/\/permbledhja.com\/sq\/wp-json\/wp\/v2\/comments?post=26453"}],"version-history":[{"count":1,"href":"https:\/\/permbledhja.com\/sq\/wp-json\/wp\/v2\/posts\/26453\/revisions"}],"predecessor-version":[{"id":26455,"href":"https:\/\/permbledhja.com\/sq\/wp-json\/wp\/v2\/posts\/26453\/revisions\/26455"}],"wp:featuredmedia":[{"embeddable":true,"href":"https:\/\/permbledhja.com\/sq\/wp-json\/wp\/v2\/media\/26454"}],"wp:attachment":[{"href":"https:\/\/permbledhja.com\/sq\/wp-json\/wp\/v2\/media?parent=26453"}],"wp:term":[{"taxonomy":"category","embeddable":true,"href":"https:\/\/permbledhja.com\/sq\/wp-json\/wp\/v2\/categories?post=26453"},{"taxonomy":"post_tag","embeddable":true,"href":"https:\/\/permbledhja.com\/sq\/wp-json\/wp\/v2\/tags?post=26453"}],"curies":[{"name":"wp","href":"https:\/\/api.w.org\/{rel}","templated":true}]}}