{"id":26450,"date":"2023-09-11T09:08:52","date_gmt":"2023-09-11T09:08:52","guid":{"rendered":"https:\/\/permbledhja.com\/?p=26450"},"modified":"2023-09-11T09:08:52","modified_gmt":"2023-09-11T09:08:52","slug":"haziri-dialogu-po-duket-kafshate-qe-spo-mund-ta-kaperdije-kryeministri-kurti","status":"publish","type":"post","link":"https:\/\/permbledhja.com\/sq\/haziri-dialogu-po-duket-kafshate-qe-spo-mund-ta-kaperdije-kryeministri-kurti\/","title":{"rendered":"Haziri: Dialogu po duket kafshat\u00eb qe s\u2019po mund ta kap\u00ebrdij\u00eb kryeministri Kurti"},"content":{"rendered":"<h3>N\u00ebnkryetari i LDK-s\u00eb, Lutfi Haziri thot\u00eb se ende \u00ebsht\u00eb e paqart\u00eb se \u00e7far\u00eb do t\u00eb diskutohet n\u00eb takimin e 14 shtatorit mes kryeministrit Kurti dhe presidentit serb, Vu\u00e7iq.<\/h3>\n<p>Haziri thekson se n\u00eb lidhje me k\u00ebt\u00eb \u00e7\u00ebshtje nuk jan\u00eb deklaruar as nd\u00ebrmjet\u00ebsit nd\u00ebrkomb\u00ebtar\u00eb dhe as kryeministri Kurti.<\/p>\n<p>\u201cKa koh\u00eb q\u00eb un\u00eb kam paralajm\u00ebruar nj\u00eb shtator t\u00eb nxeht\u00eb p\u00ebr qeverin\u00eb Kurti. 14 shtatori ende \u00ebsht\u00eb me agjend\u00eb t\u00eb fshehur, as kryeministri dhe as nd\u00ebrmjet\u00ebsit nd\u00ebrkomb\u00ebtar\u00eb nuk kan\u00eb njoftuar se cila do t\u00eb jet\u00eb \u00e7\u00ebshtja q\u00eb do t\u00eb diskutohet. Jo vet\u00ebm deeskalimi p\u00ebr t\u00eb cil\u00ebn duhet t\u00eb takohen pal\u00ebt, por cilat jan\u00eb pritjet q\u00eb 14 shtatori me zhblloku gjendjen dhe leht\u00ebsuar masat nd\u00ebshkuese. Ende \u00ebsht\u00eb e paqart\u00eb\u201d, tha Haziri.<\/p>\n<p>\u201cDialogu po duket kafshat\u00eb qe s\u2019po mund ta kap\u00ebrdij\u00eb kryeministri Kurti\u201d, shton Haziri teksa thot\u00eb se Kurti po e lyp shp\u00ebtimin e marr\u00ebveshjes s\u00eb tij t\u00eb keqe n\u00eb marr\u00ebveshjet e vitit 2013 dhe 2015 dhe kjo \u00ebsht\u00eb e v\u00ebrtet.<\/p>\n<p>\u201cDialogu po duket kafshat\u00eb qe s\u2019po mund ta kap\u00ebrdij\u00eb kryeministri Kurti. Tani obligimet nd\u00ebrkomb\u00ebtare t\u00eb Kosov\u00ebs nuk \u00ebsht\u00eb mir\u00eb q\u00eb t\u00eb diskutohen. Ato merren si p\u00ebrgjegj\u00ebsi. Z. Kurti po e lyp shp\u00ebtimin e marr\u00ebveshjes s\u00eb tij t\u00eb keqe n\u00eb marr\u00ebveshjet e vitit 2013 dhe 2015 dhe kjo \u00ebsht\u00eb e v\u00ebrtet. I ka dh\u00ebn\u00eb t\u00eb drejt\u00eb t\u00eb plot\u00eb LDK-s\u00eb dhe partner\u00ebve t\u00eb tjer\u00eb p\u00ebr marr\u00ebveshjet e kaluara, t\u00eb cilat kan\u00eb qen\u00eb e keqja m\u00eb e vog\u00ebl e mundshme q\u00eb ka mund t\u00eb ndodh\u00eb\u201d, tha Haziri.<\/p>\n<p>Sipas Hazirit, n\u00eb k\u00ebt\u00eb situat\u00eb q\u00eb jemi duhet urgjentisht t\u00eb riparohen edhe raportet me Shqip\u00ebrin\u00eb q\u00eb si\u00e7 thot\u00eb ai, jan\u00eb tejet t\u00eb tensionuara.<ins><\/ins><\/p>\n<p>\u201cN\u00eb k\u00ebt\u00eb situat\u00eb, duhet t\u00eb riparohen marr\u00ebdh\u00ebniet, t\u00eb cilat jan\u00eb t\u00eb d\u00ebmtuara edhe me BE-n\u00eb, NATO-n, Sht\u00ebpin\u00eb e Bardh\u00eb dhe raportet jasht\u00ebzakonisht t\u00eb tensionuara me Malin e Zi, Shqip\u00ebrin\u00eb e Maqedonin\u00eb e Veriut\u201d, tha Haziri p\u00ebr GazetaBlic.<\/p>\n","protected":false},"excerpt":{"rendered":"<p>N\u00ebnkryetari i LDK-s\u00eb, Lutfi Haziri thot\u00eb se ende \u00ebsht\u00eb e paqart\u00eb se \u00e7far\u00eb do t\u00eb diskutohet n\u00eb takimin e 14 shtatorit mes kryeministrit Kurti dhe presidentit serb, Vu\u00e7iq. Haziri thekson se n\u00eb lidhje me k\u00ebt\u00eb \u00e7\u00ebshtje nuk jan\u00eb deklaruar as nd\u00ebrmjet\u00ebsit nd\u00ebrkomb\u00ebtar\u00eb dhe as kryeministri Kurti. \u201cKa koh\u00eb q\u00eb un\u00eb kam paralajm\u00ebruar nj\u00eb shtator t\u00eb [&hellip;]<\/p>\n","protected":false},"author":2,"featured_media":26451,"comment_status":"closed","ping_status":"closed","sticky":false,"template":"","format":"standard","meta":{"_monsterinsights_skip_tracking":false,"_monsterinsights_sitenote_active":false,"_monsterinsights_sitenote_note":"","_monsterinsights_sitenote_category":0,"_uf_show_specific_survey":0,"_uf_disable_surveys":false,"footnotes":""},"categories":[23,15],"tags":[649],"yoast_head":"<!-- This site is optimized with the Yoast SEO plugin v21.5 - https:\/\/yoast.com\/wordpress\/plugins\/seo\/ -->\n<title>Haziri: Dialogu po duket kafshat\u00eb qe s\u2019po mund ta kap\u00ebrdij\u00eb kryeministri Kurti<\/title>\n<meta name=\"robots\" content=\"index, follow, max-snippet:-1, max-image-preview:large, max-video-preview:-1\" \/>\n<link rel=\"canonical\" href=\"https:\/\/permbledhja.com\/sq\/haziri-dialogu-po-duket-kafshate-qe-spo-mund-ta-kaperdije-kryeministri-kurti\/\" \/>\n<meta property=\"og:locale\" content=\"sq_AL\" \/>\n<meta property=\"og:type\" content=\"article\" \/>\n<meta property=\"og:title\" content=\"Haziri: Dialogu po duket kafshat\u00eb qe s\u2019po mund ta kap\u00ebrdij\u00eb kryeministri Kurti\" \/>\n<meta property=\"og:description\" content=\"N\u00ebnkryetari i LDK-s\u00eb, Lutfi Haziri thot\u00eb se ende \u00ebsht\u00eb e paqart\u00eb se \u00e7far\u00eb do t\u00eb diskutohet n\u00eb takimin e 14 shtatorit mes kryeministrit Kurti dhe presidentit serb, Vu\u00e7iq. Haziri thekson se n\u00eb lidhje me k\u00ebt\u00eb \u00e7\u00ebshtje nuk jan\u00eb deklaruar as nd\u00ebrmjet\u00ebsit nd\u00ebrkomb\u00ebtar\u00eb dhe as kryeministri Kurti. \u201cKa koh\u00eb q\u00eb un\u00eb kam paralajm\u00ebruar nj\u00eb shtator t\u00eb [&hellip;]\" \/>\n<meta property=\"og:url\" content=\"https:\/\/permbledhja.com\/sq\/haziri-dialogu-po-duket-kafshate-qe-spo-mund-ta-kaperdije-kryeministri-kurti\/\" \/>\n<meta property=\"og:site_name\" content=\"Ve\u00e7 artikuj p\u00ebrmbledh\u00ebs\" \/>\n<meta property=\"article:publisher\" content=\"https:\/\/www.facebook.com\/press07\/\" \/>\n<meta property=\"article:published_time\" content=\"2023-09-11T09:08:52+00:00\" \/>\n<meta property=\"og:image\" content=\"https:\/\/permbledhja.com\/wp-content\/uploads\/2023\/09\/06498CF4-0C2E-4762-92C9-D277208AF63A.png\" \/>\n\t<meta property=\"og:image:width\" content=\"723\" \/>\n\t<meta property=\"og:image:height\" content=\"450\" \/>\n\t<meta property=\"og:image:type\" content=\"image\/png\" \/>\n<meta name=\"author\" content=\"M M\" \/>\n<meta name=\"twitter:card\" content=\"summary_large_image\" \/>\n<meta name=\"twitter:label1\" content=\"Written by\" \/>\n\t<meta name=\"twitter:data1\" content=\"M M\" \/>\n\t<meta name=\"twitter:label2\" content=\"Est. reading time\" \/>\n\t<meta name=\"twitter:data2\" content=\"2 minuta\" \/>\n<script type=\"application\/ld+json\" class=\"yoast-schema-graph\">{\"@context\":\"https:\/\/schema.org\",\"@graph\":[{\"@type\":\"Article\",\"@id\":\"https:\/\/permbledhja.com\/sq\/haziri-dialogu-po-duket-kafshate-qe-spo-mund-ta-kaperdije-kryeministri-kurti\/#article\",\"isPartOf\":{\"@id\":\"https:\/\/permbledhja.com\/sq\/haziri-dialogu-po-duket-kafshate-qe-spo-mund-ta-kaperdije-kryeministri-kurti\/\"},\"author\":{\"name\":\"M M\",\"@id\":\"https:\/\/permbledhja.com\/#\/schema\/person\/d23f13f59b5722643933d6780783acf3\"},\"headline\":\"Haziri: Dialogu po duket kafshat\u00eb qe s\u2019po mund ta kap\u00ebrdij\u00eb kryeministri Kurti\",\"datePublished\":\"2023-09-11T09:08:52+00:00\",\"dateModified\":\"2023-09-11T09:08:52+00:00\",\"mainEntityOfPage\":{\"@id\":\"https:\/\/permbledhja.com\/sq\/haziri-dialogu-po-duket-kafshate-qe-spo-mund-ta-kaperdije-kryeministri-kurti\/\"},\"wordCount\":357,\"publisher\":{\"@id\":\"https:\/\/permbledhja.com\/#organization\"},\"keywords\":[\"Lutfi Haziri\"],\"articleSection\":[\"Komb\u00ebtare\",\"Lajme\"],\"inLanguage\":\"sq\"},{\"@type\":\"WebPage\",\"@id\":\"https:\/\/permbledhja.com\/sq\/haziri-dialogu-po-duket-kafshate-qe-spo-mund-ta-kaperdije-kryeministri-kurti\/\",\"url\":\"https:\/\/permbledhja.com\/sq\/haziri-dialogu-po-duket-kafshate-qe-spo-mund-ta-kaperdije-kryeministri-kurti\/\",\"name\":\"Haziri: Dialogu po duket kafshat\u00eb qe s\u2019po mund ta kap\u00ebrdij\u00eb kryeministri Kurti\",\"isPartOf\":{\"@id\":\"https:\/\/permbledhja.com\/#website\"},\"datePublished\":\"2023-09-11T09:08:52+00:00\",\"dateModified\":\"2023-09-11T09:08:52+00:00\",\"breadcrumb\":{\"@id\":\"https:\/\/permbledhja.com\/sq\/haziri-dialogu-po-duket-kafshate-qe-spo-mund-ta-kaperdije-kryeministri-kurti\/#breadcrumb\"},\"inLanguage\":\"sq\",\"potentialAction\":[{\"@type\":\"ReadAction\",\"target\":[\"https:\/\/permbledhja.com\/sq\/haziri-dialogu-po-duket-kafshate-qe-spo-mund-ta-kaperdije-kryeministri-kurti\/\"]}]},{\"@type\":\"BreadcrumbList\",\"@id\":\"https:\/\/permbledhja.com\/sq\/haziri-dialogu-po-duket-kafshate-qe-spo-mund-ta-kaperdije-kryeministri-kurti\/#breadcrumb\",\"itemListElement\":[{\"@type\":\"ListItem\",\"position\":1,\"name\":\"Ballina\",\"item\":\"https:\/\/permbledhja.com\/sq\/\"},{\"@type\":\"ListItem\",\"position\":2,\"name\":\"Haziri: Dialogu po duket kafshat\u00eb qe s\u2019po mund ta kap\u00ebrdij\u00eb kryeministri Kurti\"}]},{\"@type\":\"WebSite\",\"@id\":\"https:\/\/permbledhja.com\/#website\",\"url\":\"https:\/\/permbledhja.com\/\",\"name\":\"Ve\u00e7 artikuj p\u00ebrmbledh\u00ebs\",\"description\":\"\",\"publisher\":{\"@id\":\"https:\/\/permbledhja.com\/#organization\"},\"potentialAction\":[{\"@type\":\"SearchAction\",\"target\":{\"@type\":\"EntryPoint\",\"urlTemplate\":\"https:\/\/permbledhja.com\/?s={search_term_string}\"},\"query-input\":\"required name=search_term_string\"}],\"inLanguage\":\"sq\"},{\"@type\":\"Organization\",\"@id\":\"https:\/\/permbledhja.com\/#organization\",\"name\":\"MK Media & Pr\",\"url\":\"https:\/\/permbledhja.com\/\",\"logo\":{\"@type\":\"ImageObject\",\"inLanguage\":\"sq\",\"@id\":\"https:\/\/permbledhja.com\/#\/schema\/logo\/image\/\",\"url\":\"https:\/\/permbledhja.com\/wp-content\/uploads\/2021\/12\/07-Press-Logo.jpg\",\"contentUrl\":\"https:\/\/permbledhja.com\/wp-content\/uploads\/2021\/12\/07-Press-Logo.jpg\",\"width\":512,\"height\":512,\"caption\":\"MK Media & Pr\"},\"image\":{\"@id\":\"https:\/\/permbledhja.com\/#\/schema\/logo\/image\/\"},\"sameAs\":[\"https:\/\/www.facebook.com\/press07\/\"]},{\"@type\":\"Person\",\"@id\":\"https:\/\/permbledhja.com\/#\/schema\/person\/d23f13f59b5722643933d6780783acf3\",\"name\":\"M M\",\"image\":{\"@type\":\"ImageObject\",\"inLanguage\":\"sq\",\"@id\":\"https:\/\/permbledhja.com\/#\/schema\/person\/image\/\",\"url\":\"https:\/\/secure.gravatar.com\/avatar\/e2835a76ca7c31a2416b2d51c4ec9a8f?s=96&d=mm&r=g\",\"contentUrl\":\"https:\/\/secure.gravatar.com\/avatar\/e2835a76ca7c31a2416b2d51c4ec9a8f?s=96&d=mm&r=g\",\"caption\":\"M M\"},\"sameAs\":[\"http:\/\/MM\"],\"url\":\"https:\/\/permbledhja.com\/sq\/author\/muhamet\/\"}]}<\/script>\n<!-- \/ Yoast SEO plugin. -->","yoast_head_json":{"title":"Haziri: Dialogu po duket kafshat\u00eb qe s\u2019po mund ta kap\u00ebrdij\u00eb kryeministri Kurti","robots":{"index":"index","follow":"follow","max-snippet":"max-snippet:-1","max-image-preview":"max-image-preview:large","max-video-preview":"max-video-preview:-1"},"canonical":"https:\/\/permbledhja.com\/sq\/haziri-dialogu-po-duket-kafshate-qe-spo-mund-ta-kaperdije-kryeministri-kurti\/","og_locale":"sq_AL","og_type":"article","og_title":"Haziri: Dialogu po duket kafshat\u00eb qe s\u2019po mund ta kap\u00ebrdij\u00eb kryeministri Kurti","og_description":"N\u00ebnkryetari i LDK-s\u00eb, Lutfi Haziri thot\u00eb se ende \u00ebsht\u00eb e paqart\u00eb se \u00e7far\u00eb do t\u00eb diskutohet n\u00eb takimin e 14 shtatorit mes kryeministrit Kurti dhe presidentit serb, Vu\u00e7iq. Haziri thekson se n\u00eb lidhje me k\u00ebt\u00eb \u00e7\u00ebshtje nuk jan\u00eb deklaruar as nd\u00ebrmjet\u00ebsit nd\u00ebrkomb\u00ebtar\u00eb dhe as kryeministri Kurti. \u201cKa koh\u00eb q\u00eb un\u00eb kam paralajm\u00ebruar nj\u00eb shtator t\u00eb [&hellip;]","og_url":"https:\/\/permbledhja.com\/sq\/haziri-dialogu-po-duket-kafshate-qe-spo-mund-ta-kaperdije-kryeministri-kurti\/","og_site_name":"Ve\u00e7 artikuj p\u00ebrmbledh\u00ebs","article_publisher":"https:\/\/www.facebook.com\/press07\/","article_published_time":"2023-09-11T09:08:52+00:00","og_image":[{"width":723,"height":450,"url":"https:\/\/permbledhja.com\/wp-content\/uploads\/2023\/09\/06498CF4-0C2E-4762-92C9-D277208AF63A.png","type":"image\/png"}],"author":"M M","twitter_card":"summary_large_image","twitter_misc":{"Written by":"M M","Est. reading time":"2 minuta"},"schema":{"@context":"https:\/\/schema.org","@graph":[{"@type":"Article","@id":"https:\/\/permbledhja.com\/sq\/haziri-dialogu-po-duket-kafshate-qe-spo-mund-ta-kaperdije-kryeministri-kurti\/#article","isPartOf":{"@id":"https:\/\/permbledhja.com\/sq\/haziri-dialogu-po-duket-kafshate-qe-spo-mund-ta-kaperdije-kryeministri-kurti\/"},"author":{"name":"M M","@id":"https:\/\/permbledhja.com\/#\/schema\/person\/d23f13f59b5722643933d6780783acf3"},"headline":"Haziri: Dialogu po duket kafshat\u00eb qe s\u2019po mund ta kap\u00ebrdij\u00eb kryeministri Kurti","datePublished":"2023-09-11T09:08:52+00:00","dateModified":"2023-09-11T09:08:52+00:00","mainEntityOfPage":{"@id":"https:\/\/permbledhja.com\/sq\/haziri-dialogu-po-duket-kafshate-qe-spo-mund-ta-kaperdije-kryeministri-kurti\/"},"wordCount":357,"publisher":{"@id":"https:\/\/permbledhja.com\/#organization"},"keywords":["Lutfi Haziri"],"articleSection":["Komb\u00ebtare","Lajme"],"inLanguage":"sq"},{"@type":"WebPage","@id":"https:\/\/permbledhja.com\/sq\/haziri-dialogu-po-duket-kafshate-qe-spo-mund-ta-kaperdije-kryeministri-kurti\/","url":"https:\/\/permbledhja.com\/sq\/haziri-dialogu-po-duket-kafshate-qe-spo-mund-ta-kaperdije-kryeministri-kurti\/","name":"Haziri: Dialogu po duket kafshat\u00eb qe s\u2019po mund ta kap\u00ebrdij\u00eb kryeministri Kurti","isPartOf":{"@id":"https:\/\/permbledhja.com\/#website"},"datePublished":"2023-09-11T09:08:52+00:00","dateModified":"2023-09-11T09:08:52+00:00","breadcrumb":{"@id":"https:\/\/permbledhja.com\/sq\/haziri-dialogu-po-duket-kafshate-qe-spo-mund-ta-kaperdije-kryeministri-kurti\/#breadcrumb"},"inLanguage":"sq","potentialAction":[{"@type":"ReadAction","target":["https:\/\/permbledhja.com\/sq\/haziri-dialogu-po-duket-kafshate-qe-spo-mund-ta-kaperdije-kryeministri-kurti\/"]}]},{"@type":"BreadcrumbList","@id":"https:\/\/permbledhja.com\/sq\/haziri-dialogu-po-duket-kafshate-qe-spo-mund-ta-kaperdije-kryeministri-kurti\/#breadcrumb","itemListElement":[{"@type":"ListItem","position":1,"name":"Ballina","item":"https:\/\/permbledhja.com\/sq\/"},{"@type":"ListItem","position":2,"name":"Haziri: Dialogu po duket kafshat\u00eb qe s\u2019po mund ta kap\u00ebrdij\u00eb kryeministri Kurti"}]},{"@type":"WebSite","@id":"https:\/\/permbledhja.com\/#website","url":"https:\/\/permbledhja.com\/","name":"Ve\u00e7 artikuj p\u00ebrmbledh\u00ebs","description":"","publisher":{"@id":"https:\/\/permbledhja.com\/#organization"},"potentialAction":[{"@type":"SearchAction","target":{"@type":"EntryPoint","urlTemplate":"https:\/\/permbledhja.com\/?s={search_term_string}"},"query-input":"required name=search_term_string"}],"inLanguage":"sq"},{"@type":"Organization","@id":"https:\/\/permbledhja.com\/#organization","name":"MK Media & Pr","url":"https:\/\/permbledhja.com\/","logo":{"@type":"ImageObject","inLanguage":"sq","@id":"https:\/\/permbledhja.com\/#\/schema\/logo\/image\/","url":"https:\/\/permbledhja.com\/wp-content\/uploads\/2021\/12\/07-Press-Logo.jpg","contentUrl":"https:\/\/permbledhja.com\/wp-content\/uploads\/2021\/12\/07-Press-Logo.jpg","width":512,"height":512,"caption":"MK Media & Pr"},"image":{"@id":"https:\/\/permbledhja.com\/#\/schema\/logo\/image\/"},"sameAs":["https:\/\/www.facebook.com\/press07\/"]},{"@type":"Person","@id":"https:\/\/permbledhja.com\/#\/schema\/person\/d23f13f59b5722643933d6780783acf3","name":"M M","image":{"@type":"ImageObject","inLanguage":"sq","@id":"https:\/\/permbledhja.com\/#\/schema\/person\/image\/","url":"https:\/\/secure.gravatar.com\/avatar\/e2835a76ca7c31a2416b2d51c4ec9a8f?s=96&d=mm&r=g","contentUrl":"https:\/\/secure.gravatar.com\/avatar\/e2835a76ca7c31a2416b2d51c4ec9a8f?s=96&d=mm&r=g","caption":"M M"},"sameAs":["http:\/\/MM"],"url":"https:\/\/permbledhja.com\/sq\/author\/muhamet\/"}]}},"_links":{"self":[{"href":"https:\/\/permbledhja.com\/sq\/wp-json\/wp\/v2\/posts\/26450"}],"collection":[{"href":"https:\/\/permbledhja.com\/sq\/wp-json\/wp\/v2\/posts"}],"about":[{"href":"https:\/\/permbledhja.com\/sq\/wp-json\/wp\/v2\/types\/post"}],"author":[{"embeddable":true,"href":"https:\/\/permbledhja.com\/sq\/wp-json\/wp\/v2\/users\/2"}],"replies":[{"embeddable":true,"href":"https:\/\/permbledhja.com\/sq\/wp-json\/wp\/v2\/comments?post=26450"}],"version-history":[{"count":1,"href":"https:\/\/permbledhja.com\/sq\/wp-json\/wp\/v2\/posts\/26450\/revisions"}],"predecessor-version":[{"id":26452,"href":"https:\/\/permbledhja.com\/sq\/wp-json\/wp\/v2\/posts\/26450\/revisions\/26452"}],"wp:featuredmedia":[{"embeddable":true,"href":"https:\/\/permbledhja.com\/sq\/wp-json\/wp\/v2\/media\/26451"}],"wp:attachment":[{"href":"https:\/\/permbledhja.com\/sq\/wp-json\/wp\/v2\/media?parent=26450"}],"wp:term":[{"taxonomy":"category","embeddable":true,"href":"https:\/\/permbledhja.com\/sq\/wp-json\/wp\/v2\/categories?post=26450"},{"taxonomy":"post_tag","embeddable":true,"href":"https:\/\/permbledhja.com\/sq\/wp-json\/wp\/v2\/tags?post=26450"}],"curies":[{"name":"wp","href":"https:\/\/api.w.org\/{rel}","templated":true}]}}