{"id":26428,"date":"2023-09-11T07:21:17","date_gmt":"2023-09-11T07:21:17","guid":{"rendered":"https:\/\/permbledhja.com\/?p=26428"},"modified":"2023-09-11T07:21:17","modified_gmt":"2023-09-11T07:21:17","slug":"vazhdon-gjykimi-ndaj-ish-krereve-te-uck-se","status":"publish","type":"post","link":"https:\/\/permbledhja.com\/sq\/vazhdon-gjykimi-ndaj-ish-krereve-te-uck-se\/","title":{"rendered":"Vazhdon gjykimi ndaj ish krer\u00ebve t\u00eb U\u00c7K-s\u00eb"},"content":{"rendered":"<h3>N\u00eb Dhomat e Specializuara t\u00eb Kosov\u00ebs n\u00eb Hag\u00eb \u00a0vazhdon gjykimi ndaj ish-krer\u00ebce t\u00eb\u00a0U\u00c7K-s\u00eb, Hashim Tha\u00e7i, Kadri Veseli, Rexhep Selimi e Jakup Krasniqi. Pritet vazhdimi i d\u00ebshmis\u00eb s\u00eb d\u00ebshmitarit Frederick Abrahams.<\/h3>\n<p>Abrahams po d\u00ebshmon p\u00ebr raportet q\u00eb ai dhe koleg\u00ebt e tij i kishit p\u00ebrgatitur n\u00eb periudh\u00ebn e luft\u00ebs n\u00eb kuad\u00ebr t\u00eb pun\u00ebs n\u00eb Humans Right Watch.<\/p>\n<p>N\u00eb gjykatore \u00ebsht\u00eb b\u00ebr\u00eb e ditur se ato raporte kishin cituar Qendr\u00ebn p\u00ebr t\u00eb Drejt\u00ebn Humanitare n\u00eb shkrimet ku burim ishin mediat serbe. Vet d\u00ebshmitari kishte deklaruar se Humans Right Watch kishte t\u00eb nj\u00ebjt\u00ebn metodologji pune me Qendr\u00ebn p\u00ebr t\u00eb Drejt\u00ebn Humanitare.<\/p>\n<p>Avokati britanik, Ben Ememrson, ka paraqitur dokumentet ku shihet burimi i raporteve t\u00eb Humans Right Watch.<\/p>\n","protected":false},"excerpt":{"rendered":"<p>N\u00eb Dhomat e Specializuara t\u00eb Kosov\u00ebs n\u00eb Hag\u00eb \u00a0vazhdon gjykimi ndaj ish-krer\u00ebce t\u00eb\u00a0U\u00c7K-s\u00eb, Hashim Tha\u00e7i, Kadri Veseli, Rexhep Selimi e Jakup Krasniqi. Pritet vazhdimi i d\u00ebshmis\u00eb s\u00eb d\u00ebshmitarit Frederick Abrahams. Abrahams po d\u00ebshmon p\u00ebr raportet q\u00eb ai dhe koleg\u00ebt e tij i kishit p\u00ebrgatitur n\u00eb periudh\u00ebn e luft\u00ebs n\u00eb kuad\u00ebr t\u00eb pun\u00ebs n\u00eb Humans Right [&hellip;]<\/p>\n","protected":false},"author":2,"featured_media":26429,"comment_status":"closed","ping_status":"closed","sticky":false,"template":"","format":"standard","meta":{"_monsterinsights_skip_tracking":false,"_monsterinsights_sitenote_active":false,"_monsterinsights_sitenote_note":"","_monsterinsights_sitenote_category":0,"_uf_show_specific_survey":0,"_uf_disable_surveys":false,"footnotes":""},"categories":[23,15],"tags":[],"yoast_head":"<!-- This site is optimized with the Yoast SEO plugin v21.5 - https:\/\/yoast.com\/wordpress\/plugins\/seo\/ -->\n<title>Vazhdon gjykimi ndaj ish krer\u00ebve t\u00eb U\u00c7K-s\u00eb<\/title>\n<meta name=\"robots\" content=\"index, follow, max-snippet:-1, max-image-preview:large, max-video-preview:-1\" \/>\n<link rel=\"canonical\" href=\"https:\/\/permbledhja.com\/sq\/vazhdon-gjykimi-ndaj-ish-krereve-te-uck-se\/\" \/>\n<meta property=\"og:locale\" content=\"sq_AL\" \/>\n<meta property=\"og:type\" content=\"article\" \/>\n<meta property=\"og:title\" content=\"Vazhdon gjykimi ndaj ish krer\u00ebve t\u00eb U\u00c7K-s\u00eb\" \/>\n<meta property=\"og:description\" content=\"N\u00eb Dhomat e Specializuara t\u00eb Kosov\u00ebs n\u00eb Hag\u00eb \u00a0vazhdon gjykimi ndaj ish-krer\u00ebce t\u00eb\u00a0U\u00c7K-s\u00eb, Hashim Tha\u00e7i, Kadri Veseli, Rexhep Selimi e Jakup Krasniqi. Pritet vazhdimi i d\u00ebshmis\u00eb s\u00eb d\u00ebshmitarit Frederick Abrahams. Abrahams po d\u00ebshmon p\u00ebr raportet q\u00eb ai dhe koleg\u00ebt e tij i kishit p\u00ebrgatitur n\u00eb periudh\u00ebn e luft\u00ebs n\u00eb kuad\u00ebr t\u00eb pun\u00ebs n\u00eb Humans Right [&hellip;]\" \/>\n<meta property=\"og:url\" content=\"https:\/\/permbledhja.com\/sq\/vazhdon-gjykimi-ndaj-ish-krereve-te-uck-se\/\" \/>\n<meta property=\"og:site_name\" content=\"Ve\u00e7 artikuj p\u00ebrmbledh\u00ebs\" \/>\n<meta property=\"article:publisher\" content=\"https:\/\/www.facebook.com\/press07\/\" \/>\n<meta property=\"article:published_time\" content=\"2023-09-11T07:21:17+00:00\" \/>\n<meta property=\"og:image\" content=\"https:\/\/permbledhja.com\/wp-content\/uploads\/2023\/09\/UCK.jpg\" \/>\n\t<meta property=\"og:image:width\" content=\"1068\" \/>\n\t<meta property=\"og:image:height\" content=\"601\" \/>\n\t<meta property=\"og:image:type\" content=\"image\/jpeg\" \/>\n<meta name=\"author\" content=\"M M\" \/>\n<meta name=\"twitter:card\" content=\"summary_large_image\" \/>\n<meta name=\"twitter:label1\" content=\"Written by\" \/>\n\t<meta name=\"twitter:data1\" content=\"M M\" \/>\n\t<meta name=\"twitter:label2\" content=\"Est. reading time\" \/>\n\t<meta name=\"twitter:data2\" content=\"1 minut\u00eb\" \/>\n<script type=\"application\/ld+json\" class=\"yoast-schema-graph\">{\"@context\":\"https:\/\/schema.org\",\"@graph\":[{\"@type\":\"Article\",\"@id\":\"https:\/\/permbledhja.com\/vazhdon-gjykimi-ndaj-ish-krereve-te-uck-se\/#article\",\"isPartOf\":{\"@id\":\"https:\/\/permbledhja.com\/vazhdon-gjykimi-ndaj-ish-krereve-te-uck-se\/\"},\"author\":{\"name\":\"M M\",\"@id\":\"https:\/\/permbledhja.com\/#\/schema\/person\/d23f13f59b5722643933d6780783acf3\"},\"headline\":\"Vazhdon gjykimi ndaj ish krer\u00ebve t\u00eb U\u00c7K-s\u00eb\",\"datePublished\":\"2023-09-11T07:21:17+00:00\",\"dateModified\":\"2023-09-11T07:21:17+00:00\",\"mainEntityOfPage\":{\"@id\":\"https:\/\/permbledhja.com\/vazhdon-gjykimi-ndaj-ish-krereve-te-uck-se\/\"},\"wordCount\":148,\"publisher\":{\"@id\":\"https:\/\/permbledhja.com\/#organization\"},\"articleSection\":[\"Komb\u00ebtare\",\"Lajme\"],\"inLanguage\":\"sq\"},{\"@type\":\"WebPage\",\"@id\":\"https:\/\/permbledhja.com\/vazhdon-gjykimi-ndaj-ish-krereve-te-uck-se\/\",\"url\":\"https:\/\/permbledhja.com\/vazhdon-gjykimi-ndaj-ish-krereve-te-uck-se\/\",\"name\":\"Vazhdon gjykimi ndaj ish krer\u00ebve t\u00eb U\u00c7K-s\u00eb\",\"isPartOf\":{\"@id\":\"https:\/\/permbledhja.com\/#website\"},\"datePublished\":\"2023-09-11T07:21:17+00:00\",\"dateModified\":\"2023-09-11T07:21:17+00:00\",\"breadcrumb\":{\"@id\":\"https:\/\/permbledhja.com\/vazhdon-gjykimi-ndaj-ish-krereve-te-uck-se\/#breadcrumb\"},\"inLanguage\":\"sq\",\"potentialAction\":[{\"@type\":\"ReadAction\",\"target\":[\"https:\/\/permbledhja.com\/vazhdon-gjykimi-ndaj-ish-krereve-te-uck-se\/\"]}]},{\"@type\":\"BreadcrumbList\",\"@id\":\"https:\/\/permbledhja.com\/vazhdon-gjykimi-ndaj-ish-krereve-te-uck-se\/#breadcrumb\",\"itemListElement\":[{\"@type\":\"ListItem\",\"position\":1,\"name\":\"Ballina\",\"item\":\"https:\/\/permbledhja.com\/sq\/\"},{\"@type\":\"ListItem\",\"position\":2,\"name\":\"Vazhdon gjykimi ndaj ish krer\u00ebve t\u00eb U\u00c7K-s\u00eb\"}]},{\"@type\":\"WebSite\",\"@id\":\"https:\/\/permbledhja.com\/#website\",\"url\":\"https:\/\/permbledhja.com\/\",\"name\":\"Ve\u00e7 artikuj p\u00ebrmbledh\u00ebs\",\"description\":\"\",\"publisher\":{\"@id\":\"https:\/\/permbledhja.com\/#organization\"},\"potentialAction\":[{\"@type\":\"SearchAction\",\"target\":{\"@type\":\"EntryPoint\",\"urlTemplate\":\"https:\/\/permbledhja.com\/?s={search_term_string}\"},\"query-input\":\"required name=search_term_string\"}],\"inLanguage\":\"sq\"},{\"@type\":\"Organization\",\"@id\":\"https:\/\/permbledhja.com\/#organization\",\"name\":\"MK Media & Pr\",\"url\":\"https:\/\/permbledhja.com\/\",\"logo\":{\"@type\":\"ImageObject\",\"inLanguage\":\"sq\",\"@id\":\"https:\/\/permbledhja.com\/#\/schema\/logo\/image\/\",\"url\":\"https:\/\/permbledhja.com\/wp-content\/uploads\/2021\/12\/07-Press-Logo.jpg\",\"contentUrl\":\"https:\/\/permbledhja.com\/wp-content\/uploads\/2021\/12\/07-Press-Logo.jpg\",\"width\":512,\"height\":512,\"caption\":\"MK Media & Pr\"},\"image\":{\"@id\":\"https:\/\/permbledhja.com\/#\/schema\/logo\/image\/\"},\"sameAs\":[\"https:\/\/www.facebook.com\/press07\/\"]},{\"@type\":\"Person\",\"@id\":\"https:\/\/permbledhja.com\/#\/schema\/person\/d23f13f59b5722643933d6780783acf3\",\"name\":\"M M\",\"image\":{\"@type\":\"ImageObject\",\"inLanguage\":\"sq\",\"@id\":\"https:\/\/permbledhja.com\/#\/schema\/person\/image\/\",\"url\":\"https:\/\/secure.gravatar.com\/avatar\/e2835a76ca7c31a2416b2d51c4ec9a8f?s=96&d=mm&r=g\",\"contentUrl\":\"https:\/\/secure.gravatar.com\/avatar\/e2835a76ca7c31a2416b2d51c4ec9a8f?s=96&d=mm&r=g\",\"caption\":\"M M\"},\"sameAs\":[\"http:\/\/MM\"],\"url\":\"https:\/\/permbledhja.com\/sq\/author\/muhamet\/\"}]}<\/script>\n<!-- \/ Yoast SEO plugin. -->","yoast_head_json":{"title":"Vazhdon gjykimi ndaj ish krer\u00ebve t\u00eb U\u00c7K-s\u00eb","robots":{"index":"index","follow":"follow","max-snippet":"max-snippet:-1","max-image-preview":"max-image-preview:large","max-video-preview":"max-video-preview:-1"},"canonical":"https:\/\/permbledhja.com\/sq\/vazhdon-gjykimi-ndaj-ish-krereve-te-uck-se\/","og_locale":"sq_AL","og_type":"article","og_title":"Vazhdon gjykimi ndaj ish krer\u00ebve t\u00eb U\u00c7K-s\u00eb","og_description":"N\u00eb Dhomat e Specializuara t\u00eb Kosov\u00ebs n\u00eb Hag\u00eb \u00a0vazhdon gjykimi ndaj ish-krer\u00ebce t\u00eb\u00a0U\u00c7K-s\u00eb, Hashim Tha\u00e7i, Kadri Veseli, Rexhep Selimi e Jakup Krasniqi. Pritet vazhdimi i d\u00ebshmis\u00eb s\u00eb d\u00ebshmitarit Frederick Abrahams. Abrahams po d\u00ebshmon p\u00ebr raportet q\u00eb ai dhe koleg\u00ebt e tij i kishit p\u00ebrgatitur n\u00eb periudh\u00ebn e luft\u00ebs n\u00eb kuad\u00ebr t\u00eb pun\u00ebs n\u00eb Humans Right [&hellip;]","og_url":"https:\/\/permbledhja.com\/sq\/vazhdon-gjykimi-ndaj-ish-krereve-te-uck-se\/","og_site_name":"Ve\u00e7 artikuj p\u00ebrmbledh\u00ebs","article_publisher":"https:\/\/www.facebook.com\/press07\/","article_published_time":"2023-09-11T07:21:17+00:00","og_image":[{"width":1068,"height":601,"url":"https:\/\/permbledhja.com\/wp-content\/uploads\/2023\/09\/UCK.jpg","type":"image\/jpeg"}],"author":"M M","twitter_card":"summary_large_image","twitter_misc":{"Written by":"M M","Est. reading time":"1 minut\u00eb"},"schema":{"@context":"https:\/\/schema.org","@graph":[{"@type":"Article","@id":"https:\/\/permbledhja.com\/vazhdon-gjykimi-ndaj-ish-krereve-te-uck-se\/#article","isPartOf":{"@id":"https:\/\/permbledhja.com\/vazhdon-gjykimi-ndaj-ish-krereve-te-uck-se\/"},"author":{"name":"M M","@id":"https:\/\/permbledhja.com\/#\/schema\/person\/d23f13f59b5722643933d6780783acf3"},"headline":"Vazhdon gjykimi ndaj ish krer\u00ebve t\u00eb U\u00c7K-s\u00eb","datePublished":"2023-09-11T07:21:17+00:00","dateModified":"2023-09-11T07:21:17+00:00","mainEntityOfPage":{"@id":"https:\/\/permbledhja.com\/vazhdon-gjykimi-ndaj-ish-krereve-te-uck-se\/"},"wordCount":148,"publisher":{"@id":"https:\/\/permbledhja.com\/#organization"},"articleSection":["Komb\u00ebtare","Lajme"],"inLanguage":"sq"},{"@type":"WebPage","@id":"https:\/\/permbledhja.com\/vazhdon-gjykimi-ndaj-ish-krereve-te-uck-se\/","url":"https:\/\/permbledhja.com\/vazhdon-gjykimi-ndaj-ish-krereve-te-uck-se\/","name":"Vazhdon gjykimi ndaj ish krer\u00ebve t\u00eb U\u00c7K-s\u00eb","isPartOf":{"@id":"https:\/\/permbledhja.com\/#website"},"datePublished":"2023-09-11T07:21:17+00:00","dateModified":"2023-09-11T07:21:17+00:00","breadcrumb":{"@id":"https:\/\/permbledhja.com\/vazhdon-gjykimi-ndaj-ish-krereve-te-uck-se\/#breadcrumb"},"inLanguage":"sq","potentialAction":[{"@type":"ReadAction","target":["https:\/\/permbledhja.com\/vazhdon-gjykimi-ndaj-ish-krereve-te-uck-se\/"]}]},{"@type":"BreadcrumbList","@id":"https:\/\/permbledhja.com\/vazhdon-gjykimi-ndaj-ish-krereve-te-uck-se\/#breadcrumb","itemListElement":[{"@type":"ListItem","position":1,"name":"Ballina","item":"https:\/\/permbledhja.com\/sq\/"},{"@type":"ListItem","position":2,"name":"Vazhdon gjykimi ndaj ish krer\u00ebve t\u00eb U\u00c7K-s\u00eb"}]},{"@type":"WebSite","@id":"https:\/\/permbledhja.com\/#website","url":"https:\/\/permbledhja.com\/","name":"Ve\u00e7 artikuj p\u00ebrmbledh\u00ebs","description":"","publisher":{"@id":"https:\/\/permbledhja.com\/#organization"},"potentialAction":[{"@type":"SearchAction","target":{"@type":"EntryPoint","urlTemplate":"https:\/\/permbledhja.com\/?s={search_term_string}"},"query-input":"required name=search_term_string"}],"inLanguage":"sq"},{"@type":"Organization","@id":"https:\/\/permbledhja.com\/#organization","name":"MK Media & Pr","url":"https:\/\/permbledhja.com\/","logo":{"@type":"ImageObject","inLanguage":"sq","@id":"https:\/\/permbledhja.com\/#\/schema\/logo\/image\/","url":"https:\/\/permbledhja.com\/wp-content\/uploads\/2021\/12\/07-Press-Logo.jpg","contentUrl":"https:\/\/permbledhja.com\/wp-content\/uploads\/2021\/12\/07-Press-Logo.jpg","width":512,"height":512,"caption":"MK Media & Pr"},"image":{"@id":"https:\/\/permbledhja.com\/#\/schema\/logo\/image\/"},"sameAs":["https:\/\/www.facebook.com\/press07\/"]},{"@type":"Person","@id":"https:\/\/permbledhja.com\/#\/schema\/person\/d23f13f59b5722643933d6780783acf3","name":"M M","image":{"@type":"ImageObject","inLanguage":"sq","@id":"https:\/\/permbledhja.com\/#\/schema\/person\/image\/","url":"https:\/\/secure.gravatar.com\/avatar\/e2835a76ca7c31a2416b2d51c4ec9a8f?s=96&d=mm&r=g","contentUrl":"https:\/\/secure.gravatar.com\/avatar\/e2835a76ca7c31a2416b2d51c4ec9a8f?s=96&d=mm&r=g","caption":"M M"},"sameAs":["http:\/\/MM"],"url":"https:\/\/permbledhja.com\/sq\/author\/muhamet\/"}]}},"_links":{"self":[{"href":"https:\/\/permbledhja.com\/sq\/wp-json\/wp\/v2\/posts\/26428"}],"collection":[{"href":"https:\/\/permbledhja.com\/sq\/wp-json\/wp\/v2\/posts"}],"about":[{"href":"https:\/\/permbledhja.com\/sq\/wp-json\/wp\/v2\/types\/post"}],"author":[{"embeddable":true,"href":"https:\/\/permbledhja.com\/sq\/wp-json\/wp\/v2\/users\/2"}],"replies":[{"embeddable":true,"href":"https:\/\/permbledhja.com\/sq\/wp-json\/wp\/v2\/comments?post=26428"}],"version-history":[{"count":1,"href":"https:\/\/permbledhja.com\/sq\/wp-json\/wp\/v2\/posts\/26428\/revisions"}],"predecessor-version":[{"id":26430,"href":"https:\/\/permbledhja.com\/sq\/wp-json\/wp\/v2\/posts\/26428\/revisions\/26430"}],"wp:featuredmedia":[{"embeddable":true,"href":"https:\/\/permbledhja.com\/sq\/wp-json\/wp\/v2\/media\/26429"}],"wp:attachment":[{"href":"https:\/\/permbledhja.com\/sq\/wp-json\/wp\/v2\/media?parent=26428"}],"wp:term":[{"taxonomy":"category","embeddable":true,"href":"https:\/\/permbledhja.com\/sq\/wp-json\/wp\/v2\/categories?post=26428"},{"taxonomy":"post_tag","embeddable":true,"href":"https:\/\/permbledhja.com\/sq\/wp-json\/wp\/v2\/tags?post=26428"}],"curies":[{"name":"wp","href":"https:\/\/api.w.org\/{rel}","templated":true}]}}