{"id":26425,"date":"2023-09-11T07:08:19","date_gmt":"2023-09-11T07:08:19","guid":{"rendered":"https:\/\/permbledhja.com\/?p=26425"},"modified":"2023-09-11T07:08:19","modified_gmt":"2023-09-11T07:08:19","slug":"deputeti-i-pdk-se-politikat-e-kurtit-e-kane-degraduar-ekonomine-kemi-rritje-te-importeve-te-mallrave-serbe","status":"publish","type":"post","link":"https:\/\/permbledhja.com\/sq\/deputeti-i-pdk-se-politikat-e-kurtit-e-kane-degraduar-ekonomine-kemi-rritje-te-importeve-te-mallrave-serbe\/","title":{"rendered":"Deputeti i PDK-s\u00eb: Politikat e Kurtit e kan\u00eb degraduar ekonomin\u00eb, kemi rritje t\u00eb importeve t\u00eb mallrave serbe"},"content":{"rendered":"<h3>\u00c7mimet kan\u00eb p\u00ebsuar rritje n\u00eb \u00e7do sektor\u00eb. Jeta \u00ebsht\u00eb v\u00ebshtir\u00ebsuar p\u00ebr shum\u00eb familje koh\u00ebve t\u00eb fundit si shkak i \u00e7mimeve t\u00eb larta.<ins><\/ins><\/h3>\n<p>Agjencia e Statistikave t\u00eb Kosov\u00ebs ka b\u00ebr\u00eb t\u00eb ditur s\u00eb n\u00eb muajin qershor n\u00eb shumic\u00ebn e produkteve baz\u00eb \u00ebsht\u00eb sh\u00ebnuar rritje e \u00e7mimeve prej 2.8 p\u00ebr qind krahasuar me muajin qershor t\u00eb vitit t\u00eb kaluar.<\/p>\n<p>Deputeti i Partis\u00eb Demokratike t\u00eb Kosov\u00ebs (PDK), nj\u00ebher\u00ebsh an\u00ebtar i Komisionit p\u00ebr Ekonomi, thot\u00eb se situata po degradon n\u00eb d\u00ebm t\u00eb ekonomive familjare.<\/p>\n<p>Ai n\u00eb nj\u00eb intervist\u00eb p\u00ebr Front Online, thot\u00eb se rezultat i k\u00ebsaj gjendje jan\u00eb politikat e k\u00ebqija t\u00eb k\u00ebsaj qeverie.<\/p>\n<p>\u201c\u00cbsht\u00eb e v\u00ebrtet\u00eb q\u00eb situata po degradon n\u00eb d\u00ebm t\u00eb ekonomive familjare dhe n\u00eb d\u00ebm t\u00eb v\u00ebshtir\u00ebsive p\u00ebr ekonomin\u00eb e \u00e7do qytetari n\u00eb Kosov\u00eb, si rezultat i dy faktor\u00ebve. Por rezultati kryesor bazik jan\u00eb politikat e k\u00ebqija t\u00eb k\u00ebsaj qeverie t\u00eb cilat n\u00eb parim e kan\u00eb shum\u00ebfishuar presionin, e kan\u00eb d\u00ebmtuar m\u00ebnyr\u00ebn e t\u00eb b\u00ebrit biznes dhe n\u00eb nj\u00ebfar\u00eb forme e kan\u00eb sjell ekonomin\u00eb e vendit n\u00eb nj\u00eb situat\u00eb t\u00eb cil\u00ebn e po e shohim tashm\u00eb\u201d, tha ai p\u00ebr Front Online.<\/p>\n<p>N\u00eb pes\u00eb vitet e fundit, Shala thot\u00eb se prodhimi vendor ka r\u00ebn\u00eb duksh\u00ebm, nd\u00ebrsa po furnizohemi me mallra serbe.<ins><\/ins><\/p>\n<p>\u201cN\u00ebse e sheh prodhimin vendor krahasuar me secilin muaj n\u00eb pes\u00eb vitet e fundit kemi r\u00ebnie t\u00eb kapaciteteve t\u00eb prodhimeve vendore, dhe kemi nj\u00eb rritje t\u00eb lart\u00eb t\u00eb importeve, nga mallrat serbe kryesisht, por edhe t\u00eb tjerat t\u00eb cilat nuk kan\u00eb qen\u00eb n\u00eb k\u00ebt\u00eb shkall\u00eb \u00e7far\u00eb jan\u00eb sot\u201d, tha ai<\/p>\n<p>Shala thot\u00eb se Ligji p\u00ebr Paga ka goditur m\u00eb s\u00eb shumti sektorin e siguris\u00eb dhe at\u00eb t\u00eb arsimit.<\/p>\n<p>Ai thot\u00eb se ky ligj tregon logjik\u00eb jo t\u00eb sh\u00ebndosh\u00eb.<\/p>\n<p>\u201cSektor\u00ebt m\u00eb t\u00eb goditur me Ligjin e Pagave kan\u00eb qen\u00eb sektor\u00ebt e siguris\u00eb dhe arsimit t\u00eb lart\u00eb, \u00ebsht\u00eb habitshme cila \u00ebsht\u00eb logjika e sh\u00ebndosh\u00eb q\u00eb t\u00eb godas\u00ebsh sektor\u00ebt m\u00eb primar t\u00eb funksionimit t\u00eb shtetit q\u00eb \u00ebsht\u00eb sektori i siguris\u00eb, policis\u00eb, dhe trupave t\u00eb tjera t\u00eb mbrojtjes\u201d, u shpreh ai.<\/p>\n<p>P\u00ebr k\u00ebto pak\u00ebnaq\u00ebsi t\u00eb sindikatave, Shala thot\u00eb se nuk kan\u00eb gjetur mir\u00ebkuptim te pushteti.<ins><\/ins><\/p>\n<p>\u201cNuk kemi gjetur mir\u00ebkuptim, as n\u00eb komisione, as n\u00eb nivel grupesh parlamentare dhe realisht k\u00ebrkesat sindikale jan\u00eb krejt\u00ebsisht legjitime. Goditja me Ligjin e Pagave ka qen\u00eb dhe do t\u00eb mbetet nj\u00ebra nga goditjet m\u00eb jomeritore p\u00ebr k\u00ebto kategori q\u00eb i kan\u00eb shfryt\u00ebzuar\u201d, deklaron Shala.<\/p>\n","protected":false},"excerpt":{"rendered":"<p>\u00c7mimet kan\u00eb p\u00ebsuar rritje n\u00eb \u00e7do sektor\u00eb. Jeta \u00ebsht\u00eb v\u00ebshtir\u00ebsuar p\u00ebr shum\u00eb familje koh\u00ebve t\u00eb fundit si shkak i \u00e7mimeve t\u00eb larta. Agjencia e Statistikave t\u00eb Kosov\u00ebs ka b\u00ebr\u00eb t\u00eb ditur s\u00eb n\u00eb muajin qershor n\u00eb shumic\u00ebn e produkteve baz\u00eb \u00ebsht\u00eb sh\u00ebnuar rritje e \u00e7mimeve prej 2.8 p\u00ebr qind krahasuar me muajin qershor t\u00eb vitit [&hellip;]<\/p>\n","protected":false},"author":2,"featured_media":26426,"comment_status":"closed","ping_status":"closed","sticky":false,"template":"","format":"standard","meta":{"_monsterinsights_skip_tracking":false,"_monsterinsights_sitenote_active":false,"_monsterinsights_sitenote_note":"","_monsterinsights_sitenote_category":0,"_uf_show_specific_survey":0,"_uf_disable_surveys":false,"footnotes":""},"categories":[23,15],"tags":[2363],"yoast_head":"<!-- This site is optimized with the Yoast SEO plugin v21.5 - https:\/\/yoast.com\/wordpress\/plugins\/seo\/ -->\n<title>Deputeti i PDK-s\u00eb: Politikat e Kurtit e kan\u00eb degraduar ekonomin\u00eb, kemi rritje t\u00eb importeve t\u00eb mallrave serbe<\/title>\n<meta name=\"robots\" content=\"index, follow, max-snippet:-1, max-image-preview:large, max-video-preview:-1\" \/>\n<link rel=\"canonical\" href=\"https:\/\/permbledhja.com\/sq\/deputeti-i-pdk-se-politikat-e-kurtit-e-kane-degraduar-ekonomine-kemi-rritje-te-importeve-te-mallrave-serbe\/\" \/>\n<meta property=\"og:locale\" content=\"sq_AL\" \/>\n<meta property=\"og:type\" content=\"article\" \/>\n<meta property=\"og:title\" content=\"Deputeti i PDK-s\u00eb: Politikat e Kurtit e kan\u00eb degraduar ekonomin\u00eb, kemi rritje t\u00eb importeve t\u00eb mallrave serbe\" \/>\n<meta property=\"og:description\" content=\"\u00c7mimet kan\u00eb p\u00ebsuar rritje n\u00eb \u00e7do sektor\u00eb. Jeta \u00ebsht\u00eb v\u00ebshtir\u00ebsuar p\u00ebr shum\u00eb familje koh\u00ebve t\u00eb fundit si shkak i \u00e7mimeve t\u00eb larta. Agjencia e Statistikave t\u00eb Kosov\u00ebs ka b\u00ebr\u00eb t\u00eb ditur s\u00eb n\u00eb muajin qershor n\u00eb shumic\u00ebn e produkteve baz\u00eb \u00ebsht\u00eb sh\u00ebnuar rritje e \u00e7mimeve prej 2.8 p\u00ebr qind krahasuar me muajin qershor t\u00eb vitit [&hellip;]\" \/>\n<meta property=\"og:url\" content=\"https:\/\/permbledhja.com\/sq\/deputeti-i-pdk-se-politikat-e-kurtit-e-kane-degraduar-ekonomine-kemi-rritje-te-importeve-te-mallrave-serbe\/\" \/>\n<meta property=\"og:site_name\" content=\"Ve\u00e7 artikuj p\u00ebrmbledh\u00ebs\" \/>\n<meta property=\"article:publisher\" content=\"https:\/\/www.facebook.com\/press07\/\" \/>\n<meta property=\"article:published_time\" content=\"2023-09-11T07:08:19+00:00\" \/>\n<meta property=\"og:image\" content=\"https:\/\/permbledhja.com\/wp-content\/uploads\/2023\/09\/ferat-696x348-1.jpg\" \/>\n\t<meta property=\"og:image:width\" content=\"696\" \/>\n\t<meta property=\"og:image:height\" content=\"348\" \/>\n\t<meta property=\"og:image:type\" content=\"image\/jpeg\" \/>\n<meta name=\"author\" content=\"M M\" \/>\n<meta name=\"twitter:card\" content=\"summary_large_image\" \/>\n<meta name=\"twitter:label1\" content=\"Written by\" \/>\n\t<meta name=\"twitter:data1\" content=\"M M\" \/>\n\t<meta name=\"twitter:label2\" content=\"Est. reading time\" \/>\n\t<meta name=\"twitter:data2\" content=\"3 minuta\" \/>\n<script type=\"application\/ld+json\" class=\"yoast-schema-graph\">{\"@context\":\"https:\/\/schema.org\",\"@graph\":[{\"@type\":\"Article\",\"@id\":\"https:\/\/permbledhja.com\/deputeti-i-pdk-se-politikat-e-kurtit-e-kane-degraduar-ekonomine-kemi-rritje-te-importeve-te-mallrave-serbe\/#article\",\"isPartOf\":{\"@id\":\"https:\/\/permbledhja.com\/deputeti-i-pdk-se-politikat-e-kurtit-e-kane-degraduar-ekonomine-kemi-rritje-te-importeve-te-mallrave-serbe\/\"},\"author\":{\"name\":\"M M\",\"@id\":\"https:\/\/permbledhja.com\/#\/schema\/person\/d23f13f59b5722643933d6780783acf3\"},\"headline\":\"Deputeti i PDK-s\u00eb: Politikat e Kurtit e kan\u00eb degraduar ekonomin\u00eb, kemi rritje t\u00eb importeve t\u00eb mallrave serbe\",\"datePublished\":\"2023-09-11T07:08:19+00:00\",\"dateModified\":\"2023-09-11T07:08:19+00:00\",\"mainEntityOfPage\":{\"@id\":\"https:\/\/permbledhja.com\/deputeti-i-pdk-se-politikat-e-kurtit-e-kane-degraduar-ekonomine-kemi-rritje-te-importeve-te-mallrave-serbe\/\"},\"wordCount\":463,\"publisher\":{\"@id\":\"https:\/\/permbledhja.com\/#organization\"},\"keywords\":[\"Ferat Shala\"],\"articleSection\":[\"Komb\u00ebtare\",\"Lajme\"],\"inLanguage\":\"sq\"},{\"@type\":\"WebPage\",\"@id\":\"https:\/\/permbledhja.com\/deputeti-i-pdk-se-politikat-e-kurtit-e-kane-degraduar-ekonomine-kemi-rritje-te-importeve-te-mallrave-serbe\/\",\"url\":\"https:\/\/permbledhja.com\/deputeti-i-pdk-se-politikat-e-kurtit-e-kane-degraduar-ekonomine-kemi-rritje-te-importeve-te-mallrave-serbe\/\",\"name\":\"Deputeti i PDK-s\u00eb: Politikat e Kurtit e kan\u00eb degraduar ekonomin\u00eb, kemi rritje t\u00eb importeve t\u00eb mallrave serbe\",\"isPartOf\":{\"@id\":\"https:\/\/permbledhja.com\/#website\"},\"datePublished\":\"2023-09-11T07:08:19+00:00\",\"dateModified\":\"2023-09-11T07:08:19+00:00\",\"breadcrumb\":{\"@id\":\"https:\/\/permbledhja.com\/deputeti-i-pdk-se-politikat-e-kurtit-e-kane-degraduar-ekonomine-kemi-rritje-te-importeve-te-mallrave-serbe\/#breadcrumb\"},\"inLanguage\":\"sq\",\"potentialAction\":[{\"@type\":\"ReadAction\",\"target\":[\"https:\/\/permbledhja.com\/deputeti-i-pdk-se-politikat-e-kurtit-e-kane-degraduar-ekonomine-kemi-rritje-te-importeve-te-mallrave-serbe\/\"]}]},{\"@type\":\"BreadcrumbList\",\"@id\":\"https:\/\/permbledhja.com\/deputeti-i-pdk-se-politikat-e-kurtit-e-kane-degraduar-ekonomine-kemi-rritje-te-importeve-te-mallrave-serbe\/#breadcrumb\",\"itemListElement\":[{\"@type\":\"ListItem\",\"position\":1,\"name\":\"Ballina\",\"item\":\"https:\/\/permbledhja.com\/sq\/\"},{\"@type\":\"ListItem\",\"position\":2,\"name\":\"Deputeti i PDK-s\u00eb: Politikat e Kurtit e kan\u00eb degraduar ekonomin\u00eb, kemi rritje t\u00eb importeve t\u00eb mallrave serbe\"}]},{\"@type\":\"WebSite\",\"@id\":\"https:\/\/permbledhja.com\/#website\",\"url\":\"https:\/\/permbledhja.com\/\",\"name\":\"Ve\u00e7 artikuj p\u00ebrmbledh\u00ebs\",\"description\":\"\",\"publisher\":{\"@id\":\"https:\/\/permbledhja.com\/#organization\"},\"potentialAction\":[{\"@type\":\"SearchAction\",\"target\":{\"@type\":\"EntryPoint\",\"urlTemplate\":\"https:\/\/permbledhja.com\/?s={search_term_string}\"},\"query-input\":\"required name=search_term_string\"}],\"inLanguage\":\"sq\"},{\"@type\":\"Organization\",\"@id\":\"https:\/\/permbledhja.com\/#organization\",\"name\":\"MK Media & Pr\",\"url\":\"https:\/\/permbledhja.com\/\",\"logo\":{\"@type\":\"ImageObject\",\"inLanguage\":\"sq\",\"@id\":\"https:\/\/permbledhja.com\/#\/schema\/logo\/image\/\",\"url\":\"https:\/\/permbledhja.com\/wp-content\/uploads\/2021\/12\/07-Press-Logo.jpg\",\"contentUrl\":\"https:\/\/permbledhja.com\/wp-content\/uploads\/2021\/12\/07-Press-Logo.jpg\",\"width\":512,\"height\":512,\"caption\":\"MK Media & Pr\"},\"image\":{\"@id\":\"https:\/\/permbledhja.com\/#\/schema\/logo\/image\/\"},\"sameAs\":[\"https:\/\/www.facebook.com\/press07\/\"]},{\"@type\":\"Person\",\"@id\":\"https:\/\/permbledhja.com\/#\/schema\/person\/d23f13f59b5722643933d6780783acf3\",\"name\":\"M M\",\"image\":{\"@type\":\"ImageObject\",\"inLanguage\":\"sq\",\"@id\":\"https:\/\/permbledhja.com\/#\/schema\/person\/image\/\",\"url\":\"https:\/\/secure.gravatar.com\/avatar\/e2835a76ca7c31a2416b2d51c4ec9a8f?s=96&d=mm&r=g\",\"contentUrl\":\"https:\/\/secure.gravatar.com\/avatar\/e2835a76ca7c31a2416b2d51c4ec9a8f?s=96&d=mm&r=g\",\"caption\":\"M M\"},\"sameAs\":[\"http:\/\/MM\"],\"url\":\"https:\/\/permbledhja.com\/sq\/author\/muhamet\/\"}]}<\/script>\n<!-- \/ Yoast SEO plugin. -->","yoast_head_json":{"title":"Deputeti i PDK-s\u00eb: Politikat e Kurtit e kan\u00eb degraduar ekonomin\u00eb, kemi rritje t\u00eb importeve t\u00eb mallrave serbe","robots":{"index":"index","follow":"follow","max-snippet":"max-snippet:-1","max-image-preview":"max-image-preview:large","max-video-preview":"max-video-preview:-1"},"canonical":"https:\/\/permbledhja.com\/sq\/deputeti-i-pdk-se-politikat-e-kurtit-e-kane-degraduar-ekonomine-kemi-rritje-te-importeve-te-mallrave-serbe\/","og_locale":"sq_AL","og_type":"article","og_title":"Deputeti i PDK-s\u00eb: Politikat e Kurtit e kan\u00eb degraduar ekonomin\u00eb, kemi rritje t\u00eb importeve t\u00eb mallrave serbe","og_description":"\u00c7mimet kan\u00eb p\u00ebsuar rritje n\u00eb \u00e7do sektor\u00eb. Jeta \u00ebsht\u00eb v\u00ebshtir\u00ebsuar p\u00ebr shum\u00eb familje koh\u00ebve t\u00eb fundit si shkak i \u00e7mimeve t\u00eb larta. Agjencia e Statistikave t\u00eb Kosov\u00ebs ka b\u00ebr\u00eb t\u00eb ditur s\u00eb n\u00eb muajin qershor n\u00eb shumic\u00ebn e produkteve baz\u00eb \u00ebsht\u00eb sh\u00ebnuar rritje e \u00e7mimeve prej 2.8 p\u00ebr qind krahasuar me muajin qershor t\u00eb vitit [&hellip;]","og_url":"https:\/\/permbledhja.com\/sq\/deputeti-i-pdk-se-politikat-e-kurtit-e-kane-degraduar-ekonomine-kemi-rritje-te-importeve-te-mallrave-serbe\/","og_site_name":"Ve\u00e7 artikuj p\u00ebrmbledh\u00ebs","article_publisher":"https:\/\/www.facebook.com\/press07\/","article_published_time":"2023-09-11T07:08:19+00:00","og_image":[{"width":696,"height":348,"url":"https:\/\/permbledhja.com\/wp-content\/uploads\/2023\/09\/ferat-696x348-1.jpg","type":"image\/jpeg"}],"author":"M M","twitter_card":"summary_large_image","twitter_misc":{"Written by":"M M","Est. reading time":"3 minuta"},"schema":{"@context":"https:\/\/schema.org","@graph":[{"@type":"Article","@id":"https:\/\/permbledhja.com\/deputeti-i-pdk-se-politikat-e-kurtit-e-kane-degraduar-ekonomine-kemi-rritje-te-importeve-te-mallrave-serbe\/#article","isPartOf":{"@id":"https:\/\/permbledhja.com\/deputeti-i-pdk-se-politikat-e-kurtit-e-kane-degraduar-ekonomine-kemi-rritje-te-importeve-te-mallrave-serbe\/"},"author":{"name":"M M","@id":"https:\/\/permbledhja.com\/#\/schema\/person\/d23f13f59b5722643933d6780783acf3"},"headline":"Deputeti i PDK-s\u00eb: Politikat e Kurtit e kan\u00eb degraduar ekonomin\u00eb, kemi rritje t\u00eb importeve t\u00eb mallrave serbe","datePublished":"2023-09-11T07:08:19+00:00","dateModified":"2023-09-11T07:08:19+00:00","mainEntityOfPage":{"@id":"https:\/\/permbledhja.com\/deputeti-i-pdk-se-politikat-e-kurtit-e-kane-degraduar-ekonomine-kemi-rritje-te-importeve-te-mallrave-serbe\/"},"wordCount":463,"publisher":{"@id":"https:\/\/permbledhja.com\/#organization"},"keywords":["Ferat Shala"],"articleSection":["Komb\u00ebtare","Lajme"],"inLanguage":"sq"},{"@type":"WebPage","@id":"https:\/\/permbledhja.com\/deputeti-i-pdk-se-politikat-e-kurtit-e-kane-degraduar-ekonomine-kemi-rritje-te-importeve-te-mallrave-serbe\/","url":"https:\/\/permbledhja.com\/deputeti-i-pdk-se-politikat-e-kurtit-e-kane-degraduar-ekonomine-kemi-rritje-te-importeve-te-mallrave-serbe\/","name":"Deputeti i PDK-s\u00eb: Politikat e Kurtit e kan\u00eb degraduar ekonomin\u00eb, kemi rritje t\u00eb importeve t\u00eb mallrave serbe","isPartOf":{"@id":"https:\/\/permbledhja.com\/#website"},"datePublished":"2023-09-11T07:08:19+00:00","dateModified":"2023-09-11T07:08:19+00:00","breadcrumb":{"@id":"https:\/\/permbledhja.com\/deputeti-i-pdk-se-politikat-e-kurtit-e-kane-degraduar-ekonomine-kemi-rritje-te-importeve-te-mallrave-serbe\/#breadcrumb"},"inLanguage":"sq","potentialAction":[{"@type":"ReadAction","target":["https:\/\/permbledhja.com\/deputeti-i-pdk-se-politikat-e-kurtit-e-kane-degraduar-ekonomine-kemi-rritje-te-importeve-te-mallrave-serbe\/"]}]},{"@type":"BreadcrumbList","@id":"https:\/\/permbledhja.com\/deputeti-i-pdk-se-politikat-e-kurtit-e-kane-degraduar-ekonomine-kemi-rritje-te-importeve-te-mallrave-serbe\/#breadcrumb","itemListElement":[{"@type":"ListItem","position":1,"name":"Ballina","item":"https:\/\/permbledhja.com\/sq\/"},{"@type":"ListItem","position":2,"name":"Deputeti i PDK-s\u00eb: Politikat e Kurtit e kan\u00eb degraduar ekonomin\u00eb, kemi rritje t\u00eb importeve t\u00eb mallrave serbe"}]},{"@type":"WebSite","@id":"https:\/\/permbledhja.com\/#website","url":"https:\/\/permbledhja.com\/","name":"Ve\u00e7 artikuj p\u00ebrmbledh\u00ebs","description":"","publisher":{"@id":"https:\/\/permbledhja.com\/#organization"},"potentialAction":[{"@type":"SearchAction","target":{"@type":"EntryPoint","urlTemplate":"https:\/\/permbledhja.com\/?s={search_term_string}"},"query-input":"required name=search_term_string"}],"inLanguage":"sq"},{"@type":"Organization","@id":"https:\/\/permbledhja.com\/#organization","name":"MK Media & Pr","url":"https:\/\/permbledhja.com\/","logo":{"@type":"ImageObject","inLanguage":"sq","@id":"https:\/\/permbledhja.com\/#\/schema\/logo\/image\/","url":"https:\/\/permbledhja.com\/wp-content\/uploads\/2021\/12\/07-Press-Logo.jpg","contentUrl":"https:\/\/permbledhja.com\/wp-content\/uploads\/2021\/12\/07-Press-Logo.jpg","width":512,"height":512,"caption":"MK Media & Pr"},"image":{"@id":"https:\/\/permbledhja.com\/#\/schema\/logo\/image\/"},"sameAs":["https:\/\/www.facebook.com\/press07\/"]},{"@type":"Person","@id":"https:\/\/permbledhja.com\/#\/schema\/person\/d23f13f59b5722643933d6780783acf3","name":"M M","image":{"@type":"ImageObject","inLanguage":"sq","@id":"https:\/\/permbledhja.com\/#\/schema\/person\/image\/","url":"https:\/\/secure.gravatar.com\/avatar\/e2835a76ca7c31a2416b2d51c4ec9a8f?s=96&d=mm&r=g","contentUrl":"https:\/\/secure.gravatar.com\/avatar\/e2835a76ca7c31a2416b2d51c4ec9a8f?s=96&d=mm&r=g","caption":"M M"},"sameAs":["http:\/\/MM"],"url":"https:\/\/permbledhja.com\/sq\/author\/muhamet\/"}]}},"_links":{"self":[{"href":"https:\/\/permbledhja.com\/sq\/wp-json\/wp\/v2\/posts\/26425"}],"collection":[{"href":"https:\/\/permbledhja.com\/sq\/wp-json\/wp\/v2\/posts"}],"about":[{"href":"https:\/\/permbledhja.com\/sq\/wp-json\/wp\/v2\/types\/post"}],"author":[{"embeddable":true,"href":"https:\/\/permbledhja.com\/sq\/wp-json\/wp\/v2\/users\/2"}],"replies":[{"embeddable":true,"href":"https:\/\/permbledhja.com\/sq\/wp-json\/wp\/v2\/comments?post=26425"}],"version-history":[{"count":1,"href":"https:\/\/permbledhja.com\/sq\/wp-json\/wp\/v2\/posts\/26425\/revisions"}],"predecessor-version":[{"id":26427,"href":"https:\/\/permbledhja.com\/sq\/wp-json\/wp\/v2\/posts\/26425\/revisions\/26427"}],"wp:featuredmedia":[{"embeddable":true,"href":"https:\/\/permbledhja.com\/sq\/wp-json\/wp\/v2\/media\/26426"}],"wp:attachment":[{"href":"https:\/\/permbledhja.com\/sq\/wp-json\/wp\/v2\/media?parent=26425"}],"wp:term":[{"taxonomy":"category","embeddable":true,"href":"https:\/\/permbledhja.com\/sq\/wp-json\/wp\/v2\/categories?post=26425"},{"taxonomy":"post_tag","embeddable":true,"href":"https:\/\/permbledhja.com\/sq\/wp-json\/wp\/v2\/tags?post=26425"}],"curies":[{"name":"wp","href":"https:\/\/api.w.org\/{rel}","templated":true}]}}