{"id":26396,"date":"2023-09-10T15:04:34","date_gmt":"2023-09-10T15:04:34","guid":{"rendered":"https:\/\/permbledhja.com\/?p=26396"},"modified":"2023-09-10T15:04:34","modified_gmt":"2023-09-10T15:04:34","slug":"shkupi-neser-mbledh-lideret-e-ballkanit-perendimor-merr-pjese-edhe-presidentja-osmani","status":"publish","type":"post","link":"https:\/\/permbledhja.com\/sq\/shkupi-neser-mbledh-lideret-e-ballkanit-perendimor-merr-pjese-edhe-presidentja-osmani\/","title":{"rendered":"Shkupi nes\u00ebr mbledh lider\u00ebt e Ballkanit Per\u00ebndimor, merr pjes\u00eb edhe presidentja Osmani"},"content":{"rendered":"<h3>Nes\u00ebr n\u00eb Shkup t\u00eb Maqedonis\u00eb s\u00eb Veriut do t\u00eb mbahet Samiti i Krer\u00ebve t\u00eb Shteteve n\u00eb Procesin e Brdo Brijunit.<\/h3>\n<p>N\u00eb k\u00ebt\u00eb organizim merr edhe presidentja e Kosov\u00ebs Vjosa Osmani.<\/p>\n<p>Ky takim organizohet nga tri vende: Maqedonia e Veriut, Sllovenia dhe Kroacia.<\/p>\n<p>Aty lider\u00ebt pritet q\u00eb ta miratojn\u00eb nj\u00eb deklarat\u00eb t\u00eb p\u00ebrbashk\u00ebt, me an\u00eb t\u00eb s\u00eb cil\u00ebs do t\u00eb evidentohen sfidat dhe prioritetet rajonale, fokusuar edhe n\u00eb integrimin vendeve t\u00eb Ballkanit n\u00eb BE.<\/p>\n<p>Vendet pjes\u00ebmarr\u00ebse jan\u00eb edhe: Shqip\u00ebria, Kosova, Serbia, Bosnj\u00eb e Hercegovina dhe Mali i Zi.<\/p>\n<p>Samiti i Brdo-Brijunit \u00ebsht\u00eb nj\u00eb organizim shum\u00ebpal\u00ebsh vjetor n\u00eb Ballkanin Per\u00ebndimor, e iniciuar n\u00eb vitin 2013 nga presidenti slloven Borut Pahor dhe ai kroat Ivo Josipoviq.<\/p>\n","protected":false},"excerpt":{"rendered":"<p>Nes\u00ebr n\u00eb Shkup t\u00eb Maqedonis\u00eb s\u00eb Veriut do t\u00eb mbahet Samiti i Krer\u00ebve t\u00eb Shteteve n\u00eb Procesin e Brdo Brijunit. N\u00eb k\u00ebt\u00eb organizim merr edhe presidentja e Kosov\u00ebs Vjosa Osmani. Ky takim organizohet nga tri vende: Maqedonia e Veriut, Sllovenia dhe Kroacia. Aty lider\u00ebt pritet q\u00eb ta miratojn\u00eb nj\u00eb deklarat\u00eb t\u00eb p\u00ebrbashk\u00ebt, me an\u00eb t\u00eb [&hellip;]<\/p>\n","protected":false},"author":1,"featured_media":26397,"comment_status":"closed","ping_status":"closed","sticky":false,"template":"","format":"standard","meta":{"_monsterinsights_skip_tracking":false,"_monsterinsights_sitenote_active":false,"_monsterinsights_sitenote_note":"","_monsterinsights_sitenote_category":0,"_uf_show_specific_survey":0,"_uf_disable_surveys":false,"footnotes":""},"categories":[1146],"tags":[163],"yoast_head":"<!-- This site is optimized with the Yoast SEO plugin v21.5 - https:\/\/yoast.com\/wordpress\/plugins\/seo\/ -->\n<title>Shkupi nes\u00ebr mbledh lider\u00ebt e Ballkanit Per\u00ebndimor, merr pjes\u00eb edhe presidentja Osmani<\/title>\n<meta name=\"robots\" content=\"index, follow, max-snippet:-1, max-image-preview:large, max-video-preview:-1\" \/>\n<link rel=\"canonical\" href=\"https:\/\/permbledhja.com\/sq\/shkupi-neser-mbledh-lideret-e-ballkanit-perendimor-merr-pjese-edhe-presidentja-osmani\/\" \/>\n<meta property=\"og:locale\" content=\"sq_AL\" \/>\n<meta property=\"og:type\" content=\"article\" \/>\n<meta property=\"og:title\" content=\"Shkupi nes\u00ebr mbledh lider\u00ebt e Ballkanit Per\u00ebndimor, merr pjes\u00eb edhe presidentja Osmani\" \/>\n<meta property=\"og:description\" content=\"Nes\u00ebr n\u00eb Shkup t\u00eb Maqedonis\u00eb s\u00eb Veriut do t\u00eb mbahet Samiti i Krer\u00ebve t\u00eb Shteteve n\u00eb Procesin e Brdo Brijunit. N\u00eb k\u00ebt\u00eb organizim merr edhe presidentja e Kosov\u00ebs Vjosa Osmani. Ky takim organizohet nga tri vende: Maqedonia e Veriut, Sllovenia dhe Kroacia. Aty lider\u00ebt pritet q\u00eb ta miratojn\u00eb nj\u00eb deklarat\u00eb t\u00eb p\u00ebrbashk\u00ebt, me an\u00eb t\u00eb [&hellip;]\" \/>\n<meta property=\"og:url\" content=\"https:\/\/permbledhja.com\/sq\/shkupi-neser-mbledh-lideret-e-ballkanit-perendimor-merr-pjese-edhe-presidentja-osmani\/\" \/>\n<meta property=\"og:site_name\" content=\"Ve\u00e7 artikuj p\u00ebrmbledh\u00ebs\" \/>\n<meta property=\"article:publisher\" content=\"https:\/\/www.facebook.com\/press07\/\" \/>\n<meta property=\"article:author\" content=\"https:\/\/www.facebook.com\/kafexhiu.muharrem\/\" \/>\n<meta property=\"article:published_time\" content=\"2023-09-10T15:04:34+00:00\" \/>\n<meta property=\"og:image\" content=\"https:\/\/permbledhja.com\/wp-content\/uploads\/2023\/09\/D368E7FF-0A25-4A05-A7BB-B3757B3C078F.jpeg\" \/>\n\t<meta property=\"og:image:width\" content=\"1159\" \/>\n\t<meta property=\"og:image:height\" content=\"926\" \/>\n\t<meta property=\"og:image:type\" content=\"image\/jpeg\" \/>\n<meta name=\"author\" content=\"P\u00ebrmbledhja\" \/>\n<meta name=\"twitter:card\" content=\"summary_large_image\" \/>\n<meta name=\"twitter:label1\" content=\"Written by\" \/>\n\t<meta name=\"twitter:data1\" content=\"P\u00ebrmbledhja\" \/>\n\t<meta name=\"twitter:label2\" content=\"Est. reading time\" \/>\n\t<meta name=\"twitter:data2\" content=\"1 minut\u00eb\" \/>\n<script type=\"application\/ld+json\" class=\"yoast-schema-graph\">{\"@context\":\"https:\/\/schema.org\",\"@graph\":[{\"@type\":\"Article\",\"@id\":\"https:\/\/permbledhja.com\/shkupi-neser-mbledh-lideret-e-ballkanit-perendimor-merr-pjese-edhe-presidentja-osmani\/#article\",\"isPartOf\":{\"@id\":\"https:\/\/permbledhja.com\/shkupi-neser-mbledh-lideret-e-ballkanit-perendimor-merr-pjese-edhe-presidentja-osmani\/\"},\"author\":{\"name\":\"P\u00ebrmbledhja\",\"@id\":\"https:\/\/permbledhja.com\/#\/schema\/person\/0d064377258d3221e50693947b9eb4fe\"},\"headline\":\"Shkupi nes\u00ebr mbledh lider\u00ebt e Ballkanit Per\u00ebndimor, merr pjes\u00eb edhe presidentja Osmani\",\"datePublished\":\"2023-09-10T15:04:34+00:00\",\"dateModified\":\"2023-09-10T15:04:34+00:00\",\"mainEntityOfPage\":{\"@id\":\"https:\/\/permbledhja.com\/shkupi-neser-mbledh-lideret-e-ballkanit-perendimor-merr-pjese-edhe-presidentja-osmani\/\"},\"wordCount\":141,\"publisher\":{\"@id\":\"https:\/\/permbledhja.com\/#organization\"},\"keywords\":[\"Vjosa Osmani\"],\"articleSection\":[\"Kryesoret\"],\"inLanguage\":\"sq\"},{\"@type\":\"WebPage\",\"@id\":\"https:\/\/permbledhja.com\/shkupi-neser-mbledh-lideret-e-ballkanit-perendimor-merr-pjese-edhe-presidentja-osmani\/\",\"url\":\"https:\/\/permbledhja.com\/shkupi-neser-mbledh-lideret-e-ballkanit-perendimor-merr-pjese-edhe-presidentja-osmani\/\",\"name\":\"Shkupi nes\u00ebr mbledh lider\u00ebt e Ballkanit Per\u00ebndimor, merr pjes\u00eb edhe presidentja Osmani\",\"isPartOf\":{\"@id\":\"https:\/\/permbledhja.com\/#website\"},\"datePublished\":\"2023-09-10T15:04:34+00:00\",\"dateModified\":\"2023-09-10T15:04:34+00:00\",\"breadcrumb\":{\"@id\":\"https:\/\/permbledhja.com\/shkupi-neser-mbledh-lideret-e-ballkanit-perendimor-merr-pjese-edhe-presidentja-osmani\/#breadcrumb\"},\"inLanguage\":\"sq\",\"potentialAction\":[{\"@type\":\"ReadAction\",\"target\":[\"https:\/\/permbledhja.com\/shkupi-neser-mbledh-lideret-e-ballkanit-perendimor-merr-pjese-edhe-presidentja-osmani\/\"]}]},{\"@type\":\"BreadcrumbList\",\"@id\":\"https:\/\/permbledhja.com\/shkupi-neser-mbledh-lideret-e-ballkanit-perendimor-merr-pjese-edhe-presidentja-osmani\/#breadcrumb\",\"itemListElement\":[{\"@type\":\"ListItem\",\"position\":1,\"name\":\"Ballina\",\"item\":\"https:\/\/permbledhja.com\/sq\/\"},{\"@type\":\"ListItem\",\"position\":2,\"name\":\"Shkupi nes\u00ebr mbledh lider\u00ebt e Ballkanit Per\u00ebndimor, merr pjes\u00eb edhe presidentja Osmani\"}]},{\"@type\":\"WebSite\",\"@id\":\"https:\/\/permbledhja.com\/#website\",\"url\":\"https:\/\/permbledhja.com\/\",\"name\":\"Ve\u00e7 artikuj p\u00ebrmbledh\u00ebs\",\"description\":\"\",\"publisher\":{\"@id\":\"https:\/\/permbledhja.com\/#organization\"},\"potentialAction\":[{\"@type\":\"SearchAction\",\"target\":{\"@type\":\"EntryPoint\",\"urlTemplate\":\"https:\/\/permbledhja.com\/?s={search_term_string}\"},\"query-input\":\"required name=search_term_string\"}],\"inLanguage\":\"sq\"},{\"@type\":\"Organization\",\"@id\":\"https:\/\/permbledhja.com\/#organization\",\"name\":\"MK Media & Pr\",\"url\":\"https:\/\/permbledhja.com\/\",\"logo\":{\"@type\":\"ImageObject\",\"inLanguage\":\"sq\",\"@id\":\"https:\/\/permbledhja.com\/#\/schema\/logo\/image\/\",\"url\":\"https:\/\/permbledhja.com\/wp-content\/uploads\/2021\/12\/07-Press-Logo.jpg\",\"contentUrl\":\"https:\/\/permbledhja.com\/wp-content\/uploads\/2021\/12\/07-Press-Logo.jpg\",\"width\":512,\"height\":512,\"caption\":\"MK Media & Pr\"},\"image\":{\"@id\":\"https:\/\/permbledhja.com\/#\/schema\/logo\/image\/\"},\"sameAs\":[\"https:\/\/www.facebook.com\/press07\/\"]},{\"@type\":\"Person\",\"@id\":\"https:\/\/permbledhja.com\/#\/schema\/person\/0d064377258d3221e50693947b9eb4fe\",\"name\":\"P\u00ebrmbledhja\",\"image\":{\"@type\":\"ImageObject\",\"inLanguage\":\"sq\",\"@id\":\"https:\/\/permbledhja.com\/#\/schema\/person\/image\/\",\"url\":\"https:\/\/permbledhja.com\/wp-content\/uploads\/2026\/01\/452004717_1040944174702970_8932037511805513407_n-96x96.jpg\",\"contentUrl\":\"https:\/\/permbledhja.com\/wp-content\/uploads\/2026\/01\/452004717_1040944174702970_8932037511805513407_n-96x96.jpg\",\"caption\":\"P\u00ebrmbledhja\"},\"sameAs\":[\"https:\/\/www.facebook.com\/kafexhiu.muharrem\/\",\"https:\/\/www.instagram.com\/muharrem_kafexhiu\/\"],\"url\":\"https:\/\/permbledhja.com\/sq\/author\/admin\/\"}]}<\/script>\n<!-- \/ Yoast SEO plugin. -->","yoast_head_json":{"title":"Shkupi nes\u00ebr mbledh lider\u00ebt e Ballkanit Per\u00ebndimor, merr pjes\u00eb edhe presidentja Osmani","robots":{"index":"index","follow":"follow","max-snippet":"max-snippet:-1","max-image-preview":"max-image-preview:large","max-video-preview":"max-video-preview:-1"},"canonical":"https:\/\/permbledhja.com\/sq\/shkupi-neser-mbledh-lideret-e-ballkanit-perendimor-merr-pjese-edhe-presidentja-osmani\/","og_locale":"sq_AL","og_type":"article","og_title":"Shkupi nes\u00ebr mbledh lider\u00ebt e Ballkanit Per\u00ebndimor, merr pjes\u00eb edhe presidentja Osmani","og_description":"Nes\u00ebr n\u00eb Shkup t\u00eb Maqedonis\u00eb s\u00eb Veriut do t\u00eb mbahet Samiti i Krer\u00ebve t\u00eb Shteteve n\u00eb Procesin e Brdo Brijunit. N\u00eb k\u00ebt\u00eb organizim merr edhe presidentja e Kosov\u00ebs Vjosa Osmani. Ky takim organizohet nga tri vende: Maqedonia e Veriut, Sllovenia dhe Kroacia. Aty lider\u00ebt pritet q\u00eb ta miratojn\u00eb nj\u00eb deklarat\u00eb t\u00eb p\u00ebrbashk\u00ebt, me an\u00eb t\u00eb [&hellip;]","og_url":"https:\/\/permbledhja.com\/sq\/shkupi-neser-mbledh-lideret-e-ballkanit-perendimor-merr-pjese-edhe-presidentja-osmani\/","og_site_name":"Ve\u00e7 artikuj p\u00ebrmbledh\u00ebs","article_publisher":"https:\/\/www.facebook.com\/press07\/","article_author":"https:\/\/www.facebook.com\/kafexhiu.muharrem\/","article_published_time":"2023-09-10T15:04:34+00:00","og_image":[{"width":1159,"height":926,"url":"https:\/\/permbledhja.com\/wp-content\/uploads\/2023\/09\/D368E7FF-0A25-4A05-A7BB-B3757B3C078F.jpeg","type":"image\/jpeg"}],"author":"P\u00ebrmbledhja","twitter_card":"summary_large_image","twitter_misc":{"Written by":"P\u00ebrmbledhja","Est. reading time":"1 minut\u00eb"},"schema":{"@context":"https:\/\/schema.org","@graph":[{"@type":"Article","@id":"https:\/\/permbledhja.com\/shkupi-neser-mbledh-lideret-e-ballkanit-perendimor-merr-pjese-edhe-presidentja-osmani\/#article","isPartOf":{"@id":"https:\/\/permbledhja.com\/shkupi-neser-mbledh-lideret-e-ballkanit-perendimor-merr-pjese-edhe-presidentja-osmani\/"},"author":{"name":"P\u00ebrmbledhja","@id":"https:\/\/permbledhja.com\/#\/schema\/person\/0d064377258d3221e50693947b9eb4fe"},"headline":"Shkupi nes\u00ebr mbledh lider\u00ebt e Ballkanit Per\u00ebndimor, merr pjes\u00eb edhe presidentja Osmani","datePublished":"2023-09-10T15:04:34+00:00","dateModified":"2023-09-10T15:04:34+00:00","mainEntityOfPage":{"@id":"https:\/\/permbledhja.com\/shkupi-neser-mbledh-lideret-e-ballkanit-perendimor-merr-pjese-edhe-presidentja-osmani\/"},"wordCount":141,"publisher":{"@id":"https:\/\/permbledhja.com\/#organization"},"keywords":["Vjosa Osmani"],"articleSection":["Kryesoret"],"inLanguage":"sq"},{"@type":"WebPage","@id":"https:\/\/permbledhja.com\/shkupi-neser-mbledh-lideret-e-ballkanit-perendimor-merr-pjese-edhe-presidentja-osmani\/","url":"https:\/\/permbledhja.com\/shkupi-neser-mbledh-lideret-e-ballkanit-perendimor-merr-pjese-edhe-presidentja-osmani\/","name":"Shkupi nes\u00ebr mbledh lider\u00ebt e Ballkanit Per\u00ebndimor, merr pjes\u00eb edhe presidentja Osmani","isPartOf":{"@id":"https:\/\/permbledhja.com\/#website"},"datePublished":"2023-09-10T15:04:34+00:00","dateModified":"2023-09-10T15:04:34+00:00","breadcrumb":{"@id":"https:\/\/permbledhja.com\/shkupi-neser-mbledh-lideret-e-ballkanit-perendimor-merr-pjese-edhe-presidentja-osmani\/#breadcrumb"},"inLanguage":"sq","potentialAction":[{"@type":"ReadAction","target":["https:\/\/permbledhja.com\/shkupi-neser-mbledh-lideret-e-ballkanit-perendimor-merr-pjese-edhe-presidentja-osmani\/"]}]},{"@type":"BreadcrumbList","@id":"https:\/\/permbledhja.com\/shkupi-neser-mbledh-lideret-e-ballkanit-perendimor-merr-pjese-edhe-presidentja-osmani\/#breadcrumb","itemListElement":[{"@type":"ListItem","position":1,"name":"Ballina","item":"https:\/\/permbledhja.com\/sq\/"},{"@type":"ListItem","position":2,"name":"Shkupi nes\u00ebr mbledh lider\u00ebt e Ballkanit Per\u00ebndimor, merr pjes\u00eb edhe presidentja Osmani"}]},{"@type":"WebSite","@id":"https:\/\/permbledhja.com\/#website","url":"https:\/\/permbledhja.com\/","name":"Ve\u00e7 artikuj p\u00ebrmbledh\u00ebs","description":"","publisher":{"@id":"https:\/\/permbledhja.com\/#organization"},"potentialAction":[{"@type":"SearchAction","target":{"@type":"EntryPoint","urlTemplate":"https:\/\/permbledhja.com\/?s={search_term_string}"},"query-input":"required name=search_term_string"}],"inLanguage":"sq"},{"@type":"Organization","@id":"https:\/\/permbledhja.com\/#organization","name":"MK Media & Pr","url":"https:\/\/permbledhja.com\/","logo":{"@type":"ImageObject","inLanguage":"sq","@id":"https:\/\/permbledhja.com\/#\/schema\/logo\/image\/","url":"https:\/\/permbledhja.com\/wp-content\/uploads\/2021\/12\/07-Press-Logo.jpg","contentUrl":"https:\/\/permbledhja.com\/wp-content\/uploads\/2021\/12\/07-Press-Logo.jpg","width":512,"height":512,"caption":"MK Media & Pr"},"image":{"@id":"https:\/\/permbledhja.com\/#\/schema\/logo\/image\/"},"sameAs":["https:\/\/www.facebook.com\/press07\/"]},{"@type":"Person","@id":"https:\/\/permbledhja.com\/#\/schema\/person\/0d064377258d3221e50693947b9eb4fe","name":"P\u00ebrmbledhja","image":{"@type":"ImageObject","inLanguage":"sq","@id":"https:\/\/permbledhja.com\/#\/schema\/person\/image\/","url":"https:\/\/permbledhja.com\/wp-content\/uploads\/2026\/01\/452004717_1040944174702970_8932037511805513407_n-96x96.jpg","contentUrl":"https:\/\/permbledhja.com\/wp-content\/uploads\/2026\/01\/452004717_1040944174702970_8932037511805513407_n-96x96.jpg","caption":"P\u00ebrmbledhja"},"sameAs":["https:\/\/www.facebook.com\/kafexhiu.muharrem\/","https:\/\/www.instagram.com\/muharrem_kafexhiu\/"],"url":"https:\/\/permbledhja.com\/sq\/author\/admin\/"}]}},"_links":{"self":[{"href":"https:\/\/permbledhja.com\/sq\/wp-json\/wp\/v2\/posts\/26396"}],"collection":[{"href":"https:\/\/permbledhja.com\/sq\/wp-json\/wp\/v2\/posts"}],"about":[{"href":"https:\/\/permbledhja.com\/sq\/wp-json\/wp\/v2\/types\/post"}],"author":[{"embeddable":true,"href":"https:\/\/permbledhja.com\/sq\/wp-json\/wp\/v2\/users\/1"}],"replies":[{"embeddable":true,"href":"https:\/\/permbledhja.com\/sq\/wp-json\/wp\/v2\/comments?post=26396"}],"version-history":[{"count":1,"href":"https:\/\/permbledhja.com\/sq\/wp-json\/wp\/v2\/posts\/26396\/revisions"}],"predecessor-version":[{"id":26398,"href":"https:\/\/permbledhja.com\/sq\/wp-json\/wp\/v2\/posts\/26396\/revisions\/26398"}],"wp:featuredmedia":[{"embeddable":true,"href":"https:\/\/permbledhja.com\/sq\/wp-json\/wp\/v2\/media\/26397"}],"wp:attachment":[{"href":"https:\/\/permbledhja.com\/sq\/wp-json\/wp\/v2\/media?parent=26396"}],"wp:term":[{"taxonomy":"category","embeddable":true,"href":"https:\/\/permbledhja.com\/sq\/wp-json\/wp\/v2\/categories?post=26396"},{"taxonomy":"post_tag","embeddable":true,"href":"https:\/\/permbledhja.com\/sq\/wp-json\/wp\/v2\/tags?post=26396"}],"curies":[{"name":"wp","href":"https:\/\/api.w.org\/{rel}","templated":true}]}}