{"id":26348,"date":"2023-09-10T09:55:54","date_gmt":"2023-09-10T09:55:54","guid":{"rendered":"https:\/\/permbledhja.com\/?p=26348"},"modified":"2023-09-10T09:55:54","modified_gmt":"2023-09-10T09:55:54","slug":"xhaka-publikon-fotografi-emocionuese-ndjenje-e-jashtezakonshme-te-kthehem-ne-prishtine","status":"publish","type":"post","link":"https:\/\/permbledhja.com\/sq\/xhaka-publikon-fotografi-emocionuese-ndjenje-e-jashtezakonshme-te-kthehem-ne-prishtine\/","title":{"rendered":"Xhaka publikon fotografi emocionuese: Ndjenj\u00eb e jasht\u00ebzakonshme t\u00eb kthehem n\u00eb Prishtin\u00eb"},"content":{"rendered":"<h3>Kosova barazoi 2:2 dje me Zvicr\u00ebn n\u00eb stadiumin \u201cFadil Vokrri\u201d n\u00eb ndeshjen e vlefshme p\u00ebr kualifikim n\u00eb Kampionatin Evropian.<\/h3>\n<p>Pjes\u00eb e ekipit t\u00eb Zvicr\u00ebs ishin edhe Granit Xhaka, Xherdan Shaqiri, Ardon Jashari e Uran Bislimi, q\u00eb t\u00eb kat\u00ebr me prejardhje shqiptare.<\/p>\n<p>E kapiteni i Zvicr\u00ebs, Granit Xhaka ka reaguar edhe n\u00eb profilin e tij n\u00eb Instagram.<\/p>\n<p>Ai publikoi dy foto t\u00eb periudhave t\u00eb ndryshme n\u00eb Prishtin\u00eb. E para n\u00eb vitin 2005 s\u00eb bashku me v\u00ebllain e tij t\u00eb madh, Taulant Xhak\u00ebn dhe tjetra e b\u00ebr\u00eb mbr\u00ebm\u00eb.<\/p>\n<p>\u201cNdjenj\u00eb e jasht\u00ebzakonshme t\u00eb kthehem n\u00eb Prishtin\u00eb\u201d, shkroi Xhaka.<\/p>\n<p>&nbsp;<\/p>\n<p><img loading=\"lazy\" decoding=\"async\" class=\"alignnone  wp-image-26350\" src=\"https:\/\/permbledhja.com\/wp-content\/uploads\/2023\/09\/image-94-300x191.webp\" alt=\"\" width=\"646\" height=\"411\" srcset=\"https:\/\/permbledhja.com\/wp-content\/uploads\/2023\/09\/image-94-300x191.webp 300w, https:\/\/permbledhja.com\/wp-content\/uploads\/2023\/09\/image-94-768x490.webp 768w, https:\/\/permbledhja.com\/wp-content\/uploads\/2023\/09\/image-94-18x12.webp 18w, https:\/\/permbledhja.com\/wp-content\/uploads\/2023\/09\/image-94.webp 940w\" sizes=\"(max-width: 646px) 100vw, 646px\" \/><\/p>\n","protected":false},"excerpt":{"rendered":"<p>Kosova barazoi 2:2 dje me Zvicr\u00ebn n\u00eb stadiumin \u201cFadil Vokrri\u201d n\u00eb ndeshjen e vlefshme p\u00ebr kualifikim n\u00eb Kampionatin Evropian. Pjes\u00eb e ekipit t\u00eb Zvicr\u00ebs ishin edhe Granit Xhaka, Xherdan Shaqiri, Ardon Jashari e Uran Bislimi, q\u00eb t\u00eb kat\u00ebr me prejardhje shqiptare. E kapiteni i Zvicr\u00ebs, Granit Xhaka ka reaguar edhe n\u00eb profilin e tij n\u00eb [&hellip;]<\/p>\n","protected":false},"author":2,"featured_media":26351,"comment_status":"closed","ping_status":"closed","sticky":false,"template":"","format":"standard","meta":{"_monsterinsights_skip_tracking":false,"_monsterinsights_sitenote_active":false,"_monsterinsights_sitenote_note":"","_monsterinsights_sitenote_category":0,"_uf_show_specific_survey":0,"_uf_disable_surveys":false,"footnotes":""},"categories":[6],"tags":[1189],"yoast_head":"<!-- This site is optimized with the Yoast SEO plugin v21.5 - https:\/\/yoast.com\/wordpress\/plugins\/seo\/ -->\n<title>Xhaka publikon fotografi emocionuese: Ndjenj\u00eb e jasht\u00ebzakonshme t\u00eb kthehem n\u00eb Prishtin\u00eb<\/title>\n<meta name=\"robots\" content=\"index, follow, max-snippet:-1, max-image-preview:large, max-video-preview:-1\" \/>\n<link rel=\"canonical\" href=\"https:\/\/permbledhja.com\/sq\/xhaka-publikon-fotografi-emocionuese-ndjenje-e-jashtezakonshme-te-kthehem-ne-prishtine\/\" \/>\n<meta property=\"og:locale\" content=\"sq_AL\" \/>\n<meta property=\"og:type\" content=\"article\" \/>\n<meta property=\"og:title\" content=\"Xhaka publikon fotografi emocionuese: Ndjenj\u00eb e jasht\u00ebzakonshme t\u00eb kthehem n\u00eb Prishtin\u00eb\" \/>\n<meta property=\"og:description\" content=\"Kosova barazoi 2:2 dje me Zvicr\u00ebn n\u00eb stadiumin \u201cFadil Vokrri\u201d n\u00eb ndeshjen e vlefshme p\u00ebr kualifikim n\u00eb Kampionatin Evropian. Pjes\u00eb e ekipit t\u00eb Zvicr\u00ebs ishin edhe Granit Xhaka, Xherdan Shaqiri, Ardon Jashari e Uran Bislimi, q\u00eb t\u00eb kat\u00ebr me prejardhje shqiptare. E kapiteni i Zvicr\u00ebs, Granit Xhaka ka reaguar edhe n\u00eb profilin e tij n\u00eb [&hellip;]\" \/>\n<meta property=\"og:url\" content=\"https:\/\/permbledhja.com\/sq\/xhaka-publikon-fotografi-emocionuese-ndjenje-e-jashtezakonshme-te-kthehem-ne-prishtine\/\" \/>\n<meta property=\"og:site_name\" content=\"Ve\u00e7 artikuj p\u00ebrmbledh\u00ebs\" \/>\n<meta property=\"article:publisher\" content=\"https:\/\/www.facebook.com\/press07\/\" \/>\n<meta property=\"article:published_time\" content=\"2023-09-10T09:55:54+00:00\" \/>\n<meta property=\"og:image\" content=\"https:\/\/permbledhja.com\/wp-content\/uploads\/2023\/09\/Capture-2.jpg\" \/>\n\t<meta property=\"og:image:width\" content=\"901\" \/>\n\t<meta property=\"og:image:height\" content=\"679\" \/>\n\t<meta property=\"og:image:type\" content=\"image\/jpeg\" \/>\n<meta name=\"author\" content=\"M M\" \/>\n<meta name=\"twitter:card\" content=\"summary_large_image\" \/>\n<meta name=\"twitter:label1\" content=\"Written by\" \/>\n\t<meta name=\"twitter:data1\" content=\"M M\" \/>\n\t<meta name=\"twitter:label2\" content=\"Est. reading time\" \/>\n\t<meta name=\"twitter:data2\" content=\"1 minut\u00eb\" \/>\n<script type=\"application\/ld+json\" class=\"yoast-schema-graph\">{\"@context\":\"https:\/\/schema.org\",\"@graph\":[{\"@type\":\"Article\",\"@id\":\"https:\/\/permbledhja.com\/xhaka-publikon-fotografi-emocionuese-ndjenje-e-jashtezakonshme-te-kthehem-ne-prishtine\/#article\",\"isPartOf\":{\"@id\":\"https:\/\/permbledhja.com\/xhaka-publikon-fotografi-emocionuese-ndjenje-e-jashtezakonshme-te-kthehem-ne-prishtine\/\"},\"author\":{\"name\":\"M M\",\"@id\":\"https:\/\/permbledhja.com\/#\/schema\/person\/d23f13f59b5722643933d6780783acf3\"},\"headline\":\"Xhaka publikon fotografi emocionuese: Ndjenj\u00eb e jasht\u00ebzakonshme t\u00eb kthehem n\u00eb Prishtin\u00eb\",\"datePublished\":\"2023-09-10T09:55:54+00:00\",\"dateModified\":\"2023-09-10T09:55:54+00:00\",\"mainEntityOfPage\":{\"@id\":\"https:\/\/permbledhja.com\/xhaka-publikon-fotografi-emocionuese-ndjenje-e-jashtezakonshme-te-kthehem-ne-prishtine\/\"},\"wordCount\":116,\"publisher\":{\"@id\":\"https:\/\/permbledhja.com\/#organization\"},\"keywords\":[\"Granit Xhaka\"],\"articleSection\":[\"Sport\"],\"inLanguage\":\"sq\"},{\"@type\":\"WebPage\",\"@id\":\"https:\/\/permbledhja.com\/xhaka-publikon-fotografi-emocionuese-ndjenje-e-jashtezakonshme-te-kthehem-ne-prishtine\/\",\"url\":\"https:\/\/permbledhja.com\/xhaka-publikon-fotografi-emocionuese-ndjenje-e-jashtezakonshme-te-kthehem-ne-prishtine\/\",\"name\":\"Xhaka publikon fotografi emocionuese: Ndjenj\u00eb e jasht\u00ebzakonshme t\u00eb kthehem n\u00eb Prishtin\u00eb\",\"isPartOf\":{\"@id\":\"https:\/\/permbledhja.com\/#website\"},\"datePublished\":\"2023-09-10T09:55:54+00:00\",\"dateModified\":\"2023-09-10T09:55:54+00:00\",\"breadcrumb\":{\"@id\":\"https:\/\/permbledhja.com\/xhaka-publikon-fotografi-emocionuese-ndjenje-e-jashtezakonshme-te-kthehem-ne-prishtine\/#breadcrumb\"},\"inLanguage\":\"sq\",\"potentialAction\":[{\"@type\":\"ReadAction\",\"target\":[\"https:\/\/permbledhja.com\/xhaka-publikon-fotografi-emocionuese-ndjenje-e-jashtezakonshme-te-kthehem-ne-prishtine\/\"]}]},{\"@type\":\"BreadcrumbList\",\"@id\":\"https:\/\/permbledhja.com\/xhaka-publikon-fotografi-emocionuese-ndjenje-e-jashtezakonshme-te-kthehem-ne-prishtine\/#breadcrumb\",\"itemListElement\":[{\"@type\":\"ListItem\",\"position\":1,\"name\":\"Ballina\",\"item\":\"https:\/\/permbledhja.com\/sq\/\"},{\"@type\":\"ListItem\",\"position\":2,\"name\":\"Xhaka publikon fotografi emocionuese: Ndjenj\u00eb e jasht\u00ebzakonshme t\u00eb kthehem n\u00eb Prishtin\u00eb\"}]},{\"@type\":\"WebSite\",\"@id\":\"https:\/\/permbledhja.com\/#website\",\"url\":\"https:\/\/permbledhja.com\/\",\"name\":\"Ve\u00e7 artikuj p\u00ebrmbledh\u00ebs\",\"description\":\"\",\"publisher\":{\"@id\":\"https:\/\/permbledhja.com\/#organization\"},\"potentialAction\":[{\"@type\":\"SearchAction\",\"target\":{\"@type\":\"EntryPoint\",\"urlTemplate\":\"https:\/\/permbledhja.com\/?s={search_term_string}\"},\"query-input\":\"required name=search_term_string\"}],\"inLanguage\":\"sq\"},{\"@type\":\"Organization\",\"@id\":\"https:\/\/permbledhja.com\/#organization\",\"name\":\"MK Media & Pr\",\"url\":\"https:\/\/permbledhja.com\/\",\"logo\":{\"@type\":\"ImageObject\",\"inLanguage\":\"sq\",\"@id\":\"https:\/\/permbledhja.com\/#\/schema\/logo\/image\/\",\"url\":\"https:\/\/permbledhja.com\/wp-content\/uploads\/2021\/12\/07-Press-Logo.jpg\",\"contentUrl\":\"https:\/\/permbledhja.com\/wp-content\/uploads\/2021\/12\/07-Press-Logo.jpg\",\"width\":512,\"height\":512,\"caption\":\"MK Media & Pr\"},\"image\":{\"@id\":\"https:\/\/permbledhja.com\/#\/schema\/logo\/image\/\"},\"sameAs\":[\"https:\/\/www.facebook.com\/press07\/\"]},{\"@type\":\"Person\",\"@id\":\"https:\/\/permbledhja.com\/#\/schema\/person\/d23f13f59b5722643933d6780783acf3\",\"name\":\"M M\",\"image\":{\"@type\":\"ImageObject\",\"inLanguage\":\"sq\",\"@id\":\"https:\/\/permbledhja.com\/#\/schema\/person\/image\/\",\"url\":\"https:\/\/secure.gravatar.com\/avatar\/e2835a76ca7c31a2416b2d51c4ec9a8f?s=96&d=mm&r=g\",\"contentUrl\":\"https:\/\/secure.gravatar.com\/avatar\/e2835a76ca7c31a2416b2d51c4ec9a8f?s=96&d=mm&r=g\",\"caption\":\"M M\"},\"sameAs\":[\"http:\/\/MM\"],\"url\":\"https:\/\/permbledhja.com\/sq\/author\/muhamet\/\"}]}<\/script>\n<!-- \/ Yoast SEO plugin. -->","yoast_head_json":{"title":"Xhaka publikon fotografi emocionuese: Ndjenj\u00eb e jasht\u00ebzakonshme t\u00eb kthehem n\u00eb Prishtin\u00eb","robots":{"index":"index","follow":"follow","max-snippet":"max-snippet:-1","max-image-preview":"max-image-preview:large","max-video-preview":"max-video-preview:-1"},"canonical":"https:\/\/permbledhja.com\/sq\/xhaka-publikon-fotografi-emocionuese-ndjenje-e-jashtezakonshme-te-kthehem-ne-prishtine\/","og_locale":"sq_AL","og_type":"article","og_title":"Xhaka publikon fotografi emocionuese: Ndjenj\u00eb e jasht\u00ebzakonshme t\u00eb kthehem n\u00eb Prishtin\u00eb","og_description":"Kosova barazoi 2:2 dje me Zvicr\u00ebn n\u00eb stadiumin \u201cFadil Vokrri\u201d n\u00eb ndeshjen e vlefshme p\u00ebr kualifikim n\u00eb Kampionatin Evropian. Pjes\u00eb e ekipit t\u00eb Zvicr\u00ebs ishin edhe Granit Xhaka, Xherdan Shaqiri, Ardon Jashari e Uran Bislimi, q\u00eb t\u00eb kat\u00ebr me prejardhje shqiptare. E kapiteni i Zvicr\u00ebs, Granit Xhaka ka reaguar edhe n\u00eb profilin e tij n\u00eb [&hellip;]","og_url":"https:\/\/permbledhja.com\/sq\/xhaka-publikon-fotografi-emocionuese-ndjenje-e-jashtezakonshme-te-kthehem-ne-prishtine\/","og_site_name":"Ve\u00e7 artikuj p\u00ebrmbledh\u00ebs","article_publisher":"https:\/\/www.facebook.com\/press07\/","article_published_time":"2023-09-10T09:55:54+00:00","og_image":[{"width":901,"height":679,"url":"https:\/\/permbledhja.com\/wp-content\/uploads\/2023\/09\/Capture-2.jpg","type":"image\/jpeg"}],"author":"M M","twitter_card":"summary_large_image","twitter_misc":{"Written by":"M M","Est. reading time":"1 minut\u00eb"},"schema":{"@context":"https:\/\/schema.org","@graph":[{"@type":"Article","@id":"https:\/\/permbledhja.com\/xhaka-publikon-fotografi-emocionuese-ndjenje-e-jashtezakonshme-te-kthehem-ne-prishtine\/#article","isPartOf":{"@id":"https:\/\/permbledhja.com\/xhaka-publikon-fotografi-emocionuese-ndjenje-e-jashtezakonshme-te-kthehem-ne-prishtine\/"},"author":{"name":"M M","@id":"https:\/\/permbledhja.com\/#\/schema\/person\/d23f13f59b5722643933d6780783acf3"},"headline":"Xhaka publikon fotografi emocionuese: Ndjenj\u00eb e jasht\u00ebzakonshme t\u00eb kthehem n\u00eb Prishtin\u00eb","datePublished":"2023-09-10T09:55:54+00:00","dateModified":"2023-09-10T09:55:54+00:00","mainEntityOfPage":{"@id":"https:\/\/permbledhja.com\/xhaka-publikon-fotografi-emocionuese-ndjenje-e-jashtezakonshme-te-kthehem-ne-prishtine\/"},"wordCount":116,"publisher":{"@id":"https:\/\/permbledhja.com\/#organization"},"keywords":["Granit Xhaka"],"articleSection":["Sport"],"inLanguage":"sq"},{"@type":"WebPage","@id":"https:\/\/permbledhja.com\/xhaka-publikon-fotografi-emocionuese-ndjenje-e-jashtezakonshme-te-kthehem-ne-prishtine\/","url":"https:\/\/permbledhja.com\/xhaka-publikon-fotografi-emocionuese-ndjenje-e-jashtezakonshme-te-kthehem-ne-prishtine\/","name":"Xhaka publikon fotografi emocionuese: Ndjenj\u00eb e jasht\u00ebzakonshme t\u00eb kthehem n\u00eb Prishtin\u00eb","isPartOf":{"@id":"https:\/\/permbledhja.com\/#website"},"datePublished":"2023-09-10T09:55:54+00:00","dateModified":"2023-09-10T09:55:54+00:00","breadcrumb":{"@id":"https:\/\/permbledhja.com\/xhaka-publikon-fotografi-emocionuese-ndjenje-e-jashtezakonshme-te-kthehem-ne-prishtine\/#breadcrumb"},"inLanguage":"sq","potentialAction":[{"@type":"ReadAction","target":["https:\/\/permbledhja.com\/xhaka-publikon-fotografi-emocionuese-ndjenje-e-jashtezakonshme-te-kthehem-ne-prishtine\/"]}]},{"@type":"BreadcrumbList","@id":"https:\/\/permbledhja.com\/xhaka-publikon-fotografi-emocionuese-ndjenje-e-jashtezakonshme-te-kthehem-ne-prishtine\/#breadcrumb","itemListElement":[{"@type":"ListItem","position":1,"name":"Ballina","item":"https:\/\/permbledhja.com\/sq\/"},{"@type":"ListItem","position":2,"name":"Xhaka publikon fotografi emocionuese: Ndjenj\u00eb e jasht\u00ebzakonshme t\u00eb kthehem n\u00eb Prishtin\u00eb"}]},{"@type":"WebSite","@id":"https:\/\/permbledhja.com\/#website","url":"https:\/\/permbledhja.com\/","name":"Ve\u00e7 artikuj p\u00ebrmbledh\u00ebs","description":"","publisher":{"@id":"https:\/\/permbledhja.com\/#organization"},"potentialAction":[{"@type":"SearchAction","target":{"@type":"EntryPoint","urlTemplate":"https:\/\/permbledhja.com\/?s={search_term_string}"},"query-input":"required name=search_term_string"}],"inLanguage":"sq"},{"@type":"Organization","@id":"https:\/\/permbledhja.com\/#organization","name":"MK Media & Pr","url":"https:\/\/permbledhja.com\/","logo":{"@type":"ImageObject","inLanguage":"sq","@id":"https:\/\/permbledhja.com\/#\/schema\/logo\/image\/","url":"https:\/\/permbledhja.com\/wp-content\/uploads\/2021\/12\/07-Press-Logo.jpg","contentUrl":"https:\/\/permbledhja.com\/wp-content\/uploads\/2021\/12\/07-Press-Logo.jpg","width":512,"height":512,"caption":"MK Media & Pr"},"image":{"@id":"https:\/\/permbledhja.com\/#\/schema\/logo\/image\/"},"sameAs":["https:\/\/www.facebook.com\/press07\/"]},{"@type":"Person","@id":"https:\/\/permbledhja.com\/#\/schema\/person\/d23f13f59b5722643933d6780783acf3","name":"M M","image":{"@type":"ImageObject","inLanguage":"sq","@id":"https:\/\/permbledhja.com\/#\/schema\/person\/image\/","url":"https:\/\/secure.gravatar.com\/avatar\/e2835a76ca7c31a2416b2d51c4ec9a8f?s=96&d=mm&r=g","contentUrl":"https:\/\/secure.gravatar.com\/avatar\/e2835a76ca7c31a2416b2d51c4ec9a8f?s=96&d=mm&r=g","caption":"M M"},"sameAs":["http:\/\/MM"],"url":"https:\/\/permbledhja.com\/sq\/author\/muhamet\/"}]}},"_links":{"self":[{"href":"https:\/\/permbledhja.com\/sq\/wp-json\/wp\/v2\/posts\/26348"}],"collection":[{"href":"https:\/\/permbledhja.com\/sq\/wp-json\/wp\/v2\/posts"}],"about":[{"href":"https:\/\/permbledhja.com\/sq\/wp-json\/wp\/v2\/types\/post"}],"author":[{"embeddable":true,"href":"https:\/\/permbledhja.com\/sq\/wp-json\/wp\/v2\/users\/2"}],"replies":[{"embeddable":true,"href":"https:\/\/permbledhja.com\/sq\/wp-json\/wp\/v2\/comments?post=26348"}],"version-history":[{"count":1,"href":"https:\/\/permbledhja.com\/sq\/wp-json\/wp\/v2\/posts\/26348\/revisions"}],"predecessor-version":[{"id":26352,"href":"https:\/\/permbledhja.com\/sq\/wp-json\/wp\/v2\/posts\/26348\/revisions\/26352"}],"wp:featuredmedia":[{"embeddable":true,"href":"https:\/\/permbledhja.com\/sq\/wp-json\/wp\/v2\/media\/26351"}],"wp:attachment":[{"href":"https:\/\/permbledhja.com\/sq\/wp-json\/wp\/v2\/media?parent=26348"}],"wp:term":[{"taxonomy":"category","embeddable":true,"href":"https:\/\/permbledhja.com\/sq\/wp-json\/wp\/v2\/categories?post=26348"},{"taxonomy":"post_tag","embeddable":true,"href":"https:\/\/permbledhja.com\/sq\/wp-json\/wp\/v2\/tags?post=26348"}],"curies":[{"name":"wp","href":"https:\/\/api.w.org\/{rel}","templated":true}]}}