{"id":26340,"date":"2023-09-10T09:21:00","date_gmt":"2023-09-10T09:21:00","guid":{"rendered":"https:\/\/permbledhja.com\/?p=26340"},"modified":"2023-09-10T09:21:00","modified_gmt":"2023-09-10T09:21:00","slug":"a-do-te-kete-rryme-kete-dimer-keds-me-njoftim-te-rendesishem","status":"publish","type":"post","link":"https:\/\/permbledhja.com\/sq\/a-do-te-kete-rryme-kete-dimer-keds-me-njoftim-te-rendesishem\/","title":{"rendered":"A do t\u00eb ket\u00eb rrym\u00eb k\u00ebt\u00eb dim\u00ebr? KEDS me njoftim t\u00eb r\u00ebnd\u00ebsish\u00ebm"},"content":{"rendered":"<p><strong>Pas dy vjet\u00ebsh t\u00eb paq\u00ebndruesh\u00ebm me rrym\u00eb, me rritje \u00e7mimesh e me thirrje p\u00ebr kursim, Kompania kosovare p\u00ebr Distribuimin e Energjis\u00eb Elektrike, KEDS, garanton p\u00ebr k\u00ebt\u00eb dim\u00ebr furnizim stabil.<\/strong><\/p>\n<p>P\u00ebr k\u00ebt\u00eb q\u00ebllim, KEDS-i ka b\u00ebr\u00eb investime n\u00eb rrjetin shp\u00ebrndar\u00ebs t\u00eb energjis\u00eb elektrike.<\/p>\n<p>\u201cInvestimet e realizuara garantojn\u00eb furnizim t\u00eb q\u00ebndruesh\u00ebm me energji elektrike p\u00ebr t\u00eb gjith\u00eb\u201d, thot\u00eb p\u00ebr Radion Evropa e Lir\u00eb Lulzim Krasniqi, z\u00ebdh\u00ebn\u00ebs n\u00eb k\u00ebt\u00eb kompani.<\/p>\n<p>Pushtimi i Ukrain\u00ebs nga Rusia \u2013 nj\u00eb nd\u00ebr eksportueset m\u00eb t\u00eb m\u00ebdha t\u00eb gazit natyror \u2013 ka ndikuar n\u00eb furnizimin me energji gjetiu n\u00eb bot\u00eb, sidomos n\u00eb vitin q\u00eb ka nisur, m\u00eb 2022.<\/p>\n<p>P\u00ebr rrjedhoj\u00eb ka pasur mungesa t\u00eb rrym\u00ebs dhe rritje \u00e7mimesh.<\/p>\n<p>Kosova nuk arrin t\u2019i plot\u00ebsoj\u00eb nevojat e mbi 1.7 milion banor\u00ebve t\u00eb saj me rrym\u00eb, andaj edhe importon nga bursat e huaja.<\/p>\n<p><strong>Cilat jan\u00eb kapacitetet e Kosov\u00ebs?<\/strong><\/p>\n<p>Kosova ka kapacitet t\u00eb prodhoj\u00eb rreth 800 megavate rrym\u00eb n\u00eb or\u00eb, nd\u00ebrsa nevojat e saj, n\u00eb dit\u00eb dimri, arrijn\u00eb deri n\u00eb 1.300 megavate n\u00eb or\u00eb.<\/p>\n<p>Nj\u00eb nga arsyet p\u00ebr n\u00ebnprodhim \u00ebsht\u00eb vjet\u00ebrsia me dekada e termocentraleve.<\/p>\n<p>N\u00eb nj\u00eb deklarat\u00eb dh\u00ebn\u00eb Radios Evropa e Lir\u00eb, Korporata Energjetike e Kosov\u00ebs, e cila \u00ebsht\u00eb p\u00ebrgjegj\u00ebse p\u00ebr prodhimin e energjis\u00eb elektrike, tha se aktualisht ka n\u00eb operim nj\u00ebsit\u00eb A-3 dhe A-4 t\u00eb Termocentralit Kosova A, si dhe nj\u00ebsin\u00eb B-2 t\u00eb Termocentralit Kosova B, me kapacitet prej rreth 500 megavatesh. KEK-u tha se gjat\u00eb sezonit dim\u00ebror pritet t\u00eb ket\u00eb n\u00eb operim nj\u00ebsi shtes\u00eb, me kapacitet prej rreth 760 deri n\u00eb 800 megavate.<\/p>\n<p>\u201cMegjithat\u00eb, asnj\u00ebher\u00eb nuk mund t\u00eb p\u00ebrjashtohet fakti se nj\u00ebsit\u00eb tona gjeneruese jan\u00eb t\u00eb vjetruara dhe nuk garantojn\u00eb 100 p\u00ebr qind operim t\u00eb sigurt, q\u00eb do t\u00eb thot\u00eb se edhe mund t\u00eb kemi ndonj\u00eb nd\u00ebrprerje t\u00eb prodhimit t\u00eb paplanifikuar, por jo m\u00eb gjat\u00eb se 72 or\u00eb\u201d, tha KEK-u.<\/p>\n<p>Vitin e kaluar, sipas Zyr\u00ebs s\u00eb Rregullatorit p\u00ebr Energji (ZRRE), jan\u00eb importuar mbi 750 mij\u00eb megavate energji elektrike, nd\u00ebrsa nga termocentralet e Korporat\u00ebs Energjetike t\u00eb Kosov\u00ebs jan\u00eb prodhuar rreth 6.35 milion\u00eb megavate.<\/p>\n<p>\u00c7mimi i energjis\u00eb elektrike n\u00eb burs\u00ebn hungareze HUPX, nga ku importon Kosova, ka qen\u00eb 91 euro p\u00ebr megavat, m\u00eb 9 shtator.<\/p>\n<p>P\u00ebr krahasim, n\u00eb gusht t\u00eb vitit t\u00eb kaluar ka shkuar deri n\u00eb rreth 430 euro p\u00ebr megavat, nd\u00ebrsa n\u00eb periudh\u00ebn e nj\u00ebjt\u00eb t\u00eb vitit 2021 ka qen\u00eb rreth 150 euro.<\/p>\n<p>N\u00eb KEDS thon\u00eb se nevojat p\u00ebr import do t\u00eb vazhdojn\u00eb edhe k\u00ebt\u00eb dim\u00ebr dhe se \u00e7mimet n\u00eb bursat nd\u00ebrkomb\u00ebtare \u201cdo t\u00eb jen\u00eb t\u00eb paparashikueshme\u201d.<\/p>\n<p>\u201cSe a do t\u00eb ket\u00eb rritje ose jo t\u00eb \u00e7mimit t\u00eb energjis\u00eb elektrike, kjo nuk varet nga ne, por nga tregu dhe shum\u00eb faktor\u00eb t\u00eb tjer\u00eb. Mund t\u00eb themi q\u00eb pasigurit\u00eb rreth furnizimit me gaz natyror t\u00eb Evrop\u00ebs vazhdojn\u00eb\u2026\u201d, thot\u00eb z\u00ebdh\u00ebn\u00ebsi i KEDS-it, Krasniqi.<\/p>\n<p><strong>\u00c7mimet\u2026<\/strong><\/p>\n<p>Vitin e kaluar, \u00e7mimi mestar i rrym\u00ebs p\u00ebr kategorin\u00eb e konsumator\u00ebve familjar\u00eb ka shkuar n\u00eb 6.14 euro p\u00ebr kilovat \u2013 nga 5.60 euro sa ka qen\u00eb n\u00eb vitin 2021.<\/p>\n<p>Nd\u00ebrsa, p\u00ebr konsumator\u00ebt jofamiljar\u00eb, \u00e7mimi mesatar i rrym\u00ebs n\u00eb vitin 2021 ka qen\u00eb 8.39 euro, p\u00ebr t\u00eb shkuar n\u00eb 9.27 euro n\u00eb vitin 2022.<\/p>\n<p>N\u00eb prill t\u00eb k\u00ebtij viti, \u00e7mimi \u00ebsht\u00eb rritur s\u00ebrish \u2013 p\u00ebr 15 p\u00ebr qind p\u00ebr t\u00eb gjitha kategorit\u00eb e konsumator\u00ebve.<\/p>\n<p>Krasniqi thot\u00eb se kursimi i rrym\u00ebs dhe shfryt\u00ebzimi racional i saj do t\u00eb k\u00ebrkohen edhe gjat\u00eb k\u00ebtij dimri.<\/p>\n<p>Qeveria e Kosov\u00ebs dhe mekanizmat e sektorit t\u00eb energjis\u00eb kan\u00eb k\u00ebrkuar vazhdimisht nga qytetar\u00ebt q\u00eb t\u00eb kursejn\u00eb.<\/p>\n<p>P\u00ebr q\u00ebllim kursimi, n\u00eb gusht jan\u00eb subvencionuar mbi 2.000 familje p\u00ebr izolimin e sht\u00ebpive. Projekti prej 10 milion\u00eb eurosh \u00ebsht\u00eb mb\u00ebshtetur nga Bashkimi Evropian dhe \u00ebsht\u00eb zbatuar nga Fondi i Kosov\u00ebs p\u00ebr Efi\u00e7enc\u00eb t\u00eb Energjis\u00eb.<\/p>\n<p>M\u00eb 5 shtator, Qeveria e Kosov\u00ebs ka lansuar, po ashtu, Programin p\u00ebr mbrojtjen e konsumator\u00ebve t\u00eb cenuesh\u00ebm, t\u00eb cil\u00ebt do t\u00eb subvencionohen p\u00ebr pages\u00ebn e faturave t\u00eb energjis\u00eb elektrike.<\/p>\n<p>N\u00eb k\u00ebt\u00eb kategori jan\u00eb p\u00ebrfshir\u00eb: personat me aft\u00ebsi t\u00eb kufizuara, prind\u00ebrit vetushqyes dhe pensionist\u00ebt q\u00eb jetojn\u00eb vet\u00ebm.<\/p>\n<p>\u201cN\u00ebse nj\u00eb familje ka kat\u00ebr an\u00ebtar\u00eb dhe i ka m\u00eb pak se 600 euro t\u00eb ardhura mujore mesatare, mund t\u00eb kualifikohet p\u00ebr programin\u201d, ka th\u00ebn\u00eb ministri i Financave, Pun\u00ebs dhe Transfereve, Hekuran Murati.<\/p>\n<p>Programi n\u00eb fjal\u00eb do t\u00eb jet\u00eb nj\u00ebvje\u00e7ar. \/REL<\/p>\n","protected":false},"excerpt":{"rendered":"<p>Pas dy vjet\u00ebsh t\u00eb paq\u00ebndruesh\u00ebm me rrym\u00eb, me rritje \u00e7mimesh e me thirrje p\u00ebr kursim, Kompania kosovare p\u00ebr Distribuimin e Energjis\u00eb Elektrike, KEDS, garanton p\u00ebr k\u00ebt\u00eb dim\u00ebr furnizim stabil. P\u00ebr k\u00ebt\u00eb q\u00ebllim, KEDS-i ka b\u00ebr\u00eb investime n\u00eb rrjetin shp\u00ebrndar\u00ebs t\u00eb energjis\u00eb elektrike. \u201cInvestimet e realizuara garantojn\u00eb furnizim t\u00eb q\u00ebndruesh\u00ebm me energji elektrike p\u00ebr t\u00eb gjith\u00eb\u201d, [&hellip;]<\/p>\n","protected":false},"author":2,"featured_media":26341,"comment_status":"closed","ping_status":"closed","sticky":false,"template":"","format":"standard","meta":{"_monsterinsights_skip_tracking":false,"_monsterinsights_sitenote_active":false,"_monsterinsights_sitenote_note":"","_monsterinsights_sitenote_category":0,"_uf_show_specific_survey":0,"_uf_disable_surveys":false,"footnotes":""},"categories":[23,15],"tags":[],"yoast_head":"<!-- This site is optimized with the Yoast SEO plugin v21.5 - https:\/\/yoast.com\/wordpress\/plugins\/seo\/ -->\n<title>A do t\u00eb ket\u00eb rrym\u00eb k\u00ebt\u00eb dim\u00ebr? KEDS me njoftim t\u00eb r\u00ebnd\u00ebsish\u00ebm<\/title>\n<meta name=\"robots\" content=\"index, follow, max-snippet:-1, max-image-preview:large, max-video-preview:-1\" \/>\n<link rel=\"canonical\" href=\"https:\/\/permbledhja.com\/sq\/a-do-te-kete-rryme-kete-dimer-keds-me-njoftim-te-rendesishem\/\" \/>\n<meta property=\"og:locale\" content=\"sq_AL\" \/>\n<meta property=\"og:type\" content=\"article\" \/>\n<meta property=\"og:title\" content=\"A do t\u00eb ket\u00eb rrym\u00eb k\u00ebt\u00eb dim\u00ebr? KEDS me njoftim t\u00eb r\u00ebnd\u00ebsish\u00ebm\" \/>\n<meta property=\"og:description\" content=\"Pas dy vjet\u00ebsh t\u00eb paq\u00ebndruesh\u00ebm me rrym\u00eb, me rritje \u00e7mimesh e me thirrje p\u00ebr kursim, Kompania kosovare p\u00ebr Distribuimin e Energjis\u00eb Elektrike, KEDS, garanton p\u00ebr k\u00ebt\u00eb dim\u00ebr furnizim stabil. P\u00ebr k\u00ebt\u00eb q\u00ebllim, KEDS-i ka b\u00ebr\u00eb investime n\u00eb rrjetin shp\u00ebrndar\u00ebs t\u00eb energjis\u00eb elektrike. \u201cInvestimet e realizuara garantojn\u00eb furnizim t\u00eb q\u00ebndruesh\u00ebm me energji elektrike p\u00ebr t\u00eb gjith\u00eb\u201d, [&hellip;]\" \/>\n<meta property=\"og:url\" content=\"https:\/\/permbledhja.com\/sq\/a-do-te-kete-rryme-kete-dimer-keds-me-njoftim-te-rendesishem\/\" \/>\n<meta property=\"og:site_name\" content=\"Ve\u00e7 artikuj p\u00ebrmbledh\u00ebs\" \/>\n<meta property=\"article:publisher\" content=\"https:\/\/www.facebook.com\/press07\/\" \/>\n<meta property=\"article:published_time\" content=\"2023-09-10T09:21:00+00:00\" \/>\n<meta property=\"og:image\" content=\"https:\/\/permbledhja.com\/wp-content\/uploads\/2023\/09\/kedsi.jpg\" \/>\n\t<meta property=\"og:image:width\" content=\"595\" \/>\n\t<meta property=\"og:image:height\" content=\"321\" \/>\n\t<meta property=\"og:image:type\" content=\"image\/jpeg\" \/>\n<meta name=\"author\" content=\"M M\" \/>\n<meta name=\"twitter:card\" content=\"summary_large_image\" \/>\n<meta name=\"twitter:label1\" content=\"Written by\" \/>\n\t<meta name=\"twitter:data1\" content=\"M M\" \/>\n\t<meta name=\"twitter:label2\" content=\"Est. reading time\" \/>\n\t<meta name=\"twitter:data2\" content=\"4 minuta\" \/>\n<script type=\"application\/ld+json\" class=\"yoast-schema-graph\">{\"@context\":\"https:\/\/schema.org\",\"@graph\":[{\"@type\":\"Article\",\"@id\":\"https:\/\/permbledhja.com\/sq\/a-do-te-kete-rryme-kete-dimer-keds-me-njoftim-te-rendesishem\/#article\",\"isPartOf\":{\"@id\":\"https:\/\/permbledhja.com\/sq\/a-do-te-kete-rryme-kete-dimer-keds-me-njoftim-te-rendesishem\/\"},\"author\":{\"name\":\"M M\",\"@id\":\"https:\/\/permbledhja.com\/#\/schema\/person\/d23f13f59b5722643933d6780783acf3\"},\"headline\":\"A do t\u00eb ket\u00eb rrym\u00eb k\u00ebt\u00eb dim\u00ebr? KEDS me njoftim t\u00eb r\u00ebnd\u00ebsish\u00ebm\",\"datePublished\":\"2023-09-10T09:21:00+00:00\",\"dateModified\":\"2023-09-10T09:21:00+00:00\",\"mainEntityOfPage\":{\"@id\":\"https:\/\/permbledhja.com\/sq\/a-do-te-kete-rryme-kete-dimer-keds-me-njoftim-te-rendesishem\/\"},\"wordCount\":779,\"publisher\":{\"@id\":\"https:\/\/permbledhja.com\/#organization\"},\"articleSection\":[\"Komb\u00ebtare\",\"Lajme\"],\"inLanguage\":\"sq\"},{\"@type\":\"WebPage\",\"@id\":\"https:\/\/permbledhja.com\/sq\/a-do-te-kete-rryme-kete-dimer-keds-me-njoftim-te-rendesishem\/\",\"url\":\"https:\/\/permbledhja.com\/sq\/a-do-te-kete-rryme-kete-dimer-keds-me-njoftim-te-rendesishem\/\",\"name\":\"A do t\u00eb ket\u00eb rrym\u00eb k\u00ebt\u00eb dim\u00ebr? KEDS me njoftim t\u00eb r\u00ebnd\u00ebsish\u00ebm\",\"isPartOf\":{\"@id\":\"https:\/\/permbledhja.com\/#website\"},\"datePublished\":\"2023-09-10T09:21:00+00:00\",\"dateModified\":\"2023-09-10T09:21:00+00:00\",\"breadcrumb\":{\"@id\":\"https:\/\/permbledhja.com\/sq\/a-do-te-kete-rryme-kete-dimer-keds-me-njoftim-te-rendesishem\/#breadcrumb\"},\"inLanguage\":\"sq\",\"potentialAction\":[{\"@type\":\"ReadAction\",\"target\":[\"https:\/\/permbledhja.com\/sq\/a-do-te-kete-rryme-kete-dimer-keds-me-njoftim-te-rendesishem\/\"]}]},{\"@type\":\"BreadcrumbList\",\"@id\":\"https:\/\/permbledhja.com\/sq\/a-do-te-kete-rryme-kete-dimer-keds-me-njoftim-te-rendesishem\/#breadcrumb\",\"itemListElement\":[{\"@type\":\"ListItem\",\"position\":1,\"name\":\"Ballina\",\"item\":\"https:\/\/permbledhja.com\/sq\/\"},{\"@type\":\"ListItem\",\"position\":2,\"name\":\"A do t\u00eb ket\u00eb rrym\u00eb k\u00ebt\u00eb dim\u00ebr? KEDS me njoftim t\u00eb r\u00ebnd\u00ebsish\u00ebm\"}]},{\"@type\":\"WebSite\",\"@id\":\"https:\/\/permbledhja.com\/#website\",\"url\":\"https:\/\/permbledhja.com\/\",\"name\":\"Ve\u00e7 artikuj p\u00ebrmbledh\u00ebs\",\"description\":\"\",\"publisher\":{\"@id\":\"https:\/\/permbledhja.com\/#organization\"},\"potentialAction\":[{\"@type\":\"SearchAction\",\"target\":{\"@type\":\"EntryPoint\",\"urlTemplate\":\"https:\/\/permbledhja.com\/?s={search_term_string}\"},\"query-input\":\"required name=search_term_string\"}],\"inLanguage\":\"sq\"},{\"@type\":\"Organization\",\"@id\":\"https:\/\/permbledhja.com\/#organization\",\"name\":\"MK Media & Pr\",\"url\":\"https:\/\/permbledhja.com\/\",\"logo\":{\"@type\":\"ImageObject\",\"inLanguage\":\"sq\",\"@id\":\"https:\/\/permbledhja.com\/#\/schema\/logo\/image\/\",\"url\":\"https:\/\/permbledhja.com\/wp-content\/uploads\/2021\/12\/07-Press-Logo.jpg\",\"contentUrl\":\"https:\/\/permbledhja.com\/wp-content\/uploads\/2021\/12\/07-Press-Logo.jpg\",\"width\":512,\"height\":512,\"caption\":\"MK Media & Pr\"},\"image\":{\"@id\":\"https:\/\/permbledhja.com\/#\/schema\/logo\/image\/\"},\"sameAs\":[\"https:\/\/www.facebook.com\/press07\/\"]},{\"@type\":\"Person\",\"@id\":\"https:\/\/permbledhja.com\/#\/schema\/person\/d23f13f59b5722643933d6780783acf3\",\"name\":\"M M\",\"image\":{\"@type\":\"ImageObject\",\"inLanguage\":\"sq\",\"@id\":\"https:\/\/permbledhja.com\/#\/schema\/person\/image\/\",\"url\":\"https:\/\/secure.gravatar.com\/avatar\/e2835a76ca7c31a2416b2d51c4ec9a8f?s=96&d=mm&r=g\",\"contentUrl\":\"https:\/\/secure.gravatar.com\/avatar\/e2835a76ca7c31a2416b2d51c4ec9a8f?s=96&d=mm&r=g\",\"caption\":\"M M\"},\"sameAs\":[\"http:\/\/MM\"],\"url\":\"https:\/\/permbledhja.com\/sq\/author\/muhamet\/\"}]}<\/script>\n<!-- \/ Yoast SEO plugin. -->","yoast_head_json":{"title":"A do t\u00eb ket\u00eb rrym\u00eb k\u00ebt\u00eb dim\u00ebr? KEDS me njoftim t\u00eb r\u00ebnd\u00ebsish\u00ebm","robots":{"index":"index","follow":"follow","max-snippet":"max-snippet:-1","max-image-preview":"max-image-preview:large","max-video-preview":"max-video-preview:-1"},"canonical":"https:\/\/permbledhja.com\/sq\/a-do-te-kete-rryme-kete-dimer-keds-me-njoftim-te-rendesishem\/","og_locale":"sq_AL","og_type":"article","og_title":"A do t\u00eb ket\u00eb rrym\u00eb k\u00ebt\u00eb dim\u00ebr? KEDS me njoftim t\u00eb r\u00ebnd\u00ebsish\u00ebm","og_description":"Pas dy vjet\u00ebsh t\u00eb paq\u00ebndruesh\u00ebm me rrym\u00eb, me rritje \u00e7mimesh e me thirrje p\u00ebr kursim, Kompania kosovare p\u00ebr Distribuimin e Energjis\u00eb Elektrike, KEDS, garanton p\u00ebr k\u00ebt\u00eb dim\u00ebr furnizim stabil. P\u00ebr k\u00ebt\u00eb q\u00ebllim, KEDS-i ka b\u00ebr\u00eb investime n\u00eb rrjetin shp\u00ebrndar\u00ebs t\u00eb energjis\u00eb elektrike. \u201cInvestimet e realizuara garantojn\u00eb furnizim t\u00eb q\u00ebndruesh\u00ebm me energji elektrike p\u00ebr t\u00eb gjith\u00eb\u201d, [&hellip;]","og_url":"https:\/\/permbledhja.com\/sq\/a-do-te-kete-rryme-kete-dimer-keds-me-njoftim-te-rendesishem\/","og_site_name":"Ve\u00e7 artikuj p\u00ebrmbledh\u00ebs","article_publisher":"https:\/\/www.facebook.com\/press07\/","article_published_time":"2023-09-10T09:21:00+00:00","og_image":[{"width":595,"height":321,"url":"https:\/\/permbledhja.com\/wp-content\/uploads\/2023\/09\/kedsi.jpg","type":"image\/jpeg"}],"author":"M M","twitter_card":"summary_large_image","twitter_misc":{"Written by":"M M","Est. reading time":"4 minuta"},"schema":{"@context":"https:\/\/schema.org","@graph":[{"@type":"Article","@id":"https:\/\/permbledhja.com\/sq\/a-do-te-kete-rryme-kete-dimer-keds-me-njoftim-te-rendesishem\/#article","isPartOf":{"@id":"https:\/\/permbledhja.com\/sq\/a-do-te-kete-rryme-kete-dimer-keds-me-njoftim-te-rendesishem\/"},"author":{"name":"M M","@id":"https:\/\/permbledhja.com\/#\/schema\/person\/d23f13f59b5722643933d6780783acf3"},"headline":"A do t\u00eb ket\u00eb rrym\u00eb k\u00ebt\u00eb dim\u00ebr? KEDS me njoftim t\u00eb r\u00ebnd\u00ebsish\u00ebm","datePublished":"2023-09-10T09:21:00+00:00","dateModified":"2023-09-10T09:21:00+00:00","mainEntityOfPage":{"@id":"https:\/\/permbledhja.com\/sq\/a-do-te-kete-rryme-kete-dimer-keds-me-njoftim-te-rendesishem\/"},"wordCount":779,"publisher":{"@id":"https:\/\/permbledhja.com\/#organization"},"articleSection":["Komb\u00ebtare","Lajme"],"inLanguage":"sq"},{"@type":"WebPage","@id":"https:\/\/permbledhja.com\/sq\/a-do-te-kete-rryme-kete-dimer-keds-me-njoftim-te-rendesishem\/","url":"https:\/\/permbledhja.com\/sq\/a-do-te-kete-rryme-kete-dimer-keds-me-njoftim-te-rendesishem\/","name":"A do t\u00eb ket\u00eb rrym\u00eb k\u00ebt\u00eb dim\u00ebr? KEDS me njoftim t\u00eb r\u00ebnd\u00ebsish\u00ebm","isPartOf":{"@id":"https:\/\/permbledhja.com\/#website"},"datePublished":"2023-09-10T09:21:00+00:00","dateModified":"2023-09-10T09:21:00+00:00","breadcrumb":{"@id":"https:\/\/permbledhja.com\/sq\/a-do-te-kete-rryme-kete-dimer-keds-me-njoftim-te-rendesishem\/#breadcrumb"},"inLanguage":"sq","potentialAction":[{"@type":"ReadAction","target":["https:\/\/permbledhja.com\/sq\/a-do-te-kete-rryme-kete-dimer-keds-me-njoftim-te-rendesishem\/"]}]},{"@type":"BreadcrumbList","@id":"https:\/\/permbledhja.com\/sq\/a-do-te-kete-rryme-kete-dimer-keds-me-njoftim-te-rendesishem\/#breadcrumb","itemListElement":[{"@type":"ListItem","position":1,"name":"Ballina","item":"https:\/\/permbledhja.com\/sq\/"},{"@type":"ListItem","position":2,"name":"A do t\u00eb ket\u00eb rrym\u00eb k\u00ebt\u00eb dim\u00ebr? KEDS me njoftim t\u00eb r\u00ebnd\u00ebsish\u00ebm"}]},{"@type":"WebSite","@id":"https:\/\/permbledhja.com\/#website","url":"https:\/\/permbledhja.com\/","name":"Ve\u00e7 artikuj p\u00ebrmbledh\u00ebs","description":"","publisher":{"@id":"https:\/\/permbledhja.com\/#organization"},"potentialAction":[{"@type":"SearchAction","target":{"@type":"EntryPoint","urlTemplate":"https:\/\/permbledhja.com\/?s={search_term_string}"},"query-input":"required name=search_term_string"}],"inLanguage":"sq"},{"@type":"Organization","@id":"https:\/\/permbledhja.com\/#organization","name":"MK Media & Pr","url":"https:\/\/permbledhja.com\/","logo":{"@type":"ImageObject","inLanguage":"sq","@id":"https:\/\/permbledhja.com\/#\/schema\/logo\/image\/","url":"https:\/\/permbledhja.com\/wp-content\/uploads\/2021\/12\/07-Press-Logo.jpg","contentUrl":"https:\/\/permbledhja.com\/wp-content\/uploads\/2021\/12\/07-Press-Logo.jpg","width":512,"height":512,"caption":"MK Media & Pr"},"image":{"@id":"https:\/\/permbledhja.com\/#\/schema\/logo\/image\/"},"sameAs":["https:\/\/www.facebook.com\/press07\/"]},{"@type":"Person","@id":"https:\/\/permbledhja.com\/#\/schema\/person\/d23f13f59b5722643933d6780783acf3","name":"M M","image":{"@type":"ImageObject","inLanguage":"sq","@id":"https:\/\/permbledhja.com\/#\/schema\/person\/image\/","url":"https:\/\/secure.gravatar.com\/avatar\/e2835a76ca7c31a2416b2d51c4ec9a8f?s=96&d=mm&r=g","contentUrl":"https:\/\/secure.gravatar.com\/avatar\/e2835a76ca7c31a2416b2d51c4ec9a8f?s=96&d=mm&r=g","caption":"M M"},"sameAs":["http:\/\/MM"],"url":"https:\/\/permbledhja.com\/sq\/author\/muhamet\/"}]}},"_links":{"self":[{"href":"https:\/\/permbledhja.com\/sq\/wp-json\/wp\/v2\/posts\/26340"}],"collection":[{"href":"https:\/\/permbledhja.com\/sq\/wp-json\/wp\/v2\/posts"}],"about":[{"href":"https:\/\/permbledhja.com\/sq\/wp-json\/wp\/v2\/types\/post"}],"author":[{"embeddable":true,"href":"https:\/\/permbledhja.com\/sq\/wp-json\/wp\/v2\/users\/2"}],"replies":[{"embeddable":true,"href":"https:\/\/permbledhja.com\/sq\/wp-json\/wp\/v2\/comments?post=26340"}],"version-history":[{"count":1,"href":"https:\/\/permbledhja.com\/sq\/wp-json\/wp\/v2\/posts\/26340\/revisions"}],"predecessor-version":[{"id":26342,"href":"https:\/\/permbledhja.com\/sq\/wp-json\/wp\/v2\/posts\/26340\/revisions\/26342"}],"wp:featuredmedia":[{"embeddable":true,"href":"https:\/\/permbledhja.com\/sq\/wp-json\/wp\/v2\/media\/26341"}],"wp:attachment":[{"href":"https:\/\/permbledhja.com\/sq\/wp-json\/wp\/v2\/media?parent=26340"}],"wp:term":[{"taxonomy":"category","embeddable":true,"href":"https:\/\/permbledhja.com\/sq\/wp-json\/wp\/v2\/categories?post=26340"},{"taxonomy":"post_tag","embeddable":true,"href":"https:\/\/permbledhja.com\/sq\/wp-json\/wp\/v2\/tags?post=26340"}],"curies":[{"name":"wp","href":"https:\/\/api.w.org\/{rel}","templated":true}]}}