{"id":26312,"date":"2023-09-10T06:58:22","date_gmt":"2023-09-10T06:58:22","guid":{"rendered":"https:\/\/permbledhja.com\/?p=26312"},"modified":"2023-09-10T06:58:22","modified_gmt":"2023-09-10T06:58:22","slug":"e-rende-ne-vushtrri-vdes-nje-person-u-godit-nga-vetura-derisa-po-rregullonte-nje-ngarkese-ne-kamion","status":"publish","type":"post","link":"https:\/\/permbledhja.com\/sq\/e-rende-ne-vushtrri-vdes-nje-person-u-godit-nga-vetura-derisa-po-rregullonte-nje-ngarkese-ne-kamion\/","title":{"rendered":"E r\u00ebnd\u00eb n\u00eb Vushtrri: Vdes nj\u00eb person, u godit nga vetura derisa po rregullonte nj\u00eb ngarkes\u00eb n\u00eb kamion"},"content":{"rendered":"<h3>Ka vdekur n\u00eb nj\u00eb aksident trafiku nj\u00eb person n\u00eb Vushtrri.<\/h3>\n<p>Sipas policis\u00eb, n\u00eb momentin kritik, viktima kishte zbritur nga kamioni me t\u00eb cilin po udh\u00ebtonte p\u00ebr t\u00eb rregulluar nj\u00eb ngarkes\u00eb n\u00eb rimorkio.<\/p>\n<p>Me vendim t\u00eb prokurorit trupi i pajet\u00eb \u00ebsht\u00eb d\u00ebrguar p\u00ebr obduksion, nd\u00ebrsa i dyshuari \u00ebsht\u00eb arrestuar dhe d\u00ebrguar n\u00eb mbajtje.<\/p>\n<p>\u201cNovolan, Vushtrri 08.09.2023 \u2013 09:00. Nj\u00eb mashkull kosovar ka p\u00ebsuar l\u00ebndime t\u00eb r\u00ebnda trupore pasi \u00ebsht\u00eb goditur nga nj\u00eb vetur\u00eb n\u00eb l\u00ebvizje. Aksidenti ka ndodhur kur viktima kishte zbritur nga kamioni me t\u00eb cilin po udh\u00ebtonte p\u00ebr t\u00eb rregulluar nj\u00eb ngarkes\u00eb n\u00eb rimorkio. Viktima \u00ebsht\u00eb d\u00ebrguar p\u00ebr trajtim mjek\u00ebsor, nd\u00ebrsa m\u00eb 09.09.2023 i nj\u00ebjti ka nd\u00ebrruar jet\u00eb n\u00eb QKUK. Me vendim t\u00eb prokurorit trupi i pajet\u00eb \u00ebsht\u00eb d\u00ebrguar p\u00ebr obduksion, nd\u00ebrsa i dyshuari \u00ebsht\u00eb arrestuar dhe d\u00ebrguar n\u00eb mbajtje\u201d, thuhet n\u00eb njoftimin e policis\u00eb.<\/p>\n","protected":false},"excerpt":{"rendered":"<p>Ka vdekur n\u00eb nj\u00eb aksident trafiku nj\u00eb person n\u00eb Vushtrri. Sipas policis\u00eb, n\u00eb momentin kritik, viktima kishte zbritur nga kamioni me t\u00eb cilin po udh\u00ebtonte p\u00ebr t\u00eb rregulluar nj\u00eb ngarkes\u00eb n\u00eb rimorkio. Me vendim t\u00eb prokurorit trupi i pajet\u00eb \u00ebsht\u00eb d\u00ebrguar p\u00ebr obduksion, nd\u00ebrsa i dyshuari \u00ebsht\u00eb arrestuar dhe d\u00ebrguar n\u00eb mbajtje. \u201cNovolan, Vushtrri 08.09.2023 [&hellip;]<\/p>\n","protected":false},"author":2,"featured_media":26313,"comment_status":"closed","ping_status":"closed","sticky":false,"template":"","format":"standard","meta":{"_monsterinsights_skip_tracking":false,"_monsterinsights_sitenote_active":false,"_monsterinsights_sitenote_note":"","_monsterinsights_sitenote_category":0,"_uf_show_specific_survey":0,"_uf_disable_surveys":false,"footnotes":""},"categories":[15],"tags":[],"yoast_head":"<!-- This site is optimized with the Yoast SEO plugin v21.5 - https:\/\/yoast.com\/wordpress\/plugins\/seo\/ -->\n<title>E r\u00ebnd\u00eb n\u00eb Vushtrri: Vdes nj\u00eb person, u godit nga vetura derisa po rregullonte nj\u00eb ngarkes\u00eb n\u00eb kamion<\/title>\n<meta name=\"robots\" content=\"index, follow, max-snippet:-1, max-image-preview:large, max-video-preview:-1\" \/>\n<link rel=\"canonical\" href=\"https:\/\/permbledhja.com\/sq\/e-rende-ne-vushtrri-vdes-nje-person-u-godit-nga-vetura-derisa-po-rregullonte-nje-ngarkese-ne-kamion\/\" \/>\n<meta property=\"og:locale\" content=\"sq_AL\" \/>\n<meta property=\"og:type\" content=\"article\" \/>\n<meta property=\"og:title\" content=\"E r\u00ebnd\u00eb n\u00eb Vushtrri: Vdes nj\u00eb person, u godit nga vetura derisa po rregullonte nj\u00eb ngarkes\u00eb n\u00eb kamion\" \/>\n<meta property=\"og:description\" content=\"Ka vdekur n\u00eb nj\u00eb aksident trafiku nj\u00eb person n\u00eb Vushtrri. Sipas policis\u00eb, n\u00eb momentin kritik, viktima kishte zbritur nga kamioni me t\u00eb cilin po udh\u00ebtonte p\u00ebr t\u00eb rregulluar nj\u00eb ngarkes\u00eb n\u00eb rimorkio. Me vendim t\u00eb prokurorit trupi i pajet\u00eb \u00ebsht\u00eb d\u00ebrguar p\u00ebr obduksion, nd\u00ebrsa i dyshuari \u00ebsht\u00eb arrestuar dhe d\u00ebrguar n\u00eb mbajtje. \u201cNovolan, Vushtrri 08.09.2023 [&hellip;]\" \/>\n<meta property=\"og:url\" content=\"https:\/\/permbledhja.com\/sq\/e-rende-ne-vushtrri-vdes-nje-person-u-godit-nga-vetura-derisa-po-rregullonte-nje-ngarkese-ne-kamion\/\" \/>\n<meta property=\"og:site_name\" content=\"Ve\u00e7 artikuj p\u00ebrmbledh\u00ebs\" \/>\n<meta property=\"article:publisher\" content=\"https:\/\/www.facebook.com\/press07\/\" \/>\n<meta property=\"article:published_time\" content=\"2023-09-10T06:58:22+00:00\" \/>\n<meta property=\"og:image\" content=\"https:\/\/permbledhja.com\/wp-content\/uploads\/2023\/09\/Vushtrri-toursim-01-1024x713-850x5921532529668-1.webp\" \/>\n\t<meta property=\"og:image:width\" content=\"750\" \/>\n\t<meta property=\"og:image:height\" content=\"522\" \/>\n\t<meta property=\"og:image:type\" content=\"image\/webp\" \/>\n<meta name=\"author\" content=\"M M\" \/>\n<meta name=\"twitter:card\" content=\"summary_large_image\" \/>\n<meta name=\"twitter:label1\" content=\"Written by\" \/>\n\t<meta name=\"twitter:data1\" content=\"M M\" \/>\n\t<meta name=\"twitter:label2\" content=\"Est. reading time\" \/>\n\t<meta name=\"twitter:data2\" content=\"1 minut\u00eb\" \/>\n<script type=\"application\/ld+json\" class=\"yoast-schema-graph\">{\"@context\":\"https:\/\/schema.org\",\"@graph\":[{\"@type\":\"Article\",\"@id\":\"https:\/\/permbledhja.com\/e-rende-ne-vushtrri-vdes-nje-person-u-godit-nga-vetura-derisa-po-rregullonte-nje-ngarkese-ne-kamion\/#article\",\"isPartOf\":{\"@id\":\"https:\/\/permbledhja.com\/e-rende-ne-vushtrri-vdes-nje-person-u-godit-nga-vetura-derisa-po-rregullonte-nje-ngarkese-ne-kamion\/\"},\"author\":{\"name\":\"M M\",\"@id\":\"https:\/\/permbledhja.com\/#\/schema\/person\/d23f13f59b5722643933d6780783acf3\"},\"headline\":\"E r\u00ebnd\u00eb n\u00eb Vushtrri: Vdes nj\u00eb person, u godit nga vetura derisa po rregullonte nj\u00eb ngarkes\u00eb n\u00eb kamion\",\"datePublished\":\"2023-09-10T06:58:22+00:00\",\"dateModified\":\"2023-09-10T06:58:22+00:00\",\"mainEntityOfPage\":{\"@id\":\"https:\/\/permbledhja.com\/e-rende-ne-vushtrri-vdes-nje-person-u-godit-nga-vetura-derisa-po-rregullonte-nje-ngarkese-ne-kamion\/\"},\"wordCount\":173,\"publisher\":{\"@id\":\"https:\/\/permbledhja.com\/#organization\"},\"articleSection\":[\"Lajme\"],\"inLanguage\":\"sq\"},{\"@type\":\"WebPage\",\"@id\":\"https:\/\/permbledhja.com\/e-rende-ne-vushtrri-vdes-nje-person-u-godit-nga-vetura-derisa-po-rregullonte-nje-ngarkese-ne-kamion\/\",\"url\":\"https:\/\/permbledhja.com\/e-rende-ne-vushtrri-vdes-nje-person-u-godit-nga-vetura-derisa-po-rregullonte-nje-ngarkese-ne-kamion\/\",\"name\":\"E r\u00ebnd\u00eb n\u00eb Vushtrri: Vdes nj\u00eb person, u godit nga vetura derisa po rregullonte nj\u00eb ngarkes\u00eb n\u00eb kamion\",\"isPartOf\":{\"@id\":\"https:\/\/permbledhja.com\/#website\"},\"datePublished\":\"2023-09-10T06:58:22+00:00\",\"dateModified\":\"2023-09-10T06:58:22+00:00\",\"breadcrumb\":{\"@id\":\"https:\/\/permbledhja.com\/e-rende-ne-vushtrri-vdes-nje-person-u-godit-nga-vetura-derisa-po-rregullonte-nje-ngarkese-ne-kamion\/#breadcrumb\"},\"inLanguage\":\"sq\",\"potentialAction\":[{\"@type\":\"ReadAction\",\"target\":[\"https:\/\/permbledhja.com\/e-rende-ne-vushtrri-vdes-nje-person-u-godit-nga-vetura-derisa-po-rregullonte-nje-ngarkese-ne-kamion\/\"]}]},{\"@type\":\"BreadcrumbList\",\"@id\":\"https:\/\/permbledhja.com\/e-rende-ne-vushtrri-vdes-nje-person-u-godit-nga-vetura-derisa-po-rregullonte-nje-ngarkese-ne-kamion\/#breadcrumb\",\"itemListElement\":[{\"@type\":\"ListItem\",\"position\":1,\"name\":\"Ballina\",\"item\":\"https:\/\/permbledhja.com\/sq\/\"},{\"@type\":\"ListItem\",\"position\":2,\"name\":\"E r\u00ebnd\u00eb n\u00eb Vushtrri: Vdes nj\u00eb person, u godit nga vetura derisa po rregullonte nj\u00eb ngarkes\u00eb n\u00eb kamion\"}]},{\"@type\":\"WebSite\",\"@id\":\"https:\/\/permbledhja.com\/#website\",\"url\":\"https:\/\/permbledhja.com\/\",\"name\":\"Ve\u00e7 artikuj p\u00ebrmbledh\u00ebs\",\"description\":\"\",\"publisher\":{\"@id\":\"https:\/\/permbledhja.com\/#organization\"},\"potentialAction\":[{\"@type\":\"SearchAction\",\"target\":{\"@type\":\"EntryPoint\",\"urlTemplate\":\"https:\/\/permbledhja.com\/?s={search_term_string}\"},\"query-input\":\"required name=search_term_string\"}],\"inLanguage\":\"sq\"},{\"@type\":\"Organization\",\"@id\":\"https:\/\/permbledhja.com\/#organization\",\"name\":\"MK Media & Pr\",\"url\":\"https:\/\/permbledhja.com\/\",\"logo\":{\"@type\":\"ImageObject\",\"inLanguage\":\"sq\",\"@id\":\"https:\/\/permbledhja.com\/#\/schema\/logo\/image\/\",\"url\":\"https:\/\/permbledhja.com\/wp-content\/uploads\/2021\/12\/07-Press-Logo.jpg\",\"contentUrl\":\"https:\/\/permbledhja.com\/wp-content\/uploads\/2021\/12\/07-Press-Logo.jpg\",\"width\":512,\"height\":512,\"caption\":\"MK Media & Pr\"},\"image\":{\"@id\":\"https:\/\/permbledhja.com\/#\/schema\/logo\/image\/\"},\"sameAs\":[\"https:\/\/www.facebook.com\/press07\/\"]},{\"@type\":\"Person\",\"@id\":\"https:\/\/permbledhja.com\/#\/schema\/person\/d23f13f59b5722643933d6780783acf3\",\"name\":\"M M\",\"image\":{\"@type\":\"ImageObject\",\"inLanguage\":\"sq\",\"@id\":\"https:\/\/permbledhja.com\/#\/schema\/person\/image\/\",\"url\":\"https:\/\/secure.gravatar.com\/avatar\/e2835a76ca7c31a2416b2d51c4ec9a8f?s=96&d=mm&r=g\",\"contentUrl\":\"https:\/\/secure.gravatar.com\/avatar\/e2835a76ca7c31a2416b2d51c4ec9a8f?s=96&d=mm&r=g\",\"caption\":\"M M\"},\"sameAs\":[\"http:\/\/MM\"],\"url\":\"https:\/\/permbledhja.com\/sq\/author\/muhamet\/\"}]}<\/script>\n<!-- \/ Yoast SEO plugin. -->","yoast_head_json":{"title":"E r\u00ebnd\u00eb n\u00eb Vushtrri: Vdes nj\u00eb person, u godit nga vetura derisa po rregullonte nj\u00eb ngarkes\u00eb n\u00eb kamion","robots":{"index":"index","follow":"follow","max-snippet":"max-snippet:-1","max-image-preview":"max-image-preview:large","max-video-preview":"max-video-preview:-1"},"canonical":"https:\/\/permbledhja.com\/sq\/e-rende-ne-vushtrri-vdes-nje-person-u-godit-nga-vetura-derisa-po-rregullonte-nje-ngarkese-ne-kamion\/","og_locale":"sq_AL","og_type":"article","og_title":"E r\u00ebnd\u00eb n\u00eb Vushtrri: Vdes nj\u00eb person, u godit nga vetura derisa po rregullonte nj\u00eb ngarkes\u00eb n\u00eb kamion","og_description":"Ka vdekur n\u00eb nj\u00eb aksident trafiku nj\u00eb person n\u00eb Vushtrri. Sipas policis\u00eb, n\u00eb momentin kritik, viktima kishte zbritur nga kamioni me t\u00eb cilin po udh\u00ebtonte p\u00ebr t\u00eb rregulluar nj\u00eb ngarkes\u00eb n\u00eb rimorkio. Me vendim t\u00eb prokurorit trupi i pajet\u00eb \u00ebsht\u00eb d\u00ebrguar p\u00ebr obduksion, nd\u00ebrsa i dyshuari \u00ebsht\u00eb arrestuar dhe d\u00ebrguar n\u00eb mbajtje. \u201cNovolan, Vushtrri 08.09.2023 [&hellip;]","og_url":"https:\/\/permbledhja.com\/sq\/e-rende-ne-vushtrri-vdes-nje-person-u-godit-nga-vetura-derisa-po-rregullonte-nje-ngarkese-ne-kamion\/","og_site_name":"Ve\u00e7 artikuj p\u00ebrmbledh\u00ebs","article_publisher":"https:\/\/www.facebook.com\/press07\/","article_published_time":"2023-09-10T06:58:22+00:00","og_image":[{"width":750,"height":522,"url":"https:\/\/permbledhja.com\/wp-content\/uploads\/2023\/09\/Vushtrri-toursim-01-1024x713-850x5921532529668-1.webp","type":"image\/webp"}],"author":"M M","twitter_card":"summary_large_image","twitter_misc":{"Written by":"M M","Est. reading time":"1 minut\u00eb"},"schema":{"@context":"https:\/\/schema.org","@graph":[{"@type":"Article","@id":"https:\/\/permbledhja.com\/e-rende-ne-vushtrri-vdes-nje-person-u-godit-nga-vetura-derisa-po-rregullonte-nje-ngarkese-ne-kamion\/#article","isPartOf":{"@id":"https:\/\/permbledhja.com\/e-rende-ne-vushtrri-vdes-nje-person-u-godit-nga-vetura-derisa-po-rregullonte-nje-ngarkese-ne-kamion\/"},"author":{"name":"M M","@id":"https:\/\/permbledhja.com\/#\/schema\/person\/d23f13f59b5722643933d6780783acf3"},"headline":"E r\u00ebnd\u00eb n\u00eb Vushtrri: Vdes nj\u00eb person, u godit nga vetura derisa po rregullonte nj\u00eb ngarkes\u00eb n\u00eb kamion","datePublished":"2023-09-10T06:58:22+00:00","dateModified":"2023-09-10T06:58:22+00:00","mainEntityOfPage":{"@id":"https:\/\/permbledhja.com\/e-rende-ne-vushtrri-vdes-nje-person-u-godit-nga-vetura-derisa-po-rregullonte-nje-ngarkese-ne-kamion\/"},"wordCount":173,"publisher":{"@id":"https:\/\/permbledhja.com\/#organization"},"articleSection":["Lajme"],"inLanguage":"sq"},{"@type":"WebPage","@id":"https:\/\/permbledhja.com\/e-rende-ne-vushtrri-vdes-nje-person-u-godit-nga-vetura-derisa-po-rregullonte-nje-ngarkese-ne-kamion\/","url":"https:\/\/permbledhja.com\/e-rende-ne-vushtrri-vdes-nje-person-u-godit-nga-vetura-derisa-po-rregullonte-nje-ngarkese-ne-kamion\/","name":"E r\u00ebnd\u00eb n\u00eb Vushtrri: Vdes nj\u00eb person, u godit nga vetura derisa po rregullonte nj\u00eb ngarkes\u00eb n\u00eb kamion","isPartOf":{"@id":"https:\/\/permbledhja.com\/#website"},"datePublished":"2023-09-10T06:58:22+00:00","dateModified":"2023-09-10T06:58:22+00:00","breadcrumb":{"@id":"https:\/\/permbledhja.com\/e-rende-ne-vushtrri-vdes-nje-person-u-godit-nga-vetura-derisa-po-rregullonte-nje-ngarkese-ne-kamion\/#breadcrumb"},"inLanguage":"sq","potentialAction":[{"@type":"ReadAction","target":["https:\/\/permbledhja.com\/e-rende-ne-vushtrri-vdes-nje-person-u-godit-nga-vetura-derisa-po-rregullonte-nje-ngarkese-ne-kamion\/"]}]},{"@type":"BreadcrumbList","@id":"https:\/\/permbledhja.com\/e-rende-ne-vushtrri-vdes-nje-person-u-godit-nga-vetura-derisa-po-rregullonte-nje-ngarkese-ne-kamion\/#breadcrumb","itemListElement":[{"@type":"ListItem","position":1,"name":"Ballina","item":"https:\/\/permbledhja.com\/sq\/"},{"@type":"ListItem","position":2,"name":"E r\u00ebnd\u00eb n\u00eb Vushtrri: Vdes nj\u00eb person, u godit nga vetura derisa po rregullonte nj\u00eb ngarkes\u00eb n\u00eb kamion"}]},{"@type":"WebSite","@id":"https:\/\/permbledhja.com\/#website","url":"https:\/\/permbledhja.com\/","name":"Ve\u00e7 artikuj p\u00ebrmbledh\u00ebs","description":"","publisher":{"@id":"https:\/\/permbledhja.com\/#organization"},"potentialAction":[{"@type":"SearchAction","target":{"@type":"EntryPoint","urlTemplate":"https:\/\/permbledhja.com\/?s={search_term_string}"},"query-input":"required name=search_term_string"}],"inLanguage":"sq"},{"@type":"Organization","@id":"https:\/\/permbledhja.com\/#organization","name":"MK Media & Pr","url":"https:\/\/permbledhja.com\/","logo":{"@type":"ImageObject","inLanguage":"sq","@id":"https:\/\/permbledhja.com\/#\/schema\/logo\/image\/","url":"https:\/\/permbledhja.com\/wp-content\/uploads\/2021\/12\/07-Press-Logo.jpg","contentUrl":"https:\/\/permbledhja.com\/wp-content\/uploads\/2021\/12\/07-Press-Logo.jpg","width":512,"height":512,"caption":"MK Media & Pr"},"image":{"@id":"https:\/\/permbledhja.com\/#\/schema\/logo\/image\/"},"sameAs":["https:\/\/www.facebook.com\/press07\/"]},{"@type":"Person","@id":"https:\/\/permbledhja.com\/#\/schema\/person\/d23f13f59b5722643933d6780783acf3","name":"M M","image":{"@type":"ImageObject","inLanguage":"sq","@id":"https:\/\/permbledhja.com\/#\/schema\/person\/image\/","url":"https:\/\/secure.gravatar.com\/avatar\/e2835a76ca7c31a2416b2d51c4ec9a8f?s=96&d=mm&r=g","contentUrl":"https:\/\/secure.gravatar.com\/avatar\/e2835a76ca7c31a2416b2d51c4ec9a8f?s=96&d=mm&r=g","caption":"M M"},"sameAs":["http:\/\/MM"],"url":"https:\/\/permbledhja.com\/sq\/author\/muhamet\/"}]}},"_links":{"self":[{"href":"https:\/\/permbledhja.com\/sq\/wp-json\/wp\/v2\/posts\/26312"}],"collection":[{"href":"https:\/\/permbledhja.com\/sq\/wp-json\/wp\/v2\/posts"}],"about":[{"href":"https:\/\/permbledhja.com\/sq\/wp-json\/wp\/v2\/types\/post"}],"author":[{"embeddable":true,"href":"https:\/\/permbledhja.com\/sq\/wp-json\/wp\/v2\/users\/2"}],"replies":[{"embeddable":true,"href":"https:\/\/permbledhja.com\/sq\/wp-json\/wp\/v2\/comments?post=26312"}],"version-history":[{"count":1,"href":"https:\/\/permbledhja.com\/sq\/wp-json\/wp\/v2\/posts\/26312\/revisions"}],"predecessor-version":[{"id":26314,"href":"https:\/\/permbledhja.com\/sq\/wp-json\/wp\/v2\/posts\/26312\/revisions\/26314"}],"wp:featuredmedia":[{"embeddable":true,"href":"https:\/\/permbledhja.com\/sq\/wp-json\/wp\/v2\/media\/26313"}],"wp:attachment":[{"href":"https:\/\/permbledhja.com\/sq\/wp-json\/wp\/v2\/media?parent=26312"}],"wp:term":[{"taxonomy":"category","embeddable":true,"href":"https:\/\/permbledhja.com\/sq\/wp-json\/wp\/v2\/categories?post=26312"},{"taxonomy":"post_tag","embeddable":true,"href":"https:\/\/permbledhja.com\/sq\/wp-json\/wp\/v2\/tags?post=26312"}],"curies":[{"name":"wp","href":"https:\/\/api.w.org\/{rel}","templated":true}]}}