{"id":26303,"date":"2023-09-10T06:20:03","date_gmt":"2023-09-10T06:20:03","guid":{"rendered":"https:\/\/permbledhja.com\/?p=26303"},"modified":"2023-09-10T06:20:03","modified_gmt":"2023-09-10T06:20:03","slug":"limaj-per-ministrat-e-kurtit-jane-qyqana-sguxojne-me-bo-projekte-te-medha","status":"publish","type":"post","link":"https:\/\/permbledhja.com\/sq\/limaj-per-ministrat-e-kurtit-jane-qyqana-sguxojne-me-bo-projekte-te-medha\/","title":{"rendered":"Limaj p\u00ebr ministrat e Kurtit: Jan\u00eb qyqana, s&#8217;guxojn\u00eb me bo projekte t\u00eb m\u00ebdha"},"content":{"rendered":"<h3>Fatmir Limaj, lider i partis\u00eb Nisma Socialdemokrate, ka kritikuar ashp\u00ebr Qeverin\u00eb Kurti.<\/h3>\n<p>N\u00eb nj\u00eb momenti, Limaj i bie tavolin\u00ebs, duke e akuzuar Kurtin se e ka kthy shtetin n\u00eb OJQ.<\/p>\n<p>\u201cN\u00eb drejtimin e ministrive ka njer\u00ebz t\u00eb paaft\u00eb, jo t\u00eb guximsh\u00ebm, t\u00eb padijsh\u00ebm dhe s\u2019kan\u00eb ide. Jan\u00eb qyqana, s\u2019guxojn\u00eb me b\u00eb projekte t\u00eb m\u00ebdha, nuk guxojn\u00eb me marr\u00eb vendime t\u00eb m\u00ebdha, nuk guxojn\u00eb me shti investime bom\u201d \u2013 tha Limaj n\u00eb DPT Fidani.<\/p>\n","protected":false},"excerpt":{"rendered":"<p>Fatmir Limaj, lider i partis\u00eb Nisma Socialdemokrate, ka kritikuar ashp\u00ebr Qeverin\u00eb Kurti. N\u00eb nj\u00eb momenti, Limaj i bie tavolin\u00ebs, duke e akuzuar Kurtin se e ka kthy shtetin n\u00eb OJQ. \u201cN\u00eb drejtimin e ministrive ka njer\u00ebz t\u00eb paaft\u00eb, jo t\u00eb guximsh\u00ebm, t\u00eb padijsh\u00ebm dhe s\u2019kan\u00eb ide. Jan\u00eb qyqana, s\u2019guxojn\u00eb me b\u00eb projekte t\u00eb m\u00ebdha, nuk [&hellip;]<\/p>\n","protected":false},"author":2,"featured_media":26304,"comment_status":"closed","ping_status":"closed","sticky":false,"template":"","format":"standard","meta":{"_monsterinsights_skip_tracking":false,"_monsterinsights_sitenote_active":false,"_monsterinsights_sitenote_note":"","_monsterinsights_sitenote_category":0,"_uf_show_specific_survey":0,"_uf_disable_surveys":false,"footnotes":""},"categories":[23,15],"tags":[1635],"yoast_head":"<!-- This site is optimized with the Yoast SEO plugin v21.5 - https:\/\/yoast.com\/wordpress\/plugins\/seo\/ -->\n<title>Limaj p\u00ebr ministrat e Kurtit: Jan\u00eb qyqana, s&#039;guxojn\u00eb me bo projekte t\u00eb m\u00ebdha<\/title>\n<meta name=\"robots\" content=\"index, follow, max-snippet:-1, max-image-preview:large, max-video-preview:-1\" \/>\n<link rel=\"canonical\" href=\"https:\/\/permbledhja.com\/sq\/limaj-per-ministrat-e-kurtit-jane-qyqana-sguxojne-me-bo-projekte-te-medha\/\" \/>\n<meta property=\"og:locale\" content=\"sq_AL\" \/>\n<meta property=\"og:type\" content=\"article\" \/>\n<meta property=\"og:title\" content=\"Limaj p\u00ebr ministrat e Kurtit: Jan\u00eb qyqana, s&#039;guxojn\u00eb me bo projekte t\u00eb m\u00ebdha\" \/>\n<meta property=\"og:description\" content=\"Fatmir Limaj, lider i partis\u00eb Nisma Socialdemokrate, ka kritikuar ashp\u00ebr Qeverin\u00eb Kurti. N\u00eb nj\u00eb momenti, Limaj i bie tavolin\u00ebs, duke e akuzuar Kurtin se e ka kthy shtetin n\u00eb OJQ. \u201cN\u00eb drejtimin e ministrive ka njer\u00ebz t\u00eb paaft\u00eb, jo t\u00eb guximsh\u00ebm, t\u00eb padijsh\u00ebm dhe s\u2019kan\u00eb ide. Jan\u00eb qyqana, s\u2019guxojn\u00eb me b\u00eb projekte t\u00eb m\u00ebdha, nuk [&hellip;]\" \/>\n<meta property=\"og:url\" content=\"https:\/\/permbledhja.com\/sq\/limaj-per-ministrat-e-kurtit-jane-qyqana-sguxojne-me-bo-projekte-te-medha\/\" \/>\n<meta property=\"og:site_name\" content=\"Ve\u00e7 artikuj p\u00ebrmbledh\u00ebs\" \/>\n<meta property=\"article:publisher\" content=\"https:\/\/www.facebook.com\/press07\/\" \/>\n<meta property=\"article:published_time\" content=\"2023-09-10T06:20:03+00:00\" \/>\n<meta property=\"og:image\" content=\"https:\/\/permbledhja.com\/wp-content\/uploads\/2023\/09\/Fatmir-Limaj-Albin-Kurti.jpg\" \/>\n\t<meta property=\"og:image:width\" content=\"1029\" \/>\n\t<meta property=\"og:image:height\" content=\"567\" \/>\n\t<meta property=\"og:image:type\" content=\"image\/jpeg\" \/>\n<meta name=\"author\" content=\"M M\" \/>\n<meta name=\"twitter:card\" content=\"summary_large_image\" \/>\n<meta name=\"twitter:label1\" content=\"Written by\" \/>\n\t<meta name=\"twitter:data1\" content=\"M M\" \/>\n<script type=\"application\/ld+json\" class=\"yoast-schema-graph\">{\"@context\":\"https:\/\/schema.org\",\"@graph\":[{\"@type\":\"Article\",\"@id\":\"https:\/\/permbledhja.com\/limaj-per-ministrat-e-kurtit-jane-qyqana-sguxojne-me-bo-projekte-te-medha\/#article\",\"isPartOf\":{\"@id\":\"https:\/\/permbledhja.com\/limaj-per-ministrat-e-kurtit-jane-qyqana-sguxojne-me-bo-projekte-te-medha\/\"},\"author\":{\"name\":\"M M\",\"@id\":\"https:\/\/permbledhja.com\/#\/schema\/person\/d23f13f59b5722643933d6780783acf3\"},\"headline\":\"Limaj p\u00ebr ministrat e Kurtit: Jan\u00eb qyqana, s&#8217;guxojn\u00eb me bo projekte t\u00eb m\u00ebdha\",\"datePublished\":\"2023-09-10T06:20:03+00:00\",\"dateModified\":\"2023-09-10T06:20:03+00:00\",\"mainEntityOfPage\":{\"@id\":\"https:\/\/permbledhja.com\/limaj-per-ministrat-e-kurtit-jane-qyqana-sguxojne-me-bo-projekte-te-medha\/\"},\"wordCount\":96,\"publisher\":{\"@id\":\"https:\/\/permbledhja.com\/#organization\"},\"keywords\":[\"Fatmir Limaj\"],\"articleSection\":[\"Komb\u00ebtare\",\"Lajme\"],\"inLanguage\":\"sq\"},{\"@type\":\"WebPage\",\"@id\":\"https:\/\/permbledhja.com\/limaj-per-ministrat-e-kurtit-jane-qyqana-sguxojne-me-bo-projekte-te-medha\/\",\"url\":\"https:\/\/permbledhja.com\/limaj-per-ministrat-e-kurtit-jane-qyqana-sguxojne-me-bo-projekte-te-medha\/\",\"name\":\"Limaj p\u00ebr ministrat e Kurtit: Jan\u00eb qyqana, s'guxojn\u00eb me bo projekte t\u00eb m\u00ebdha\",\"isPartOf\":{\"@id\":\"https:\/\/permbledhja.com\/#website\"},\"datePublished\":\"2023-09-10T06:20:03+00:00\",\"dateModified\":\"2023-09-10T06:20:03+00:00\",\"breadcrumb\":{\"@id\":\"https:\/\/permbledhja.com\/limaj-per-ministrat-e-kurtit-jane-qyqana-sguxojne-me-bo-projekte-te-medha\/#breadcrumb\"},\"inLanguage\":\"sq\",\"potentialAction\":[{\"@type\":\"ReadAction\",\"target\":[\"https:\/\/permbledhja.com\/limaj-per-ministrat-e-kurtit-jane-qyqana-sguxojne-me-bo-projekte-te-medha\/\"]}]},{\"@type\":\"BreadcrumbList\",\"@id\":\"https:\/\/permbledhja.com\/limaj-per-ministrat-e-kurtit-jane-qyqana-sguxojne-me-bo-projekte-te-medha\/#breadcrumb\",\"itemListElement\":[{\"@type\":\"ListItem\",\"position\":1,\"name\":\"Ballina\",\"item\":\"https:\/\/permbledhja.com\/sq\/\"},{\"@type\":\"ListItem\",\"position\":2,\"name\":\"Limaj p\u00ebr ministrat e Kurtit: Jan\u00eb qyqana, s&#8217;guxojn\u00eb me bo projekte t\u00eb m\u00ebdha\"}]},{\"@type\":\"WebSite\",\"@id\":\"https:\/\/permbledhja.com\/#website\",\"url\":\"https:\/\/permbledhja.com\/\",\"name\":\"Ve\u00e7 artikuj p\u00ebrmbledh\u00ebs\",\"description\":\"\",\"publisher\":{\"@id\":\"https:\/\/permbledhja.com\/#organization\"},\"potentialAction\":[{\"@type\":\"SearchAction\",\"target\":{\"@type\":\"EntryPoint\",\"urlTemplate\":\"https:\/\/permbledhja.com\/?s={search_term_string}\"},\"query-input\":\"required name=search_term_string\"}],\"inLanguage\":\"sq\"},{\"@type\":\"Organization\",\"@id\":\"https:\/\/permbledhja.com\/#organization\",\"name\":\"MK Media & Pr\",\"url\":\"https:\/\/permbledhja.com\/\",\"logo\":{\"@type\":\"ImageObject\",\"inLanguage\":\"sq\",\"@id\":\"https:\/\/permbledhja.com\/#\/schema\/logo\/image\/\",\"url\":\"https:\/\/permbledhja.com\/wp-content\/uploads\/2021\/12\/07-Press-Logo.jpg\",\"contentUrl\":\"https:\/\/permbledhja.com\/wp-content\/uploads\/2021\/12\/07-Press-Logo.jpg\",\"width\":512,\"height\":512,\"caption\":\"MK Media & Pr\"},\"image\":{\"@id\":\"https:\/\/permbledhja.com\/#\/schema\/logo\/image\/\"},\"sameAs\":[\"https:\/\/www.facebook.com\/press07\/\"]},{\"@type\":\"Person\",\"@id\":\"https:\/\/permbledhja.com\/#\/schema\/person\/d23f13f59b5722643933d6780783acf3\",\"name\":\"M M\",\"image\":{\"@type\":\"ImageObject\",\"inLanguage\":\"sq\",\"@id\":\"https:\/\/permbledhja.com\/#\/schema\/person\/image\/\",\"url\":\"https:\/\/secure.gravatar.com\/avatar\/e2835a76ca7c31a2416b2d51c4ec9a8f?s=96&d=mm&r=g\",\"contentUrl\":\"https:\/\/secure.gravatar.com\/avatar\/e2835a76ca7c31a2416b2d51c4ec9a8f?s=96&d=mm&r=g\",\"caption\":\"M M\"},\"sameAs\":[\"http:\/\/MM\"],\"url\":\"https:\/\/permbledhja.com\/sq\/author\/muhamet\/\"}]}<\/script>\n<!-- \/ Yoast SEO plugin. -->","yoast_head_json":{"title":"Limaj p\u00ebr ministrat e Kurtit: Jan\u00eb qyqana, s'guxojn\u00eb me bo projekte t\u00eb m\u00ebdha","robots":{"index":"index","follow":"follow","max-snippet":"max-snippet:-1","max-image-preview":"max-image-preview:large","max-video-preview":"max-video-preview:-1"},"canonical":"https:\/\/permbledhja.com\/sq\/limaj-per-ministrat-e-kurtit-jane-qyqana-sguxojne-me-bo-projekte-te-medha\/","og_locale":"sq_AL","og_type":"article","og_title":"Limaj p\u00ebr ministrat e Kurtit: Jan\u00eb qyqana, s'guxojn\u00eb me bo projekte t\u00eb m\u00ebdha","og_description":"Fatmir Limaj, lider i partis\u00eb Nisma Socialdemokrate, ka kritikuar ashp\u00ebr Qeverin\u00eb Kurti. N\u00eb nj\u00eb momenti, Limaj i bie tavolin\u00ebs, duke e akuzuar Kurtin se e ka kthy shtetin n\u00eb OJQ. \u201cN\u00eb drejtimin e ministrive ka njer\u00ebz t\u00eb paaft\u00eb, jo t\u00eb guximsh\u00ebm, t\u00eb padijsh\u00ebm dhe s\u2019kan\u00eb ide. Jan\u00eb qyqana, s\u2019guxojn\u00eb me b\u00eb projekte t\u00eb m\u00ebdha, nuk [&hellip;]","og_url":"https:\/\/permbledhja.com\/sq\/limaj-per-ministrat-e-kurtit-jane-qyqana-sguxojne-me-bo-projekte-te-medha\/","og_site_name":"Ve\u00e7 artikuj p\u00ebrmbledh\u00ebs","article_publisher":"https:\/\/www.facebook.com\/press07\/","article_published_time":"2023-09-10T06:20:03+00:00","og_image":[{"width":1029,"height":567,"url":"https:\/\/permbledhja.com\/wp-content\/uploads\/2023\/09\/Fatmir-Limaj-Albin-Kurti.jpg","type":"image\/jpeg"}],"author":"M M","twitter_card":"summary_large_image","twitter_misc":{"Written by":"M M"},"schema":{"@context":"https:\/\/schema.org","@graph":[{"@type":"Article","@id":"https:\/\/permbledhja.com\/limaj-per-ministrat-e-kurtit-jane-qyqana-sguxojne-me-bo-projekte-te-medha\/#article","isPartOf":{"@id":"https:\/\/permbledhja.com\/limaj-per-ministrat-e-kurtit-jane-qyqana-sguxojne-me-bo-projekte-te-medha\/"},"author":{"name":"M M","@id":"https:\/\/permbledhja.com\/#\/schema\/person\/d23f13f59b5722643933d6780783acf3"},"headline":"Limaj p\u00ebr ministrat e Kurtit: Jan\u00eb qyqana, s&#8217;guxojn\u00eb me bo projekte t\u00eb m\u00ebdha","datePublished":"2023-09-10T06:20:03+00:00","dateModified":"2023-09-10T06:20:03+00:00","mainEntityOfPage":{"@id":"https:\/\/permbledhja.com\/limaj-per-ministrat-e-kurtit-jane-qyqana-sguxojne-me-bo-projekte-te-medha\/"},"wordCount":96,"publisher":{"@id":"https:\/\/permbledhja.com\/#organization"},"keywords":["Fatmir Limaj"],"articleSection":["Komb\u00ebtare","Lajme"],"inLanguage":"sq"},{"@type":"WebPage","@id":"https:\/\/permbledhja.com\/limaj-per-ministrat-e-kurtit-jane-qyqana-sguxojne-me-bo-projekte-te-medha\/","url":"https:\/\/permbledhja.com\/limaj-per-ministrat-e-kurtit-jane-qyqana-sguxojne-me-bo-projekte-te-medha\/","name":"Limaj p\u00ebr ministrat e Kurtit: Jan\u00eb qyqana, s'guxojn\u00eb me bo projekte t\u00eb m\u00ebdha","isPartOf":{"@id":"https:\/\/permbledhja.com\/#website"},"datePublished":"2023-09-10T06:20:03+00:00","dateModified":"2023-09-10T06:20:03+00:00","breadcrumb":{"@id":"https:\/\/permbledhja.com\/limaj-per-ministrat-e-kurtit-jane-qyqana-sguxojne-me-bo-projekte-te-medha\/#breadcrumb"},"inLanguage":"sq","potentialAction":[{"@type":"ReadAction","target":["https:\/\/permbledhja.com\/limaj-per-ministrat-e-kurtit-jane-qyqana-sguxojne-me-bo-projekte-te-medha\/"]}]},{"@type":"BreadcrumbList","@id":"https:\/\/permbledhja.com\/limaj-per-ministrat-e-kurtit-jane-qyqana-sguxojne-me-bo-projekte-te-medha\/#breadcrumb","itemListElement":[{"@type":"ListItem","position":1,"name":"Ballina","item":"https:\/\/permbledhja.com\/sq\/"},{"@type":"ListItem","position":2,"name":"Limaj p\u00ebr ministrat e Kurtit: Jan\u00eb qyqana, s&#8217;guxojn\u00eb me bo projekte t\u00eb m\u00ebdha"}]},{"@type":"WebSite","@id":"https:\/\/permbledhja.com\/#website","url":"https:\/\/permbledhja.com\/","name":"Ve\u00e7 artikuj p\u00ebrmbledh\u00ebs","description":"","publisher":{"@id":"https:\/\/permbledhja.com\/#organization"},"potentialAction":[{"@type":"SearchAction","target":{"@type":"EntryPoint","urlTemplate":"https:\/\/permbledhja.com\/?s={search_term_string}"},"query-input":"required name=search_term_string"}],"inLanguage":"sq"},{"@type":"Organization","@id":"https:\/\/permbledhja.com\/#organization","name":"MK Media & Pr","url":"https:\/\/permbledhja.com\/","logo":{"@type":"ImageObject","inLanguage":"sq","@id":"https:\/\/permbledhja.com\/#\/schema\/logo\/image\/","url":"https:\/\/permbledhja.com\/wp-content\/uploads\/2021\/12\/07-Press-Logo.jpg","contentUrl":"https:\/\/permbledhja.com\/wp-content\/uploads\/2021\/12\/07-Press-Logo.jpg","width":512,"height":512,"caption":"MK Media & Pr"},"image":{"@id":"https:\/\/permbledhja.com\/#\/schema\/logo\/image\/"},"sameAs":["https:\/\/www.facebook.com\/press07\/"]},{"@type":"Person","@id":"https:\/\/permbledhja.com\/#\/schema\/person\/d23f13f59b5722643933d6780783acf3","name":"M M","image":{"@type":"ImageObject","inLanguage":"sq","@id":"https:\/\/permbledhja.com\/#\/schema\/person\/image\/","url":"https:\/\/secure.gravatar.com\/avatar\/e2835a76ca7c31a2416b2d51c4ec9a8f?s=96&d=mm&r=g","contentUrl":"https:\/\/secure.gravatar.com\/avatar\/e2835a76ca7c31a2416b2d51c4ec9a8f?s=96&d=mm&r=g","caption":"M M"},"sameAs":["http:\/\/MM"],"url":"https:\/\/permbledhja.com\/sq\/author\/muhamet\/"}]}},"_links":{"self":[{"href":"https:\/\/permbledhja.com\/sq\/wp-json\/wp\/v2\/posts\/26303"}],"collection":[{"href":"https:\/\/permbledhja.com\/sq\/wp-json\/wp\/v2\/posts"}],"about":[{"href":"https:\/\/permbledhja.com\/sq\/wp-json\/wp\/v2\/types\/post"}],"author":[{"embeddable":true,"href":"https:\/\/permbledhja.com\/sq\/wp-json\/wp\/v2\/users\/2"}],"replies":[{"embeddable":true,"href":"https:\/\/permbledhja.com\/sq\/wp-json\/wp\/v2\/comments?post=26303"}],"version-history":[{"count":1,"href":"https:\/\/permbledhja.com\/sq\/wp-json\/wp\/v2\/posts\/26303\/revisions"}],"predecessor-version":[{"id":26305,"href":"https:\/\/permbledhja.com\/sq\/wp-json\/wp\/v2\/posts\/26303\/revisions\/26305"}],"wp:featuredmedia":[{"embeddable":true,"href":"https:\/\/permbledhja.com\/sq\/wp-json\/wp\/v2\/media\/26304"}],"wp:attachment":[{"href":"https:\/\/permbledhja.com\/sq\/wp-json\/wp\/v2\/media?parent=26303"}],"wp:term":[{"taxonomy":"category","embeddable":true,"href":"https:\/\/permbledhja.com\/sq\/wp-json\/wp\/v2\/categories?post=26303"},{"taxonomy":"post_tag","embeddable":true,"href":"https:\/\/permbledhja.com\/sq\/wp-json\/wp\/v2\/tags?post=26303"}],"curies":[{"name":"wp","href":"https:\/\/api.w.org\/{rel}","templated":true}]}}