{"id":26297,"date":"2023-09-10T06:08:17","date_gmt":"2023-09-10T06:08:17","guid":{"rendered":"https:\/\/permbledhja.com\/?p=26297"},"modified":"2023-09-10T06:08:17","modified_gmt":"2023-09-10T06:08:17","slug":"kurti-per-mediumin-estonez-serbise-duhet-ti-ofrohet-me-shume-kamxhik-sesa-biskota","status":"publish","type":"post","link":"https:\/\/permbledhja.com\/sq\/kurti-per-mediumin-estonez-serbise-duhet-ti-ofrohet-me-shume-kamxhik-sesa-biskota\/","title":{"rendered":"Kurti p\u00ebr mediumin estonez: Serbis\u00eb duhet t\u2019i ofrohet m\u00eb shum\u00eb kamxhik sesa biskota"},"content":{"rendered":"<h3>Kryeministri i Kosov\u00ebs, Albin Kurti, n\u00eb nj\u00eb intervist\u00eb p\u00ebr mediumin estonez \u201cDelfi\u201d ka folur p\u00ebr dialogun me Serbin\u00eb.<\/h3>\n<p>Kurti ka th\u00ebn\u00eb se Serbis\u00eb \u201cduhet t\u2019i ofrohet m\u00eb shum\u00eb kamxhik sesa biskota\u201d.<\/p>\n<p>N\u00eb k\u00ebt\u00eb intervist\u00eb, kryeministri Kurti ka th\u00ebn\u00eb se Kosova \u00ebsht\u00eb e trazuar pas ngjarjeve n\u00eb veri t\u00eb vendit dhe thot\u00eb se s\u2019ka ndonj\u00eb afrim n\u00eb raportet me Serbin\u00eb, derisa thot\u00eb se Beogradi me Mosk\u00ebn jan\u00eb n\u00eb raporte tep\u00ebr miq\u00ebsore.<\/p>\n<p>Numri nj\u00eb i Qeveris\u00eb s\u00eb Republik\u00ebs s\u00eb Kosov\u00ebs ka th\u00ebn\u00eb se Serbia e inatosur nga pavar\u00ebsia e Kosov\u00ebs, s\u2019po i lejon serb\u00ebt q\u00eb t\u00eb integrohen n\u00eb shoq\u00ebrin\u00eb e Kosov\u00ebs dhe po q\u00ebndron si nj\u00eb mur n\u00eb rrug\u00ebn drejt BE-s\u00eb.<\/p>\n<p>\u201cBeogradi, i indinjuar nga pavar\u00ebsia e Kosov\u00ebs, nuk i lejon serb\u00ebt t\u00eb integrohen n\u00eb shoq\u00ebrin\u00eb e Kosov\u00ebs dhe q\u00ebndron si mur n\u00eb rrug\u00ebn drejt Bashkimit Evropian\u201d, ka th\u00ebn\u00eb Kurti p\u00ebr <a href=\"https:\/\/www.delfi.ee\/artikkel\/120230338\/intervjuu-kosovo-peaminister-serbiale-peaks-praaniku-asemel-rohkem-piitsa-pakkuma\">\u201cDelfi\u201d<\/a>.\/Express<\/p>\n","protected":false},"excerpt":{"rendered":"<p>Kryeministri i Kosov\u00ebs, Albin Kurti, n\u00eb nj\u00eb intervist\u00eb p\u00ebr mediumin estonez \u201cDelfi\u201d ka folur p\u00ebr dialogun me Serbin\u00eb. Kurti ka th\u00ebn\u00eb se Serbis\u00eb \u201cduhet t\u2019i ofrohet m\u00eb shum\u00eb kamxhik sesa biskota\u201d. N\u00eb k\u00ebt\u00eb intervist\u00eb, kryeministri Kurti ka th\u00ebn\u00eb se Kosova \u00ebsht\u00eb e trazuar pas ngjarjeve n\u00eb veri t\u00eb vendit dhe thot\u00eb se s\u2019ka ndonj\u00eb afrim [&hellip;]<\/p>\n","protected":false},"author":1,"featured_media":26299,"comment_status":"closed","ping_status":"closed","sticky":false,"template":"","format":"standard","meta":{"_monsterinsights_skip_tracking":false,"_monsterinsights_sitenote_active":false,"_monsterinsights_sitenote_note":"","_monsterinsights_sitenote_category":0,"_uf_show_specific_survey":0,"_uf_disable_surveys":false,"footnotes":""},"categories":[23,15],"tags":[86],"yoast_head":"<!-- This site is optimized with the Yoast SEO plugin v21.5 - https:\/\/yoast.com\/wordpress\/plugins\/seo\/ -->\n<title>Kurti p\u00ebr mediumin estonez: Serbis\u00eb duhet t\u2019i ofrohet m\u00eb shum\u00eb kamxhik sesa biskota<\/title>\n<meta name=\"robots\" content=\"index, follow, max-snippet:-1, max-image-preview:large, max-video-preview:-1\" \/>\n<link rel=\"canonical\" href=\"https:\/\/permbledhja.com\/sq\/kurti-per-mediumin-estonez-serbise-duhet-ti-ofrohet-me-shume-kamxhik-sesa-biskota\/\" \/>\n<meta property=\"og:locale\" content=\"sq_AL\" \/>\n<meta property=\"og:type\" content=\"article\" \/>\n<meta property=\"og:title\" content=\"Kurti p\u00ebr mediumin estonez: Serbis\u00eb duhet t\u2019i ofrohet m\u00eb shum\u00eb kamxhik sesa biskota\" \/>\n<meta property=\"og:description\" content=\"Kryeministri i Kosov\u00ebs, Albin Kurti, n\u00eb nj\u00eb intervist\u00eb p\u00ebr mediumin estonez \u201cDelfi\u201d ka folur p\u00ebr dialogun me Serbin\u00eb. Kurti ka th\u00ebn\u00eb se Serbis\u00eb \u201cduhet t\u2019i ofrohet m\u00eb shum\u00eb kamxhik sesa biskota\u201d. N\u00eb k\u00ebt\u00eb intervist\u00eb, kryeministri Kurti ka th\u00ebn\u00eb se Kosova \u00ebsht\u00eb e trazuar pas ngjarjeve n\u00eb veri t\u00eb vendit dhe thot\u00eb se s\u2019ka ndonj\u00eb afrim [&hellip;]\" \/>\n<meta property=\"og:url\" content=\"https:\/\/permbledhja.com\/sq\/kurti-per-mediumin-estonez-serbise-duhet-ti-ofrohet-me-shume-kamxhik-sesa-biskota\/\" \/>\n<meta property=\"og:site_name\" content=\"Ve\u00e7 artikuj p\u00ebrmbledh\u00ebs\" \/>\n<meta property=\"article:publisher\" content=\"https:\/\/www.facebook.com\/press07\/\" \/>\n<meta property=\"article:author\" content=\"https:\/\/www.facebook.com\/kafexhiu.muharrem\/\" \/>\n<meta property=\"article:published_time\" content=\"2023-09-10T06:08:17+00:00\" \/>\n<meta property=\"og:image\" content=\"https:\/\/permbledhja.com\/wp-content\/uploads\/2023\/09\/06FE4892-5F58-4A75-B5B1-15CA45C5A7FA.png\" \/>\n\t<meta property=\"og:image:width\" content=\"600\" \/>\n\t<meta property=\"og:image:height\" content=\"360\" \/>\n\t<meta property=\"og:image:type\" content=\"image\/png\" \/>\n<meta name=\"author\" content=\"P\u00ebrmbledhja\" \/>\n<meta name=\"twitter:card\" content=\"summary_large_image\" \/>\n<meta name=\"twitter:label1\" content=\"Written by\" \/>\n\t<meta name=\"twitter:data1\" content=\"P\u00ebrmbledhja\" \/>\n\t<meta name=\"twitter:label2\" content=\"Est. reading time\" \/>\n\t<meta name=\"twitter:data2\" content=\"1 minut\u00eb\" \/>\n<script type=\"application\/ld+json\" class=\"yoast-schema-graph\">{\"@context\":\"https:\/\/schema.org\",\"@graph\":[{\"@type\":\"Article\",\"@id\":\"https:\/\/permbledhja.com\/kurti-per-mediumin-estonez-serbise-duhet-ti-ofrohet-me-shume-kamxhik-sesa-biskota\/#article\",\"isPartOf\":{\"@id\":\"https:\/\/permbledhja.com\/kurti-per-mediumin-estonez-serbise-duhet-ti-ofrohet-me-shume-kamxhik-sesa-biskota\/\"},\"author\":{\"name\":\"P\u00ebrmbledhja\",\"@id\":\"https:\/\/permbledhja.com\/#\/schema\/person\/0d064377258d3221e50693947b9eb4fe\"},\"headline\":\"Kurti p\u00ebr mediumin estonez: Serbis\u00eb duhet t\u2019i ofrohet m\u00eb shum\u00eb kamxhik sesa biskota\",\"datePublished\":\"2023-09-10T06:08:17+00:00\",\"dateModified\":\"2023-09-10T06:08:17+00:00\",\"mainEntityOfPage\":{\"@id\":\"https:\/\/permbledhja.com\/kurti-per-mediumin-estonez-serbise-duhet-ti-ofrohet-me-shume-kamxhik-sesa-biskota\/\"},\"wordCount\":187,\"publisher\":{\"@id\":\"https:\/\/permbledhja.com\/#organization\"},\"keywords\":[\"Albin Kurti\"],\"articleSection\":[\"Komb\u00ebtare\",\"Lajme\"],\"inLanguage\":\"sq\"},{\"@type\":\"WebPage\",\"@id\":\"https:\/\/permbledhja.com\/kurti-per-mediumin-estonez-serbise-duhet-ti-ofrohet-me-shume-kamxhik-sesa-biskota\/\",\"url\":\"https:\/\/permbledhja.com\/kurti-per-mediumin-estonez-serbise-duhet-ti-ofrohet-me-shume-kamxhik-sesa-biskota\/\",\"name\":\"Kurti p\u00ebr mediumin estonez: Serbis\u00eb duhet t\u2019i ofrohet m\u00eb shum\u00eb kamxhik sesa biskota\",\"isPartOf\":{\"@id\":\"https:\/\/permbledhja.com\/#website\"},\"datePublished\":\"2023-09-10T06:08:17+00:00\",\"dateModified\":\"2023-09-10T06:08:17+00:00\",\"breadcrumb\":{\"@id\":\"https:\/\/permbledhja.com\/kurti-per-mediumin-estonez-serbise-duhet-ti-ofrohet-me-shume-kamxhik-sesa-biskota\/#breadcrumb\"},\"inLanguage\":\"sq\",\"potentialAction\":[{\"@type\":\"ReadAction\",\"target\":[\"https:\/\/permbledhja.com\/kurti-per-mediumin-estonez-serbise-duhet-ti-ofrohet-me-shume-kamxhik-sesa-biskota\/\"]}]},{\"@type\":\"BreadcrumbList\",\"@id\":\"https:\/\/permbledhja.com\/kurti-per-mediumin-estonez-serbise-duhet-ti-ofrohet-me-shume-kamxhik-sesa-biskota\/#breadcrumb\",\"itemListElement\":[{\"@type\":\"ListItem\",\"position\":1,\"name\":\"Ballina\",\"item\":\"https:\/\/permbledhja.com\/sq\/\"},{\"@type\":\"ListItem\",\"position\":2,\"name\":\"Kurti p\u00ebr mediumin estonez: Serbis\u00eb duhet t\u2019i ofrohet m\u00eb shum\u00eb kamxhik sesa biskota\"}]},{\"@type\":\"WebSite\",\"@id\":\"https:\/\/permbledhja.com\/#website\",\"url\":\"https:\/\/permbledhja.com\/\",\"name\":\"Ve\u00e7 artikuj p\u00ebrmbledh\u00ebs\",\"description\":\"\",\"publisher\":{\"@id\":\"https:\/\/permbledhja.com\/#organization\"},\"potentialAction\":[{\"@type\":\"SearchAction\",\"target\":{\"@type\":\"EntryPoint\",\"urlTemplate\":\"https:\/\/permbledhja.com\/?s={search_term_string}\"},\"query-input\":\"required name=search_term_string\"}],\"inLanguage\":\"sq\"},{\"@type\":\"Organization\",\"@id\":\"https:\/\/permbledhja.com\/#organization\",\"name\":\"MK Media & Pr\",\"url\":\"https:\/\/permbledhja.com\/\",\"logo\":{\"@type\":\"ImageObject\",\"inLanguage\":\"sq\",\"@id\":\"https:\/\/permbledhja.com\/#\/schema\/logo\/image\/\",\"url\":\"https:\/\/permbledhja.com\/wp-content\/uploads\/2021\/12\/07-Press-Logo.jpg\",\"contentUrl\":\"https:\/\/permbledhja.com\/wp-content\/uploads\/2021\/12\/07-Press-Logo.jpg\",\"width\":512,\"height\":512,\"caption\":\"MK Media & Pr\"},\"image\":{\"@id\":\"https:\/\/permbledhja.com\/#\/schema\/logo\/image\/\"},\"sameAs\":[\"https:\/\/www.facebook.com\/press07\/\"]},{\"@type\":\"Person\",\"@id\":\"https:\/\/permbledhja.com\/#\/schema\/person\/0d064377258d3221e50693947b9eb4fe\",\"name\":\"P\u00ebrmbledhja\",\"image\":{\"@type\":\"ImageObject\",\"inLanguage\":\"sq\",\"@id\":\"https:\/\/permbledhja.com\/#\/schema\/person\/image\/\",\"url\":\"https:\/\/permbledhja.com\/wp-content\/uploads\/2026\/01\/452004717_1040944174702970_8932037511805513407_n-96x96.jpg\",\"contentUrl\":\"https:\/\/permbledhja.com\/wp-content\/uploads\/2026\/01\/452004717_1040944174702970_8932037511805513407_n-96x96.jpg\",\"caption\":\"P\u00ebrmbledhja\"},\"sameAs\":[\"https:\/\/www.facebook.com\/kafexhiu.muharrem\/\",\"https:\/\/www.instagram.com\/muharrem_kafexhiu\/\"],\"url\":\"https:\/\/permbledhja.com\/sq\/author\/admin\/\"}]}<\/script>\n<!-- \/ Yoast SEO plugin. -->","yoast_head_json":{"title":"Kurti p\u00ebr mediumin estonez: Serbis\u00eb duhet t\u2019i ofrohet m\u00eb shum\u00eb kamxhik sesa biskota","robots":{"index":"index","follow":"follow","max-snippet":"max-snippet:-1","max-image-preview":"max-image-preview:large","max-video-preview":"max-video-preview:-1"},"canonical":"https:\/\/permbledhja.com\/sq\/kurti-per-mediumin-estonez-serbise-duhet-ti-ofrohet-me-shume-kamxhik-sesa-biskota\/","og_locale":"sq_AL","og_type":"article","og_title":"Kurti p\u00ebr mediumin estonez: Serbis\u00eb duhet t\u2019i ofrohet m\u00eb shum\u00eb kamxhik sesa biskota","og_description":"Kryeministri i Kosov\u00ebs, Albin Kurti, n\u00eb nj\u00eb intervist\u00eb p\u00ebr mediumin estonez \u201cDelfi\u201d ka folur p\u00ebr dialogun me Serbin\u00eb. Kurti ka th\u00ebn\u00eb se Serbis\u00eb \u201cduhet t\u2019i ofrohet m\u00eb shum\u00eb kamxhik sesa biskota\u201d. N\u00eb k\u00ebt\u00eb intervist\u00eb, kryeministri Kurti ka th\u00ebn\u00eb se Kosova \u00ebsht\u00eb e trazuar pas ngjarjeve n\u00eb veri t\u00eb vendit dhe thot\u00eb se s\u2019ka ndonj\u00eb afrim [&hellip;]","og_url":"https:\/\/permbledhja.com\/sq\/kurti-per-mediumin-estonez-serbise-duhet-ti-ofrohet-me-shume-kamxhik-sesa-biskota\/","og_site_name":"Ve\u00e7 artikuj p\u00ebrmbledh\u00ebs","article_publisher":"https:\/\/www.facebook.com\/press07\/","article_author":"https:\/\/www.facebook.com\/kafexhiu.muharrem\/","article_published_time":"2023-09-10T06:08:17+00:00","og_image":[{"width":600,"height":360,"url":"https:\/\/permbledhja.com\/wp-content\/uploads\/2023\/09\/06FE4892-5F58-4A75-B5B1-15CA45C5A7FA.png","type":"image\/png"}],"author":"P\u00ebrmbledhja","twitter_card":"summary_large_image","twitter_misc":{"Written by":"P\u00ebrmbledhja","Est. reading time":"1 minut\u00eb"},"schema":{"@context":"https:\/\/schema.org","@graph":[{"@type":"Article","@id":"https:\/\/permbledhja.com\/kurti-per-mediumin-estonez-serbise-duhet-ti-ofrohet-me-shume-kamxhik-sesa-biskota\/#article","isPartOf":{"@id":"https:\/\/permbledhja.com\/kurti-per-mediumin-estonez-serbise-duhet-ti-ofrohet-me-shume-kamxhik-sesa-biskota\/"},"author":{"name":"P\u00ebrmbledhja","@id":"https:\/\/permbledhja.com\/#\/schema\/person\/0d064377258d3221e50693947b9eb4fe"},"headline":"Kurti p\u00ebr mediumin estonez: Serbis\u00eb duhet t\u2019i ofrohet m\u00eb shum\u00eb kamxhik sesa biskota","datePublished":"2023-09-10T06:08:17+00:00","dateModified":"2023-09-10T06:08:17+00:00","mainEntityOfPage":{"@id":"https:\/\/permbledhja.com\/kurti-per-mediumin-estonez-serbise-duhet-ti-ofrohet-me-shume-kamxhik-sesa-biskota\/"},"wordCount":187,"publisher":{"@id":"https:\/\/permbledhja.com\/#organization"},"keywords":["Albin Kurti"],"articleSection":["Komb\u00ebtare","Lajme"],"inLanguage":"sq"},{"@type":"WebPage","@id":"https:\/\/permbledhja.com\/kurti-per-mediumin-estonez-serbise-duhet-ti-ofrohet-me-shume-kamxhik-sesa-biskota\/","url":"https:\/\/permbledhja.com\/kurti-per-mediumin-estonez-serbise-duhet-ti-ofrohet-me-shume-kamxhik-sesa-biskota\/","name":"Kurti p\u00ebr mediumin estonez: Serbis\u00eb duhet t\u2019i ofrohet m\u00eb shum\u00eb kamxhik sesa biskota","isPartOf":{"@id":"https:\/\/permbledhja.com\/#website"},"datePublished":"2023-09-10T06:08:17+00:00","dateModified":"2023-09-10T06:08:17+00:00","breadcrumb":{"@id":"https:\/\/permbledhja.com\/kurti-per-mediumin-estonez-serbise-duhet-ti-ofrohet-me-shume-kamxhik-sesa-biskota\/#breadcrumb"},"inLanguage":"sq","potentialAction":[{"@type":"ReadAction","target":["https:\/\/permbledhja.com\/kurti-per-mediumin-estonez-serbise-duhet-ti-ofrohet-me-shume-kamxhik-sesa-biskota\/"]}]},{"@type":"BreadcrumbList","@id":"https:\/\/permbledhja.com\/kurti-per-mediumin-estonez-serbise-duhet-ti-ofrohet-me-shume-kamxhik-sesa-biskota\/#breadcrumb","itemListElement":[{"@type":"ListItem","position":1,"name":"Ballina","item":"https:\/\/permbledhja.com\/sq\/"},{"@type":"ListItem","position":2,"name":"Kurti p\u00ebr mediumin estonez: Serbis\u00eb duhet t\u2019i ofrohet m\u00eb shum\u00eb kamxhik sesa biskota"}]},{"@type":"WebSite","@id":"https:\/\/permbledhja.com\/#website","url":"https:\/\/permbledhja.com\/","name":"Ve\u00e7 artikuj p\u00ebrmbledh\u00ebs","description":"","publisher":{"@id":"https:\/\/permbledhja.com\/#organization"},"potentialAction":[{"@type":"SearchAction","target":{"@type":"EntryPoint","urlTemplate":"https:\/\/permbledhja.com\/?s={search_term_string}"},"query-input":"required name=search_term_string"}],"inLanguage":"sq"},{"@type":"Organization","@id":"https:\/\/permbledhja.com\/#organization","name":"MK Media & Pr","url":"https:\/\/permbledhja.com\/","logo":{"@type":"ImageObject","inLanguage":"sq","@id":"https:\/\/permbledhja.com\/#\/schema\/logo\/image\/","url":"https:\/\/permbledhja.com\/wp-content\/uploads\/2021\/12\/07-Press-Logo.jpg","contentUrl":"https:\/\/permbledhja.com\/wp-content\/uploads\/2021\/12\/07-Press-Logo.jpg","width":512,"height":512,"caption":"MK Media & Pr"},"image":{"@id":"https:\/\/permbledhja.com\/#\/schema\/logo\/image\/"},"sameAs":["https:\/\/www.facebook.com\/press07\/"]},{"@type":"Person","@id":"https:\/\/permbledhja.com\/#\/schema\/person\/0d064377258d3221e50693947b9eb4fe","name":"P\u00ebrmbledhja","image":{"@type":"ImageObject","inLanguage":"sq","@id":"https:\/\/permbledhja.com\/#\/schema\/person\/image\/","url":"https:\/\/permbledhja.com\/wp-content\/uploads\/2026\/01\/452004717_1040944174702970_8932037511805513407_n-96x96.jpg","contentUrl":"https:\/\/permbledhja.com\/wp-content\/uploads\/2026\/01\/452004717_1040944174702970_8932037511805513407_n-96x96.jpg","caption":"P\u00ebrmbledhja"},"sameAs":["https:\/\/www.facebook.com\/kafexhiu.muharrem\/","https:\/\/www.instagram.com\/muharrem_kafexhiu\/"],"url":"https:\/\/permbledhja.com\/sq\/author\/admin\/"}]}},"_links":{"self":[{"href":"https:\/\/permbledhja.com\/sq\/wp-json\/wp\/v2\/posts\/26297"}],"collection":[{"href":"https:\/\/permbledhja.com\/sq\/wp-json\/wp\/v2\/posts"}],"about":[{"href":"https:\/\/permbledhja.com\/sq\/wp-json\/wp\/v2\/types\/post"}],"author":[{"embeddable":true,"href":"https:\/\/permbledhja.com\/sq\/wp-json\/wp\/v2\/users\/1"}],"replies":[{"embeddable":true,"href":"https:\/\/permbledhja.com\/sq\/wp-json\/wp\/v2\/comments?post=26297"}],"version-history":[{"count":1,"href":"https:\/\/permbledhja.com\/sq\/wp-json\/wp\/v2\/posts\/26297\/revisions"}],"predecessor-version":[{"id":26302,"href":"https:\/\/permbledhja.com\/sq\/wp-json\/wp\/v2\/posts\/26297\/revisions\/26302"}],"wp:featuredmedia":[{"embeddable":true,"href":"https:\/\/permbledhja.com\/sq\/wp-json\/wp\/v2\/media\/26299"}],"wp:attachment":[{"href":"https:\/\/permbledhja.com\/sq\/wp-json\/wp\/v2\/media?parent=26297"}],"wp:term":[{"taxonomy":"category","embeddable":true,"href":"https:\/\/permbledhja.com\/sq\/wp-json\/wp\/v2\/categories?post=26297"},{"taxonomy":"post_tag","embeddable":true,"href":"https:\/\/permbledhja.com\/sq\/wp-json\/wp\/v2\/tags?post=26297"}],"curies":[{"name":"wp","href":"https:\/\/api.w.org\/{rel}","templated":true}]}}