{"id":26216,"date":"2023-09-08T12:39:07","date_gmt":"2023-09-08T12:39:07","guid":{"rendered":"https:\/\/permbledhja.com\/?p=26216"},"modified":"2023-09-08T12:39:07","modified_gmt":"2023-09-08T12:39:07","slug":"lansohet-forma-e-aplikimit-per-subvencionim-te-energjise-elektrike-per-familjet-e-cenueshme","status":"publish","type":"post","link":"https:\/\/permbledhja.com\/sq\/lansohet-forma-e-aplikimit-per-subvencionim-te-energjise-elektrike-per-familjet-e-cenueshme\/","title":{"rendered":"Lansohet forma e aplikimit p\u00ebr subvencionim t\u00eb energjis\u00eb elektrike p\u00ebr familjet e cenueshme"},"content":{"rendered":"<h3>Ministri i Financave, Pun\u00ebs dhe Transferve, Hekuran Murati, ka njoftuar se \u00ebsht\u00eb lansuar forma e aplikimit p\u00ebr subvencionim t\u00eb energjis\u00eb elektrike p\u00ebr familjet e cenueshme, derisa ka publikuar edhe linkun ku mund t\u00eb aplikohet.<\/h3>\n<p>Murati u ka b\u00ebr\u00eb thirrje aplikuesve q\u00eb t\u00eb sigurohen se t\u00eb dh\u00ebnat jan\u00eb t\u00eb sakta, sidomos shifra e konsumatorit, meq\u00eb si\u00e7 ka th\u00ebn\u00eb subvencioni do t\u00eb b\u00ebhet direkt n\u00eb fatur\u00eb.<\/p>\n<p>Sipas tij, nga kjo mund t\u00eb p\u00ebrfitojn\u00eb t\u00eb gjitha familjet me t\u00eb ardhura mesatare mujore m\u00eb pak se 150 euro\/muaj\/an\u00ebtar, kualifikohen p\u00ebr t\u00eb aplikuar p\u00ebr subvencionim.<\/p>\n<p>\u201cPra n\u00ebse nj\u00eb familje ka 4 an\u00ebtar\u00eb dhe ka t\u00eb ardhurat mujore m\u00eb pak se 600 euro\/muaj, mund t\u00eb aplikoj\u00eb p\u00ebr subvencion. N\u00ebse familja ka 5 an\u00ebtar\u00eb duhet t\u00eb ket\u00eb t\u00eb ardhura m\u00eb pak se 750 euro\/muaj p\u00ebr t\u2019u kualifikuar, e k\u00ebshtu me radh\u00eb\u201d, ka shkruar Murati.<\/p>\n<p><a href=\"https:\/\/see.rks-gov.net\/?fbclid=IwAR2UYKssJKPNS5Ik_LoY0w7TOw59CyKfa6fuDgkjKNSyGhdqRWBE4W7-R8k\" target=\"_blank\" rel=\"noreferrer noopener\">LINKUN E GJENI DUKE KLIKUAR K\u00cbTU<\/a><\/p>\n<p>Murati ka th\u00ebn\u00eb se shuma e subvencionit t\u00eb plot\u00eb shkon deri n\u00eb 900 kWh\/vit p\u00ebr nj\u00eb an\u00ebtar, dhe do t\u00eb jet\u00eb e shp\u00ebrndar\u00eb n\u00ebp\u00ebr muajt e dimrit.<\/p>\n<p>\u201cN\u00ebse nj\u00eb familje 4-an\u00ebtar\u00ebshe ka 300 euro t\u00eb ardhura mujore, mund t\u00eb p\u00ebrfitoj\u00eb gjysm\u00ebn subvencionit, pra 450 kWh\/vit p\u00ebr an\u00ebtar. N\u00ebse familja nuk ka fare t\u00eb ardhura, at\u00ebher\u00eb mund t\u00eb p\u00ebrfitoj\u00eb subvencionin e plot\u00eb prej 900k\u00cbh p\u00ebr an\u00ebtar. Me fjal\u00eb tjera, sa m\u00eb pak t\u00eb ardhura t\u00eb ket\u00eb familja, aq m\u00eb e lart\u00eb \u00ebsht\u00eb vlera e subvencionit, e q\u00eb mund t\u00eb shkoj\u00eb deri n\u00eb 900kWh\/vit\/an\u00ebtar\u201d, ka deklaruar Ministri.<\/p>\n<p>P\u00ebr familjet q\u00eb nuk kan\u00eb qasje n\u00eb internet, apo kan\u00eb v\u00ebshtir\u00ebsi t\u00eb aplikojn\u00eb, Murati ka th\u00ebn\u00eb se mund t\u00eb drejtohen n\u00eb Qendrat p\u00ebr Pun\u00eb Sociale p\u00ebr udh\u00ebzime dhe ndihm\u00eb<\/p>\n<p>Lansohet edhe forma e aplikimit p\u00ebr subvencionim t\u00eb energjis\u00eb elektrike p\u00ebr familjet e cenueshme\u2026.<\/p>\n<p>&nbsp;<\/p>\n","protected":false},"excerpt":{"rendered":"<p>Ministri i Financave, Pun\u00ebs dhe Transferve, Hekuran Murati, ka njoftuar se \u00ebsht\u00eb lansuar forma e aplikimit p\u00ebr subvencionim t\u00eb energjis\u00eb elektrike p\u00ebr familjet e cenueshme, derisa ka publikuar edhe linkun ku mund t\u00eb aplikohet. Murati u ka b\u00ebr\u00eb thirrje aplikuesve q\u00eb t\u00eb sigurohen se t\u00eb dh\u00ebnat jan\u00eb t\u00eb sakta, sidomos shifra e konsumatorit, meq\u00eb si\u00e7 [&hellip;]<\/p>\n","protected":false},"author":1,"featured_media":26217,"comment_status":"closed","ping_status":"closed","sticky":false,"template":"","format":"standard","meta":{"_monsterinsights_skip_tracking":false,"_monsterinsights_sitenote_active":false,"_monsterinsights_sitenote_note":"","_monsterinsights_sitenote_category":0,"_uf_show_specific_survey":0,"_uf_disable_surveys":false,"footnotes":""},"categories":[23,15],"tags":[2357],"yoast_head":"<!-- This site is optimized with the Yoast SEO plugin v21.5 - https:\/\/yoast.com\/wordpress\/plugins\/seo\/ -->\n<title>Lansohet forma e aplikimit p\u00ebr subvencionim t\u00eb energjis\u00eb elektrike p\u00ebr familjet e cenueshme<\/title>\n<meta name=\"robots\" content=\"index, follow, max-snippet:-1, max-image-preview:large, max-video-preview:-1\" \/>\n<link rel=\"canonical\" href=\"https:\/\/permbledhja.com\/sq\/lansohet-forma-e-aplikimit-per-subvencionim-te-energjise-elektrike-per-familjet-e-cenueshme\/\" \/>\n<meta property=\"og:locale\" content=\"sq_AL\" \/>\n<meta property=\"og:type\" content=\"article\" \/>\n<meta property=\"og:title\" content=\"Lansohet forma e aplikimit p\u00ebr subvencionim t\u00eb energjis\u00eb elektrike p\u00ebr familjet e cenueshme\" \/>\n<meta property=\"og:description\" content=\"Ministri i Financave, Pun\u00ebs dhe Transferve, Hekuran Murati, ka njoftuar se \u00ebsht\u00eb lansuar forma e aplikimit p\u00ebr subvencionim t\u00eb energjis\u00eb elektrike p\u00ebr familjet e cenueshme, derisa ka publikuar edhe linkun ku mund t\u00eb aplikohet. Murati u ka b\u00ebr\u00eb thirrje aplikuesve q\u00eb t\u00eb sigurohen se t\u00eb dh\u00ebnat jan\u00eb t\u00eb sakta, sidomos shifra e konsumatorit, meq\u00eb si\u00e7 [&hellip;]\" \/>\n<meta property=\"og:url\" content=\"https:\/\/permbledhja.com\/sq\/lansohet-forma-e-aplikimit-per-subvencionim-te-energjise-elektrike-per-familjet-e-cenueshme\/\" \/>\n<meta property=\"og:site_name\" content=\"Ve\u00e7 artikuj p\u00ebrmbledh\u00ebs\" \/>\n<meta property=\"article:publisher\" content=\"https:\/\/www.facebook.com\/press07\/\" \/>\n<meta property=\"article:author\" content=\"https:\/\/www.facebook.com\/kafexhiu.muharrem\/\" \/>\n<meta property=\"article:published_time\" content=\"2023-09-08T12:39:07+00:00\" \/>\n<meta property=\"og:image\" content=\"https:\/\/permbledhja.com\/wp-content\/uploads\/2023\/09\/hekuran-murati-1.jpg\" \/>\n\t<meta property=\"og:image:width\" content=\"2048\" \/>\n\t<meta property=\"og:image:height\" content=\"1365\" \/>\n\t<meta property=\"og:image:type\" content=\"image\/jpeg\" \/>\n<meta name=\"author\" content=\"P\u00ebrmbledhja\" \/>\n<meta name=\"twitter:card\" content=\"summary_large_image\" \/>\n<meta name=\"twitter:label1\" content=\"Written by\" \/>\n\t<meta name=\"twitter:data1\" content=\"P\u00ebrmbledhja\" \/>\n\t<meta name=\"twitter:label2\" content=\"Est. reading time\" \/>\n\t<meta name=\"twitter:data2\" content=\"2 minuta\" \/>\n<script type=\"application\/ld+json\" class=\"yoast-schema-graph\">{\"@context\":\"https:\/\/schema.org\",\"@graph\":[{\"@type\":\"Article\",\"@id\":\"https:\/\/permbledhja.com\/sq\/lansohet-forma-e-aplikimit-per-subvencionim-te-energjise-elektrike-per-familjet-e-cenueshme\/#article\",\"isPartOf\":{\"@id\":\"https:\/\/permbledhja.com\/sq\/lansohet-forma-e-aplikimit-per-subvencionim-te-energjise-elektrike-per-familjet-e-cenueshme\/\"},\"author\":{\"name\":\"P\u00ebrmbledhja\",\"@id\":\"https:\/\/permbledhja.com\/#\/schema\/person\/0d064377258d3221e50693947b9eb4fe\"},\"headline\":\"Lansohet forma e aplikimit p\u00ebr subvencionim t\u00eb energjis\u00eb elektrike p\u00ebr familjet e cenueshme\",\"datePublished\":\"2023-09-08T12:39:07+00:00\",\"dateModified\":\"2023-09-08T12:39:07+00:00\",\"mainEntityOfPage\":{\"@id\":\"https:\/\/permbledhja.com\/sq\/lansohet-forma-e-aplikimit-per-subvencionim-te-energjise-elektrike-per-familjet-e-cenueshme\/\"},\"wordCount\":346,\"publisher\":{\"@id\":\"https:\/\/permbledhja.com\/#organization\"},\"keywords\":[\"Aplikimi\"],\"articleSection\":[\"Komb\u00ebtare\",\"Lajme\"],\"inLanguage\":\"sq\"},{\"@type\":\"WebPage\",\"@id\":\"https:\/\/permbledhja.com\/sq\/lansohet-forma-e-aplikimit-per-subvencionim-te-energjise-elektrike-per-familjet-e-cenueshme\/\",\"url\":\"https:\/\/permbledhja.com\/sq\/lansohet-forma-e-aplikimit-per-subvencionim-te-energjise-elektrike-per-familjet-e-cenueshme\/\",\"name\":\"Lansohet forma e aplikimit p\u00ebr subvencionim t\u00eb energjis\u00eb elektrike p\u00ebr familjet e cenueshme\",\"isPartOf\":{\"@id\":\"https:\/\/permbledhja.com\/#website\"},\"datePublished\":\"2023-09-08T12:39:07+00:00\",\"dateModified\":\"2023-09-08T12:39:07+00:00\",\"breadcrumb\":{\"@id\":\"https:\/\/permbledhja.com\/sq\/lansohet-forma-e-aplikimit-per-subvencionim-te-energjise-elektrike-per-familjet-e-cenueshme\/#breadcrumb\"},\"inLanguage\":\"sq\",\"potentialAction\":[{\"@type\":\"ReadAction\",\"target\":[\"https:\/\/permbledhja.com\/sq\/lansohet-forma-e-aplikimit-per-subvencionim-te-energjise-elektrike-per-familjet-e-cenueshme\/\"]}]},{\"@type\":\"BreadcrumbList\",\"@id\":\"https:\/\/permbledhja.com\/sq\/lansohet-forma-e-aplikimit-per-subvencionim-te-energjise-elektrike-per-familjet-e-cenueshme\/#breadcrumb\",\"itemListElement\":[{\"@type\":\"ListItem\",\"position\":1,\"name\":\"Ballina\",\"item\":\"https:\/\/permbledhja.com\/sq\/\"},{\"@type\":\"ListItem\",\"position\":2,\"name\":\"Lansohet forma e aplikimit p\u00ebr subvencionim t\u00eb energjis\u00eb elektrike p\u00ebr familjet e cenueshme\"}]},{\"@type\":\"WebSite\",\"@id\":\"https:\/\/permbledhja.com\/#website\",\"url\":\"https:\/\/permbledhja.com\/\",\"name\":\"Ve\u00e7 artikuj p\u00ebrmbledh\u00ebs\",\"description\":\"\",\"publisher\":{\"@id\":\"https:\/\/permbledhja.com\/#organization\"},\"potentialAction\":[{\"@type\":\"SearchAction\",\"target\":{\"@type\":\"EntryPoint\",\"urlTemplate\":\"https:\/\/permbledhja.com\/?s={search_term_string}\"},\"query-input\":\"required name=search_term_string\"}],\"inLanguage\":\"sq\"},{\"@type\":\"Organization\",\"@id\":\"https:\/\/permbledhja.com\/#organization\",\"name\":\"MK Media & Pr\",\"url\":\"https:\/\/permbledhja.com\/\",\"logo\":{\"@type\":\"ImageObject\",\"inLanguage\":\"sq\",\"@id\":\"https:\/\/permbledhja.com\/#\/schema\/logo\/image\/\",\"url\":\"https:\/\/permbledhja.com\/wp-content\/uploads\/2021\/12\/07-Press-Logo.jpg\",\"contentUrl\":\"https:\/\/permbledhja.com\/wp-content\/uploads\/2021\/12\/07-Press-Logo.jpg\",\"width\":512,\"height\":512,\"caption\":\"MK Media & Pr\"},\"image\":{\"@id\":\"https:\/\/permbledhja.com\/#\/schema\/logo\/image\/\"},\"sameAs\":[\"https:\/\/www.facebook.com\/press07\/\"]},{\"@type\":\"Person\",\"@id\":\"https:\/\/permbledhja.com\/#\/schema\/person\/0d064377258d3221e50693947b9eb4fe\",\"name\":\"P\u00ebrmbledhja\",\"image\":{\"@type\":\"ImageObject\",\"inLanguage\":\"sq\",\"@id\":\"https:\/\/permbledhja.com\/#\/schema\/person\/image\/\",\"url\":\"https:\/\/permbledhja.com\/wp-content\/uploads\/2026\/01\/452004717_1040944174702970_8932037511805513407_n-96x96.jpg\",\"contentUrl\":\"https:\/\/permbledhja.com\/wp-content\/uploads\/2026\/01\/452004717_1040944174702970_8932037511805513407_n-96x96.jpg\",\"caption\":\"P\u00ebrmbledhja\"},\"sameAs\":[\"https:\/\/www.facebook.com\/kafexhiu.muharrem\/\",\"https:\/\/www.instagram.com\/muharrem_kafexhiu\/\"],\"url\":\"https:\/\/permbledhja.com\/sq\/author\/admin\/\"}]}<\/script>\n<!-- \/ Yoast SEO plugin. -->","yoast_head_json":{"title":"Lansohet forma e aplikimit p\u00ebr subvencionim t\u00eb energjis\u00eb elektrike p\u00ebr familjet e cenueshme","robots":{"index":"index","follow":"follow","max-snippet":"max-snippet:-1","max-image-preview":"max-image-preview:large","max-video-preview":"max-video-preview:-1"},"canonical":"https:\/\/permbledhja.com\/sq\/lansohet-forma-e-aplikimit-per-subvencionim-te-energjise-elektrike-per-familjet-e-cenueshme\/","og_locale":"sq_AL","og_type":"article","og_title":"Lansohet forma e aplikimit p\u00ebr subvencionim t\u00eb energjis\u00eb elektrike p\u00ebr familjet e cenueshme","og_description":"Ministri i Financave, Pun\u00ebs dhe Transferve, Hekuran Murati, ka njoftuar se \u00ebsht\u00eb lansuar forma e aplikimit p\u00ebr subvencionim t\u00eb energjis\u00eb elektrike p\u00ebr familjet e cenueshme, derisa ka publikuar edhe linkun ku mund t\u00eb aplikohet. Murati u ka b\u00ebr\u00eb thirrje aplikuesve q\u00eb t\u00eb sigurohen se t\u00eb dh\u00ebnat jan\u00eb t\u00eb sakta, sidomos shifra e konsumatorit, meq\u00eb si\u00e7 [&hellip;]","og_url":"https:\/\/permbledhja.com\/sq\/lansohet-forma-e-aplikimit-per-subvencionim-te-energjise-elektrike-per-familjet-e-cenueshme\/","og_site_name":"Ve\u00e7 artikuj p\u00ebrmbledh\u00ebs","article_publisher":"https:\/\/www.facebook.com\/press07\/","article_author":"https:\/\/www.facebook.com\/kafexhiu.muharrem\/","article_published_time":"2023-09-08T12:39:07+00:00","og_image":[{"width":2048,"height":1365,"url":"https:\/\/permbledhja.com\/wp-content\/uploads\/2023\/09\/hekuran-murati-1.jpg","type":"image\/jpeg"}],"author":"P\u00ebrmbledhja","twitter_card":"summary_large_image","twitter_misc":{"Written by":"P\u00ebrmbledhja","Est. reading time":"2 minuta"},"schema":{"@context":"https:\/\/schema.org","@graph":[{"@type":"Article","@id":"https:\/\/permbledhja.com\/sq\/lansohet-forma-e-aplikimit-per-subvencionim-te-energjise-elektrike-per-familjet-e-cenueshme\/#article","isPartOf":{"@id":"https:\/\/permbledhja.com\/sq\/lansohet-forma-e-aplikimit-per-subvencionim-te-energjise-elektrike-per-familjet-e-cenueshme\/"},"author":{"name":"P\u00ebrmbledhja","@id":"https:\/\/permbledhja.com\/#\/schema\/person\/0d064377258d3221e50693947b9eb4fe"},"headline":"Lansohet forma e aplikimit p\u00ebr subvencionim t\u00eb energjis\u00eb elektrike p\u00ebr familjet e cenueshme","datePublished":"2023-09-08T12:39:07+00:00","dateModified":"2023-09-08T12:39:07+00:00","mainEntityOfPage":{"@id":"https:\/\/permbledhja.com\/sq\/lansohet-forma-e-aplikimit-per-subvencionim-te-energjise-elektrike-per-familjet-e-cenueshme\/"},"wordCount":346,"publisher":{"@id":"https:\/\/permbledhja.com\/#organization"},"keywords":["Aplikimi"],"articleSection":["Komb\u00ebtare","Lajme"],"inLanguage":"sq"},{"@type":"WebPage","@id":"https:\/\/permbledhja.com\/sq\/lansohet-forma-e-aplikimit-per-subvencionim-te-energjise-elektrike-per-familjet-e-cenueshme\/","url":"https:\/\/permbledhja.com\/sq\/lansohet-forma-e-aplikimit-per-subvencionim-te-energjise-elektrike-per-familjet-e-cenueshme\/","name":"Lansohet forma e aplikimit p\u00ebr subvencionim t\u00eb energjis\u00eb elektrike p\u00ebr familjet e cenueshme","isPartOf":{"@id":"https:\/\/permbledhja.com\/#website"},"datePublished":"2023-09-08T12:39:07+00:00","dateModified":"2023-09-08T12:39:07+00:00","breadcrumb":{"@id":"https:\/\/permbledhja.com\/sq\/lansohet-forma-e-aplikimit-per-subvencionim-te-energjise-elektrike-per-familjet-e-cenueshme\/#breadcrumb"},"inLanguage":"sq","potentialAction":[{"@type":"ReadAction","target":["https:\/\/permbledhja.com\/sq\/lansohet-forma-e-aplikimit-per-subvencionim-te-energjise-elektrike-per-familjet-e-cenueshme\/"]}]},{"@type":"BreadcrumbList","@id":"https:\/\/permbledhja.com\/sq\/lansohet-forma-e-aplikimit-per-subvencionim-te-energjise-elektrike-per-familjet-e-cenueshme\/#breadcrumb","itemListElement":[{"@type":"ListItem","position":1,"name":"Ballina","item":"https:\/\/permbledhja.com\/sq\/"},{"@type":"ListItem","position":2,"name":"Lansohet forma e aplikimit p\u00ebr subvencionim t\u00eb energjis\u00eb elektrike p\u00ebr familjet e cenueshme"}]},{"@type":"WebSite","@id":"https:\/\/permbledhja.com\/#website","url":"https:\/\/permbledhja.com\/","name":"Ve\u00e7 artikuj p\u00ebrmbledh\u00ebs","description":"","publisher":{"@id":"https:\/\/permbledhja.com\/#organization"},"potentialAction":[{"@type":"SearchAction","target":{"@type":"EntryPoint","urlTemplate":"https:\/\/permbledhja.com\/?s={search_term_string}"},"query-input":"required name=search_term_string"}],"inLanguage":"sq"},{"@type":"Organization","@id":"https:\/\/permbledhja.com\/#organization","name":"MK Media & Pr","url":"https:\/\/permbledhja.com\/","logo":{"@type":"ImageObject","inLanguage":"sq","@id":"https:\/\/permbledhja.com\/#\/schema\/logo\/image\/","url":"https:\/\/permbledhja.com\/wp-content\/uploads\/2021\/12\/07-Press-Logo.jpg","contentUrl":"https:\/\/permbledhja.com\/wp-content\/uploads\/2021\/12\/07-Press-Logo.jpg","width":512,"height":512,"caption":"MK Media & Pr"},"image":{"@id":"https:\/\/permbledhja.com\/#\/schema\/logo\/image\/"},"sameAs":["https:\/\/www.facebook.com\/press07\/"]},{"@type":"Person","@id":"https:\/\/permbledhja.com\/#\/schema\/person\/0d064377258d3221e50693947b9eb4fe","name":"P\u00ebrmbledhja","image":{"@type":"ImageObject","inLanguage":"sq","@id":"https:\/\/permbledhja.com\/#\/schema\/person\/image\/","url":"https:\/\/permbledhja.com\/wp-content\/uploads\/2026\/01\/452004717_1040944174702970_8932037511805513407_n-96x96.jpg","contentUrl":"https:\/\/permbledhja.com\/wp-content\/uploads\/2026\/01\/452004717_1040944174702970_8932037511805513407_n-96x96.jpg","caption":"P\u00ebrmbledhja"},"sameAs":["https:\/\/www.facebook.com\/kafexhiu.muharrem\/","https:\/\/www.instagram.com\/muharrem_kafexhiu\/"],"url":"https:\/\/permbledhja.com\/sq\/author\/admin\/"}]}},"_links":{"self":[{"href":"https:\/\/permbledhja.com\/sq\/wp-json\/wp\/v2\/posts\/26216"}],"collection":[{"href":"https:\/\/permbledhja.com\/sq\/wp-json\/wp\/v2\/posts"}],"about":[{"href":"https:\/\/permbledhja.com\/sq\/wp-json\/wp\/v2\/types\/post"}],"author":[{"embeddable":true,"href":"https:\/\/permbledhja.com\/sq\/wp-json\/wp\/v2\/users\/1"}],"replies":[{"embeddable":true,"href":"https:\/\/permbledhja.com\/sq\/wp-json\/wp\/v2\/comments?post=26216"}],"version-history":[{"count":1,"href":"https:\/\/permbledhja.com\/sq\/wp-json\/wp\/v2\/posts\/26216\/revisions"}],"predecessor-version":[{"id":26218,"href":"https:\/\/permbledhja.com\/sq\/wp-json\/wp\/v2\/posts\/26216\/revisions\/26218"}],"wp:featuredmedia":[{"embeddable":true,"href":"https:\/\/permbledhja.com\/sq\/wp-json\/wp\/v2\/media\/26217"}],"wp:attachment":[{"href":"https:\/\/permbledhja.com\/sq\/wp-json\/wp\/v2\/media?parent=26216"}],"wp:term":[{"taxonomy":"category","embeddable":true,"href":"https:\/\/permbledhja.com\/sq\/wp-json\/wp\/v2\/categories?post=26216"},{"taxonomy":"post_tag","embeddable":true,"href":"https:\/\/permbledhja.com\/sq\/wp-json\/wp\/v2\/tags?post=26216"}],"curies":[{"name":"wp","href":"https:\/\/api.w.org\/{rel}","templated":true}]}}