{"id":26214,"date":"2023-09-08T12:21:13","date_gmt":"2023-09-08T12:21:13","guid":{"rendered":"https:\/\/permbledhja.com\/?p=26214"},"modified":"2023-09-08T12:21:13","modified_gmt":"2023-09-08T12:21:13","slug":"haradinaj-qeveria-me-veprimet-e-saj-te-paligjshme-ka-crregulluar-sistemin-e-arsimit-primar","status":"publish","type":"post","link":"https:\/\/permbledhja.com\/sq\/haradinaj-qeveria-me-veprimet-e-saj-te-paligjshme-ka-crregulluar-sistemin-e-arsimit-primar\/","title":{"rendered":"Haradinaj: Qeveria me veprimet e saj t\u00eb paligjshme, ka \u00e7&#8217;rregulluar sistemin e arsimit primar"},"content":{"rendered":"<h3 dir=\"auto\">Grupi Parlamentar i Aleanc\u00ebs p\u00ebr Ardhm\u00ebrin\u00eb e Kosov\u00ebs (AAK), ka mbajtur sot tryez\u00ebn e pest\u00eb me radh\u00eb p\u00ebrmes s\u00eb cilave trajton tema t\u00eb ndryshme n\u00eb interes t\u00eb p\u00ebrgjithsh\u00ebm.<\/h3>\n<div dir=\"auto\"><\/div>\n<div dir=\"auto\">Kryetari i AAK-s\u00eb, Ramush Haradinaj ka njoftuar se kan\u00eb diskutuar p\u00ebr gjendjen n\u00eb institucionet shkollore.<\/div>\n<div dir=\"auto\"><\/div>\n<div dir=\"auto\"><em>&#8220;Qeveria me veprimet e saj t\u00eb paligjshme, ka \u00e7&#8217;rregulluar sistemin e arsimit primar. Sot kur b\u00ebhet nj\u00eb jav\u00eb nga fillimi i vitit t\u00eb ri shkollor, nx\u00ebn\u00ebsit jan\u00eb ende pa libra. Ky vendim i Qeveris\u00eb, p\u00ebrpos q\u00eb ka shkaktuar rritjen e kostos duke e tejkaluar shifr\u00ebn p\u00ebr rreth 6 milion\u00eb euro m\u00eb shum\u00eb se sa q\u00eb ishte parashikuar, ka shp\u00ebrfaqur p\u00ebr her\u00eb t\u00eb par\u00eb n\u00eb shkollat publike pabar\u00ebzi sociale n\u00eb mes t\u00eb varf\u00ebrve dhe t\u00eb pasurve, nd\u00ebrkaq aplikimet online kan\u00eb shp\u00ebrfaqur mund\u00ebsi t\u00eb manipulimit t\u00eb buxhetit dhe keqp\u00ebrdorim t\u00eb t\u00eb dh\u00ebnave personale. Si Aleanc\u00eb, vendimin e konsiderojm\u00eb t\u00eb jasht\u00ebligjsh\u00ebm&#8221;<\/em>, thuhet n\u00eb njoftimin e kryetarit t\u00eb AAK-s\u00eb.<\/div>\n<div dir=\"auto\"><\/div>\n<div dir=\"auto\">Njoftimi i plot\u00eb i Haradinajt:<\/div>\n<div dir=\"auto\"><\/div>\n<div dir=\"auto\"><em>Aleanca ka koh\u00eb q\u00eb ka filluar diskutime p\u00ebr tema q\u00eb jan\u00eb n\u00eb interes t\u00eb qytetarit, duke i dh\u00ebn\u00eb r\u00ebnd\u00ebsi dialogut me pal\u00ebt q\u00eb kan\u00eb p\u00ebrgjegj\u00ebsi n\u00eb sektor\u00eb t\u00eb ndrysh\u00ebm. Tryeza e pest\u00eb e Grupit Parlamentar t\u00eb AAK-s\u00eb trajtoi nj\u00eb tem\u00eb aktuale, d\u00ebshtimin e Qeveris\u00eb n\u00eb sigurimin e teksteve shkollore p\u00ebr nx\u00ebn\u00ebsit.<\/em><\/div>\n<div dir=\"auto\"><\/div>\n<div dir=\"auto\"><em>Gjat\u00eb diskutimit, t\u00eb pranishmit konfirmuan shqet\u00ebsimet tona t\u00eb shprehura se gjendja n\u00eb institucionet shkollore \u00ebsht\u00eb shqet\u00ebsuese.\u00a0<\/em><\/div>\n<div dir=\"auto\"><\/div>\n<div dir=\"auto\"><em>Qeveria me veprimet e saj t\u00eb paligjshme, ka \u00e7&#8217;rregulluar sistemin e arsimit primar. Sot kur b\u00ebhet nj\u00eb jav\u00eb nga fillimi i vitit t\u00eb ri shkollor, nx\u00ebn\u00ebsit jan\u00eb ende pa libra. Ky vendim i Qeveris\u00eb, p\u00ebrpos q\u00eb ka shkaktuar rritjen e kostos duke e tejkaluar shifr\u00ebn p\u00ebr rreth 6 milion\u00eb euro m\u00eb shum\u00eb se sa q\u00eb ishte parashikuar, ka shp\u00ebrfaqur p\u00ebr her\u00eb t\u00eb par\u00eb n\u00eb shkollat publike pabar\u00ebzi sociale n\u00eb mes t\u00eb varf\u00ebrve dhe t\u00eb pasurve, nd\u00ebrkaq aplikimet online kan\u00eb shp\u00ebrfaqur mund\u00ebsi t\u00eb manipulimit t\u00eb buxhetit dhe keqp\u00ebrdorim t\u00eb t\u00eb dh\u00ebnave personale. Si Aleanc\u00eb, vendimin e konsiderojm\u00eb t\u00eb jasht\u00ebligjsh\u00ebm.\u00a0<\/em><\/div>\n<div dir=\"auto\"><\/div>\n<div dir=\"auto\"><em>Aleanca i \u00e7mon t\u00eb arriturat e deritanishme n\u00eb arsim, si merit\u00eb e p\u00ebrbashk\u00ebt e drejtuesve arsimor\u00eb n\u00eb t\u00eb gjitha nivelet. Nj\u00eb sistem cil\u00ebsor i arsimit arrihet vet\u00ebm me trajtim t\u00eb dinjitetsh\u00ebm t\u00eb m\u00ebsimdh\u00ebn\u00ebsve, me status meritor financiar dhe ofrim t\u00eb kushteve t\u00eb mira p\u00ebr nx\u00ebn\u00ebsit.<\/em><\/div>\n","protected":false},"excerpt":{"rendered":"<p>Grupi Parlamentar i Aleanc\u00ebs p\u00ebr Ardhm\u00ebrin\u00eb e Kosov\u00ebs (AAK), ka mbajtur sot tryez\u00ebn e pest\u00eb me radh\u00eb p\u00ebrmes s\u00eb cilave trajton tema t\u00eb ndryshme n\u00eb interes t\u00eb p\u00ebrgjithsh\u00ebm. Kryetari i AAK-s\u00eb, Ramush Haradinaj ka njoftuar se kan\u00eb diskutuar p\u00ebr gjendjen n\u00eb institucionet shkollore. &#8220;Qeveria me veprimet e saj t\u00eb paligjshme, ka \u00e7&#8217;rregulluar sistemin e arsimit [&hellip;]<\/p>\n","protected":false},"author":1,"featured_media":20343,"comment_status":"closed","ping_status":"closed","sticky":false,"template":"","format":"standard","meta":{"_monsterinsights_skip_tracking":false,"_monsterinsights_sitenote_active":false,"_monsterinsights_sitenote_note":"","_monsterinsights_sitenote_category":0,"_uf_show_specific_survey":0,"_uf_disable_surveys":false,"footnotes":""},"categories":[23,15],"tags":[419],"yoast_head":"<!-- This site is optimized with the Yoast SEO plugin v21.5 - https:\/\/yoast.com\/wordpress\/plugins\/seo\/ -->\n<title>Haradinaj: Qeveria me veprimet e saj t\u00eb paligjshme, ka \u00e7&#039;rregulluar sistemin e arsimit primar<\/title>\n<meta name=\"robots\" content=\"index, follow, max-snippet:-1, max-image-preview:large, max-video-preview:-1\" \/>\n<link rel=\"canonical\" href=\"https:\/\/permbledhja.com\/sq\/haradinaj-qeveria-me-veprimet-e-saj-te-paligjshme-ka-crregulluar-sistemin-e-arsimit-primar\/\" \/>\n<meta property=\"og:locale\" content=\"sq_AL\" \/>\n<meta property=\"og:type\" content=\"article\" \/>\n<meta property=\"og:title\" content=\"Haradinaj: Qeveria me veprimet e saj t\u00eb paligjshme, ka \u00e7&#039;rregulluar sistemin e arsimit primar\" \/>\n<meta property=\"og:description\" content=\"Grupi Parlamentar i Aleanc\u00ebs p\u00ebr Ardhm\u00ebrin\u00eb e Kosov\u00ebs (AAK), ka mbajtur sot tryez\u00ebn e pest\u00eb me radh\u00eb p\u00ebrmes s\u00eb cilave trajton tema t\u00eb ndryshme n\u00eb interes t\u00eb p\u00ebrgjithsh\u00ebm. Kryetari i AAK-s\u00eb, Ramush Haradinaj ka njoftuar se kan\u00eb diskutuar p\u00ebr gjendjen n\u00eb institucionet shkollore. &#8220;Qeveria me veprimet e saj t\u00eb paligjshme, ka \u00e7&#8217;rregulluar sistemin e arsimit [&hellip;]\" \/>\n<meta property=\"og:url\" content=\"https:\/\/permbledhja.com\/sq\/haradinaj-qeveria-me-veprimet-e-saj-te-paligjshme-ka-crregulluar-sistemin-e-arsimit-primar\/\" \/>\n<meta property=\"og:site_name\" content=\"Ve\u00e7 artikuj p\u00ebrmbledh\u00ebs\" \/>\n<meta property=\"article:publisher\" content=\"https:\/\/www.facebook.com\/press07\/\" \/>\n<meta property=\"article:author\" content=\"https:\/\/www.facebook.com\/kafexhiu.muharrem\/\" \/>\n<meta property=\"article:published_time\" content=\"2023-09-08T12:21:13+00:00\" \/>\n<meta property=\"og:image\" content=\"https:\/\/permbledhja.com\/wp-content\/uploads\/2023\/07\/HARADINAJ-1.jpg\" \/>\n\t<meta property=\"og:image:width\" content=\"995\" \/>\n\t<meta property=\"og:image:height\" content=\"668\" \/>\n\t<meta property=\"og:image:type\" content=\"image\/jpeg\" \/>\n<meta name=\"author\" content=\"P\u00ebrmbledhja\" \/>\n<meta name=\"twitter:card\" content=\"summary_large_image\" \/>\n<meta name=\"twitter:label1\" content=\"Written by\" \/>\n\t<meta name=\"twitter:data1\" content=\"P\u00ebrmbledhja\" \/>\n\t<meta name=\"twitter:label2\" content=\"Est. reading time\" \/>\n\t<meta name=\"twitter:data2\" content=\"2 minuta\" \/>\n<script type=\"application\/ld+json\" class=\"yoast-schema-graph\">{\"@context\":\"https:\/\/schema.org\",\"@graph\":[{\"@type\":\"Article\",\"@id\":\"https:\/\/permbledhja.com\/sq\/haradinaj-qeveria-me-veprimet-e-saj-te-paligjshme-ka-crregulluar-sistemin-e-arsimit-primar\/#article\",\"isPartOf\":{\"@id\":\"https:\/\/permbledhja.com\/sq\/haradinaj-qeveria-me-veprimet-e-saj-te-paligjshme-ka-crregulluar-sistemin-e-arsimit-primar\/\"},\"author\":{\"name\":\"P\u00ebrmbledhja\",\"@id\":\"https:\/\/permbledhja.com\/#\/schema\/person\/0d064377258d3221e50693947b9eb4fe\"},\"headline\":\"Haradinaj: Qeveria me veprimet e saj t\u00eb paligjshme, ka \u00e7&#8217;rregulluar sistemin e arsimit primar\",\"datePublished\":\"2023-09-08T12:21:13+00:00\",\"dateModified\":\"2023-09-08T12:21:13+00:00\",\"mainEntityOfPage\":{\"@id\":\"https:\/\/permbledhja.com\/sq\/haradinaj-qeveria-me-veprimet-e-saj-te-paligjshme-ka-crregulluar-sistemin-e-arsimit-primar\/\"},\"wordCount\":443,\"publisher\":{\"@id\":\"https:\/\/permbledhja.com\/#organization\"},\"keywords\":[\"Haradinaj\"],\"articleSection\":[\"Komb\u00ebtare\",\"Lajme\"],\"inLanguage\":\"sq\"},{\"@type\":\"WebPage\",\"@id\":\"https:\/\/permbledhja.com\/sq\/haradinaj-qeveria-me-veprimet-e-saj-te-paligjshme-ka-crregulluar-sistemin-e-arsimit-primar\/\",\"url\":\"https:\/\/permbledhja.com\/sq\/haradinaj-qeveria-me-veprimet-e-saj-te-paligjshme-ka-crregulluar-sistemin-e-arsimit-primar\/\",\"name\":\"Haradinaj: Qeveria me veprimet e saj t\u00eb paligjshme, ka \u00e7'rregulluar sistemin e arsimit primar\",\"isPartOf\":{\"@id\":\"https:\/\/permbledhja.com\/#website\"},\"datePublished\":\"2023-09-08T12:21:13+00:00\",\"dateModified\":\"2023-09-08T12:21:13+00:00\",\"breadcrumb\":{\"@id\":\"https:\/\/permbledhja.com\/sq\/haradinaj-qeveria-me-veprimet-e-saj-te-paligjshme-ka-crregulluar-sistemin-e-arsimit-primar\/#breadcrumb\"},\"inLanguage\":\"sq\",\"potentialAction\":[{\"@type\":\"ReadAction\",\"target\":[\"https:\/\/permbledhja.com\/sq\/haradinaj-qeveria-me-veprimet-e-saj-te-paligjshme-ka-crregulluar-sistemin-e-arsimit-primar\/\"]}]},{\"@type\":\"BreadcrumbList\",\"@id\":\"https:\/\/permbledhja.com\/sq\/haradinaj-qeveria-me-veprimet-e-saj-te-paligjshme-ka-crregulluar-sistemin-e-arsimit-primar\/#breadcrumb\",\"itemListElement\":[{\"@type\":\"ListItem\",\"position\":1,\"name\":\"Ballina\",\"item\":\"https:\/\/permbledhja.com\/sq\/\"},{\"@type\":\"ListItem\",\"position\":2,\"name\":\"Haradinaj: Qeveria me veprimet e saj t\u00eb paligjshme, ka \u00e7&#8217;rregulluar sistemin e arsimit primar\"}]},{\"@type\":\"WebSite\",\"@id\":\"https:\/\/permbledhja.com\/#website\",\"url\":\"https:\/\/permbledhja.com\/\",\"name\":\"Ve\u00e7 artikuj p\u00ebrmbledh\u00ebs\",\"description\":\"\",\"publisher\":{\"@id\":\"https:\/\/permbledhja.com\/#organization\"},\"potentialAction\":[{\"@type\":\"SearchAction\",\"target\":{\"@type\":\"EntryPoint\",\"urlTemplate\":\"https:\/\/permbledhja.com\/?s={search_term_string}\"},\"query-input\":\"required name=search_term_string\"}],\"inLanguage\":\"sq\"},{\"@type\":\"Organization\",\"@id\":\"https:\/\/permbledhja.com\/#organization\",\"name\":\"MK Media & Pr\",\"url\":\"https:\/\/permbledhja.com\/\",\"logo\":{\"@type\":\"ImageObject\",\"inLanguage\":\"sq\",\"@id\":\"https:\/\/permbledhja.com\/#\/schema\/logo\/image\/\",\"url\":\"https:\/\/permbledhja.com\/wp-content\/uploads\/2021\/12\/07-Press-Logo.jpg\",\"contentUrl\":\"https:\/\/permbledhja.com\/wp-content\/uploads\/2021\/12\/07-Press-Logo.jpg\",\"width\":512,\"height\":512,\"caption\":\"MK Media & Pr\"},\"image\":{\"@id\":\"https:\/\/permbledhja.com\/#\/schema\/logo\/image\/\"},\"sameAs\":[\"https:\/\/www.facebook.com\/press07\/\"]},{\"@type\":\"Person\",\"@id\":\"https:\/\/permbledhja.com\/#\/schema\/person\/0d064377258d3221e50693947b9eb4fe\",\"name\":\"P\u00ebrmbledhja\",\"image\":{\"@type\":\"ImageObject\",\"inLanguage\":\"sq\",\"@id\":\"https:\/\/permbledhja.com\/#\/schema\/person\/image\/\",\"url\":\"https:\/\/permbledhja.com\/wp-content\/uploads\/2026\/01\/452004717_1040944174702970_8932037511805513407_n-96x96.jpg\",\"contentUrl\":\"https:\/\/permbledhja.com\/wp-content\/uploads\/2026\/01\/452004717_1040944174702970_8932037511805513407_n-96x96.jpg\",\"caption\":\"P\u00ebrmbledhja\"},\"sameAs\":[\"https:\/\/www.facebook.com\/kafexhiu.muharrem\/\",\"https:\/\/www.instagram.com\/muharrem_kafexhiu\/\"],\"url\":\"https:\/\/permbledhja.com\/sq\/author\/admin\/\"}]}<\/script>\n<!-- \/ Yoast SEO plugin. -->","yoast_head_json":{"title":"Haradinaj: Qeveria me veprimet e saj t\u00eb paligjshme, ka \u00e7'rregulluar sistemin e arsimit primar","robots":{"index":"index","follow":"follow","max-snippet":"max-snippet:-1","max-image-preview":"max-image-preview:large","max-video-preview":"max-video-preview:-1"},"canonical":"https:\/\/permbledhja.com\/sq\/haradinaj-qeveria-me-veprimet-e-saj-te-paligjshme-ka-crregulluar-sistemin-e-arsimit-primar\/","og_locale":"sq_AL","og_type":"article","og_title":"Haradinaj: Qeveria me veprimet e saj t\u00eb paligjshme, ka \u00e7'rregulluar sistemin e arsimit primar","og_description":"Grupi Parlamentar i Aleanc\u00ebs p\u00ebr Ardhm\u00ebrin\u00eb e Kosov\u00ebs (AAK), ka mbajtur sot tryez\u00ebn e pest\u00eb me radh\u00eb p\u00ebrmes s\u00eb cilave trajton tema t\u00eb ndryshme n\u00eb interes t\u00eb p\u00ebrgjithsh\u00ebm. Kryetari i AAK-s\u00eb, Ramush Haradinaj ka njoftuar se kan\u00eb diskutuar p\u00ebr gjendjen n\u00eb institucionet shkollore. &#8220;Qeveria me veprimet e saj t\u00eb paligjshme, ka \u00e7&#8217;rregulluar sistemin e arsimit [&hellip;]","og_url":"https:\/\/permbledhja.com\/sq\/haradinaj-qeveria-me-veprimet-e-saj-te-paligjshme-ka-crregulluar-sistemin-e-arsimit-primar\/","og_site_name":"Ve\u00e7 artikuj p\u00ebrmbledh\u00ebs","article_publisher":"https:\/\/www.facebook.com\/press07\/","article_author":"https:\/\/www.facebook.com\/kafexhiu.muharrem\/","article_published_time":"2023-09-08T12:21:13+00:00","og_image":[{"width":995,"height":668,"url":"https:\/\/permbledhja.com\/wp-content\/uploads\/2023\/07\/HARADINAJ-1.jpg","type":"image\/jpeg"}],"author":"P\u00ebrmbledhja","twitter_card":"summary_large_image","twitter_misc":{"Written by":"P\u00ebrmbledhja","Est. reading time":"2 minuta"},"schema":{"@context":"https:\/\/schema.org","@graph":[{"@type":"Article","@id":"https:\/\/permbledhja.com\/sq\/haradinaj-qeveria-me-veprimet-e-saj-te-paligjshme-ka-crregulluar-sistemin-e-arsimit-primar\/#article","isPartOf":{"@id":"https:\/\/permbledhja.com\/sq\/haradinaj-qeveria-me-veprimet-e-saj-te-paligjshme-ka-crregulluar-sistemin-e-arsimit-primar\/"},"author":{"name":"P\u00ebrmbledhja","@id":"https:\/\/permbledhja.com\/#\/schema\/person\/0d064377258d3221e50693947b9eb4fe"},"headline":"Haradinaj: Qeveria me veprimet e saj t\u00eb paligjshme, ka \u00e7&#8217;rregulluar sistemin e arsimit primar","datePublished":"2023-09-08T12:21:13+00:00","dateModified":"2023-09-08T12:21:13+00:00","mainEntityOfPage":{"@id":"https:\/\/permbledhja.com\/sq\/haradinaj-qeveria-me-veprimet-e-saj-te-paligjshme-ka-crregulluar-sistemin-e-arsimit-primar\/"},"wordCount":443,"publisher":{"@id":"https:\/\/permbledhja.com\/#organization"},"keywords":["Haradinaj"],"articleSection":["Komb\u00ebtare","Lajme"],"inLanguage":"sq"},{"@type":"WebPage","@id":"https:\/\/permbledhja.com\/sq\/haradinaj-qeveria-me-veprimet-e-saj-te-paligjshme-ka-crregulluar-sistemin-e-arsimit-primar\/","url":"https:\/\/permbledhja.com\/sq\/haradinaj-qeveria-me-veprimet-e-saj-te-paligjshme-ka-crregulluar-sistemin-e-arsimit-primar\/","name":"Haradinaj: Qeveria me veprimet e saj t\u00eb paligjshme, ka \u00e7'rregulluar sistemin e arsimit primar","isPartOf":{"@id":"https:\/\/permbledhja.com\/#website"},"datePublished":"2023-09-08T12:21:13+00:00","dateModified":"2023-09-08T12:21:13+00:00","breadcrumb":{"@id":"https:\/\/permbledhja.com\/sq\/haradinaj-qeveria-me-veprimet-e-saj-te-paligjshme-ka-crregulluar-sistemin-e-arsimit-primar\/#breadcrumb"},"inLanguage":"sq","potentialAction":[{"@type":"ReadAction","target":["https:\/\/permbledhja.com\/sq\/haradinaj-qeveria-me-veprimet-e-saj-te-paligjshme-ka-crregulluar-sistemin-e-arsimit-primar\/"]}]},{"@type":"BreadcrumbList","@id":"https:\/\/permbledhja.com\/sq\/haradinaj-qeveria-me-veprimet-e-saj-te-paligjshme-ka-crregulluar-sistemin-e-arsimit-primar\/#breadcrumb","itemListElement":[{"@type":"ListItem","position":1,"name":"Ballina","item":"https:\/\/permbledhja.com\/sq\/"},{"@type":"ListItem","position":2,"name":"Haradinaj: Qeveria me veprimet e saj t\u00eb paligjshme, ka \u00e7&#8217;rregulluar sistemin e arsimit primar"}]},{"@type":"WebSite","@id":"https:\/\/permbledhja.com\/#website","url":"https:\/\/permbledhja.com\/","name":"Ve\u00e7 artikuj p\u00ebrmbledh\u00ebs","description":"","publisher":{"@id":"https:\/\/permbledhja.com\/#organization"},"potentialAction":[{"@type":"SearchAction","target":{"@type":"EntryPoint","urlTemplate":"https:\/\/permbledhja.com\/?s={search_term_string}"},"query-input":"required name=search_term_string"}],"inLanguage":"sq"},{"@type":"Organization","@id":"https:\/\/permbledhja.com\/#organization","name":"MK Media & Pr","url":"https:\/\/permbledhja.com\/","logo":{"@type":"ImageObject","inLanguage":"sq","@id":"https:\/\/permbledhja.com\/#\/schema\/logo\/image\/","url":"https:\/\/permbledhja.com\/wp-content\/uploads\/2021\/12\/07-Press-Logo.jpg","contentUrl":"https:\/\/permbledhja.com\/wp-content\/uploads\/2021\/12\/07-Press-Logo.jpg","width":512,"height":512,"caption":"MK Media & Pr"},"image":{"@id":"https:\/\/permbledhja.com\/#\/schema\/logo\/image\/"},"sameAs":["https:\/\/www.facebook.com\/press07\/"]},{"@type":"Person","@id":"https:\/\/permbledhja.com\/#\/schema\/person\/0d064377258d3221e50693947b9eb4fe","name":"P\u00ebrmbledhja","image":{"@type":"ImageObject","inLanguage":"sq","@id":"https:\/\/permbledhja.com\/#\/schema\/person\/image\/","url":"https:\/\/permbledhja.com\/wp-content\/uploads\/2026\/01\/452004717_1040944174702970_8932037511805513407_n-96x96.jpg","contentUrl":"https:\/\/permbledhja.com\/wp-content\/uploads\/2026\/01\/452004717_1040944174702970_8932037511805513407_n-96x96.jpg","caption":"P\u00ebrmbledhja"},"sameAs":["https:\/\/www.facebook.com\/kafexhiu.muharrem\/","https:\/\/www.instagram.com\/muharrem_kafexhiu\/"],"url":"https:\/\/permbledhja.com\/sq\/author\/admin\/"}]}},"_links":{"self":[{"href":"https:\/\/permbledhja.com\/sq\/wp-json\/wp\/v2\/posts\/26214"}],"collection":[{"href":"https:\/\/permbledhja.com\/sq\/wp-json\/wp\/v2\/posts"}],"about":[{"href":"https:\/\/permbledhja.com\/sq\/wp-json\/wp\/v2\/types\/post"}],"author":[{"embeddable":true,"href":"https:\/\/permbledhja.com\/sq\/wp-json\/wp\/v2\/users\/1"}],"replies":[{"embeddable":true,"href":"https:\/\/permbledhja.com\/sq\/wp-json\/wp\/v2\/comments?post=26214"}],"version-history":[{"count":1,"href":"https:\/\/permbledhja.com\/sq\/wp-json\/wp\/v2\/posts\/26214\/revisions"}],"predecessor-version":[{"id":26215,"href":"https:\/\/permbledhja.com\/sq\/wp-json\/wp\/v2\/posts\/26214\/revisions\/26215"}],"wp:featuredmedia":[{"embeddable":true,"href":"https:\/\/permbledhja.com\/sq\/wp-json\/wp\/v2\/media\/20343"}],"wp:attachment":[{"href":"https:\/\/permbledhja.com\/sq\/wp-json\/wp\/v2\/media?parent=26214"}],"wp:term":[{"taxonomy":"category","embeddable":true,"href":"https:\/\/permbledhja.com\/sq\/wp-json\/wp\/v2\/categories?post=26214"},{"taxonomy":"post_tag","embeddable":true,"href":"https:\/\/permbledhja.com\/sq\/wp-json\/wp\/v2\/tags?post=26214"}],"curies":[{"name":"wp","href":"https:\/\/api.w.org\/{rel}","templated":true}]}}