{"id":26211,"date":"2023-09-08T12:01:08","date_gmt":"2023-09-08T12:01:08","guid":{"rendered":"https:\/\/permbledhja.com\/?p=26211"},"modified":"2023-09-08T12:01:08","modified_gmt":"2023-09-08T12:01:08","slug":"komuna-e-mitrovices-se-veriut-ska-shtyrje-te-afatit-per-lirimin-e-objektit-nga-strukturat-paralele","status":"publish","type":"post","link":"https:\/\/permbledhja.com\/sq\/komuna-e-mitrovices-se-veriut-ska-shtyrje-te-afatit-per-lirimin-e-objektit-nga-strukturat-paralele\/","title":{"rendered":"Komuna e Mitrovic\u00ebs s\u00eb Veriut: S\u2019ka shtyrje t\u00eb afatit p\u00ebr lirimin e objektit nga strukturat paralele"},"content":{"rendered":"<h3>Shefi i kabinetit t\u00eb kryetarit t\u00eb Mitrovic\u00ebs s\u00eb Veriut, Visar Syla, ka th\u00ebn\u00eb se nuk ka shtyrje t\u00eb vendimit.<\/h3>\n<p>Ai p\u00ebrmes telefonit u shpreh se nuk ka ndonj\u00eb ndryshim t\u00eb vendimit dhe se n\u00eb lidhje me k\u00ebt\u00eb \u00e7\u00ebshtje do t\u00eb njoftohemi me koh\u00eb.<\/p>\n<p><em>\u201cNuk ka ndonj\u00eb ndryshim, n\u00ebse ka ndryshime do t\u00eb njoftoheni n\u00eb koh\u00eb\u201d,<\/em> tha ai p\u00ebr Kosova Press.<\/p>\n<p>N\u00eb objektin kryesor t\u00eb strukturave paralele n\u00eb Mitrovic\u00ebn e Veriut, situata vazhdon t\u00eb jet\u00eb e qet\u00eb.<\/p>\n<p>Pun\u00ebtor\u00eb t\u00eb k\u00ebtyre strukturave po q\u00ebndrojn\u00eb brenda objektit.<\/p>\n<p>Deri m\u00eb tani, ani pse ka p\u00ebrfunduar afati p\u00ebr lirimin e objektit, nuk jan\u00eb par\u00eb pjes\u00ebtar\u00eb t\u00eb forcave policore.<\/p>\n<p>Nd\u00ebrkaq, pran\u00eb objektit po q\u00ebndrojn\u00eb pjes\u00ebtar\u00eb t\u00eb KFOR-it.<\/p>\n<p>Ndryshe, sot p\u00ebrfundon afati q\u00eb Komuna e Mitrovic\u00ebs s\u00eb Veriut, u ka dh\u00ebn\u00eb strukturave paralele p\u00ebr lirimin e objektit n\u00eb Lagjen e Boshnjak\u00ebve.<\/p>\n<p>Objekti q\u00eb nga paslufta po p\u00ebrdoret nga strukturat paralele t\u00eb financuara nga Serbia.<\/p>\n","protected":false},"excerpt":{"rendered":"<p>Shefi i kabinetit t\u00eb kryetarit t\u00eb Mitrovic\u00ebs s\u00eb Veriut, Visar Syla, ka th\u00ebn\u00eb se nuk ka shtyrje t\u00eb vendimit. Ai p\u00ebrmes telefonit u shpreh se nuk ka ndonj\u00eb ndryshim t\u00eb vendimit dhe se n\u00eb lidhje me k\u00ebt\u00eb \u00e7\u00ebshtje do t\u00eb njoftohemi me koh\u00eb. \u201cNuk ka ndonj\u00eb ndryshim, n\u00ebse ka ndryshime do t\u00eb njoftoheni n\u00eb koh\u00eb\u201d, [&hellip;]<\/p>\n","protected":false},"author":1,"featured_media":26212,"comment_status":"closed","ping_status":"closed","sticky":false,"template":"","format":"standard","meta":{"_monsterinsights_skip_tracking":false,"_monsterinsights_sitenote_active":false,"_monsterinsights_sitenote_note":"","_monsterinsights_sitenote_category":0,"_uf_show_specific_survey":0,"_uf_disable_surveys":false,"footnotes":""},"categories":[23,15],"tags":[2015],"yoast_head":"<!-- This site is optimized with the Yoast SEO plugin v21.5 - https:\/\/yoast.com\/wordpress\/plugins\/seo\/ -->\n<title>Komuna e Mitrovic\u00ebs s\u00eb Veriut: S\u2019ka shtyrje t\u00eb afatit p\u00ebr lirimin e objektit nga strukturat paralele<\/title>\n<meta name=\"robots\" content=\"index, follow, max-snippet:-1, max-image-preview:large, max-video-preview:-1\" \/>\n<link rel=\"canonical\" href=\"https:\/\/permbledhja.com\/sq\/komuna-e-mitrovices-se-veriut-ska-shtyrje-te-afatit-per-lirimin-e-objektit-nga-strukturat-paralele\/\" \/>\n<meta property=\"og:locale\" content=\"sq_AL\" \/>\n<meta property=\"og:type\" content=\"article\" \/>\n<meta property=\"og:title\" content=\"Komuna e Mitrovic\u00ebs s\u00eb Veriut: S\u2019ka shtyrje t\u00eb afatit p\u00ebr lirimin e objektit nga strukturat paralele\" \/>\n<meta property=\"og:description\" content=\"Shefi i kabinetit t\u00eb kryetarit t\u00eb Mitrovic\u00ebs s\u00eb Veriut, Visar Syla, ka th\u00ebn\u00eb se nuk ka shtyrje t\u00eb vendimit. Ai p\u00ebrmes telefonit u shpreh se nuk ka ndonj\u00eb ndryshim t\u00eb vendimit dhe se n\u00eb lidhje me k\u00ebt\u00eb \u00e7\u00ebshtje do t\u00eb njoftohemi me koh\u00eb. \u201cNuk ka ndonj\u00eb ndryshim, n\u00ebse ka ndryshime do t\u00eb njoftoheni n\u00eb koh\u00eb\u201d, [&hellip;]\" \/>\n<meta property=\"og:url\" content=\"https:\/\/permbledhja.com\/sq\/komuna-e-mitrovices-se-veriut-ska-shtyrje-te-afatit-per-lirimin-e-objektit-nga-strukturat-paralele\/\" \/>\n<meta property=\"og:site_name\" content=\"Ve\u00e7 artikuj p\u00ebrmbledh\u00ebs\" \/>\n<meta property=\"article:publisher\" content=\"https:\/\/www.facebook.com\/press07\/\" \/>\n<meta property=\"article:author\" content=\"https:\/\/www.facebook.com\/kafexhiu.muharrem\/\" \/>\n<meta property=\"article:published_time\" content=\"2023-09-08T12:01:08+00:00\" \/>\n<meta property=\"og:image\" content=\"https:\/\/permbledhja.com\/wp-content\/uploads\/2023\/09\/veri-600x360-1.jpg\" \/>\n\t<meta property=\"og:image:width\" content=\"600\" \/>\n\t<meta property=\"og:image:height\" content=\"360\" \/>\n\t<meta property=\"og:image:type\" content=\"image\/jpeg\" \/>\n<meta name=\"author\" content=\"P\u00ebrmbledhja\" \/>\n<meta name=\"twitter:card\" content=\"summary_large_image\" \/>\n<meta name=\"twitter:label1\" content=\"Written by\" \/>\n\t<meta name=\"twitter:data1\" content=\"P\u00ebrmbledhja\" \/>\n\t<meta name=\"twitter:label2\" content=\"Est. reading time\" \/>\n\t<meta name=\"twitter:data2\" content=\"1 minut\u00eb\" \/>\n<script type=\"application\/ld+json\" class=\"yoast-schema-graph\">{\"@context\":\"https:\/\/schema.org\",\"@graph\":[{\"@type\":\"Article\",\"@id\":\"https:\/\/permbledhja.com\/komuna-e-mitrovices-se-veriut-ska-shtyrje-te-afatit-per-lirimin-e-objektit-nga-strukturat-paralele\/#article\",\"isPartOf\":{\"@id\":\"https:\/\/permbledhja.com\/komuna-e-mitrovices-se-veriut-ska-shtyrje-te-afatit-per-lirimin-e-objektit-nga-strukturat-paralele\/\"},\"author\":{\"name\":\"P\u00ebrmbledhja\",\"@id\":\"https:\/\/permbledhja.com\/#\/schema\/person\/0d064377258d3221e50693947b9eb4fe\"},\"headline\":\"Komuna e Mitrovic\u00ebs s\u00eb Veriut: S\u2019ka shtyrje t\u00eb afatit p\u00ebr lirimin e objektit nga strukturat paralele\",\"datePublished\":\"2023-09-08T12:01:08+00:00\",\"dateModified\":\"2023-09-08T12:01:08+00:00\",\"mainEntityOfPage\":{\"@id\":\"https:\/\/permbledhja.com\/komuna-e-mitrovices-se-veriut-ska-shtyrje-te-afatit-per-lirimin-e-objektit-nga-strukturat-paralele\/\"},\"wordCount\":188,\"publisher\":{\"@id\":\"https:\/\/permbledhja.com\/#organization\"},\"keywords\":[\"Mitrovica e Veriut\"],\"articleSection\":[\"Komb\u00ebtare\",\"Lajme\"],\"inLanguage\":\"sq\"},{\"@type\":\"WebPage\",\"@id\":\"https:\/\/permbledhja.com\/komuna-e-mitrovices-se-veriut-ska-shtyrje-te-afatit-per-lirimin-e-objektit-nga-strukturat-paralele\/\",\"url\":\"https:\/\/permbledhja.com\/komuna-e-mitrovices-se-veriut-ska-shtyrje-te-afatit-per-lirimin-e-objektit-nga-strukturat-paralele\/\",\"name\":\"Komuna e Mitrovic\u00ebs s\u00eb Veriut: S\u2019ka shtyrje t\u00eb afatit p\u00ebr lirimin e objektit nga strukturat paralele\",\"isPartOf\":{\"@id\":\"https:\/\/permbledhja.com\/#website\"},\"datePublished\":\"2023-09-08T12:01:08+00:00\",\"dateModified\":\"2023-09-08T12:01:08+00:00\",\"breadcrumb\":{\"@id\":\"https:\/\/permbledhja.com\/komuna-e-mitrovices-se-veriut-ska-shtyrje-te-afatit-per-lirimin-e-objektit-nga-strukturat-paralele\/#breadcrumb\"},\"inLanguage\":\"sq\",\"potentialAction\":[{\"@type\":\"ReadAction\",\"target\":[\"https:\/\/permbledhja.com\/komuna-e-mitrovices-se-veriut-ska-shtyrje-te-afatit-per-lirimin-e-objektit-nga-strukturat-paralele\/\"]}]},{\"@type\":\"BreadcrumbList\",\"@id\":\"https:\/\/permbledhja.com\/komuna-e-mitrovices-se-veriut-ska-shtyrje-te-afatit-per-lirimin-e-objektit-nga-strukturat-paralele\/#breadcrumb\",\"itemListElement\":[{\"@type\":\"ListItem\",\"position\":1,\"name\":\"Ballina\",\"item\":\"https:\/\/permbledhja.com\/sq\/\"},{\"@type\":\"ListItem\",\"position\":2,\"name\":\"Komuna e Mitrovic\u00ebs s\u00eb Veriut: S\u2019ka shtyrje t\u00eb afatit p\u00ebr lirimin e objektit nga strukturat paralele\"}]},{\"@type\":\"WebSite\",\"@id\":\"https:\/\/permbledhja.com\/#website\",\"url\":\"https:\/\/permbledhja.com\/\",\"name\":\"Ve\u00e7 artikuj p\u00ebrmbledh\u00ebs\",\"description\":\"\",\"publisher\":{\"@id\":\"https:\/\/permbledhja.com\/#organization\"},\"potentialAction\":[{\"@type\":\"SearchAction\",\"target\":{\"@type\":\"EntryPoint\",\"urlTemplate\":\"https:\/\/permbledhja.com\/?s={search_term_string}\"},\"query-input\":\"required name=search_term_string\"}],\"inLanguage\":\"sq\"},{\"@type\":\"Organization\",\"@id\":\"https:\/\/permbledhja.com\/#organization\",\"name\":\"MK Media & Pr\",\"url\":\"https:\/\/permbledhja.com\/\",\"logo\":{\"@type\":\"ImageObject\",\"inLanguage\":\"sq\",\"@id\":\"https:\/\/permbledhja.com\/#\/schema\/logo\/image\/\",\"url\":\"https:\/\/permbledhja.com\/wp-content\/uploads\/2021\/12\/07-Press-Logo.jpg\",\"contentUrl\":\"https:\/\/permbledhja.com\/wp-content\/uploads\/2021\/12\/07-Press-Logo.jpg\",\"width\":512,\"height\":512,\"caption\":\"MK Media & Pr\"},\"image\":{\"@id\":\"https:\/\/permbledhja.com\/#\/schema\/logo\/image\/\"},\"sameAs\":[\"https:\/\/www.facebook.com\/press07\/\"]},{\"@type\":\"Person\",\"@id\":\"https:\/\/permbledhja.com\/#\/schema\/person\/0d064377258d3221e50693947b9eb4fe\",\"name\":\"P\u00ebrmbledhja\",\"image\":{\"@type\":\"ImageObject\",\"inLanguage\":\"sq\",\"@id\":\"https:\/\/permbledhja.com\/#\/schema\/person\/image\/\",\"url\":\"https:\/\/permbledhja.com\/wp-content\/uploads\/2026\/01\/452004717_1040944174702970_8932037511805513407_n-96x96.jpg\",\"contentUrl\":\"https:\/\/permbledhja.com\/wp-content\/uploads\/2026\/01\/452004717_1040944174702970_8932037511805513407_n-96x96.jpg\",\"caption\":\"P\u00ebrmbledhja\"},\"sameAs\":[\"https:\/\/www.facebook.com\/kafexhiu.muharrem\/\",\"https:\/\/www.instagram.com\/muharrem_kafexhiu\/\"],\"url\":\"https:\/\/permbledhja.com\/sq\/author\/admin\/\"}]}<\/script>\n<!-- \/ Yoast SEO plugin. -->","yoast_head_json":{"title":"Komuna e Mitrovic\u00ebs s\u00eb Veriut: S\u2019ka shtyrje t\u00eb afatit p\u00ebr lirimin e objektit nga strukturat paralele","robots":{"index":"index","follow":"follow","max-snippet":"max-snippet:-1","max-image-preview":"max-image-preview:large","max-video-preview":"max-video-preview:-1"},"canonical":"https:\/\/permbledhja.com\/sq\/komuna-e-mitrovices-se-veriut-ska-shtyrje-te-afatit-per-lirimin-e-objektit-nga-strukturat-paralele\/","og_locale":"sq_AL","og_type":"article","og_title":"Komuna e Mitrovic\u00ebs s\u00eb Veriut: S\u2019ka shtyrje t\u00eb afatit p\u00ebr lirimin e objektit nga strukturat paralele","og_description":"Shefi i kabinetit t\u00eb kryetarit t\u00eb Mitrovic\u00ebs s\u00eb Veriut, Visar Syla, ka th\u00ebn\u00eb se nuk ka shtyrje t\u00eb vendimit. Ai p\u00ebrmes telefonit u shpreh se nuk ka ndonj\u00eb ndryshim t\u00eb vendimit dhe se n\u00eb lidhje me k\u00ebt\u00eb \u00e7\u00ebshtje do t\u00eb njoftohemi me koh\u00eb. \u201cNuk ka ndonj\u00eb ndryshim, n\u00ebse ka ndryshime do t\u00eb njoftoheni n\u00eb koh\u00eb\u201d, [&hellip;]","og_url":"https:\/\/permbledhja.com\/sq\/komuna-e-mitrovices-se-veriut-ska-shtyrje-te-afatit-per-lirimin-e-objektit-nga-strukturat-paralele\/","og_site_name":"Ve\u00e7 artikuj p\u00ebrmbledh\u00ebs","article_publisher":"https:\/\/www.facebook.com\/press07\/","article_author":"https:\/\/www.facebook.com\/kafexhiu.muharrem\/","article_published_time":"2023-09-08T12:01:08+00:00","og_image":[{"width":600,"height":360,"url":"https:\/\/permbledhja.com\/wp-content\/uploads\/2023\/09\/veri-600x360-1.jpg","type":"image\/jpeg"}],"author":"P\u00ebrmbledhja","twitter_card":"summary_large_image","twitter_misc":{"Written by":"P\u00ebrmbledhja","Est. reading time":"1 minut\u00eb"},"schema":{"@context":"https:\/\/schema.org","@graph":[{"@type":"Article","@id":"https:\/\/permbledhja.com\/komuna-e-mitrovices-se-veriut-ska-shtyrje-te-afatit-per-lirimin-e-objektit-nga-strukturat-paralele\/#article","isPartOf":{"@id":"https:\/\/permbledhja.com\/komuna-e-mitrovices-se-veriut-ska-shtyrje-te-afatit-per-lirimin-e-objektit-nga-strukturat-paralele\/"},"author":{"name":"P\u00ebrmbledhja","@id":"https:\/\/permbledhja.com\/#\/schema\/person\/0d064377258d3221e50693947b9eb4fe"},"headline":"Komuna e Mitrovic\u00ebs s\u00eb Veriut: S\u2019ka shtyrje t\u00eb afatit p\u00ebr lirimin e objektit nga strukturat paralele","datePublished":"2023-09-08T12:01:08+00:00","dateModified":"2023-09-08T12:01:08+00:00","mainEntityOfPage":{"@id":"https:\/\/permbledhja.com\/komuna-e-mitrovices-se-veriut-ska-shtyrje-te-afatit-per-lirimin-e-objektit-nga-strukturat-paralele\/"},"wordCount":188,"publisher":{"@id":"https:\/\/permbledhja.com\/#organization"},"keywords":["Mitrovica e Veriut"],"articleSection":["Komb\u00ebtare","Lajme"],"inLanguage":"sq"},{"@type":"WebPage","@id":"https:\/\/permbledhja.com\/komuna-e-mitrovices-se-veriut-ska-shtyrje-te-afatit-per-lirimin-e-objektit-nga-strukturat-paralele\/","url":"https:\/\/permbledhja.com\/komuna-e-mitrovices-se-veriut-ska-shtyrje-te-afatit-per-lirimin-e-objektit-nga-strukturat-paralele\/","name":"Komuna e Mitrovic\u00ebs s\u00eb Veriut: S\u2019ka shtyrje t\u00eb afatit p\u00ebr lirimin e objektit nga strukturat paralele","isPartOf":{"@id":"https:\/\/permbledhja.com\/#website"},"datePublished":"2023-09-08T12:01:08+00:00","dateModified":"2023-09-08T12:01:08+00:00","breadcrumb":{"@id":"https:\/\/permbledhja.com\/komuna-e-mitrovices-se-veriut-ska-shtyrje-te-afatit-per-lirimin-e-objektit-nga-strukturat-paralele\/#breadcrumb"},"inLanguage":"sq","potentialAction":[{"@type":"ReadAction","target":["https:\/\/permbledhja.com\/komuna-e-mitrovices-se-veriut-ska-shtyrje-te-afatit-per-lirimin-e-objektit-nga-strukturat-paralele\/"]}]},{"@type":"BreadcrumbList","@id":"https:\/\/permbledhja.com\/komuna-e-mitrovices-se-veriut-ska-shtyrje-te-afatit-per-lirimin-e-objektit-nga-strukturat-paralele\/#breadcrumb","itemListElement":[{"@type":"ListItem","position":1,"name":"Ballina","item":"https:\/\/permbledhja.com\/sq\/"},{"@type":"ListItem","position":2,"name":"Komuna e Mitrovic\u00ebs s\u00eb Veriut: S\u2019ka shtyrje t\u00eb afatit p\u00ebr lirimin e objektit nga strukturat paralele"}]},{"@type":"WebSite","@id":"https:\/\/permbledhja.com\/#website","url":"https:\/\/permbledhja.com\/","name":"Ve\u00e7 artikuj p\u00ebrmbledh\u00ebs","description":"","publisher":{"@id":"https:\/\/permbledhja.com\/#organization"},"potentialAction":[{"@type":"SearchAction","target":{"@type":"EntryPoint","urlTemplate":"https:\/\/permbledhja.com\/?s={search_term_string}"},"query-input":"required name=search_term_string"}],"inLanguage":"sq"},{"@type":"Organization","@id":"https:\/\/permbledhja.com\/#organization","name":"MK Media & Pr","url":"https:\/\/permbledhja.com\/","logo":{"@type":"ImageObject","inLanguage":"sq","@id":"https:\/\/permbledhja.com\/#\/schema\/logo\/image\/","url":"https:\/\/permbledhja.com\/wp-content\/uploads\/2021\/12\/07-Press-Logo.jpg","contentUrl":"https:\/\/permbledhja.com\/wp-content\/uploads\/2021\/12\/07-Press-Logo.jpg","width":512,"height":512,"caption":"MK Media & Pr"},"image":{"@id":"https:\/\/permbledhja.com\/#\/schema\/logo\/image\/"},"sameAs":["https:\/\/www.facebook.com\/press07\/"]},{"@type":"Person","@id":"https:\/\/permbledhja.com\/#\/schema\/person\/0d064377258d3221e50693947b9eb4fe","name":"P\u00ebrmbledhja","image":{"@type":"ImageObject","inLanguage":"sq","@id":"https:\/\/permbledhja.com\/#\/schema\/person\/image\/","url":"https:\/\/permbledhja.com\/wp-content\/uploads\/2026\/01\/452004717_1040944174702970_8932037511805513407_n-96x96.jpg","contentUrl":"https:\/\/permbledhja.com\/wp-content\/uploads\/2026\/01\/452004717_1040944174702970_8932037511805513407_n-96x96.jpg","caption":"P\u00ebrmbledhja"},"sameAs":["https:\/\/www.facebook.com\/kafexhiu.muharrem\/","https:\/\/www.instagram.com\/muharrem_kafexhiu\/"],"url":"https:\/\/permbledhja.com\/sq\/author\/admin\/"}]}},"_links":{"self":[{"href":"https:\/\/permbledhja.com\/sq\/wp-json\/wp\/v2\/posts\/26211"}],"collection":[{"href":"https:\/\/permbledhja.com\/sq\/wp-json\/wp\/v2\/posts"}],"about":[{"href":"https:\/\/permbledhja.com\/sq\/wp-json\/wp\/v2\/types\/post"}],"author":[{"embeddable":true,"href":"https:\/\/permbledhja.com\/sq\/wp-json\/wp\/v2\/users\/1"}],"replies":[{"embeddable":true,"href":"https:\/\/permbledhja.com\/sq\/wp-json\/wp\/v2\/comments?post=26211"}],"version-history":[{"count":1,"href":"https:\/\/permbledhja.com\/sq\/wp-json\/wp\/v2\/posts\/26211\/revisions"}],"predecessor-version":[{"id":26213,"href":"https:\/\/permbledhja.com\/sq\/wp-json\/wp\/v2\/posts\/26211\/revisions\/26213"}],"wp:featuredmedia":[{"embeddable":true,"href":"https:\/\/permbledhja.com\/sq\/wp-json\/wp\/v2\/media\/26212"}],"wp:attachment":[{"href":"https:\/\/permbledhja.com\/sq\/wp-json\/wp\/v2\/media?parent=26211"}],"wp:term":[{"taxonomy":"category","embeddable":true,"href":"https:\/\/permbledhja.com\/sq\/wp-json\/wp\/v2\/categories?post=26211"},{"taxonomy":"post_tag","embeddable":true,"href":"https:\/\/permbledhja.com\/sq\/wp-json\/wp\/v2\/tags?post=26211"}],"curies":[{"name":"wp","href":"https:\/\/api.w.org\/{rel}","templated":true}]}}