{"id":26122,"date":"2023-09-07T10:08:35","date_gmt":"2023-09-07T10:08:35","guid":{"rendered":"https:\/\/permbledhja.com\/?p=26122"},"modified":"2023-09-07T10:08:35","modified_gmt":"2023-09-07T10:08:35","slug":"me-nevoja-te-vecanta-dhe-emer-suksesi-ky-eshte-mergimtari-qe-ka-bere-buje-ne-suedi","status":"publish","type":"post","link":"https:\/\/permbledhja.com\/sq\/me-nevoja-te-vecanta-dhe-emer-suksesi-ky-eshte-mergimtari-qe-ka-bere-buje-ne-suedi\/","title":{"rendered":"Me nevoja t\u00eb ve\u00e7anta dhe em\u00ebr suksesi, ky \u00ebsht\u00eb m\u00ebrgimtari q\u00eb ka b\u00ebr\u00eb buj\u00eb n\u00eb Suedi"},"content":{"rendered":"<h3>Fatmir Seremeti, pavar\u00ebsisht se \u00ebsht\u00eb i verb\u00ebr, konsiderohet shembulli m\u00eb i mir\u00eb i shoq\u00ebris\u00eb suedeze p\u00ebr motivim.<\/h3>\n<p>Jata \u00ebsht\u00eb nj\u00eb sfid\u00eb n\u00eb vete dhe p\u00ebr shqiptarin Fatmir Seremeti, i cili jeton dhe vepron n\u00eb Suedi, tregon se edhe at\u00ebher\u00eb kur jeta t\u00eb jep 100 arsye p\u00ebr t\u2019u dor\u00ebzuar, ne duhet t\u2019i tregojm\u00eb jet\u00ebs edhe 1 milion arsye q\u00eb t\u00eb vazhdojm\u00eb tutje, t\u00eb motivuar dhe plot jet\u00eb, shkruan albinfo.ch.<\/p>\n<p>Q\u00eb n\u00eb shikim t\u00eb par\u00eb, tek Fatmiri mund t\u00eb shihni nj\u00eb buz\u00ebqeshje plot jet\u00eb, nj\u00eb trup fizik dhe, mbi t\u00eb gjitha, nj\u00eb motivim dhe men\u00e7uri q\u00eb jo t\u00eb gjith\u00eb e zot\u00ebrojn\u00eb.<\/p>\n<p>Ai \u00ebsht\u00eb nj\u00eb influencues i verb\u00ebr n\u00eb rrjetet sociale, ka tet\u00ebdhjet\u00eb mij\u00eb ndjek\u00ebs n\u00eb Tiktok dhe aty ai u p\u00ebrgjigjet pyetjeve, t\u00eb tilla si \u00e7far\u00eb b\u00ebn t\u00eb jet\u00eb nj\u00eb em\u00ebr suksesi dhe udh\u00ebrr\u00ebfyes n\u00eb palest\u00ebr.<\/p>\n<p>\u201cPersonat me aft\u00ebsi t\u00eb kufizuara mund t\u00eb p\u00ebrballojn\u00eb shum\u00eb m\u00eb tep\u00ebr sesa mendojn\u00eb njer\u00ebzit\u201d, thot\u00eb ai.<\/p>\n<p>Kur Fatmir Seremeti filloi t\u00eb m\u00ebsoj\u00eb p\u00ebr jet\u00ebn, ai nuk e kishte iden\u00eb se si do t\u00eb p\u00ebrhapej, por e b\u00ebri t\u00eb kuptonte se kishte munges\u00eb njohurish n\u00eb fillim p\u00ebr aft\u00ebsit\u00eb e kufizuara dhe verb\u00ebrin\u00eb tek ndjek\u00ebsit.<\/p>\n<p>Ai flet p\u00ebr ndjenjat e v\u00ebshtira kur ka pasur d\u00ebmtim t\u00eb shikimit n\u00eb f\u00ebmij\u00ebri.<\/p>\n<p>\u201cNuk e mendoja se do t\u00eb mund t\u00eb gjeja dashurin\u00eb, t\u00eb punoja dhe t\u00eb b\u00ebja f\u00ebmij\u00eb, por e kisha shum\u00eb gabim\u201d, ne jemi individ\u00eb si t\u00eb gjith\u00eb t\u00eb tjer\u00ebt\u201d, tregoi ai.<\/p>\n<p>P\u00ebrve\u00e7 pun\u00ebs s\u00eb tij si influencues, ai \u00ebsht\u00eb nj\u00eb sportist elitar n\u00eb golabollin.<\/p>\n<p>\u201cPun\u00ebdh\u00ebn\u00ebsve u humbasin aft\u00ebsit\u00eb e mira kur ju thjesht mendoni se ne jemi thjesht krijesa t\u00eb vogla t\u00eb pafuqishme k\u00ebtu n\u00eb tok\u00eb\u201d, thot\u00eb ai.<\/p>\n<p>Pyetja m\u00eb e zakonshme q\u00eb ai b\u00ebn zakonisht \u00ebsht\u00eb se si i lexon komentet. Ai e b\u00ebn k\u00ebt\u00eb duke t\u00ebrhequr gishtat e tij n\u00ebp\u00ebr ekran dhe nj\u00eb z\u00eb lexon informacionin.<\/p>\n<p>\u201cM\u00eb vjen shum\u00eb keq p\u00ebr ata q\u00eb shkruajn\u00eb negativisht, dhe b\u00ebjn\u00eb komente t\u00eb liga\u201d.<\/p>\n<p>Fatmir Seremeti thot\u00eb se \u00ebsht\u00eb marr\u00eb shum\u00eb pak me komente q\u00eb mund t\u00eb interpretohen si t\u00eb k\u00ebqija. Dhe, nga ato pak q\u00eb merr, nuk ofendohet.<\/p>\n<p>\u2013 P\u00ebr shembull, mund t\u00eb jet\u00eb nj\u00eb pyetje \u201csa gishta mbaj lart\u201d ose q\u00eb ju \u201cduhet ta largoni bastunin\u201d, k\u00ebt\u00eb mund ta d\u00ebgjojn\u00eb f\u00ebmij\u00eb t\u00eb tjer\u00eb apo t\u00eb rinj t\u00eb verb\u00ebr dhe nuk duhet t\u00eb jet\u00eb k\u00ebshtu, p\u00ebrfundon ai.<\/p>\n<p>Tashm\u00eb jeta e tij \u00ebsht\u00eb multidimensionale, Fatmiri g\u00ebzon nj\u00eb jet\u00eb plot dashuri, me shum\u00eb t\u00eb af\u00ebrt t\u00eb dashur q\u00eb e rrethojn\u00eb.<\/p>\n","protected":false},"excerpt":{"rendered":"<p>Fatmir Seremeti, pavar\u00ebsisht se \u00ebsht\u00eb i verb\u00ebr, konsiderohet shembulli m\u00eb i mir\u00eb i shoq\u00ebris\u00eb suedeze p\u00ebr motivim. Jata \u00ebsht\u00eb nj\u00eb sfid\u00eb n\u00eb vete dhe p\u00ebr shqiptarin Fatmir Seremeti, i cili jeton dhe vepron n\u00eb Suedi, tregon se edhe at\u00ebher\u00eb kur jeta t\u00eb jep 100 arsye p\u00ebr t\u2019u dor\u00ebzuar, ne duhet t\u2019i tregojm\u00eb jet\u00ebs edhe 1 [&hellip;]<\/p>\n","protected":false},"author":2,"featured_media":26123,"comment_status":"closed","ping_status":"closed","sticky":false,"template":"","format":"standard","meta":{"_monsterinsights_skip_tracking":false,"_monsterinsights_sitenote_active":false,"_monsterinsights_sitenote_note":"","_monsterinsights_sitenote_category":0,"_uf_show_specific_survey":0,"_uf_disable_surveys":false,"footnotes":""},"categories":[15],"tags":[],"yoast_head":"<!-- This site is optimized with the Yoast SEO plugin v21.5 - https:\/\/yoast.com\/wordpress\/plugins\/seo\/ -->\n<title>Me nevoja t\u00eb ve\u00e7anta dhe em\u00ebr suksesi, ky \u00ebsht\u00eb m\u00ebrgimtari q\u00eb ka b\u00ebr\u00eb buj\u00eb n\u00eb Suedi<\/title>\n<meta name=\"robots\" content=\"index, follow, max-snippet:-1, max-image-preview:large, max-video-preview:-1\" \/>\n<link rel=\"canonical\" href=\"https:\/\/permbledhja.com\/sq\/me-nevoja-te-vecanta-dhe-emer-suksesi-ky-eshte-mergimtari-qe-ka-bere-buje-ne-suedi\/\" \/>\n<meta property=\"og:locale\" content=\"sq_AL\" \/>\n<meta property=\"og:type\" content=\"article\" \/>\n<meta property=\"og:title\" content=\"Me nevoja t\u00eb ve\u00e7anta dhe em\u00ebr suksesi, ky \u00ebsht\u00eb m\u00ebrgimtari q\u00eb ka b\u00ebr\u00eb buj\u00eb n\u00eb Suedi\" \/>\n<meta property=\"og:description\" content=\"Fatmir Seremeti, pavar\u00ebsisht se \u00ebsht\u00eb i verb\u00ebr, konsiderohet shembulli m\u00eb i mir\u00eb i shoq\u00ebris\u00eb suedeze p\u00ebr motivim. Jata \u00ebsht\u00eb nj\u00eb sfid\u00eb n\u00eb vete dhe p\u00ebr shqiptarin Fatmir Seremeti, i cili jeton dhe vepron n\u00eb Suedi, tregon se edhe at\u00ebher\u00eb kur jeta t\u00eb jep 100 arsye p\u00ebr t\u2019u dor\u00ebzuar, ne duhet t\u2019i tregojm\u00eb jet\u00ebs edhe 1 [&hellip;]\" \/>\n<meta property=\"og:url\" content=\"https:\/\/permbledhja.com\/sq\/me-nevoja-te-vecanta-dhe-emer-suksesi-ky-eshte-mergimtari-qe-ka-bere-buje-ne-suedi\/\" \/>\n<meta property=\"og:site_name\" content=\"Ve\u00e7 artikuj p\u00ebrmbledh\u00ebs\" \/>\n<meta property=\"article:publisher\" content=\"https:\/\/www.facebook.com\/press07\/\" \/>\n<meta property=\"article:published_time\" content=\"2023-09-07T10:08:35+00:00\" \/>\n<meta property=\"og:image\" content=\"https:\/\/permbledhja.com\/wp-content\/uploads\/2023\/09\/ggg-1.jpg\" \/>\n\t<meta property=\"og:image:width\" content=\"618\" \/>\n\t<meta property=\"og:image:height\" content=\"514\" \/>\n\t<meta property=\"og:image:type\" content=\"image\/jpeg\" \/>\n<meta name=\"author\" content=\"M M\" \/>\n<meta name=\"twitter:card\" content=\"summary_large_image\" \/>\n<meta name=\"twitter:label1\" content=\"Written by\" \/>\n\t<meta name=\"twitter:data1\" content=\"M M\" \/>\n\t<meta name=\"twitter:label2\" content=\"Est. reading time\" \/>\n\t<meta name=\"twitter:data2\" content=\"2 minuta\" \/>\n<script type=\"application\/ld+json\" class=\"yoast-schema-graph\">{\"@context\":\"https:\/\/schema.org\",\"@graph\":[{\"@type\":\"Article\",\"@id\":\"https:\/\/permbledhja.com\/me-nevoja-te-vecanta-dhe-emer-suksesi-ky-eshte-mergimtari-qe-ka-bere-buje-ne-suedi\/#article\",\"isPartOf\":{\"@id\":\"https:\/\/permbledhja.com\/me-nevoja-te-vecanta-dhe-emer-suksesi-ky-eshte-mergimtari-qe-ka-bere-buje-ne-suedi\/\"},\"author\":{\"name\":\"M M\",\"@id\":\"https:\/\/permbledhja.com\/#\/schema\/person\/d23f13f59b5722643933d6780783acf3\"},\"headline\":\"Me nevoja t\u00eb ve\u00e7anta dhe em\u00ebr suksesi, ky \u00ebsht\u00eb m\u00ebrgimtari q\u00eb ka b\u00ebr\u00eb buj\u00eb n\u00eb Suedi\",\"datePublished\":\"2023-09-07T10:08:35+00:00\",\"dateModified\":\"2023-09-07T10:08:35+00:00\",\"mainEntityOfPage\":{\"@id\":\"https:\/\/permbledhja.com\/me-nevoja-te-vecanta-dhe-emer-suksesi-ky-eshte-mergimtari-qe-ka-bere-buje-ne-suedi\/\"},\"wordCount\":485,\"publisher\":{\"@id\":\"https:\/\/permbledhja.com\/#organization\"},\"articleSection\":[\"Lajme\"],\"inLanguage\":\"sq\"},{\"@type\":\"WebPage\",\"@id\":\"https:\/\/permbledhja.com\/me-nevoja-te-vecanta-dhe-emer-suksesi-ky-eshte-mergimtari-qe-ka-bere-buje-ne-suedi\/\",\"url\":\"https:\/\/permbledhja.com\/me-nevoja-te-vecanta-dhe-emer-suksesi-ky-eshte-mergimtari-qe-ka-bere-buje-ne-suedi\/\",\"name\":\"Me nevoja t\u00eb ve\u00e7anta dhe em\u00ebr suksesi, ky \u00ebsht\u00eb m\u00ebrgimtari q\u00eb ka b\u00ebr\u00eb buj\u00eb n\u00eb Suedi\",\"isPartOf\":{\"@id\":\"https:\/\/permbledhja.com\/#website\"},\"datePublished\":\"2023-09-07T10:08:35+00:00\",\"dateModified\":\"2023-09-07T10:08:35+00:00\",\"breadcrumb\":{\"@id\":\"https:\/\/permbledhja.com\/me-nevoja-te-vecanta-dhe-emer-suksesi-ky-eshte-mergimtari-qe-ka-bere-buje-ne-suedi\/#breadcrumb\"},\"inLanguage\":\"sq\",\"potentialAction\":[{\"@type\":\"ReadAction\",\"target\":[\"https:\/\/permbledhja.com\/me-nevoja-te-vecanta-dhe-emer-suksesi-ky-eshte-mergimtari-qe-ka-bere-buje-ne-suedi\/\"]}]},{\"@type\":\"BreadcrumbList\",\"@id\":\"https:\/\/permbledhja.com\/me-nevoja-te-vecanta-dhe-emer-suksesi-ky-eshte-mergimtari-qe-ka-bere-buje-ne-suedi\/#breadcrumb\",\"itemListElement\":[{\"@type\":\"ListItem\",\"position\":1,\"name\":\"Ballina\",\"item\":\"https:\/\/permbledhja.com\/sq\/\"},{\"@type\":\"ListItem\",\"position\":2,\"name\":\"Me nevoja t\u00eb ve\u00e7anta dhe em\u00ebr suksesi, ky \u00ebsht\u00eb m\u00ebrgimtari q\u00eb ka b\u00ebr\u00eb buj\u00eb n\u00eb Suedi\"}]},{\"@type\":\"WebSite\",\"@id\":\"https:\/\/permbledhja.com\/#website\",\"url\":\"https:\/\/permbledhja.com\/\",\"name\":\"Ve\u00e7 artikuj p\u00ebrmbledh\u00ebs\",\"description\":\"\",\"publisher\":{\"@id\":\"https:\/\/permbledhja.com\/#organization\"},\"potentialAction\":[{\"@type\":\"SearchAction\",\"target\":{\"@type\":\"EntryPoint\",\"urlTemplate\":\"https:\/\/permbledhja.com\/?s={search_term_string}\"},\"query-input\":\"required name=search_term_string\"}],\"inLanguage\":\"sq\"},{\"@type\":\"Organization\",\"@id\":\"https:\/\/permbledhja.com\/#organization\",\"name\":\"MK Media & Pr\",\"url\":\"https:\/\/permbledhja.com\/\",\"logo\":{\"@type\":\"ImageObject\",\"inLanguage\":\"sq\",\"@id\":\"https:\/\/permbledhja.com\/#\/schema\/logo\/image\/\",\"url\":\"https:\/\/permbledhja.com\/wp-content\/uploads\/2021\/12\/07-Press-Logo.jpg\",\"contentUrl\":\"https:\/\/permbledhja.com\/wp-content\/uploads\/2021\/12\/07-Press-Logo.jpg\",\"width\":512,\"height\":512,\"caption\":\"MK Media & Pr\"},\"image\":{\"@id\":\"https:\/\/permbledhja.com\/#\/schema\/logo\/image\/\"},\"sameAs\":[\"https:\/\/www.facebook.com\/press07\/\"]},{\"@type\":\"Person\",\"@id\":\"https:\/\/permbledhja.com\/#\/schema\/person\/d23f13f59b5722643933d6780783acf3\",\"name\":\"M M\",\"image\":{\"@type\":\"ImageObject\",\"inLanguage\":\"sq\",\"@id\":\"https:\/\/permbledhja.com\/#\/schema\/person\/image\/\",\"url\":\"https:\/\/secure.gravatar.com\/avatar\/e2835a76ca7c31a2416b2d51c4ec9a8f?s=96&d=mm&r=g\",\"contentUrl\":\"https:\/\/secure.gravatar.com\/avatar\/e2835a76ca7c31a2416b2d51c4ec9a8f?s=96&d=mm&r=g\",\"caption\":\"M M\"},\"sameAs\":[\"http:\/\/MM\"],\"url\":\"https:\/\/permbledhja.com\/sq\/author\/muhamet\/\"}]}<\/script>\n<!-- \/ Yoast SEO plugin. -->","yoast_head_json":{"title":"Me nevoja t\u00eb ve\u00e7anta dhe em\u00ebr suksesi, ky \u00ebsht\u00eb m\u00ebrgimtari q\u00eb ka b\u00ebr\u00eb buj\u00eb n\u00eb Suedi","robots":{"index":"index","follow":"follow","max-snippet":"max-snippet:-1","max-image-preview":"max-image-preview:large","max-video-preview":"max-video-preview:-1"},"canonical":"https:\/\/permbledhja.com\/sq\/me-nevoja-te-vecanta-dhe-emer-suksesi-ky-eshte-mergimtari-qe-ka-bere-buje-ne-suedi\/","og_locale":"sq_AL","og_type":"article","og_title":"Me nevoja t\u00eb ve\u00e7anta dhe em\u00ebr suksesi, ky \u00ebsht\u00eb m\u00ebrgimtari q\u00eb ka b\u00ebr\u00eb buj\u00eb n\u00eb Suedi","og_description":"Fatmir Seremeti, pavar\u00ebsisht se \u00ebsht\u00eb i verb\u00ebr, konsiderohet shembulli m\u00eb i mir\u00eb i shoq\u00ebris\u00eb suedeze p\u00ebr motivim. Jata \u00ebsht\u00eb nj\u00eb sfid\u00eb n\u00eb vete dhe p\u00ebr shqiptarin Fatmir Seremeti, i cili jeton dhe vepron n\u00eb Suedi, tregon se edhe at\u00ebher\u00eb kur jeta t\u00eb jep 100 arsye p\u00ebr t\u2019u dor\u00ebzuar, ne duhet t\u2019i tregojm\u00eb jet\u00ebs edhe 1 [&hellip;]","og_url":"https:\/\/permbledhja.com\/sq\/me-nevoja-te-vecanta-dhe-emer-suksesi-ky-eshte-mergimtari-qe-ka-bere-buje-ne-suedi\/","og_site_name":"Ve\u00e7 artikuj p\u00ebrmbledh\u00ebs","article_publisher":"https:\/\/www.facebook.com\/press07\/","article_published_time":"2023-09-07T10:08:35+00:00","og_image":[{"width":618,"height":514,"url":"https:\/\/permbledhja.com\/wp-content\/uploads\/2023\/09\/ggg-1.jpg","type":"image\/jpeg"}],"author":"M M","twitter_card":"summary_large_image","twitter_misc":{"Written by":"M M","Est. reading time":"2 minuta"},"schema":{"@context":"https:\/\/schema.org","@graph":[{"@type":"Article","@id":"https:\/\/permbledhja.com\/me-nevoja-te-vecanta-dhe-emer-suksesi-ky-eshte-mergimtari-qe-ka-bere-buje-ne-suedi\/#article","isPartOf":{"@id":"https:\/\/permbledhja.com\/me-nevoja-te-vecanta-dhe-emer-suksesi-ky-eshte-mergimtari-qe-ka-bere-buje-ne-suedi\/"},"author":{"name":"M M","@id":"https:\/\/permbledhja.com\/#\/schema\/person\/d23f13f59b5722643933d6780783acf3"},"headline":"Me nevoja t\u00eb ve\u00e7anta dhe em\u00ebr suksesi, ky \u00ebsht\u00eb m\u00ebrgimtari q\u00eb ka b\u00ebr\u00eb buj\u00eb n\u00eb Suedi","datePublished":"2023-09-07T10:08:35+00:00","dateModified":"2023-09-07T10:08:35+00:00","mainEntityOfPage":{"@id":"https:\/\/permbledhja.com\/me-nevoja-te-vecanta-dhe-emer-suksesi-ky-eshte-mergimtari-qe-ka-bere-buje-ne-suedi\/"},"wordCount":485,"publisher":{"@id":"https:\/\/permbledhja.com\/#organization"},"articleSection":["Lajme"],"inLanguage":"sq"},{"@type":"WebPage","@id":"https:\/\/permbledhja.com\/me-nevoja-te-vecanta-dhe-emer-suksesi-ky-eshte-mergimtari-qe-ka-bere-buje-ne-suedi\/","url":"https:\/\/permbledhja.com\/me-nevoja-te-vecanta-dhe-emer-suksesi-ky-eshte-mergimtari-qe-ka-bere-buje-ne-suedi\/","name":"Me nevoja t\u00eb ve\u00e7anta dhe em\u00ebr suksesi, ky \u00ebsht\u00eb m\u00ebrgimtari q\u00eb ka b\u00ebr\u00eb buj\u00eb n\u00eb Suedi","isPartOf":{"@id":"https:\/\/permbledhja.com\/#website"},"datePublished":"2023-09-07T10:08:35+00:00","dateModified":"2023-09-07T10:08:35+00:00","breadcrumb":{"@id":"https:\/\/permbledhja.com\/me-nevoja-te-vecanta-dhe-emer-suksesi-ky-eshte-mergimtari-qe-ka-bere-buje-ne-suedi\/#breadcrumb"},"inLanguage":"sq","potentialAction":[{"@type":"ReadAction","target":["https:\/\/permbledhja.com\/me-nevoja-te-vecanta-dhe-emer-suksesi-ky-eshte-mergimtari-qe-ka-bere-buje-ne-suedi\/"]}]},{"@type":"BreadcrumbList","@id":"https:\/\/permbledhja.com\/me-nevoja-te-vecanta-dhe-emer-suksesi-ky-eshte-mergimtari-qe-ka-bere-buje-ne-suedi\/#breadcrumb","itemListElement":[{"@type":"ListItem","position":1,"name":"Ballina","item":"https:\/\/permbledhja.com\/sq\/"},{"@type":"ListItem","position":2,"name":"Me nevoja t\u00eb ve\u00e7anta dhe em\u00ebr suksesi, ky \u00ebsht\u00eb m\u00ebrgimtari q\u00eb ka b\u00ebr\u00eb buj\u00eb n\u00eb Suedi"}]},{"@type":"WebSite","@id":"https:\/\/permbledhja.com\/#website","url":"https:\/\/permbledhja.com\/","name":"Ve\u00e7 artikuj p\u00ebrmbledh\u00ebs","description":"","publisher":{"@id":"https:\/\/permbledhja.com\/#organization"},"potentialAction":[{"@type":"SearchAction","target":{"@type":"EntryPoint","urlTemplate":"https:\/\/permbledhja.com\/?s={search_term_string}"},"query-input":"required name=search_term_string"}],"inLanguage":"sq"},{"@type":"Organization","@id":"https:\/\/permbledhja.com\/#organization","name":"MK Media & Pr","url":"https:\/\/permbledhja.com\/","logo":{"@type":"ImageObject","inLanguage":"sq","@id":"https:\/\/permbledhja.com\/#\/schema\/logo\/image\/","url":"https:\/\/permbledhja.com\/wp-content\/uploads\/2021\/12\/07-Press-Logo.jpg","contentUrl":"https:\/\/permbledhja.com\/wp-content\/uploads\/2021\/12\/07-Press-Logo.jpg","width":512,"height":512,"caption":"MK Media & Pr"},"image":{"@id":"https:\/\/permbledhja.com\/#\/schema\/logo\/image\/"},"sameAs":["https:\/\/www.facebook.com\/press07\/"]},{"@type":"Person","@id":"https:\/\/permbledhja.com\/#\/schema\/person\/d23f13f59b5722643933d6780783acf3","name":"M M","image":{"@type":"ImageObject","inLanguage":"sq","@id":"https:\/\/permbledhja.com\/#\/schema\/person\/image\/","url":"https:\/\/secure.gravatar.com\/avatar\/e2835a76ca7c31a2416b2d51c4ec9a8f?s=96&d=mm&r=g","contentUrl":"https:\/\/secure.gravatar.com\/avatar\/e2835a76ca7c31a2416b2d51c4ec9a8f?s=96&d=mm&r=g","caption":"M M"},"sameAs":["http:\/\/MM"],"url":"https:\/\/permbledhja.com\/sq\/author\/muhamet\/"}]}},"_links":{"self":[{"href":"https:\/\/permbledhja.com\/sq\/wp-json\/wp\/v2\/posts\/26122"}],"collection":[{"href":"https:\/\/permbledhja.com\/sq\/wp-json\/wp\/v2\/posts"}],"about":[{"href":"https:\/\/permbledhja.com\/sq\/wp-json\/wp\/v2\/types\/post"}],"author":[{"embeddable":true,"href":"https:\/\/permbledhja.com\/sq\/wp-json\/wp\/v2\/users\/2"}],"replies":[{"embeddable":true,"href":"https:\/\/permbledhja.com\/sq\/wp-json\/wp\/v2\/comments?post=26122"}],"version-history":[{"count":2,"href":"https:\/\/permbledhja.com\/sq\/wp-json\/wp\/v2\/posts\/26122\/revisions"}],"predecessor-version":[{"id":26125,"href":"https:\/\/permbledhja.com\/sq\/wp-json\/wp\/v2\/posts\/26122\/revisions\/26125"}],"wp:featuredmedia":[{"embeddable":true,"href":"https:\/\/permbledhja.com\/sq\/wp-json\/wp\/v2\/media\/26123"}],"wp:attachment":[{"href":"https:\/\/permbledhja.com\/sq\/wp-json\/wp\/v2\/media?parent=26122"}],"wp:term":[{"taxonomy":"category","embeddable":true,"href":"https:\/\/permbledhja.com\/sq\/wp-json\/wp\/v2\/categories?post=26122"},{"taxonomy":"post_tag","embeddable":true,"href":"https:\/\/permbledhja.com\/sq\/wp-json\/wp\/v2\/tags?post=26122"}],"curies":[{"name":"wp","href":"https:\/\/api.w.org\/{rel}","templated":true}]}}