{"id":26085,"date":"2023-09-07T07:15:21","date_gmt":"2023-09-07T07:15:21","guid":{"rendered":"https:\/\/permbledhja.com\/?p=26085"},"modified":"2023-09-07T07:15:21","modified_gmt":"2023-09-07T07:15:21","slug":"zevendeskryeministri-besnik-bislimi-udheton-drejt-hages","status":"publish","type":"post","link":"https:\/\/permbledhja.com\/sq\/zevendeskryeministri-besnik-bislimi-udheton-drejt-hages\/","title":{"rendered":"Z\u00ebvend\u00ebskryeministri Besnik Bislimi udh\u00ebton drejt Hag\u00ebs"},"content":{"rendered":"<h3>Z\u00ebvend\u00ebskryeministri Besnik Bislimi ka udh\u00ebtuar drejt qytetit t\u00eb Hag\u00ebs n\u00eb Holand\u00eb, njoftoi Zyra e Kryeministrit.<\/h3>\n<p>Si\u00e7 njofton ZKM, \u201cgjat\u00eb k\u00ebsaj vizite zyrtare, nd\u00ebr t\u00eb tjera, z\u00ebvend\u00ebskryeministri Bislimi do t\u00eb ket\u00eb bashk\u00ebbisedim me deputet\u00ebt e Komisionit p\u00ebr \u00c7\u00ebshtje Evropiane t\u00eb Parlamentit t\u00eb Holand\u00ebs si dhe vizit\u00eb n\u00eb K\u00ebshillin Ekonomik dhe Social (SER)\u201d.<\/p>\n<p>Bashk\u00ebbisedimi me deputet\u00ebt holandez\u00eb do t\u00eb filloj\u00eb n\u00eb or\u00ebn 10:00.<\/p>\n<div><\/div>\n<p>&nbsp;<\/p>\n<div class=\"lm-zs-enabled overlay-plain\" data-lm-zs-src=\"[&quot;https:\/\/www.gazetaexpress.com\/wp-content\/uploads\/2023\/09\/side-view-woman-eats-caesar-salad-with-c.jpg&quot;, &quot;https:\/\/www.gazetaexpress.com\/wp-content\/uploads\/2023\/09\/IMG_1662.jpeg&quot;, &quot;https:\/\/www.gazetaexpress.com\/wp-content\/uploads\/2023\/05\/Besnik-Bislimi-2.jpg&quot;, &quot;https:\/\/www.gazetaexpress.com\/wp-content\/uploads\/2023\/09\/1654612817-h_54906888-1536x1003-1.jpg&quot;]\">\n<div class=\"lm-zs-slideshow\">\n<div class=\"lm-click-for-story\"><\/div>\n<\/div>\n<\/div>\n","protected":false},"excerpt":{"rendered":"<p>Z\u00ebvend\u00ebskryeministri Besnik Bislimi ka udh\u00ebtuar drejt qytetit t\u00eb Hag\u00ebs n\u00eb Holand\u00eb, njoftoi Zyra e Kryeministrit. Si\u00e7 njofton ZKM, \u201cgjat\u00eb k\u00ebsaj vizite zyrtare, nd\u00ebr t\u00eb tjera, z\u00ebvend\u00ebskryeministri Bislimi do t\u00eb ket\u00eb bashk\u00ebbisedim me deputet\u00ebt e Komisionit p\u00ebr \u00c7\u00ebshtje Evropiane t\u00eb Parlamentit t\u00eb Holand\u00ebs si dhe vizit\u00eb n\u00eb K\u00ebshillin Ekonomik dhe Social (SER)\u201d. Bashk\u00ebbisedimi me deputet\u00ebt holandez\u00eb [&hellip;]<\/p>\n","protected":false},"author":2,"featured_media":26086,"comment_status":"closed","ping_status":"closed","sticky":false,"template":"","format":"standard","meta":{"_monsterinsights_skip_tracking":false,"_monsterinsights_sitenote_active":false,"_monsterinsights_sitenote_note":"","_monsterinsights_sitenote_category":0,"_uf_show_specific_survey":0,"_uf_disable_surveys":false,"footnotes":""},"categories":[23,15],"tags":[1004],"yoast_head":"<!-- This site is optimized with the Yoast SEO plugin v21.5 - https:\/\/yoast.com\/wordpress\/plugins\/seo\/ -->\n<title>Z\u00ebvend\u00ebskryeministri Besnik Bislimi udh\u00ebton drejt Hag\u00ebs<\/title>\n<meta name=\"robots\" content=\"index, follow, max-snippet:-1, max-image-preview:large, max-video-preview:-1\" \/>\n<link rel=\"canonical\" href=\"https:\/\/permbledhja.com\/sq\/zevendeskryeministri-besnik-bislimi-udheton-drejt-hages\/\" \/>\n<meta property=\"og:locale\" content=\"sq_AL\" \/>\n<meta property=\"og:type\" content=\"article\" \/>\n<meta property=\"og:title\" content=\"Z\u00ebvend\u00ebskryeministri Besnik Bislimi udh\u00ebton drejt Hag\u00ebs\" \/>\n<meta property=\"og:description\" content=\"Z\u00ebvend\u00ebskryeministri Besnik Bislimi ka udh\u00ebtuar drejt qytetit t\u00eb Hag\u00ebs n\u00eb Holand\u00eb, njoftoi Zyra e Kryeministrit. Si\u00e7 njofton ZKM, \u201cgjat\u00eb k\u00ebsaj vizite zyrtare, nd\u00ebr t\u00eb tjera, z\u00ebvend\u00ebskryeministri Bislimi do t\u00eb ket\u00eb bashk\u00ebbisedim me deputet\u00ebt e Komisionit p\u00ebr \u00c7\u00ebshtje Evropiane t\u00eb Parlamentit t\u00eb Holand\u00ebs si dhe vizit\u00eb n\u00eb K\u00ebshillin Ekonomik dhe Social (SER)\u201d. Bashk\u00ebbisedimi me deputet\u00ebt holandez\u00eb [&hellip;]\" \/>\n<meta property=\"og:url\" content=\"https:\/\/permbledhja.com\/sq\/zevendeskryeministri-besnik-bislimi-udheton-drejt-hages\/\" \/>\n<meta property=\"og:site_name\" content=\"Ve\u00e7 artikuj p\u00ebrmbledh\u00ebs\" \/>\n<meta property=\"article:publisher\" content=\"https:\/\/www.facebook.com\/press07\/\" \/>\n<meta property=\"article:published_time\" content=\"2023-09-07T07:15:21+00:00\" \/>\n<meta property=\"og:image\" content=\"https:\/\/permbledhja.com\/wp-content\/uploads\/2023\/09\/besnik-bislimi.jpg\" \/>\n\t<meta property=\"og:image:width\" content=\"2048\" \/>\n\t<meta property=\"og:image:height\" content=\"1365\" \/>\n\t<meta property=\"og:image:type\" content=\"image\/jpeg\" \/>\n<meta name=\"author\" content=\"M M\" \/>\n<meta name=\"twitter:card\" content=\"summary_large_image\" \/>\n<meta name=\"twitter:label1\" content=\"Written by\" \/>\n\t<meta name=\"twitter:data1\" content=\"M M\" \/>\n\t<meta name=\"twitter:label2\" content=\"Est. reading time\" \/>\n\t<meta name=\"twitter:data2\" content=\"1 minut\u00eb\" \/>\n<script type=\"application\/ld+json\" class=\"yoast-schema-graph\">{\"@context\":\"https:\/\/schema.org\",\"@graph\":[{\"@type\":\"Article\",\"@id\":\"https:\/\/permbledhja.com\/zevendeskryeministri-besnik-bislimi-udheton-drejt-hages\/#article\",\"isPartOf\":{\"@id\":\"https:\/\/permbledhja.com\/zevendeskryeministri-besnik-bislimi-udheton-drejt-hages\/\"},\"author\":{\"name\":\"M M\",\"@id\":\"https:\/\/permbledhja.com\/#\/schema\/person\/d23f13f59b5722643933d6780783acf3\"},\"headline\":\"Z\u00ebvend\u00ebskryeministri Besnik Bislimi udh\u00ebton drejt Hag\u00ebs\",\"datePublished\":\"2023-09-07T07:15:21+00:00\",\"dateModified\":\"2023-09-07T07:15:21+00:00\",\"mainEntityOfPage\":{\"@id\":\"https:\/\/permbledhja.com\/zevendeskryeministri-besnik-bislimi-udheton-drejt-hages\/\"},\"wordCount\":87,\"publisher\":{\"@id\":\"https:\/\/permbledhja.com\/#organization\"},\"keywords\":[\"Besnik Bislimi\"],\"articleSection\":[\"Komb\u00ebtare\",\"Lajme\"],\"inLanguage\":\"sq\"},{\"@type\":\"WebPage\",\"@id\":\"https:\/\/permbledhja.com\/zevendeskryeministri-besnik-bislimi-udheton-drejt-hages\/\",\"url\":\"https:\/\/permbledhja.com\/zevendeskryeministri-besnik-bislimi-udheton-drejt-hages\/\",\"name\":\"Z\u00ebvend\u00ebskryeministri Besnik Bislimi udh\u00ebton drejt Hag\u00ebs\",\"isPartOf\":{\"@id\":\"https:\/\/permbledhja.com\/#website\"},\"datePublished\":\"2023-09-07T07:15:21+00:00\",\"dateModified\":\"2023-09-07T07:15:21+00:00\",\"breadcrumb\":{\"@id\":\"https:\/\/permbledhja.com\/zevendeskryeministri-besnik-bislimi-udheton-drejt-hages\/#breadcrumb\"},\"inLanguage\":\"sq\",\"potentialAction\":[{\"@type\":\"ReadAction\",\"target\":[\"https:\/\/permbledhja.com\/zevendeskryeministri-besnik-bislimi-udheton-drejt-hages\/\"]}]},{\"@type\":\"BreadcrumbList\",\"@id\":\"https:\/\/permbledhja.com\/zevendeskryeministri-besnik-bislimi-udheton-drejt-hages\/#breadcrumb\",\"itemListElement\":[{\"@type\":\"ListItem\",\"position\":1,\"name\":\"Ballina\",\"item\":\"https:\/\/permbledhja.com\/sq\/\"},{\"@type\":\"ListItem\",\"position\":2,\"name\":\"Z\u00ebvend\u00ebskryeministri Besnik Bislimi udh\u00ebton drejt Hag\u00ebs\"}]},{\"@type\":\"WebSite\",\"@id\":\"https:\/\/permbledhja.com\/#website\",\"url\":\"https:\/\/permbledhja.com\/\",\"name\":\"Ve\u00e7 artikuj p\u00ebrmbledh\u00ebs\",\"description\":\"\",\"publisher\":{\"@id\":\"https:\/\/permbledhja.com\/#organization\"},\"potentialAction\":[{\"@type\":\"SearchAction\",\"target\":{\"@type\":\"EntryPoint\",\"urlTemplate\":\"https:\/\/permbledhja.com\/?s={search_term_string}\"},\"query-input\":\"required name=search_term_string\"}],\"inLanguage\":\"sq\"},{\"@type\":\"Organization\",\"@id\":\"https:\/\/permbledhja.com\/#organization\",\"name\":\"MK Media & Pr\",\"url\":\"https:\/\/permbledhja.com\/\",\"logo\":{\"@type\":\"ImageObject\",\"inLanguage\":\"sq\",\"@id\":\"https:\/\/permbledhja.com\/#\/schema\/logo\/image\/\",\"url\":\"https:\/\/permbledhja.com\/wp-content\/uploads\/2021\/12\/07-Press-Logo.jpg\",\"contentUrl\":\"https:\/\/permbledhja.com\/wp-content\/uploads\/2021\/12\/07-Press-Logo.jpg\",\"width\":512,\"height\":512,\"caption\":\"MK Media & Pr\"},\"image\":{\"@id\":\"https:\/\/permbledhja.com\/#\/schema\/logo\/image\/\"},\"sameAs\":[\"https:\/\/www.facebook.com\/press07\/\"]},{\"@type\":\"Person\",\"@id\":\"https:\/\/permbledhja.com\/#\/schema\/person\/d23f13f59b5722643933d6780783acf3\",\"name\":\"M M\",\"image\":{\"@type\":\"ImageObject\",\"inLanguage\":\"sq\",\"@id\":\"https:\/\/permbledhja.com\/#\/schema\/person\/image\/\",\"url\":\"https:\/\/secure.gravatar.com\/avatar\/e2835a76ca7c31a2416b2d51c4ec9a8f?s=96&d=mm&r=g\",\"contentUrl\":\"https:\/\/secure.gravatar.com\/avatar\/e2835a76ca7c31a2416b2d51c4ec9a8f?s=96&d=mm&r=g\",\"caption\":\"M M\"},\"sameAs\":[\"http:\/\/MM\"],\"url\":\"https:\/\/permbledhja.com\/sq\/author\/muhamet\/\"}]}<\/script>\n<!-- \/ Yoast SEO plugin. -->","yoast_head_json":{"title":"Z\u00ebvend\u00ebskryeministri Besnik Bislimi udh\u00ebton drejt Hag\u00ebs","robots":{"index":"index","follow":"follow","max-snippet":"max-snippet:-1","max-image-preview":"max-image-preview:large","max-video-preview":"max-video-preview:-1"},"canonical":"https:\/\/permbledhja.com\/sq\/zevendeskryeministri-besnik-bislimi-udheton-drejt-hages\/","og_locale":"sq_AL","og_type":"article","og_title":"Z\u00ebvend\u00ebskryeministri Besnik Bislimi udh\u00ebton drejt Hag\u00ebs","og_description":"Z\u00ebvend\u00ebskryeministri Besnik Bislimi ka udh\u00ebtuar drejt qytetit t\u00eb Hag\u00ebs n\u00eb Holand\u00eb, njoftoi Zyra e Kryeministrit. Si\u00e7 njofton ZKM, \u201cgjat\u00eb k\u00ebsaj vizite zyrtare, nd\u00ebr t\u00eb tjera, z\u00ebvend\u00ebskryeministri Bislimi do t\u00eb ket\u00eb bashk\u00ebbisedim me deputet\u00ebt e Komisionit p\u00ebr \u00c7\u00ebshtje Evropiane t\u00eb Parlamentit t\u00eb Holand\u00ebs si dhe vizit\u00eb n\u00eb K\u00ebshillin Ekonomik dhe Social (SER)\u201d. Bashk\u00ebbisedimi me deputet\u00ebt holandez\u00eb [&hellip;]","og_url":"https:\/\/permbledhja.com\/sq\/zevendeskryeministri-besnik-bislimi-udheton-drejt-hages\/","og_site_name":"Ve\u00e7 artikuj p\u00ebrmbledh\u00ebs","article_publisher":"https:\/\/www.facebook.com\/press07\/","article_published_time":"2023-09-07T07:15:21+00:00","og_image":[{"width":2048,"height":1365,"url":"https:\/\/permbledhja.com\/wp-content\/uploads\/2023\/09\/besnik-bislimi.jpg","type":"image\/jpeg"}],"author":"M M","twitter_card":"summary_large_image","twitter_misc":{"Written by":"M M","Est. reading time":"1 minut\u00eb"},"schema":{"@context":"https:\/\/schema.org","@graph":[{"@type":"Article","@id":"https:\/\/permbledhja.com\/zevendeskryeministri-besnik-bislimi-udheton-drejt-hages\/#article","isPartOf":{"@id":"https:\/\/permbledhja.com\/zevendeskryeministri-besnik-bislimi-udheton-drejt-hages\/"},"author":{"name":"M M","@id":"https:\/\/permbledhja.com\/#\/schema\/person\/d23f13f59b5722643933d6780783acf3"},"headline":"Z\u00ebvend\u00ebskryeministri Besnik Bislimi udh\u00ebton drejt Hag\u00ebs","datePublished":"2023-09-07T07:15:21+00:00","dateModified":"2023-09-07T07:15:21+00:00","mainEntityOfPage":{"@id":"https:\/\/permbledhja.com\/zevendeskryeministri-besnik-bislimi-udheton-drejt-hages\/"},"wordCount":87,"publisher":{"@id":"https:\/\/permbledhja.com\/#organization"},"keywords":["Besnik Bislimi"],"articleSection":["Komb\u00ebtare","Lajme"],"inLanguage":"sq"},{"@type":"WebPage","@id":"https:\/\/permbledhja.com\/zevendeskryeministri-besnik-bislimi-udheton-drejt-hages\/","url":"https:\/\/permbledhja.com\/zevendeskryeministri-besnik-bislimi-udheton-drejt-hages\/","name":"Z\u00ebvend\u00ebskryeministri Besnik Bislimi udh\u00ebton drejt Hag\u00ebs","isPartOf":{"@id":"https:\/\/permbledhja.com\/#website"},"datePublished":"2023-09-07T07:15:21+00:00","dateModified":"2023-09-07T07:15:21+00:00","breadcrumb":{"@id":"https:\/\/permbledhja.com\/zevendeskryeministri-besnik-bislimi-udheton-drejt-hages\/#breadcrumb"},"inLanguage":"sq","potentialAction":[{"@type":"ReadAction","target":["https:\/\/permbledhja.com\/zevendeskryeministri-besnik-bislimi-udheton-drejt-hages\/"]}]},{"@type":"BreadcrumbList","@id":"https:\/\/permbledhja.com\/zevendeskryeministri-besnik-bislimi-udheton-drejt-hages\/#breadcrumb","itemListElement":[{"@type":"ListItem","position":1,"name":"Ballina","item":"https:\/\/permbledhja.com\/sq\/"},{"@type":"ListItem","position":2,"name":"Z\u00ebvend\u00ebskryeministri Besnik Bislimi udh\u00ebton drejt Hag\u00ebs"}]},{"@type":"WebSite","@id":"https:\/\/permbledhja.com\/#website","url":"https:\/\/permbledhja.com\/","name":"Ve\u00e7 artikuj p\u00ebrmbledh\u00ebs","description":"","publisher":{"@id":"https:\/\/permbledhja.com\/#organization"},"potentialAction":[{"@type":"SearchAction","target":{"@type":"EntryPoint","urlTemplate":"https:\/\/permbledhja.com\/?s={search_term_string}"},"query-input":"required name=search_term_string"}],"inLanguage":"sq"},{"@type":"Organization","@id":"https:\/\/permbledhja.com\/#organization","name":"MK Media & Pr","url":"https:\/\/permbledhja.com\/","logo":{"@type":"ImageObject","inLanguage":"sq","@id":"https:\/\/permbledhja.com\/#\/schema\/logo\/image\/","url":"https:\/\/permbledhja.com\/wp-content\/uploads\/2021\/12\/07-Press-Logo.jpg","contentUrl":"https:\/\/permbledhja.com\/wp-content\/uploads\/2021\/12\/07-Press-Logo.jpg","width":512,"height":512,"caption":"MK Media & Pr"},"image":{"@id":"https:\/\/permbledhja.com\/#\/schema\/logo\/image\/"},"sameAs":["https:\/\/www.facebook.com\/press07\/"]},{"@type":"Person","@id":"https:\/\/permbledhja.com\/#\/schema\/person\/d23f13f59b5722643933d6780783acf3","name":"M M","image":{"@type":"ImageObject","inLanguage":"sq","@id":"https:\/\/permbledhja.com\/#\/schema\/person\/image\/","url":"https:\/\/secure.gravatar.com\/avatar\/e2835a76ca7c31a2416b2d51c4ec9a8f?s=96&d=mm&r=g","contentUrl":"https:\/\/secure.gravatar.com\/avatar\/e2835a76ca7c31a2416b2d51c4ec9a8f?s=96&d=mm&r=g","caption":"M M"},"sameAs":["http:\/\/MM"],"url":"https:\/\/permbledhja.com\/sq\/author\/muhamet\/"}]}},"_links":{"self":[{"href":"https:\/\/permbledhja.com\/sq\/wp-json\/wp\/v2\/posts\/26085"}],"collection":[{"href":"https:\/\/permbledhja.com\/sq\/wp-json\/wp\/v2\/posts"}],"about":[{"href":"https:\/\/permbledhja.com\/sq\/wp-json\/wp\/v2\/types\/post"}],"author":[{"embeddable":true,"href":"https:\/\/permbledhja.com\/sq\/wp-json\/wp\/v2\/users\/2"}],"replies":[{"embeddable":true,"href":"https:\/\/permbledhja.com\/sq\/wp-json\/wp\/v2\/comments?post=26085"}],"version-history":[{"count":1,"href":"https:\/\/permbledhja.com\/sq\/wp-json\/wp\/v2\/posts\/26085\/revisions"}],"predecessor-version":[{"id":26087,"href":"https:\/\/permbledhja.com\/sq\/wp-json\/wp\/v2\/posts\/26085\/revisions\/26087"}],"wp:featuredmedia":[{"embeddable":true,"href":"https:\/\/permbledhja.com\/sq\/wp-json\/wp\/v2\/media\/26086"}],"wp:attachment":[{"href":"https:\/\/permbledhja.com\/sq\/wp-json\/wp\/v2\/media?parent=26085"}],"wp:term":[{"taxonomy":"category","embeddable":true,"href":"https:\/\/permbledhja.com\/sq\/wp-json\/wp\/v2\/categories?post=26085"},{"taxonomy":"post_tag","embeddable":true,"href":"https:\/\/permbledhja.com\/sq\/wp-json\/wp\/v2\/tags?post=26085"}],"curies":[{"name":"wp","href":"https:\/\/api.w.org\/{rel}","templated":true}]}}