{"id":25983,"date":"2023-09-06T10:14:55","date_gmt":"2023-09-06T10:14:55","guid":{"rendered":"https:\/\/permbledhja.com\/?p=25983"},"modified":"2023-09-06T10:14:55","modified_gmt":"2023-09-06T10:14:55","slug":"osmani-uron-policine-e-kosoves-per-diten-e-themelimit-ata-jane-gardiane-te-sigurise-sone","status":"publish","type":"post","link":"https:\/\/permbledhja.com\/sq\/osmani-uron-policine-e-kosoves-per-diten-e-themelimit-ata-jane-gardiane-te-sigurise-sone\/","title":{"rendered":"Osmani uron Policin\u00eb e Kosov\u00ebs p\u00ebr dit\u00ebn e themelimit: Ata jan\u00eb gardian\u00eb t\u00eb siguris\u00eb son\u00eb"},"content":{"rendered":"<h3>Presidentja e Kosov\u00ebs, Vjosa Osmani ka uruar Policin\u00eb e Kosov\u00ebs p\u00ebr dit\u00ebn e themelimit.<\/h3>\n<p>\u201c6 shtatori sh\u00ebnon nj\u00eb moment historik, t\u00eb r\u00ebnd\u00ebsish\u00ebm n\u00eb historin\u00eb e Kosov\u00ebs \u2013 dit\u00ebn e themelimit t\u00eb Policis\u00eb s\u00eb Kosov\u00ebs\u201d, ka th\u00ebn\u00eb Osmani.<\/p>\n<p>Osmani ka th\u00ebn\u00eb se \u201cSot Policia e Kosov\u00ebs \u00ebsht\u00eb shnd\u00ebrruar n\u00eb nj\u00eb simbol t\u00eb p\u00ebrkushtimit, guximit dhe profesionalizmit t\u00eb pal\u00ebkundur p\u00ebr t\u2019i sh\u00ebrbyer t\u00eb gjith\u00eb qytetar\u00ebve, pa dallim. Ata jan\u00eb gardian\u00eb t\u00eb siguris\u00eb son\u00eb, t\u00eb mbrojtjes s\u00eb sovranitetit t\u00eb Republik\u00ebs\u201d.<\/p>\n<p>Sipas presidentes, gra e burra t\u00eb Policis\u00eb s\u00eb Kosov\u00ebs jan\u00eb kurdoher\u00eb t\u00eb gatsh\u00ebm p\u00ebr t\u2019iu p\u00ebrgjigjur \u00e7do situate.<\/p>\n<p>\u201cGra e burra t\u00eb Policis\u00eb s\u00eb Kosov\u00ebs jan\u00eb kurdoher\u00eb t\u00eb gatsh\u00ebm p\u00ebr t\u2019iu p\u00ebrgjigjur \u00e7do situate, p\u00ebr ta ofruar ndihm\u00ebn e tyre dhe p\u00ebr ta mbrojtur rendin dhe ligjin, ndaj nj\u00eb fal\u00ebnderim i p\u00ebrzem\u00ebrt p\u00ebr secilin prej tyre! Zotimi, p\u00ebrkushtimi dhe profesionalizmi juaj, jan\u00eb shpres\u00eb dhe garanci p\u00ebr qytetar\u00ebt e Kosov\u00ebs p\u00ebr nj\u00eb mjedis t\u00eb qet\u00eb dhe t\u00eb sigurt! Urime dita e themelimit t\u00eb Policis\u00eb s\u00eb Kosov\u00ebs!\u201d, ka theksuar Osmani.<\/p>\n","protected":false},"excerpt":{"rendered":"<p>Presidentja e Kosov\u00ebs, Vjosa Osmani ka uruar Policin\u00eb e Kosov\u00ebs p\u00ebr dit\u00ebn e themelimit. \u201c6 shtatori sh\u00ebnon nj\u00eb moment historik, t\u00eb r\u00ebnd\u00ebsish\u00ebm n\u00eb historin\u00eb e Kosov\u00ebs \u2013 dit\u00ebn e themelimit t\u00eb Policis\u00eb s\u00eb Kosov\u00ebs\u201d, ka th\u00ebn\u00eb Osmani. Osmani ka th\u00ebn\u00eb se \u201cSot Policia e Kosov\u00ebs \u00ebsht\u00eb shnd\u00ebrruar n\u00eb nj\u00eb simbol t\u00eb p\u00ebrkushtimit, guximit dhe profesionalizmit [&hellip;]<\/p>\n","protected":false},"author":2,"featured_media":25984,"comment_status":"closed","ping_status":"closed","sticky":false,"template":"","format":"standard","meta":{"_monsterinsights_skip_tracking":false,"_monsterinsights_sitenote_active":false,"_monsterinsights_sitenote_note":"","_monsterinsights_sitenote_category":0,"_uf_show_specific_survey":0,"_uf_disable_surveys":false,"footnotes":""},"categories":[1146,15],"tags":[163],"yoast_head":"<!-- This site is optimized with the Yoast SEO plugin v21.5 - https:\/\/yoast.com\/wordpress\/plugins\/seo\/ -->\n<title>Osmani uron Policin\u00eb e Kosov\u00ebs p\u00ebr dit\u00ebn e themelimit: Ata jan\u00eb gardian\u00eb t\u00eb siguris\u00eb son\u00eb<\/title>\n<meta name=\"robots\" content=\"index, follow, max-snippet:-1, max-image-preview:large, max-video-preview:-1\" \/>\n<link rel=\"canonical\" href=\"https:\/\/permbledhja.com\/sq\/osmani-uron-policine-e-kosoves-per-diten-e-themelimit-ata-jane-gardiane-te-sigurise-sone\/\" \/>\n<meta property=\"og:locale\" content=\"sq_AL\" \/>\n<meta property=\"og:type\" content=\"article\" \/>\n<meta property=\"og:title\" content=\"Osmani uron Policin\u00eb e Kosov\u00ebs p\u00ebr dit\u00ebn e themelimit: Ata jan\u00eb gardian\u00eb t\u00eb siguris\u00eb son\u00eb\" \/>\n<meta property=\"og:description\" content=\"Presidentja e Kosov\u00ebs, Vjosa Osmani ka uruar Policin\u00eb e Kosov\u00ebs p\u00ebr dit\u00ebn e themelimit. \u201c6 shtatori sh\u00ebnon nj\u00eb moment historik, t\u00eb r\u00ebnd\u00ebsish\u00ebm n\u00eb historin\u00eb e Kosov\u00ebs \u2013 dit\u00ebn e themelimit t\u00eb Policis\u00eb s\u00eb Kosov\u00ebs\u201d, ka th\u00ebn\u00eb Osmani. Osmani ka th\u00ebn\u00eb se \u201cSot Policia e Kosov\u00ebs \u00ebsht\u00eb shnd\u00ebrruar n\u00eb nj\u00eb simbol t\u00eb p\u00ebrkushtimit, guximit dhe profesionalizmit [&hellip;]\" \/>\n<meta property=\"og:url\" content=\"https:\/\/permbledhja.com\/sq\/osmani-uron-policine-e-kosoves-per-diten-e-themelimit-ata-jane-gardiane-te-sigurise-sone\/\" \/>\n<meta property=\"og:site_name\" content=\"Ve\u00e7 artikuj p\u00ebrmbledh\u00ebs\" \/>\n<meta property=\"article:publisher\" content=\"https:\/\/www.facebook.com\/press07\/\" \/>\n<meta property=\"article:published_time\" content=\"2023-09-06T10:14:55+00:00\" \/>\n<meta property=\"og:image\" content=\"https:\/\/permbledhja.com\/wp-content\/uploads\/2023\/09\/800-0-64cd071ab2fa5.jpg\" \/>\n\t<meta property=\"og:image:width\" content=\"800\" \/>\n\t<meta property=\"og:image:height\" content=\"464\" \/>\n\t<meta property=\"og:image:type\" content=\"image\/jpeg\" \/>\n<meta name=\"author\" content=\"M M\" \/>\n<meta name=\"twitter:card\" content=\"summary_large_image\" \/>\n<meta name=\"twitter:label1\" content=\"Written by\" \/>\n\t<meta name=\"twitter:data1\" content=\"M M\" \/>\n\t<meta name=\"twitter:label2\" content=\"Est. reading time\" \/>\n\t<meta name=\"twitter:data2\" content=\"1 minut\u00eb\" \/>\n<script type=\"application\/ld+json\" class=\"yoast-schema-graph\">{\"@context\":\"https:\/\/schema.org\",\"@graph\":[{\"@type\":\"Article\",\"@id\":\"https:\/\/permbledhja.com\/osmani-uron-policine-e-kosoves-per-diten-e-themelimit-ata-jane-gardiane-te-sigurise-sone\/#article\",\"isPartOf\":{\"@id\":\"https:\/\/permbledhja.com\/osmani-uron-policine-e-kosoves-per-diten-e-themelimit-ata-jane-gardiane-te-sigurise-sone\/\"},\"author\":{\"name\":\"M M\",\"@id\":\"https:\/\/permbledhja.com\/#\/schema\/person\/d23f13f59b5722643933d6780783acf3\"},\"headline\":\"Osmani uron Policin\u00eb e Kosov\u00ebs p\u00ebr dit\u00ebn e themelimit: Ata jan\u00eb gardian\u00eb t\u00eb siguris\u00eb son\u00eb\",\"datePublished\":\"2023-09-06T10:14:55+00:00\",\"dateModified\":\"2023-09-06T10:14:55+00:00\",\"mainEntityOfPage\":{\"@id\":\"https:\/\/permbledhja.com\/osmani-uron-policine-e-kosoves-per-diten-e-themelimit-ata-jane-gardiane-te-sigurise-sone\/\"},\"wordCount\":226,\"publisher\":{\"@id\":\"https:\/\/permbledhja.com\/#organization\"},\"keywords\":[\"Vjosa Osmani\"],\"articleSection\":[\"Kryesoret\",\"Lajme\"],\"inLanguage\":\"sq\"},{\"@type\":\"WebPage\",\"@id\":\"https:\/\/permbledhja.com\/osmani-uron-policine-e-kosoves-per-diten-e-themelimit-ata-jane-gardiane-te-sigurise-sone\/\",\"url\":\"https:\/\/permbledhja.com\/osmani-uron-policine-e-kosoves-per-diten-e-themelimit-ata-jane-gardiane-te-sigurise-sone\/\",\"name\":\"Osmani uron Policin\u00eb e Kosov\u00ebs p\u00ebr dit\u00ebn e themelimit: Ata jan\u00eb gardian\u00eb t\u00eb siguris\u00eb son\u00eb\",\"isPartOf\":{\"@id\":\"https:\/\/permbledhja.com\/#website\"},\"datePublished\":\"2023-09-06T10:14:55+00:00\",\"dateModified\":\"2023-09-06T10:14:55+00:00\",\"breadcrumb\":{\"@id\":\"https:\/\/permbledhja.com\/osmani-uron-policine-e-kosoves-per-diten-e-themelimit-ata-jane-gardiane-te-sigurise-sone\/#breadcrumb\"},\"inLanguage\":\"sq\",\"potentialAction\":[{\"@type\":\"ReadAction\",\"target\":[\"https:\/\/permbledhja.com\/osmani-uron-policine-e-kosoves-per-diten-e-themelimit-ata-jane-gardiane-te-sigurise-sone\/\"]}]},{\"@type\":\"BreadcrumbList\",\"@id\":\"https:\/\/permbledhja.com\/osmani-uron-policine-e-kosoves-per-diten-e-themelimit-ata-jane-gardiane-te-sigurise-sone\/#breadcrumb\",\"itemListElement\":[{\"@type\":\"ListItem\",\"position\":1,\"name\":\"Ballina\",\"item\":\"https:\/\/permbledhja.com\/sq\/\"},{\"@type\":\"ListItem\",\"position\":2,\"name\":\"Osmani uron Policin\u00eb e Kosov\u00ebs p\u00ebr dit\u00ebn e themelimit: Ata jan\u00eb gardian\u00eb t\u00eb siguris\u00eb son\u00eb\"}]},{\"@type\":\"WebSite\",\"@id\":\"https:\/\/permbledhja.com\/#website\",\"url\":\"https:\/\/permbledhja.com\/\",\"name\":\"Ve\u00e7 artikuj p\u00ebrmbledh\u00ebs\",\"description\":\"\",\"publisher\":{\"@id\":\"https:\/\/permbledhja.com\/#organization\"},\"potentialAction\":[{\"@type\":\"SearchAction\",\"target\":{\"@type\":\"EntryPoint\",\"urlTemplate\":\"https:\/\/permbledhja.com\/?s={search_term_string}\"},\"query-input\":\"required name=search_term_string\"}],\"inLanguage\":\"sq\"},{\"@type\":\"Organization\",\"@id\":\"https:\/\/permbledhja.com\/#organization\",\"name\":\"MK Media & Pr\",\"url\":\"https:\/\/permbledhja.com\/\",\"logo\":{\"@type\":\"ImageObject\",\"inLanguage\":\"sq\",\"@id\":\"https:\/\/permbledhja.com\/#\/schema\/logo\/image\/\",\"url\":\"https:\/\/permbledhja.com\/wp-content\/uploads\/2021\/12\/07-Press-Logo.jpg\",\"contentUrl\":\"https:\/\/permbledhja.com\/wp-content\/uploads\/2021\/12\/07-Press-Logo.jpg\",\"width\":512,\"height\":512,\"caption\":\"MK Media & Pr\"},\"image\":{\"@id\":\"https:\/\/permbledhja.com\/#\/schema\/logo\/image\/\"},\"sameAs\":[\"https:\/\/www.facebook.com\/press07\/\"]},{\"@type\":\"Person\",\"@id\":\"https:\/\/permbledhja.com\/#\/schema\/person\/d23f13f59b5722643933d6780783acf3\",\"name\":\"M M\",\"image\":{\"@type\":\"ImageObject\",\"inLanguage\":\"sq\",\"@id\":\"https:\/\/permbledhja.com\/#\/schema\/person\/image\/\",\"url\":\"https:\/\/secure.gravatar.com\/avatar\/e2835a76ca7c31a2416b2d51c4ec9a8f?s=96&d=mm&r=g\",\"contentUrl\":\"https:\/\/secure.gravatar.com\/avatar\/e2835a76ca7c31a2416b2d51c4ec9a8f?s=96&d=mm&r=g\",\"caption\":\"M M\"},\"sameAs\":[\"http:\/\/MM\"],\"url\":\"https:\/\/permbledhja.com\/sq\/author\/muhamet\/\"}]}<\/script>\n<!-- \/ Yoast SEO plugin. -->","yoast_head_json":{"title":"Osmani uron Policin\u00eb e Kosov\u00ebs p\u00ebr dit\u00ebn e themelimit: Ata jan\u00eb gardian\u00eb t\u00eb siguris\u00eb son\u00eb","robots":{"index":"index","follow":"follow","max-snippet":"max-snippet:-1","max-image-preview":"max-image-preview:large","max-video-preview":"max-video-preview:-1"},"canonical":"https:\/\/permbledhja.com\/sq\/osmani-uron-policine-e-kosoves-per-diten-e-themelimit-ata-jane-gardiane-te-sigurise-sone\/","og_locale":"sq_AL","og_type":"article","og_title":"Osmani uron Policin\u00eb e Kosov\u00ebs p\u00ebr dit\u00ebn e themelimit: Ata jan\u00eb gardian\u00eb t\u00eb siguris\u00eb son\u00eb","og_description":"Presidentja e Kosov\u00ebs, Vjosa Osmani ka uruar Policin\u00eb e Kosov\u00ebs p\u00ebr dit\u00ebn e themelimit. \u201c6 shtatori sh\u00ebnon nj\u00eb moment historik, t\u00eb r\u00ebnd\u00ebsish\u00ebm n\u00eb historin\u00eb e Kosov\u00ebs \u2013 dit\u00ebn e themelimit t\u00eb Policis\u00eb s\u00eb Kosov\u00ebs\u201d, ka th\u00ebn\u00eb Osmani. Osmani ka th\u00ebn\u00eb se \u201cSot Policia e Kosov\u00ebs \u00ebsht\u00eb shnd\u00ebrruar n\u00eb nj\u00eb simbol t\u00eb p\u00ebrkushtimit, guximit dhe profesionalizmit [&hellip;]","og_url":"https:\/\/permbledhja.com\/sq\/osmani-uron-policine-e-kosoves-per-diten-e-themelimit-ata-jane-gardiane-te-sigurise-sone\/","og_site_name":"Ve\u00e7 artikuj p\u00ebrmbledh\u00ebs","article_publisher":"https:\/\/www.facebook.com\/press07\/","article_published_time":"2023-09-06T10:14:55+00:00","og_image":[{"width":800,"height":464,"url":"https:\/\/permbledhja.com\/wp-content\/uploads\/2023\/09\/800-0-64cd071ab2fa5.jpg","type":"image\/jpeg"}],"author":"M M","twitter_card":"summary_large_image","twitter_misc":{"Written by":"M M","Est. reading time":"1 minut\u00eb"},"schema":{"@context":"https:\/\/schema.org","@graph":[{"@type":"Article","@id":"https:\/\/permbledhja.com\/osmani-uron-policine-e-kosoves-per-diten-e-themelimit-ata-jane-gardiane-te-sigurise-sone\/#article","isPartOf":{"@id":"https:\/\/permbledhja.com\/osmani-uron-policine-e-kosoves-per-diten-e-themelimit-ata-jane-gardiane-te-sigurise-sone\/"},"author":{"name":"M M","@id":"https:\/\/permbledhja.com\/#\/schema\/person\/d23f13f59b5722643933d6780783acf3"},"headline":"Osmani uron Policin\u00eb e Kosov\u00ebs p\u00ebr dit\u00ebn e themelimit: Ata jan\u00eb gardian\u00eb t\u00eb siguris\u00eb son\u00eb","datePublished":"2023-09-06T10:14:55+00:00","dateModified":"2023-09-06T10:14:55+00:00","mainEntityOfPage":{"@id":"https:\/\/permbledhja.com\/osmani-uron-policine-e-kosoves-per-diten-e-themelimit-ata-jane-gardiane-te-sigurise-sone\/"},"wordCount":226,"publisher":{"@id":"https:\/\/permbledhja.com\/#organization"},"keywords":["Vjosa Osmani"],"articleSection":["Kryesoret","Lajme"],"inLanguage":"sq"},{"@type":"WebPage","@id":"https:\/\/permbledhja.com\/osmani-uron-policine-e-kosoves-per-diten-e-themelimit-ata-jane-gardiane-te-sigurise-sone\/","url":"https:\/\/permbledhja.com\/osmani-uron-policine-e-kosoves-per-diten-e-themelimit-ata-jane-gardiane-te-sigurise-sone\/","name":"Osmani uron Policin\u00eb e Kosov\u00ebs p\u00ebr dit\u00ebn e themelimit: Ata jan\u00eb gardian\u00eb t\u00eb siguris\u00eb son\u00eb","isPartOf":{"@id":"https:\/\/permbledhja.com\/#website"},"datePublished":"2023-09-06T10:14:55+00:00","dateModified":"2023-09-06T10:14:55+00:00","breadcrumb":{"@id":"https:\/\/permbledhja.com\/osmani-uron-policine-e-kosoves-per-diten-e-themelimit-ata-jane-gardiane-te-sigurise-sone\/#breadcrumb"},"inLanguage":"sq","potentialAction":[{"@type":"ReadAction","target":["https:\/\/permbledhja.com\/osmani-uron-policine-e-kosoves-per-diten-e-themelimit-ata-jane-gardiane-te-sigurise-sone\/"]}]},{"@type":"BreadcrumbList","@id":"https:\/\/permbledhja.com\/osmani-uron-policine-e-kosoves-per-diten-e-themelimit-ata-jane-gardiane-te-sigurise-sone\/#breadcrumb","itemListElement":[{"@type":"ListItem","position":1,"name":"Ballina","item":"https:\/\/permbledhja.com\/sq\/"},{"@type":"ListItem","position":2,"name":"Osmani uron Policin\u00eb e Kosov\u00ebs p\u00ebr dit\u00ebn e themelimit: Ata jan\u00eb gardian\u00eb t\u00eb siguris\u00eb son\u00eb"}]},{"@type":"WebSite","@id":"https:\/\/permbledhja.com\/#website","url":"https:\/\/permbledhja.com\/","name":"Ve\u00e7 artikuj p\u00ebrmbledh\u00ebs","description":"","publisher":{"@id":"https:\/\/permbledhja.com\/#organization"},"potentialAction":[{"@type":"SearchAction","target":{"@type":"EntryPoint","urlTemplate":"https:\/\/permbledhja.com\/?s={search_term_string}"},"query-input":"required name=search_term_string"}],"inLanguage":"sq"},{"@type":"Organization","@id":"https:\/\/permbledhja.com\/#organization","name":"MK Media & Pr","url":"https:\/\/permbledhja.com\/","logo":{"@type":"ImageObject","inLanguage":"sq","@id":"https:\/\/permbledhja.com\/#\/schema\/logo\/image\/","url":"https:\/\/permbledhja.com\/wp-content\/uploads\/2021\/12\/07-Press-Logo.jpg","contentUrl":"https:\/\/permbledhja.com\/wp-content\/uploads\/2021\/12\/07-Press-Logo.jpg","width":512,"height":512,"caption":"MK Media & Pr"},"image":{"@id":"https:\/\/permbledhja.com\/#\/schema\/logo\/image\/"},"sameAs":["https:\/\/www.facebook.com\/press07\/"]},{"@type":"Person","@id":"https:\/\/permbledhja.com\/#\/schema\/person\/d23f13f59b5722643933d6780783acf3","name":"M M","image":{"@type":"ImageObject","inLanguage":"sq","@id":"https:\/\/permbledhja.com\/#\/schema\/person\/image\/","url":"https:\/\/secure.gravatar.com\/avatar\/e2835a76ca7c31a2416b2d51c4ec9a8f?s=96&d=mm&r=g","contentUrl":"https:\/\/secure.gravatar.com\/avatar\/e2835a76ca7c31a2416b2d51c4ec9a8f?s=96&d=mm&r=g","caption":"M M"},"sameAs":["http:\/\/MM"],"url":"https:\/\/permbledhja.com\/sq\/author\/muhamet\/"}]}},"_links":{"self":[{"href":"https:\/\/permbledhja.com\/sq\/wp-json\/wp\/v2\/posts\/25983"}],"collection":[{"href":"https:\/\/permbledhja.com\/sq\/wp-json\/wp\/v2\/posts"}],"about":[{"href":"https:\/\/permbledhja.com\/sq\/wp-json\/wp\/v2\/types\/post"}],"author":[{"embeddable":true,"href":"https:\/\/permbledhja.com\/sq\/wp-json\/wp\/v2\/users\/2"}],"replies":[{"embeddable":true,"href":"https:\/\/permbledhja.com\/sq\/wp-json\/wp\/v2\/comments?post=25983"}],"version-history":[{"count":1,"href":"https:\/\/permbledhja.com\/sq\/wp-json\/wp\/v2\/posts\/25983\/revisions"}],"predecessor-version":[{"id":25985,"href":"https:\/\/permbledhja.com\/sq\/wp-json\/wp\/v2\/posts\/25983\/revisions\/25985"}],"wp:featuredmedia":[{"embeddable":true,"href":"https:\/\/permbledhja.com\/sq\/wp-json\/wp\/v2\/media\/25984"}],"wp:attachment":[{"href":"https:\/\/permbledhja.com\/sq\/wp-json\/wp\/v2\/media?parent=25983"}],"wp:term":[{"taxonomy":"category","embeddable":true,"href":"https:\/\/permbledhja.com\/sq\/wp-json\/wp\/v2\/categories?post=25983"},{"taxonomy":"post_tag","embeddable":true,"href":"https:\/\/permbledhja.com\/sq\/wp-json\/wp\/v2\/tags?post=25983"}],"curies":[{"name":"wp","href":"https:\/\/api.w.org\/{rel}","templated":true}]}}