{"id":25980,"date":"2023-09-06T10:08:28","date_gmt":"2023-09-06T10:08:28","guid":{"rendered":"https:\/\/permbledhja.com\/?p=25980"},"modified":"2023-09-06T10:08:28","modified_gmt":"2023-09-06T10:08:28","slug":"ldk-vazhdon-edhe-sot-mbledhjen-per-finalizimin-e-programit-rruga-e-re","status":"publish","type":"post","link":"https:\/\/permbledhja.com\/sq\/ldk-vazhdon-edhe-sot-mbledhjen-per-finalizimin-e-programit-rruga-e-re\/","title":{"rendered":"LDK vazhdon edhe sot mbledhjen p\u00ebr finalizimin e programit &#8220;Rruga e Re&#8221;"},"content":{"rendered":"<h3>Lidhja Demokratike e Kosov\u00ebs po vazhdon edhe sot dit\u00ebn e dyt\u00eb t\u00eb mbledhjes me akter\u00ebt kryesor\u00eb t\u00eb partis\u00eb p\u00ebr finalizimin e programit Rruga e Re.<\/h3>\n<p>Sipas zyrtar\u00ebve t\u00eb k\u00ebtij subjekti, edhe sot po diskutohet \u201cintensivisht rreth detajeve t\u00eb fundit t\u00eb projekteve madhore q\u00eb p\u00ebrfshijn\u00eb sektorin e ekonomis\u00eb, energjis\u00eb, arsimit\u201d, etj. Njoftohet se paralelisht, po vazhdojn\u00eb pun\u00ebtorit\u00eb grupore t\u00eb ndar\u00eb n\u00eb sektor\u00eb t\u00eb ndrysh\u00ebm.<\/p>\n<p>\u201cKy program ka p\u00ebr q\u00ebllim t\u00eb tejkaloj\u00eb mend\u00ebsin\u00eb e vjet\u00ebr t\u00eb mospun\u00ebs dhe jo kompetenc\u00ebs, nj\u00eb realitet me t\u00eb cilin Kosova po p\u00ebrballet p\u00ebr nj\u00eb koh\u00eb t\u00eb gjat\u00eb. Programi \u201cRruga e Re\u201d flet vet\u00ebm p\u00ebr t\u00eb ardhmen e shtetit t\u00eb Kosov\u00ebs. Projektet madhore q\u00eb jan\u00eb paraqitur gjat\u00eb k\u00ebtyre takimeve, e q\u00eb do t\u00eb jen\u00eb pjes\u00eb e programit \u201cRruga e Re\u201d, jan\u00eb projektet m\u00eb t\u00eb m\u00ebdha q\u00eb mund t\u00eb ndodhin gjat\u00eb 30 viteve t\u00eb fundit\u201d theksojn\u00eb nga LDK.<\/p>\n<p>\u201cLDK-ja rikonfirmon angazhimin e saj ndaj vlerave t\u00eb djathta dhe \u00ebsht\u00eb e p\u00ebrkushtuar p\u00ebr integrimit t\u00eb Kosov\u00ebs n\u00eb Bashkimin Evropian dhe NATO. Me k\u00ebt\u00eb program, LDK shpreh nj\u00eb q\u00ebndrim t\u00eb qart\u00eb ndaj ndryshimit dhe p\u00ebrmir\u00ebsimit t\u00eb gjendjes s\u00eb vendit n\u00eb t\u00eb gjitha dimensionet\u201d thuhet m\u00eb tej.<\/p>\n<p>Sipas LDK\u2019s\u00eb, dita e dyt\u00eb e mbledhjes sh\u00ebnon nj\u00eb faz\u00eb t\u00eb r\u00ebnd\u00ebsishme n\u00eb finalizimit e programit \u201cRruga e Re\u201d, duke i dh\u00ebn\u00eb form\u00ebn p\u00ebrfundimtare vizionit q\u00eb LDK do t\u00eb prezantoj\u00eb p\u00ebr qytetarin e Kosov\u00ebs.<\/p>\n","protected":false},"excerpt":{"rendered":"<p>Lidhja Demokratike e Kosov\u00ebs po vazhdon edhe sot dit\u00ebn e dyt\u00eb t\u00eb mbledhjes me akter\u00ebt kryesor\u00eb t\u00eb partis\u00eb p\u00ebr finalizimin e programit Rruga e Re. Sipas zyrtar\u00ebve t\u00eb k\u00ebtij subjekti, edhe sot po diskutohet \u201cintensivisht rreth detajeve t\u00eb fundit t\u00eb projekteve madhore q\u00eb p\u00ebrfshijn\u00eb sektorin e ekonomis\u00eb, energjis\u00eb, arsimit\u201d, etj. Njoftohet se paralelisht, po vazhdojn\u00eb [&hellip;]<\/p>\n","protected":false},"author":2,"featured_media":25981,"comment_status":"closed","ping_status":"closed","sticky":false,"template":"","format":"standard","meta":{"_monsterinsights_skip_tracking":false,"_monsterinsights_sitenote_active":false,"_monsterinsights_sitenote_note":"","_monsterinsights_sitenote_category":0,"_uf_show_specific_survey":0,"_uf_disable_surveys":false,"footnotes":""},"categories":[23,15],"tags":[409],"yoast_head":"<!-- This site is optimized with the Yoast SEO plugin v21.5 - https:\/\/yoast.com\/wordpress\/plugins\/seo\/ -->\n<title>LDK vazhdon edhe sot mbledhjen p\u00ebr finalizimin e programit &quot;Rruga e Re&quot;<\/title>\n<meta name=\"robots\" content=\"index, follow, max-snippet:-1, max-image-preview:large, max-video-preview:-1\" \/>\n<link rel=\"canonical\" href=\"https:\/\/permbledhja.com\/sq\/ldk-vazhdon-edhe-sot-mbledhjen-per-finalizimin-e-programit-rruga-e-re\/\" \/>\n<meta property=\"og:locale\" content=\"sq_AL\" \/>\n<meta property=\"og:type\" content=\"article\" \/>\n<meta property=\"og:title\" content=\"LDK vazhdon edhe sot mbledhjen p\u00ebr finalizimin e programit &quot;Rruga e Re&quot;\" \/>\n<meta property=\"og:description\" content=\"Lidhja Demokratike e Kosov\u00ebs po vazhdon edhe sot dit\u00ebn e dyt\u00eb t\u00eb mbledhjes me akter\u00ebt kryesor\u00eb t\u00eb partis\u00eb p\u00ebr finalizimin e programit Rruga e Re. Sipas zyrtar\u00ebve t\u00eb k\u00ebtij subjekti, edhe sot po diskutohet \u201cintensivisht rreth detajeve t\u00eb fundit t\u00eb projekteve madhore q\u00eb p\u00ebrfshijn\u00eb sektorin e ekonomis\u00eb, energjis\u00eb, arsimit\u201d, etj. Njoftohet se paralelisht, po vazhdojn\u00eb [&hellip;]\" \/>\n<meta property=\"og:url\" content=\"https:\/\/permbledhja.com\/sq\/ldk-vazhdon-edhe-sot-mbledhjen-per-finalizimin-e-programit-rruga-e-re\/\" \/>\n<meta property=\"og:site_name\" content=\"Ve\u00e7 artikuj p\u00ebrmbledh\u00ebs\" \/>\n<meta property=\"article:publisher\" content=\"https:\/\/www.facebook.com\/press07\/\" \/>\n<meta property=\"article:published_time\" content=\"2023-09-06T10:08:28+00:00\" \/>\n<meta property=\"og:image\" content=\"https:\/\/permbledhja.com\/wp-content\/uploads\/2023\/09\/ldk-jj.jpg\" \/>\n\t<meta property=\"og:image:width\" content=\"1130\" \/>\n\t<meta property=\"og:image:height\" content=\"635\" \/>\n\t<meta property=\"og:image:type\" content=\"image\/jpeg\" \/>\n<meta name=\"author\" content=\"M M\" \/>\n<meta name=\"twitter:card\" content=\"summary_large_image\" \/>\n<meta name=\"twitter:label1\" content=\"Written by\" \/>\n\t<meta name=\"twitter:data1\" content=\"M M\" \/>\n\t<meta name=\"twitter:label2\" content=\"Est. reading time\" \/>\n\t<meta name=\"twitter:data2\" content=\"1 minut\u00eb\" \/>\n<script type=\"application\/ld+json\" class=\"yoast-schema-graph\">{\"@context\":\"https:\/\/schema.org\",\"@graph\":[{\"@type\":\"Article\",\"@id\":\"https:\/\/permbledhja.com\/ldk-vazhdon-edhe-sot-mbledhjen-per-finalizimin-e-programit-rruga-e-re\/#article\",\"isPartOf\":{\"@id\":\"https:\/\/permbledhja.com\/ldk-vazhdon-edhe-sot-mbledhjen-per-finalizimin-e-programit-rruga-e-re\/\"},\"author\":{\"name\":\"M M\",\"@id\":\"https:\/\/permbledhja.com\/#\/schema\/person\/d23f13f59b5722643933d6780783acf3\"},\"headline\":\"LDK vazhdon edhe sot mbledhjen p\u00ebr finalizimin e programit &#8220;Rruga e Re&#8221;\",\"datePublished\":\"2023-09-06T10:08:28+00:00\",\"dateModified\":\"2023-09-06T10:08:28+00:00\",\"mainEntityOfPage\":{\"@id\":\"https:\/\/permbledhja.com\/ldk-vazhdon-edhe-sot-mbledhjen-per-finalizimin-e-programit-rruga-e-re\/\"},\"wordCount\":270,\"publisher\":{\"@id\":\"https:\/\/permbledhja.com\/#organization\"},\"keywords\":[\"LDK\"],\"articleSection\":[\"Komb\u00ebtare\",\"Lajme\"],\"inLanguage\":\"sq\"},{\"@type\":\"WebPage\",\"@id\":\"https:\/\/permbledhja.com\/ldk-vazhdon-edhe-sot-mbledhjen-per-finalizimin-e-programit-rruga-e-re\/\",\"url\":\"https:\/\/permbledhja.com\/ldk-vazhdon-edhe-sot-mbledhjen-per-finalizimin-e-programit-rruga-e-re\/\",\"name\":\"LDK vazhdon edhe sot mbledhjen p\u00ebr finalizimin e programit \\\"Rruga e Re\\\"\",\"isPartOf\":{\"@id\":\"https:\/\/permbledhja.com\/#website\"},\"datePublished\":\"2023-09-06T10:08:28+00:00\",\"dateModified\":\"2023-09-06T10:08:28+00:00\",\"breadcrumb\":{\"@id\":\"https:\/\/permbledhja.com\/ldk-vazhdon-edhe-sot-mbledhjen-per-finalizimin-e-programit-rruga-e-re\/#breadcrumb\"},\"inLanguage\":\"sq\",\"potentialAction\":[{\"@type\":\"ReadAction\",\"target\":[\"https:\/\/permbledhja.com\/ldk-vazhdon-edhe-sot-mbledhjen-per-finalizimin-e-programit-rruga-e-re\/\"]}]},{\"@type\":\"BreadcrumbList\",\"@id\":\"https:\/\/permbledhja.com\/ldk-vazhdon-edhe-sot-mbledhjen-per-finalizimin-e-programit-rruga-e-re\/#breadcrumb\",\"itemListElement\":[{\"@type\":\"ListItem\",\"position\":1,\"name\":\"Ballina\",\"item\":\"https:\/\/permbledhja.com\/sq\/\"},{\"@type\":\"ListItem\",\"position\":2,\"name\":\"LDK vazhdon edhe sot mbledhjen p\u00ebr finalizimin e programit &#8220;Rruga e Re&#8221;\"}]},{\"@type\":\"WebSite\",\"@id\":\"https:\/\/permbledhja.com\/#website\",\"url\":\"https:\/\/permbledhja.com\/\",\"name\":\"Ve\u00e7 artikuj p\u00ebrmbledh\u00ebs\",\"description\":\"\",\"publisher\":{\"@id\":\"https:\/\/permbledhja.com\/#organization\"},\"potentialAction\":[{\"@type\":\"SearchAction\",\"target\":{\"@type\":\"EntryPoint\",\"urlTemplate\":\"https:\/\/permbledhja.com\/?s={search_term_string}\"},\"query-input\":\"required name=search_term_string\"}],\"inLanguage\":\"sq\"},{\"@type\":\"Organization\",\"@id\":\"https:\/\/permbledhja.com\/#organization\",\"name\":\"MK Media & Pr\",\"url\":\"https:\/\/permbledhja.com\/\",\"logo\":{\"@type\":\"ImageObject\",\"inLanguage\":\"sq\",\"@id\":\"https:\/\/permbledhja.com\/#\/schema\/logo\/image\/\",\"url\":\"https:\/\/permbledhja.com\/wp-content\/uploads\/2021\/12\/07-Press-Logo.jpg\",\"contentUrl\":\"https:\/\/permbledhja.com\/wp-content\/uploads\/2021\/12\/07-Press-Logo.jpg\",\"width\":512,\"height\":512,\"caption\":\"MK Media & Pr\"},\"image\":{\"@id\":\"https:\/\/permbledhja.com\/#\/schema\/logo\/image\/\"},\"sameAs\":[\"https:\/\/www.facebook.com\/press07\/\"]},{\"@type\":\"Person\",\"@id\":\"https:\/\/permbledhja.com\/#\/schema\/person\/d23f13f59b5722643933d6780783acf3\",\"name\":\"M M\",\"image\":{\"@type\":\"ImageObject\",\"inLanguage\":\"sq\",\"@id\":\"https:\/\/permbledhja.com\/#\/schema\/person\/image\/\",\"url\":\"https:\/\/secure.gravatar.com\/avatar\/e2835a76ca7c31a2416b2d51c4ec9a8f?s=96&d=mm&r=g\",\"contentUrl\":\"https:\/\/secure.gravatar.com\/avatar\/e2835a76ca7c31a2416b2d51c4ec9a8f?s=96&d=mm&r=g\",\"caption\":\"M M\"},\"sameAs\":[\"http:\/\/MM\"],\"url\":\"https:\/\/permbledhja.com\/sq\/author\/muhamet\/\"}]}<\/script>\n<!-- \/ Yoast SEO plugin. -->","yoast_head_json":{"title":"LDK vazhdon edhe sot mbledhjen p\u00ebr finalizimin e programit \"Rruga e Re\"","robots":{"index":"index","follow":"follow","max-snippet":"max-snippet:-1","max-image-preview":"max-image-preview:large","max-video-preview":"max-video-preview:-1"},"canonical":"https:\/\/permbledhja.com\/sq\/ldk-vazhdon-edhe-sot-mbledhjen-per-finalizimin-e-programit-rruga-e-re\/","og_locale":"sq_AL","og_type":"article","og_title":"LDK vazhdon edhe sot mbledhjen p\u00ebr finalizimin e programit \"Rruga e Re\"","og_description":"Lidhja Demokratike e Kosov\u00ebs po vazhdon edhe sot dit\u00ebn e dyt\u00eb t\u00eb mbledhjes me akter\u00ebt kryesor\u00eb t\u00eb partis\u00eb p\u00ebr finalizimin e programit Rruga e Re. Sipas zyrtar\u00ebve t\u00eb k\u00ebtij subjekti, edhe sot po diskutohet \u201cintensivisht rreth detajeve t\u00eb fundit t\u00eb projekteve madhore q\u00eb p\u00ebrfshijn\u00eb sektorin e ekonomis\u00eb, energjis\u00eb, arsimit\u201d, etj. Njoftohet se paralelisht, po vazhdojn\u00eb [&hellip;]","og_url":"https:\/\/permbledhja.com\/sq\/ldk-vazhdon-edhe-sot-mbledhjen-per-finalizimin-e-programit-rruga-e-re\/","og_site_name":"Ve\u00e7 artikuj p\u00ebrmbledh\u00ebs","article_publisher":"https:\/\/www.facebook.com\/press07\/","article_published_time":"2023-09-06T10:08:28+00:00","og_image":[{"width":1130,"height":635,"url":"https:\/\/permbledhja.com\/wp-content\/uploads\/2023\/09\/ldk-jj.jpg","type":"image\/jpeg"}],"author":"M M","twitter_card":"summary_large_image","twitter_misc":{"Written by":"M M","Est. reading time":"1 minut\u00eb"},"schema":{"@context":"https:\/\/schema.org","@graph":[{"@type":"Article","@id":"https:\/\/permbledhja.com\/ldk-vazhdon-edhe-sot-mbledhjen-per-finalizimin-e-programit-rruga-e-re\/#article","isPartOf":{"@id":"https:\/\/permbledhja.com\/ldk-vazhdon-edhe-sot-mbledhjen-per-finalizimin-e-programit-rruga-e-re\/"},"author":{"name":"M M","@id":"https:\/\/permbledhja.com\/#\/schema\/person\/d23f13f59b5722643933d6780783acf3"},"headline":"LDK vazhdon edhe sot mbledhjen p\u00ebr finalizimin e programit &#8220;Rruga e Re&#8221;","datePublished":"2023-09-06T10:08:28+00:00","dateModified":"2023-09-06T10:08:28+00:00","mainEntityOfPage":{"@id":"https:\/\/permbledhja.com\/ldk-vazhdon-edhe-sot-mbledhjen-per-finalizimin-e-programit-rruga-e-re\/"},"wordCount":270,"publisher":{"@id":"https:\/\/permbledhja.com\/#organization"},"keywords":["LDK"],"articleSection":["Komb\u00ebtare","Lajme"],"inLanguage":"sq"},{"@type":"WebPage","@id":"https:\/\/permbledhja.com\/ldk-vazhdon-edhe-sot-mbledhjen-per-finalizimin-e-programit-rruga-e-re\/","url":"https:\/\/permbledhja.com\/ldk-vazhdon-edhe-sot-mbledhjen-per-finalizimin-e-programit-rruga-e-re\/","name":"LDK vazhdon edhe sot mbledhjen p\u00ebr finalizimin e programit \"Rruga e Re\"","isPartOf":{"@id":"https:\/\/permbledhja.com\/#website"},"datePublished":"2023-09-06T10:08:28+00:00","dateModified":"2023-09-06T10:08:28+00:00","breadcrumb":{"@id":"https:\/\/permbledhja.com\/ldk-vazhdon-edhe-sot-mbledhjen-per-finalizimin-e-programit-rruga-e-re\/#breadcrumb"},"inLanguage":"sq","potentialAction":[{"@type":"ReadAction","target":["https:\/\/permbledhja.com\/ldk-vazhdon-edhe-sot-mbledhjen-per-finalizimin-e-programit-rruga-e-re\/"]}]},{"@type":"BreadcrumbList","@id":"https:\/\/permbledhja.com\/ldk-vazhdon-edhe-sot-mbledhjen-per-finalizimin-e-programit-rruga-e-re\/#breadcrumb","itemListElement":[{"@type":"ListItem","position":1,"name":"Ballina","item":"https:\/\/permbledhja.com\/sq\/"},{"@type":"ListItem","position":2,"name":"LDK vazhdon edhe sot mbledhjen p\u00ebr finalizimin e programit &#8220;Rruga e Re&#8221;"}]},{"@type":"WebSite","@id":"https:\/\/permbledhja.com\/#website","url":"https:\/\/permbledhja.com\/","name":"Ve\u00e7 artikuj p\u00ebrmbledh\u00ebs","description":"","publisher":{"@id":"https:\/\/permbledhja.com\/#organization"},"potentialAction":[{"@type":"SearchAction","target":{"@type":"EntryPoint","urlTemplate":"https:\/\/permbledhja.com\/?s={search_term_string}"},"query-input":"required name=search_term_string"}],"inLanguage":"sq"},{"@type":"Organization","@id":"https:\/\/permbledhja.com\/#organization","name":"MK Media & Pr","url":"https:\/\/permbledhja.com\/","logo":{"@type":"ImageObject","inLanguage":"sq","@id":"https:\/\/permbledhja.com\/#\/schema\/logo\/image\/","url":"https:\/\/permbledhja.com\/wp-content\/uploads\/2021\/12\/07-Press-Logo.jpg","contentUrl":"https:\/\/permbledhja.com\/wp-content\/uploads\/2021\/12\/07-Press-Logo.jpg","width":512,"height":512,"caption":"MK Media & Pr"},"image":{"@id":"https:\/\/permbledhja.com\/#\/schema\/logo\/image\/"},"sameAs":["https:\/\/www.facebook.com\/press07\/"]},{"@type":"Person","@id":"https:\/\/permbledhja.com\/#\/schema\/person\/d23f13f59b5722643933d6780783acf3","name":"M M","image":{"@type":"ImageObject","inLanguage":"sq","@id":"https:\/\/permbledhja.com\/#\/schema\/person\/image\/","url":"https:\/\/secure.gravatar.com\/avatar\/e2835a76ca7c31a2416b2d51c4ec9a8f?s=96&d=mm&r=g","contentUrl":"https:\/\/secure.gravatar.com\/avatar\/e2835a76ca7c31a2416b2d51c4ec9a8f?s=96&d=mm&r=g","caption":"M M"},"sameAs":["http:\/\/MM"],"url":"https:\/\/permbledhja.com\/sq\/author\/muhamet\/"}]}},"_links":{"self":[{"href":"https:\/\/permbledhja.com\/sq\/wp-json\/wp\/v2\/posts\/25980"}],"collection":[{"href":"https:\/\/permbledhja.com\/sq\/wp-json\/wp\/v2\/posts"}],"about":[{"href":"https:\/\/permbledhja.com\/sq\/wp-json\/wp\/v2\/types\/post"}],"author":[{"embeddable":true,"href":"https:\/\/permbledhja.com\/sq\/wp-json\/wp\/v2\/users\/2"}],"replies":[{"embeddable":true,"href":"https:\/\/permbledhja.com\/sq\/wp-json\/wp\/v2\/comments?post=25980"}],"version-history":[{"count":1,"href":"https:\/\/permbledhja.com\/sq\/wp-json\/wp\/v2\/posts\/25980\/revisions"}],"predecessor-version":[{"id":25982,"href":"https:\/\/permbledhja.com\/sq\/wp-json\/wp\/v2\/posts\/25980\/revisions\/25982"}],"wp:featuredmedia":[{"embeddable":true,"href":"https:\/\/permbledhja.com\/sq\/wp-json\/wp\/v2\/media\/25981"}],"wp:attachment":[{"href":"https:\/\/permbledhja.com\/sq\/wp-json\/wp\/v2\/media?parent=25980"}],"wp:term":[{"taxonomy":"category","embeddable":true,"href":"https:\/\/permbledhja.com\/sq\/wp-json\/wp\/v2\/categories?post=25980"},{"taxonomy":"post_tag","embeddable":true,"href":"https:\/\/permbledhja.com\/sq\/wp-json\/wp\/v2\/tags?post=25980"}],"curies":[{"name":"wp","href":"https:\/\/api.w.org\/{rel}","templated":true}]}}