{"id":25977,"date":"2023-09-06T09:47:22","date_gmt":"2023-09-06T09:47:22","guid":{"rendered":"https:\/\/permbledhja.com\/?p=25977"},"modified":"2023-09-06T09:47:22","modified_gmt":"2023-09-06T09:47:22","slug":"prinderit-ne-pritje-te-mjeteve-per-libra-masht-stregon-kur-del-pjesa-e-dyte-e-subvencioneve","status":"publish","type":"post","link":"https:\/\/permbledhja.com\/sq\/prinderit-ne-pritje-te-mjeteve-per-libra-masht-stregon-kur-del-pjesa-e-dyte-e-subvencioneve\/","title":{"rendered":"Prind\u00ebrit n\u00eb pritje t\u00eb mjeteve p\u00ebr libra, MASHT s\u2019tregon kur del pjesa e dyt\u00eb e subvencioneve"},"content":{"rendered":"<h3>Mbi 115 mij\u00eb \u00ebsht\u00eb numri i prind\u00ebrve q\u00eb kan\u00eb aplikuar p\u00ebr t\u00eb p\u00ebrfituar nga subvencionimi i librave shkollor p\u00ebr f\u00ebmij\u00ebt e tyre. Por jo t\u00eb gjith\u00ebve prej tyre u kan\u00eb dal parat\u00eb.<\/h3>\n<p>Dit\u00eb m\u00eb par\u00eb ministrja e Arsimit, Arb\u00ebrie Nagavci tha se mjetet kan\u00eb dal vet\u00ebm p\u00ebr 81 mij\u00eb aplikues. P\u00ebr pjes\u00ebn tjet\u00ebr tha se do t\u00eb dalin dit\u00ebve n\u00eb vijim. Express ka provuar t\u00eb marr nj\u00eb p\u00ebrgjigje nga MASHT se kur pritet t\u00eb dal pjesa e mjeteve p\u00ebr grupin tjet\u00ebr, por ata s\u2019kan\u00eb kthyer p\u00ebrgjigje.<\/p>\n<p>E prind\u00ebrit jan\u00eb ata q\u00eb po presin.<\/p>\n<p>Dje n\u00eb nj\u00eb postim t\u00eb Nagavcit ku shkroi p\u00ebr nj\u00eb Memorandum Mir\u00ebkuptimi me Qendr\u00ebn Kosovare p\u00ebr Rehabilitimin e e t\u00eb Mbijetuarve t\u00eb Tortur\u00ebs, ishin t\u00eb shumt\u00eb prind\u00ebrit q\u00eb n\u00eb komente i k\u00ebrkuan llogari Nagavcit pse nuk u jan\u00eb transferuar mjetet n\u00eb llogari.<\/p>\n<p>\u201cE paret per librat e shkolles kur dalin\u201d, ishte nj\u00ebri nga komentet.<\/p>\n<p>T\u00eb tjer\u00eb thonin q\u00eb m\u00ebsuesit po u k\u00ebrkojn\u00eb f\u00ebmij\u00ebve librat por q\u00eb s\u2019kan\u00eb para t\u2019ua blejn\u00eb.<\/p>\n<p>Probleme po kan\u00eb edhe prind\u00ebrit q\u00eb po i blejn\u00eb librat p\u00ebr f\u00ebmij\u00ebt e tyre.<\/p>\n<p>Sipas raportimeve, n\u00eb librari ata po duhet q\u00eb t\u00eb presin me or\u00eb t\u00eb t\u00ebra p\u00ebr shkak t\u00eb rendit.<\/p>\n<p>Po ballafaqohen edhe me munges\u00eb t\u00eb disa librave.<\/p>\n<p>Aplikimi p\u00ebr subvencionimin e librave do t\u00eb jet\u00eb i hapur deri m\u00eb fund t\u00eb muajit shtator.<\/p>\n<p>\u201cNga t\u00eb gjitha k\u00ebto aplikime, jan\u00eb identifikuar vet\u00ebm 75 raste me gabime p\u00ebr t\u00eb cilat prind\u00ebrit do t\u00eb njoftohen p\u00ebr rishikimet e nevojshme. Sikurse kemi njoftuar edhe m\u00eb her\u00ebt, aplikimi do t\u00eb jet\u00eb i hapur gjat\u00eb gjith\u00eb muajit shtator n\u00eb m\u00ebnyr\u00eb q\u00eb t\u00eb sigurohemi q\u00eb asnj\u00eb nx\u00ebn\u00ebs p\u00ebr \u00e7far\u00ebdo arsye t\u00eb mos mbetet pa tekste shkollore. Ju sigurojm\u00eb se \u00e7do rast i adresuar do t\u00eb trajtohet me prioritet dhe do t\u00eb ofrohet ndihma e nevojshme p\u00ebr aplikim dhe p\u00ebrfitim t\u00eb k\u00ebtyre mjeteve\u201d, ka shkruar Nagvaci.<\/p>\n<p>Ministrja ka b\u00ebr\u00eb t\u00eb ditur se n\u00eb rast t\u00eb identifikimit ku sht\u00ebpit\u00eb botuese abuzojn\u00eb me \u00e7mime, do adresohet tek autoritetet kompetente.<\/p>\n<p>\u201cSht\u00ebpit\u00eb botuese kan\u00eb publikuar katalogjet e teksteve m\u00ebsimore me \u00e7mimet p\u00ebrkat\u00ebse dhe jan\u00eb zotuar se \u00e7mimet nuk do t\u00eb rriten. \u00c7do identifikim i abuzimit me \u00e7mime t\u00eb teksteve ose ofrimit t\u00eb teksteve pa pasur vendim t\u00eb MASHTI si dhe \u00e7far\u00ebdo rasti tjet\u00ebr i k\u00ebsaj natyre, do t\u00eb adresohet tek autoritetet kompetente\u201d, ka shtuar tutje ministrja.\/Express\/<\/p>\n","protected":false},"excerpt":{"rendered":"<p>Mbi 115 mij\u00eb \u00ebsht\u00eb numri i prind\u00ebrve q\u00eb kan\u00eb aplikuar p\u00ebr t\u00eb p\u00ebrfituar nga subvencionimi i librave shkollor p\u00ebr f\u00ebmij\u00ebt e tyre. Por jo t\u00eb gjith\u00ebve prej tyre u kan\u00eb dal parat\u00eb. Dit\u00eb m\u00eb par\u00eb ministrja e Arsimit, Arb\u00ebrie Nagavci tha se mjetet kan\u00eb dal vet\u00ebm p\u00ebr 81 mij\u00eb aplikues. P\u00ebr pjes\u00ebn tjet\u00ebr tha se [&hellip;]<\/p>\n","protected":false},"author":2,"featured_media":25978,"comment_status":"closed","ping_status":"closed","sticky":false,"template":"","format":"standard","meta":{"_monsterinsights_skip_tracking":false,"_monsterinsights_sitenote_active":false,"_monsterinsights_sitenote_note":"","_monsterinsights_sitenote_category":0,"_uf_show_specific_survey":0,"_uf_disable_surveys":false,"footnotes":""},"categories":[23,15],"tags":[],"yoast_head":"<!-- This site is optimized with the Yoast SEO plugin v21.5 - https:\/\/yoast.com\/wordpress\/plugins\/seo\/ -->\n<title>Prind\u00ebrit n\u00eb pritje t\u00eb mjeteve p\u00ebr libra, MASHT s\u2019tregon kur del pjesa e dyt\u00eb e subvencioneve<\/title>\n<meta name=\"robots\" content=\"index, follow, max-snippet:-1, max-image-preview:large, max-video-preview:-1\" \/>\n<link rel=\"canonical\" href=\"https:\/\/permbledhja.com\/sq\/prinderit-ne-pritje-te-mjeteve-per-libra-masht-stregon-kur-del-pjesa-e-dyte-e-subvencioneve\/\" \/>\n<meta property=\"og:locale\" content=\"sq_AL\" \/>\n<meta property=\"og:type\" content=\"article\" \/>\n<meta property=\"og:title\" content=\"Prind\u00ebrit n\u00eb pritje t\u00eb mjeteve p\u00ebr libra, MASHT s\u2019tregon kur del pjesa e dyt\u00eb e subvencioneve\" \/>\n<meta property=\"og:description\" content=\"Mbi 115 mij\u00eb \u00ebsht\u00eb numri i prind\u00ebrve q\u00eb kan\u00eb aplikuar p\u00ebr t\u00eb p\u00ebrfituar nga subvencionimi i librave shkollor p\u00ebr f\u00ebmij\u00ebt e tyre. Por jo t\u00eb gjith\u00ebve prej tyre u kan\u00eb dal parat\u00eb. Dit\u00eb m\u00eb par\u00eb ministrja e Arsimit, Arb\u00ebrie Nagavci tha se mjetet kan\u00eb dal vet\u00ebm p\u00ebr 81 mij\u00eb aplikues. P\u00ebr pjes\u00ebn tjet\u00ebr tha se [&hellip;]\" \/>\n<meta property=\"og:url\" content=\"https:\/\/permbledhja.com\/sq\/prinderit-ne-pritje-te-mjeteve-per-libra-masht-stregon-kur-del-pjesa-e-dyte-e-subvencioneve\/\" \/>\n<meta property=\"og:site_name\" content=\"Ve\u00e7 artikuj p\u00ebrmbledh\u00ebs\" \/>\n<meta property=\"article:publisher\" content=\"https:\/\/www.facebook.com\/press07\/\" \/>\n<meta property=\"article:published_time\" content=\"2023-09-06T09:47:22+00:00\" \/>\n<meta property=\"og:image\" content=\"https:\/\/permbledhja.com\/wp-content\/uploads\/2023\/09\/masht-728x430-1.jpg\" \/>\n\t<meta property=\"og:image:width\" content=\"728\" \/>\n\t<meta property=\"og:image:height\" content=\"430\" \/>\n\t<meta property=\"og:image:type\" content=\"image\/jpeg\" \/>\n<meta name=\"author\" content=\"M M\" \/>\n<meta name=\"twitter:card\" content=\"summary_large_image\" \/>\n<meta name=\"twitter:label1\" content=\"Written by\" \/>\n\t<meta name=\"twitter:data1\" content=\"M M\" \/>\n\t<meta name=\"twitter:label2\" content=\"Est. reading time\" \/>\n\t<meta name=\"twitter:data2\" content=\"2 minuta\" \/>\n<script type=\"application\/ld+json\" class=\"yoast-schema-graph\">{\"@context\":\"https:\/\/schema.org\",\"@graph\":[{\"@type\":\"Article\",\"@id\":\"https:\/\/permbledhja.com\/prinderit-ne-pritje-te-mjeteve-per-libra-masht-stregon-kur-del-pjesa-e-dyte-e-subvencioneve\/#article\",\"isPartOf\":{\"@id\":\"https:\/\/permbledhja.com\/prinderit-ne-pritje-te-mjeteve-per-libra-masht-stregon-kur-del-pjesa-e-dyte-e-subvencioneve\/\"},\"author\":{\"name\":\"M M\",\"@id\":\"https:\/\/permbledhja.com\/#\/schema\/person\/d23f13f59b5722643933d6780783acf3\"},\"headline\":\"Prind\u00ebrit n\u00eb pritje t\u00eb mjeteve p\u00ebr libra, MASHT s\u2019tregon kur del pjesa e dyt\u00eb e subvencioneve\",\"datePublished\":\"2023-09-06T09:47:22+00:00\",\"dateModified\":\"2023-09-06T09:47:22+00:00\",\"mainEntityOfPage\":{\"@id\":\"https:\/\/permbledhja.com\/prinderit-ne-pritje-te-mjeteve-per-libra-masht-stregon-kur-del-pjesa-e-dyte-e-subvencioneve\/\"},\"wordCount\":461,\"publisher\":{\"@id\":\"https:\/\/permbledhja.com\/#organization\"},\"articleSection\":[\"Komb\u00ebtare\",\"Lajme\"],\"inLanguage\":\"sq\"},{\"@type\":\"WebPage\",\"@id\":\"https:\/\/permbledhja.com\/prinderit-ne-pritje-te-mjeteve-per-libra-masht-stregon-kur-del-pjesa-e-dyte-e-subvencioneve\/\",\"url\":\"https:\/\/permbledhja.com\/prinderit-ne-pritje-te-mjeteve-per-libra-masht-stregon-kur-del-pjesa-e-dyte-e-subvencioneve\/\",\"name\":\"Prind\u00ebrit n\u00eb pritje t\u00eb mjeteve p\u00ebr libra, MASHT s\u2019tregon kur del pjesa e dyt\u00eb e subvencioneve\",\"isPartOf\":{\"@id\":\"https:\/\/permbledhja.com\/#website\"},\"datePublished\":\"2023-09-06T09:47:22+00:00\",\"dateModified\":\"2023-09-06T09:47:22+00:00\",\"breadcrumb\":{\"@id\":\"https:\/\/permbledhja.com\/prinderit-ne-pritje-te-mjeteve-per-libra-masht-stregon-kur-del-pjesa-e-dyte-e-subvencioneve\/#breadcrumb\"},\"inLanguage\":\"sq\",\"potentialAction\":[{\"@type\":\"ReadAction\",\"target\":[\"https:\/\/permbledhja.com\/prinderit-ne-pritje-te-mjeteve-per-libra-masht-stregon-kur-del-pjesa-e-dyte-e-subvencioneve\/\"]}]},{\"@type\":\"BreadcrumbList\",\"@id\":\"https:\/\/permbledhja.com\/prinderit-ne-pritje-te-mjeteve-per-libra-masht-stregon-kur-del-pjesa-e-dyte-e-subvencioneve\/#breadcrumb\",\"itemListElement\":[{\"@type\":\"ListItem\",\"position\":1,\"name\":\"Ballina\",\"item\":\"https:\/\/permbledhja.com\/sq\/\"},{\"@type\":\"ListItem\",\"position\":2,\"name\":\"Prind\u00ebrit n\u00eb pritje t\u00eb mjeteve p\u00ebr libra, MASHT s\u2019tregon kur del pjesa e dyt\u00eb e subvencioneve\"}]},{\"@type\":\"WebSite\",\"@id\":\"https:\/\/permbledhja.com\/#website\",\"url\":\"https:\/\/permbledhja.com\/\",\"name\":\"Ve\u00e7 artikuj p\u00ebrmbledh\u00ebs\",\"description\":\"\",\"publisher\":{\"@id\":\"https:\/\/permbledhja.com\/#organization\"},\"potentialAction\":[{\"@type\":\"SearchAction\",\"target\":{\"@type\":\"EntryPoint\",\"urlTemplate\":\"https:\/\/permbledhja.com\/?s={search_term_string}\"},\"query-input\":\"required name=search_term_string\"}],\"inLanguage\":\"sq\"},{\"@type\":\"Organization\",\"@id\":\"https:\/\/permbledhja.com\/#organization\",\"name\":\"MK Media & Pr\",\"url\":\"https:\/\/permbledhja.com\/\",\"logo\":{\"@type\":\"ImageObject\",\"inLanguage\":\"sq\",\"@id\":\"https:\/\/permbledhja.com\/#\/schema\/logo\/image\/\",\"url\":\"https:\/\/permbledhja.com\/wp-content\/uploads\/2021\/12\/07-Press-Logo.jpg\",\"contentUrl\":\"https:\/\/permbledhja.com\/wp-content\/uploads\/2021\/12\/07-Press-Logo.jpg\",\"width\":512,\"height\":512,\"caption\":\"MK Media & Pr\"},\"image\":{\"@id\":\"https:\/\/permbledhja.com\/#\/schema\/logo\/image\/\"},\"sameAs\":[\"https:\/\/www.facebook.com\/press07\/\"]},{\"@type\":\"Person\",\"@id\":\"https:\/\/permbledhja.com\/#\/schema\/person\/d23f13f59b5722643933d6780783acf3\",\"name\":\"M M\",\"image\":{\"@type\":\"ImageObject\",\"inLanguage\":\"sq\",\"@id\":\"https:\/\/permbledhja.com\/#\/schema\/person\/image\/\",\"url\":\"https:\/\/secure.gravatar.com\/avatar\/e2835a76ca7c31a2416b2d51c4ec9a8f?s=96&d=mm&r=g\",\"contentUrl\":\"https:\/\/secure.gravatar.com\/avatar\/e2835a76ca7c31a2416b2d51c4ec9a8f?s=96&d=mm&r=g\",\"caption\":\"M M\"},\"sameAs\":[\"http:\/\/MM\"],\"url\":\"https:\/\/permbledhja.com\/sq\/author\/muhamet\/\"}]}<\/script>\n<!-- \/ Yoast SEO plugin. -->","yoast_head_json":{"title":"Prind\u00ebrit n\u00eb pritje t\u00eb mjeteve p\u00ebr libra, MASHT s\u2019tregon kur del pjesa e dyt\u00eb e subvencioneve","robots":{"index":"index","follow":"follow","max-snippet":"max-snippet:-1","max-image-preview":"max-image-preview:large","max-video-preview":"max-video-preview:-1"},"canonical":"https:\/\/permbledhja.com\/sq\/prinderit-ne-pritje-te-mjeteve-per-libra-masht-stregon-kur-del-pjesa-e-dyte-e-subvencioneve\/","og_locale":"sq_AL","og_type":"article","og_title":"Prind\u00ebrit n\u00eb pritje t\u00eb mjeteve p\u00ebr libra, MASHT s\u2019tregon kur del pjesa e dyt\u00eb e subvencioneve","og_description":"Mbi 115 mij\u00eb \u00ebsht\u00eb numri i prind\u00ebrve q\u00eb kan\u00eb aplikuar p\u00ebr t\u00eb p\u00ebrfituar nga subvencionimi i librave shkollor p\u00ebr f\u00ebmij\u00ebt e tyre. Por jo t\u00eb gjith\u00ebve prej tyre u kan\u00eb dal parat\u00eb. Dit\u00eb m\u00eb par\u00eb ministrja e Arsimit, Arb\u00ebrie Nagavci tha se mjetet kan\u00eb dal vet\u00ebm p\u00ebr 81 mij\u00eb aplikues. P\u00ebr pjes\u00ebn tjet\u00ebr tha se [&hellip;]","og_url":"https:\/\/permbledhja.com\/sq\/prinderit-ne-pritje-te-mjeteve-per-libra-masht-stregon-kur-del-pjesa-e-dyte-e-subvencioneve\/","og_site_name":"Ve\u00e7 artikuj p\u00ebrmbledh\u00ebs","article_publisher":"https:\/\/www.facebook.com\/press07\/","article_published_time":"2023-09-06T09:47:22+00:00","og_image":[{"width":728,"height":430,"url":"https:\/\/permbledhja.com\/wp-content\/uploads\/2023\/09\/masht-728x430-1.jpg","type":"image\/jpeg"}],"author":"M M","twitter_card":"summary_large_image","twitter_misc":{"Written by":"M M","Est. reading time":"2 minuta"},"schema":{"@context":"https:\/\/schema.org","@graph":[{"@type":"Article","@id":"https:\/\/permbledhja.com\/prinderit-ne-pritje-te-mjeteve-per-libra-masht-stregon-kur-del-pjesa-e-dyte-e-subvencioneve\/#article","isPartOf":{"@id":"https:\/\/permbledhja.com\/prinderit-ne-pritje-te-mjeteve-per-libra-masht-stregon-kur-del-pjesa-e-dyte-e-subvencioneve\/"},"author":{"name":"M M","@id":"https:\/\/permbledhja.com\/#\/schema\/person\/d23f13f59b5722643933d6780783acf3"},"headline":"Prind\u00ebrit n\u00eb pritje t\u00eb mjeteve p\u00ebr libra, MASHT s\u2019tregon kur del pjesa e dyt\u00eb e subvencioneve","datePublished":"2023-09-06T09:47:22+00:00","dateModified":"2023-09-06T09:47:22+00:00","mainEntityOfPage":{"@id":"https:\/\/permbledhja.com\/prinderit-ne-pritje-te-mjeteve-per-libra-masht-stregon-kur-del-pjesa-e-dyte-e-subvencioneve\/"},"wordCount":461,"publisher":{"@id":"https:\/\/permbledhja.com\/#organization"},"articleSection":["Komb\u00ebtare","Lajme"],"inLanguage":"sq"},{"@type":"WebPage","@id":"https:\/\/permbledhja.com\/prinderit-ne-pritje-te-mjeteve-per-libra-masht-stregon-kur-del-pjesa-e-dyte-e-subvencioneve\/","url":"https:\/\/permbledhja.com\/prinderit-ne-pritje-te-mjeteve-per-libra-masht-stregon-kur-del-pjesa-e-dyte-e-subvencioneve\/","name":"Prind\u00ebrit n\u00eb pritje t\u00eb mjeteve p\u00ebr libra, MASHT s\u2019tregon kur del pjesa e dyt\u00eb e subvencioneve","isPartOf":{"@id":"https:\/\/permbledhja.com\/#website"},"datePublished":"2023-09-06T09:47:22+00:00","dateModified":"2023-09-06T09:47:22+00:00","breadcrumb":{"@id":"https:\/\/permbledhja.com\/prinderit-ne-pritje-te-mjeteve-per-libra-masht-stregon-kur-del-pjesa-e-dyte-e-subvencioneve\/#breadcrumb"},"inLanguage":"sq","potentialAction":[{"@type":"ReadAction","target":["https:\/\/permbledhja.com\/prinderit-ne-pritje-te-mjeteve-per-libra-masht-stregon-kur-del-pjesa-e-dyte-e-subvencioneve\/"]}]},{"@type":"BreadcrumbList","@id":"https:\/\/permbledhja.com\/prinderit-ne-pritje-te-mjeteve-per-libra-masht-stregon-kur-del-pjesa-e-dyte-e-subvencioneve\/#breadcrumb","itemListElement":[{"@type":"ListItem","position":1,"name":"Ballina","item":"https:\/\/permbledhja.com\/sq\/"},{"@type":"ListItem","position":2,"name":"Prind\u00ebrit n\u00eb pritje t\u00eb mjeteve p\u00ebr libra, MASHT s\u2019tregon kur del pjesa e dyt\u00eb e subvencioneve"}]},{"@type":"WebSite","@id":"https:\/\/permbledhja.com\/#website","url":"https:\/\/permbledhja.com\/","name":"Ve\u00e7 artikuj p\u00ebrmbledh\u00ebs","description":"","publisher":{"@id":"https:\/\/permbledhja.com\/#organization"},"potentialAction":[{"@type":"SearchAction","target":{"@type":"EntryPoint","urlTemplate":"https:\/\/permbledhja.com\/?s={search_term_string}"},"query-input":"required name=search_term_string"}],"inLanguage":"sq"},{"@type":"Organization","@id":"https:\/\/permbledhja.com\/#organization","name":"MK Media & Pr","url":"https:\/\/permbledhja.com\/","logo":{"@type":"ImageObject","inLanguage":"sq","@id":"https:\/\/permbledhja.com\/#\/schema\/logo\/image\/","url":"https:\/\/permbledhja.com\/wp-content\/uploads\/2021\/12\/07-Press-Logo.jpg","contentUrl":"https:\/\/permbledhja.com\/wp-content\/uploads\/2021\/12\/07-Press-Logo.jpg","width":512,"height":512,"caption":"MK Media & Pr"},"image":{"@id":"https:\/\/permbledhja.com\/#\/schema\/logo\/image\/"},"sameAs":["https:\/\/www.facebook.com\/press07\/"]},{"@type":"Person","@id":"https:\/\/permbledhja.com\/#\/schema\/person\/d23f13f59b5722643933d6780783acf3","name":"M M","image":{"@type":"ImageObject","inLanguage":"sq","@id":"https:\/\/permbledhja.com\/#\/schema\/person\/image\/","url":"https:\/\/secure.gravatar.com\/avatar\/e2835a76ca7c31a2416b2d51c4ec9a8f?s=96&d=mm&r=g","contentUrl":"https:\/\/secure.gravatar.com\/avatar\/e2835a76ca7c31a2416b2d51c4ec9a8f?s=96&d=mm&r=g","caption":"M M"},"sameAs":["http:\/\/MM"],"url":"https:\/\/permbledhja.com\/sq\/author\/muhamet\/"}]}},"_links":{"self":[{"href":"https:\/\/permbledhja.com\/sq\/wp-json\/wp\/v2\/posts\/25977"}],"collection":[{"href":"https:\/\/permbledhja.com\/sq\/wp-json\/wp\/v2\/posts"}],"about":[{"href":"https:\/\/permbledhja.com\/sq\/wp-json\/wp\/v2\/types\/post"}],"author":[{"embeddable":true,"href":"https:\/\/permbledhja.com\/sq\/wp-json\/wp\/v2\/users\/2"}],"replies":[{"embeddable":true,"href":"https:\/\/permbledhja.com\/sq\/wp-json\/wp\/v2\/comments?post=25977"}],"version-history":[{"count":1,"href":"https:\/\/permbledhja.com\/sq\/wp-json\/wp\/v2\/posts\/25977\/revisions"}],"predecessor-version":[{"id":25979,"href":"https:\/\/permbledhja.com\/sq\/wp-json\/wp\/v2\/posts\/25977\/revisions\/25979"}],"wp:featuredmedia":[{"embeddable":true,"href":"https:\/\/permbledhja.com\/sq\/wp-json\/wp\/v2\/media\/25978"}],"wp:attachment":[{"href":"https:\/\/permbledhja.com\/sq\/wp-json\/wp\/v2\/media?parent=25977"}],"wp:term":[{"taxonomy":"category","embeddable":true,"href":"https:\/\/permbledhja.com\/sq\/wp-json\/wp\/v2\/categories?post=25977"},{"taxonomy":"post_tag","embeddable":true,"href":"https:\/\/permbledhja.com\/sq\/wp-json\/wp\/v2\/tags?post=25977"}],"curies":[{"name":"wp","href":"https:\/\/api.w.org\/{rel}","templated":true}]}}