{"id":25974,"date":"2023-09-06T09:27:07","date_gmt":"2023-09-06T09:27:07","guid":{"rendered":"https:\/\/permbledhja.com\/?p=25974"},"modified":"2023-09-06T09:27:07","modified_gmt":"2023-09-06T09:27:07","slug":"qeveria-gjermane-qendrimi-yne-per-liberalizimin-e-vizave-per-kosoven-mbetet-i-pandryshuar","status":"publish","type":"post","link":"https:\/\/permbledhja.com\/sq\/qeveria-gjermane-qendrimi-yne-per-liberalizimin-e-vizave-per-kosoven-mbetet-i-pandryshuar\/","title":{"rendered":"Qeveria Gjermane: Q\u00ebndrimi yn\u00eb p\u00ebr liberalizimin e vizave p\u00ebr Kosov\u00ebn mbetet i pandryshuar"},"content":{"rendered":"<h3>N\u00eb nj\u00eb p\u00ebrgjigje ekskluzive p\u00ebr Gazet\u00ebn Express nga Qeveria Federale e Gjermanis\u00eb q\u00eb drejtohet nga kancelari, Olaf Scholz, kan\u00eb th\u00ebn\u00eb se q\u00ebndrimi i Berlinit zyrtar p\u00ebr liberalizimin e vizave p\u00ebr Kosov\u00ebn mbetet i pandryshuesh\u00ebm.<\/h3>\n<p>Nga Qeveria Gjermane kan\u00eb th\u00ebn\u00eb se mb\u00ebshtesin vendimet p\u00ebr liberalizim t\u00eb vizave q\u00eb i p\u00ebrkasin K\u00ebshillit t\u00eb Bashkimit Evropian, e q\u00eb i garantojn\u00eb Kosov\u00ebs l\u00ebvizjen pa viza nga 1 janari 2024.<\/p>\n<p><strong><em>\u201cQ\u00ebndrimi gjerman mbetet i pandryshuar: Ne mb\u00ebshtesim vendimet p\u00ebr liberalizimin e vizave q\u00eb i p\u00ebrkasin K\u00ebshillit t\u00eb Bashkimit Evropian\u201d,<\/em><\/strong>\u00a0ka th\u00ebn\u00eb nj\u00eb z\u00ebdh\u00ebn\u00ebs i Qeveris\u00eb Gjermane n\u00eb pyetjet e Gazet\u00ebs Express se a do t\u00eb ndodh liberalizimi m\u00eb 1 janar 2024 dhe n\u00ebse ka gjasa t\u00eb shtyhet si pasoj\u00eb e dialogut Kosov\u00eb-Serbi.<\/p>\n<p>K\u00ebshilli i Bashkimit Evropian m\u00eb 9 mars t\u00eb k\u00ebtij viti kishte marr\u00eb vendim p\u00ebr t\u2019i dh\u00ebn\u00eb drit\u00ebn jeshile Kosov\u00ebs p\u00ebr udh\u00ebtim pa viza n\u00eb Zon\u00ebn Schengen.<\/p>\n<p>\u201cK\u00ebshilli sot miratoi q\u00ebndrimin e tij n\u00eb leximin e par\u00eb p\u00ebr l\u00ebvizjen pa viza p\u00ebr mbajt\u00ebsit e pasaportave t\u00eb l\u00ebshuara nga Kosova\u201d, thuhet n\u00eb njoftimin zyrtar t\u00eb publikuar n\u00eb faqen e K\u00ebshillit t\u00eb Bashkimit Evropian ku 1 janari 2024 p\u00ebrmendet si koh\u00eb kur fillon zbatimi i vendimit.<\/p>\n<p>Q\u00ebndrimi i Berlinit zyrtar p\u00ebr liberalizimin e vizave vjen pas paralajm\u00ebrimit t\u00eb Presidentit t\u00eb Franc\u00ebs, Emmanuel Macron, se mund t\u00eb ket\u00eb ndryshim sa i p\u00ebrket politik\u00ebs s\u00eb vizave n\u00eb rast se Kosova dhe Serbia tregohen t\u00eb pap\u00ebrgjegjshme karshi dialogut dhe situat\u00ebs n\u00eb veri t\u00eb Kosov\u00ebs.<\/p>\n<p>Kreu i shtetit francez kishte th\u00ebn\u00eb se nj\u00eb q\u00ebndrim t\u00eb till\u00eb e ndajn\u00eb bashk\u00eb me Gjermanin\u00eb dhe se do t\u00eb q\u00ebndrojn\u00eb vigjilent sa i p\u00ebrket k\u00ebsaj \u00e7\u00ebshtje dhe n\u00eb p\u00ebrgjith\u00ebsi rajonit t\u00eb Ballkanit Per\u00ebndimor.<\/p>\n<p>\u201cNe do t\u00eb vazhdojm\u00eb t\u00eb jemi shum\u00eb vigjilent\u00eb p\u00ebr situat\u00ebn e siguris\u00eb dhe at\u00eb politike n\u00eb Ballkanin Per\u00ebndimor. N\u00eb k\u00ebt\u00eb drejtim, ne kemi nd\u00ebrtuar me Gjermanin\u00eb nj\u00eb udh\u00ebrr\u00ebfyes t\u00eb ri dhe nj\u00eb propozim t\u00eb ri p\u00ebr mospajtimet q\u00eb kan\u00eb Serbia dhe Kosova. Un\u00eb besoj se ky udh\u00ebrr\u00ebfyes \u00ebsht\u00eb i mir\u00eb. Ai u mb\u00ebshtet nga\u00a0 negociatori evropian dhe p\u00ebrfaq\u00ebsuesi yn\u00eb. Prandaj ne jemi duke pritur nj\u00eb riangazhim t\u00eb qart\u00eb nga t\u00eb dy pal\u00ebt, e kam fjal\u00ebn p\u00ebr riangazhim p\u00ebr zgjedhjet e pritura komunale, nj\u00eb riangazhim serb lidhur me institucionet, njohje t\u00eb komunave, ve\u00e7an\u00ebrisht n\u00eb veri nga ana e institucioneve kosovare, nj\u00eb qet\u00ebsim t\u00eb situat\u00ebs, dhe e them k\u00ebt\u00eb sepse Franca dhe Gjermania jan\u00eb t\u00eb p\u00ebrkushtuara dhe kan\u00eb pasur nj\u00eb hapje, n\u00eb ve\u00e7anti ndaj politik\u00ebs s\u00eb vizave apo n\u00eb element\u00eb t\u00eb tjer\u00eb ekonomik\u00eb, t\u00eb cil\u00ebt mund t\u00eb rishikohen n\u00ebse nuk do t\u00eb ket\u00eb politik\u00eb t\u00eb pap\u00ebrgjegjshme nga t\u00eb dy pal\u00ebt. Por ne do t\u00eb vazhdojm\u00eb me partner\u00ebt ton\u00eb gjerman q\u00eb t\u00eb jemi shum\u00eb vigjilent p\u00ebr k\u00ebt\u00eb \u00e7\u00ebshtje dhe p\u00ebr gjith\u00e7ka q\u00eb lidhet me stabilitetin e\u00a0 Ballkanit Per\u00ebndimor\u201d, kishte deklaruar presidenti i Franc\u00ebs.<\/p>\n<p>Ndaj nj\u00eb paralajm\u00ebrimi t\u00eb till\u00eb t\u00eb Macron kishte reaguar edhe presidentja e vendit, Vjosa Osmani, duke th\u00ebn\u00eb se n\u00ebse ndodh shtyrja e liberalizimit, at\u00ebher\u00eb nj\u00eb gj\u00eb e till\u00eb do t\u00eb n\u00ebnkuptonte \u201cvdekje\u201d t\u00eb procesit t\u00eb dialogut.<\/p>\n<p>Nd\u00ebrkoh\u00eb dje gjat\u00eb dit\u00ebs ka pasur raportime n\u00eb media se Gjermania s\u2019q\u00ebndron\u00eb n\u00eb vij\u00eb t\u00eb njejt\u00eb me Macronin p\u00ebr vizat dhe se presidenti francez e kishte th\u00ebn\u00eb nj\u00eb deklarat\u00eb t\u00eb till\u00eb pa konsulta me Gjermanin\u00eb.<\/p>\n","protected":false},"excerpt":{"rendered":"<p>N\u00eb nj\u00eb p\u00ebrgjigje ekskluzive p\u00ebr Gazet\u00ebn Express nga Qeveria Federale e Gjermanis\u00eb q\u00eb drejtohet nga kancelari, Olaf Scholz, kan\u00eb th\u00ebn\u00eb se q\u00ebndrimi i Berlinit zyrtar p\u00ebr liberalizimin e vizave p\u00ebr Kosov\u00ebn mbetet i pandryshuesh\u00ebm. Nga Qeveria Gjermane kan\u00eb th\u00ebn\u00eb se mb\u00ebshtesin vendimet p\u00ebr liberalizim t\u00eb vizave q\u00eb i p\u00ebrkasin K\u00ebshillit t\u00eb Bashkimit Evropian, e q\u00eb [&hellip;]<\/p>\n","protected":false},"author":2,"featured_media":25975,"comment_status":"closed","ping_status":"closed","sticky":false,"template":"","format":"standard","meta":{"_monsterinsights_skip_tracking":false,"_monsterinsights_sitenote_active":false,"_monsterinsights_sitenote_note":"","_monsterinsights_sitenote_category":0,"_uf_show_specific_survey":0,"_uf_disable_surveys":false,"footnotes":""},"categories":[23,15],"tags":[],"yoast_head":"<!-- This site is optimized with the Yoast SEO plugin v21.5 - https:\/\/yoast.com\/wordpress\/plugins\/seo\/ -->\n<title>Qeveria Gjermane: Q\u00ebndrimi yn\u00eb p\u00ebr liberalizimin e vizave p\u00ebr Kosov\u00ebn mbetet i pandryshuar<\/title>\n<meta name=\"robots\" content=\"index, follow, max-snippet:-1, max-image-preview:large, max-video-preview:-1\" \/>\n<link rel=\"canonical\" href=\"https:\/\/permbledhja.com\/sq\/qeveria-gjermane-qendrimi-yne-per-liberalizimin-e-vizave-per-kosoven-mbetet-i-pandryshuar\/\" \/>\n<meta property=\"og:locale\" content=\"sq_AL\" \/>\n<meta property=\"og:type\" content=\"article\" \/>\n<meta property=\"og:title\" content=\"Qeveria Gjermane: Q\u00ebndrimi yn\u00eb p\u00ebr liberalizimin e vizave p\u00ebr Kosov\u00ebn mbetet i pandryshuar\" \/>\n<meta property=\"og:description\" content=\"N\u00eb nj\u00eb p\u00ebrgjigje ekskluzive p\u00ebr Gazet\u00ebn Express nga Qeveria Federale e Gjermanis\u00eb q\u00eb drejtohet nga kancelari, Olaf Scholz, kan\u00eb th\u00ebn\u00eb se q\u00ebndrimi i Berlinit zyrtar p\u00ebr liberalizimin e vizave p\u00ebr Kosov\u00ebn mbetet i pandryshuesh\u00ebm. Nga Qeveria Gjermane kan\u00eb th\u00ebn\u00eb se mb\u00ebshtesin vendimet p\u00ebr liberalizim t\u00eb vizave q\u00eb i p\u00ebrkasin K\u00ebshillit t\u00eb Bashkimit Evropian, e q\u00eb [&hellip;]\" \/>\n<meta property=\"og:url\" content=\"https:\/\/permbledhja.com\/sq\/qeveria-gjermane-qendrimi-yne-per-liberalizimin-e-vizave-per-kosoven-mbetet-i-pandryshuar\/\" \/>\n<meta property=\"og:site_name\" content=\"Ve\u00e7 artikuj p\u00ebrmbledh\u00ebs\" \/>\n<meta property=\"article:publisher\" content=\"https:\/\/www.facebook.com\/press07\/\" \/>\n<meta property=\"article:published_time\" content=\"2023-09-06T09:27:07+00:00\" \/>\n<meta property=\"og:image\" content=\"https:\/\/permbledhja.com\/wp-content\/uploads\/2023\/09\/Olaf-Scholz-corruption-1.jpg\" \/>\n\t<meta property=\"og:image:width\" content=\"1000\" \/>\n\t<meta property=\"og:image:height\" content=\"650\" \/>\n\t<meta property=\"og:image:type\" content=\"image\/jpeg\" \/>\n<meta name=\"author\" content=\"M M\" \/>\n<meta name=\"twitter:card\" content=\"summary_large_image\" \/>\n<meta name=\"twitter:label1\" content=\"Written by\" \/>\n\t<meta name=\"twitter:data1\" content=\"M M\" \/>\n\t<meta name=\"twitter:label2\" content=\"Est. reading time\" \/>\n\t<meta name=\"twitter:data2\" content=\"3 minuta\" \/>\n<script type=\"application\/ld+json\" class=\"yoast-schema-graph\">{\"@context\":\"https:\/\/schema.org\",\"@graph\":[{\"@type\":\"Article\",\"@id\":\"https:\/\/permbledhja.com\/sq\/qeveria-gjermane-qendrimi-yne-per-liberalizimin-e-vizave-per-kosoven-mbetet-i-pandryshuar\/#article\",\"isPartOf\":{\"@id\":\"https:\/\/permbledhja.com\/sq\/qeveria-gjermane-qendrimi-yne-per-liberalizimin-e-vizave-per-kosoven-mbetet-i-pandryshuar\/\"},\"author\":{\"name\":\"M M\",\"@id\":\"https:\/\/permbledhja.com\/#\/schema\/person\/d23f13f59b5722643933d6780783acf3\"},\"headline\":\"Qeveria Gjermane: Q\u00ebndrimi yn\u00eb p\u00ebr liberalizimin e vizave p\u00ebr Kosov\u00ebn mbetet i pandryshuar\",\"datePublished\":\"2023-09-06T09:27:07+00:00\",\"dateModified\":\"2023-09-06T09:27:07+00:00\",\"mainEntityOfPage\":{\"@id\":\"https:\/\/permbledhja.com\/sq\/qeveria-gjermane-qendrimi-yne-per-liberalizimin-e-vizave-per-kosoven-mbetet-i-pandryshuar\/\"},\"wordCount\":641,\"publisher\":{\"@id\":\"https:\/\/permbledhja.com\/#organization\"},\"articleSection\":[\"Komb\u00ebtare\",\"Lajme\"],\"inLanguage\":\"sq\"},{\"@type\":\"WebPage\",\"@id\":\"https:\/\/permbledhja.com\/sq\/qeveria-gjermane-qendrimi-yne-per-liberalizimin-e-vizave-per-kosoven-mbetet-i-pandryshuar\/\",\"url\":\"https:\/\/permbledhja.com\/sq\/qeveria-gjermane-qendrimi-yne-per-liberalizimin-e-vizave-per-kosoven-mbetet-i-pandryshuar\/\",\"name\":\"Qeveria Gjermane: Q\u00ebndrimi yn\u00eb p\u00ebr liberalizimin e vizave p\u00ebr Kosov\u00ebn mbetet i pandryshuar\",\"isPartOf\":{\"@id\":\"https:\/\/permbledhja.com\/#website\"},\"datePublished\":\"2023-09-06T09:27:07+00:00\",\"dateModified\":\"2023-09-06T09:27:07+00:00\",\"breadcrumb\":{\"@id\":\"https:\/\/permbledhja.com\/sq\/qeveria-gjermane-qendrimi-yne-per-liberalizimin-e-vizave-per-kosoven-mbetet-i-pandryshuar\/#breadcrumb\"},\"inLanguage\":\"sq\",\"potentialAction\":[{\"@type\":\"ReadAction\",\"target\":[\"https:\/\/permbledhja.com\/sq\/qeveria-gjermane-qendrimi-yne-per-liberalizimin-e-vizave-per-kosoven-mbetet-i-pandryshuar\/\"]}]},{\"@type\":\"BreadcrumbList\",\"@id\":\"https:\/\/permbledhja.com\/sq\/qeveria-gjermane-qendrimi-yne-per-liberalizimin-e-vizave-per-kosoven-mbetet-i-pandryshuar\/#breadcrumb\",\"itemListElement\":[{\"@type\":\"ListItem\",\"position\":1,\"name\":\"Ballina\",\"item\":\"https:\/\/permbledhja.com\/sq\/\"},{\"@type\":\"ListItem\",\"position\":2,\"name\":\"Qeveria Gjermane: Q\u00ebndrimi yn\u00eb p\u00ebr liberalizimin e vizave p\u00ebr Kosov\u00ebn mbetet i pandryshuar\"}]},{\"@type\":\"WebSite\",\"@id\":\"https:\/\/permbledhja.com\/#website\",\"url\":\"https:\/\/permbledhja.com\/\",\"name\":\"Ve\u00e7 artikuj p\u00ebrmbledh\u00ebs\",\"description\":\"\",\"publisher\":{\"@id\":\"https:\/\/permbledhja.com\/#organization\"},\"potentialAction\":[{\"@type\":\"SearchAction\",\"target\":{\"@type\":\"EntryPoint\",\"urlTemplate\":\"https:\/\/permbledhja.com\/?s={search_term_string}\"},\"query-input\":\"required name=search_term_string\"}],\"inLanguage\":\"sq\"},{\"@type\":\"Organization\",\"@id\":\"https:\/\/permbledhja.com\/#organization\",\"name\":\"MK Media & Pr\",\"url\":\"https:\/\/permbledhja.com\/\",\"logo\":{\"@type\":\"ImageObject\",\"inLanguage\":\"sq\",\"@id\":\"https:\/\/permbledhja.com\/#\/schema\/logo\/image\/\",\"url\":\"https:\/\/permbledhja.com\/wp-content\/uploads\/2021\/12\/07-Press-Logo.jpg\",\"contentUrl\":\"https:\/\/permbledhja.com\/wp-content\/uploads\/2021\/12\/07-Press-Logo.jpg\",\"width\":512,\"height\":512,\"caption\":\"MK Media & Pr\"},\"image\":{\"@id\":\"https:\/\/permbledhja.com\/#\/schema\/logo\/image\/\"},\"sameAs\":[\"https:\/\/www.facebook.com\/press07\/\"]},{\"@type\":\"Person\",\"@id\":\"https:\/\/permbledhja.com\/#\/schema\/person\/d23f13f59b5722643933d6780783acf3\",\"name\":\"M M\",\"image\":{\"@type\":\"ImageObject\",\"inLanguage\":\"sq\",\"@id\":\"https:\/\/permbledhja.com\/#\/schema\/person\/image\/\",\"url\":\"https:\/\/secure.gravatar.com\/avatar\/e2835a76ca7c31a2416b2d51c4ec9a8f?s=96&d=mm&r=g\",\"contentUrl\":\"https:\/\/secure.gravatar.com\/avatar\/e2835a76ca7c31a2416b2d51c4ec9a8f?s=96&d=mm&r=g\",\"caption\":\"M M\"},\"sameAs\":[\"http:\/\/MM\"],\"url\":\"https:\/\/permbledhja.com\/sq\/author\/muhamet\/\"}]}<\/script>\n<!-- \/ Yoast SEO plugin. -->","yoast_head_json":{"title":"Qeveria Gjermane: Q\u00ebndrimi yn\u00eb p\u00ebr liberalizimin e vizave p\u00ebr Kosov\u00ebn mbetet i pandryshuar","robots":{"index":"index","follow":"follow","max-snippet":"max-snippet:-1","max-image-preview":"max-image-preview:large","max-video-preview":"max-video-preview:-1"},"canonical":"https:\/\/permbledhja.com\/sq\/qeveria-gjermane-qendrimi-yne-per-liberalizimin-e-vizave-per-kosoven-mbetet-i-pandryshuar\/","og_locale":"sq_AL","og_type":"article","og_title":"Qeveria Gjermane: Q\u00ebndrimi yn\u00eb p\u00ebr liberalizimin e vizave p\u00ebr Kosov\u00ebn mbetet i pandryshuar","og_description":"N\u00eb nj\u00eb p\u00ebrgjigje ekskluzive p\u00ebr Gazet\u00ebn Express nga Qeveria Federale e Gjermanis\u00eb q\u00eb drejtohet nga kancelari, Olaf Scholz, kan\u00eb th\u00ebn\u00eb se q\u00ebndrimi i Berlinit zyrtar p\u00ebr liberalizimin e vizave p\u00ebr Kosov\u00ebn mbetet i pandryshuesh\u00ebm. Nga Qeveria Gjermane kan\u00eb th\u00ebn\u00eb se mb\u00ebshtesin vendimet p\u00ebr liberalizim t\u00eb vizave q\u00eb i p\u00ebrkasin K\u00ebshillit t\u00eb Bashkimit Evropian, e q\u00eb [&hellip;]","og_url":"https:\/\/permbledhja.com\/sq\/qeveria-gjermane-qendrimi-yne-per-liberalizimin-e-vizave-per-kosoven-mbetet-i-pandryshuar\/","og_site_name":"Ve\u00e7 artikuj p\u00ebrmbledh\u00ebs","article_publisher":"https:\/\/www.facebook.com\/press07\/","article_published_time":"2023-09-06T09:27:07+00:00","og_image":[{"width":1000,"height":650,"url":"https:\/\/permbledhja.com\/wp-content\/uploads\/2023\/09\/Olaf-Scholz-corruption-1.jpg","type":"image\/jpeg"}],"author":"M M","twitter_card":"summary_large_image","twitter_misc":{"Written by":"M M","Est. reading time":"3 minuta"},"schema":{"@context":"https:\/\/schema.org","@graph":[{"@type":"Article","@id":"https:\/\/permbledhja.com\/sq\/qeveria-gjermane-qendrimi-yne-per-liberalizimin-e-vizave-per-kosoven-mbetet-i-pandryshuar\/#article","isPartOf":{"@id":"https:\/\/permbledhja.com\/sq\/qeveria-gjermane-qendrimi-yne-per-liberalizimin-e-vizave-per-kosoven-mbetet-i-pandryshuar\/"},"author":{"name":"M M","@id":"https:\/\/permbledhja.com\/#\/schema\/person\/d23f13f59b5722643933d6780783acf3"},"headline":"Qeveria Gjermane: Q\u00ebndrimi yn\u00eb p\u00ebr liberalizimin e vizave p\u00ebr Kosov\u00ebn mbetet i pandryshuar","datePublished":"2023-09-06T09:27:07+00:00","dateModified":"2023-09-06T09:27:07+00:00","mainEntityOfPage":{"@id":"https:\/\/permbledhja.com\/sq\/qeveria-gjermane-qendrimi-yne-per-liberalizimin-e-vizave-per-kosoven-mbetet-i-pandryshuar\/"},"wordCount":641,"publisher":{"@id":"https:\/\/permbledhja.com\/#organization"},"articleSection":["Komb\u00ebtare","Lajme"],"inLanguage":"sq"},{"@type":"WebPage","@id":"https:\/\/permbledhja.com\/sq\/qeveria-gjermane-qendrimi-yne-per-liberalizimin-e-vizave-per-kosoven-mbetet-i-pandryshuar\/","url":"https:\/\/permbledhja.com\/sq\/qeveria-gjermane-qendrimi-yne-per-liberalizimin-e-vizave-per-kosoven-mbetet-i-pandryshuar\/","name":"Qeveria Gjermane: Q\u00ebndrimi yn\u00eb p\u00ebr liberalizimin e vizave p\u00ebr Kosov\u00ebn mbetet i pandryshuar","isPartOf":{"@id":"https:\/\/permbledhja.com\/#website"},"datePublished":"2023-09-06T09:27:07+00:00","dateModified":"2023-09-06T09:27:07+00:00","breadcrumb":{"@id":"https:\/\/permbledhja.com\/sq\/qeveria-gjermane-qendrimi-yne-per-liberalizimin-e-vizave-per-kosoven-mbetet-i-pandryshuar\/#breadcrumb"},"inLanguage":"sq","potentialAction":[{"@type":"ReadAction","target":["https:\/\/permbledhja.com\/sq\/qeveria-gjermane-qendrimi-yne-per-liberalizimin-e-vizave-per-kosoven-mbetet-i-pandryshuar\/"]}]},{"@type":"BreadcrumbList","@id":"https:\/\/permbledhja.com\/sq\/qeveria-gjermane-qendrimi-yne-per-liberalizimin-e-vizave-per-kosoven-mbetet-i-pandryshuar\/#breadcrumb","itemListElement":[{"@type":"ListItem","position":1,"name":"Ballina","item":"https:\/\/permbledhja.com\/sq\/"},{"@type":"ListItem","position":2,"name":"Qeveria Gjermane: Q\u00ebndrimi yn\u00eb p\u00ebr liberalizimin e vizave p\u00ebr Kosov\u00ebn mbetet i pandryshuar"}]},{"@type":"WebSite","@id":"https:\/\/permbledhja.com\/#website","url":"https:\/\/permbledhja.com\/","name":"Ve\u00e7 artikuj p\u00ebrmbledh\u00ebs","description":"","publisher":{"@id":"https:\/\/permbledhja.com\/#organization"},"potentialAction":[{"@type":"SearchAction","target":{"@type":"EntryPoint","urlTemplate":"https:\/\/permbledhja.com\/?s={search_term_string}"},"query-input":"required name=search_term_string"}],"inLanguage":"sq"},{"@type":"Organization","@id":"https:\/\/permbledhja.com\/#organization","name":"MK Media & Pr","url":"https:\/\/permbledhja.com\/","logo":{"@type":"ImageObject","inLanguage":"sq","@id":"https:\/\/permbledhja.com\/#\/schema\/logo\/image\/","url":"https:\/\/permbledhja.com\/wp-content\/uploads\/2021\/12\/07-Press-Logo.jpg","contentUrl":"https:\/\/permbledhja.com\/wp-content\/uploads\/2021\/12\/07-Press-Logo.jpg","width":512,"height":512,"caption":"MK Media & Pr"},"image":{"@id":"https:\/\/permbledhja.com\/#\/schema\/logo\/image\/"},"sameAs":["https:\/\/www.facebook.com\/press07\/"]},{"@type":"Person","@id":"https:\/\/permbledhja.com\/#\/schema\/person\/d23f13f59b5722643933d6780783acf3","name":"M M","image":{"@type":"ImageObject","inLanguage":"sq","@id":"https:\/\/permbledhja.com\/#\/schema\/person\/image\/","url":"https:\/\/secure.gravatar.com\/avatar\/e2835a76ca7c31a2416b2d51c4ec9a8f?s=96&d=mm&r=g","contentUrl":"https:\/\/secure.gravatar.com\/avatar\/e2835a76ca7c31a2416b2d51c4ec9a8f?s=96&d=mm&r=g","caption":"M M"},"sameAs":["http:\/\/MM"],"url":"https:\/\/permbledhja.com\/sq\/author\/muhamet\/"}]}},"_links":{"self":[{"href":"https:\/\/permbledhja.com\/sq\/wp-json\/wp\/v2\/posts\/25974"}],"collection":[{"href":"https:\/\/permbledhja.com\/sq\/wp-json\/wp\/v2\/posts"}],"about":[{"href":"https:\/\/permbledhja.com\/sq\/wp-json\/wp\/v2\/types\/post"}],"author":[{"embeddable":true,"href":"https:\/\/permbledhja.com\/sq\/wp-json\/wp\/v2\/users\/2"}],"replies":[{"embeddable":true,"href":"https:\/\/permbledhja.com\/sq\/wp-json\/wp\/v2\/comments?post=25974"}],"version-history":[{"count":1,"href":"https:\/\/permbledhja.com\/sq\/wp-json\/wp\/v2\/posts\/25974\/revisions"}],"predecessor-version":[{"id":25976,"href":"https:\/\/permbledhja.com\/sq\/wp-json\/wp\/v2\/posts\/25974\/revisions\/25976"}],"wp:featuredmedia":[{"embeddable":true,"href":"https:\/\/permbledhja.com\/sq\/wp-json\/wp\/v2\/media\/25975"}],"wp:attachment":[{"href":"https:\/\/permbledhja.com\/sq\/wp-json\/wp\/v2\/media?parent=25974"}],"wp:term":[{"taxonomy":"category","embeddable":true,"href":"https:\/\/permbledhja.com\/sq\/wp-json\/wp\/v2\/categories?post=25974"},{"taxonomy":"post_tag","embeddable":true,"href":"https:\/\/permbledhja.com\/sq\/wp-json\/wp\/v2\/tags?post=25974"}],"curies":[{"name":"wp","href":"https:\/\/api.w.org\/{rel}","templated":true}]}}