{"id":25967,"date":"2023-09-06T09:00:25","date_gmt":"2023-09-06T09:00:25","guid":{"rendered":"https:\/\/permbledhja.com\/?p=25967"},"modified":"2023-09-06T09:00:25","modified_gmt":"2023-09-06T09:00:25","slug":"kurti-takohet-me-kryeministren-e-estonise-flasin-per-situaten-politike-ne-vend","status":"publish","type":"post","link":"https:\/\/permbledhja.com\/sq\/kurti-takohet-me-kryeministren-e-estonise-flasin-per-situaten-politike-ne-vend\/","title":{"rendered":"Kurti takohet me Kryeministren e Estonis\u00eb, flasin p\u00ebr situat\u00ebn politike n\u00eb vend"},"content":{"rendered":"<h3>Kryeministri Albin Kurti ka njoftuar se ka takuar Kryeministren e Estonis\u00eb, Kaja Kallash, gjat\u00eb punimeve t\u00eb Samitit t\u00eb Partneritetit p\u00ebr Qeverisje t\u00eb Hapur.<\/h3>\n<p>Kurti ka th\u00ebn\u00eb se me Kallas kan\u00eb folur p\u00ebr situat\u00ebn politike n\u00eb vend, n\u00eb rajon dhe kontributin q\u00eb mund ta jap Kosova si an\u00ebtar e OGP\u2019s\u00eb.<\/p>\n<p>\u201cTani n\u00eb takim me Kryeministr\u00ebn e Estonis\u00eb, Kaja Kallas, gjat\u00eb koh\u00ebs q\u00eb po mbahen punimet e Samitit t\u00eb Partneritetit p\u00ebr Qeverisje t\u00eb Hapur (OGP). Biseduam p\u00ebr situat\u00ebn politike n\u00eb vend, n\u00eb rajon dhe kontributin q\u00eb shteti yn\u00eb mund t\u00eb jap si an\u00ebtar n\u00eb OGP\u201d, ka shkruar Kurti.<\/p>\n<p><iframe loading=\"lazy\" style=\"border: none; overflow: hidden;\" src=\"https:\/\/www.facebook.com\/plugins\/post.php?href=https%3A%2F%2Fwww.facebook.com%2Falbini2017%2Fposts%2Fpfbid02TR73ye2nAAVaGnbaQ489iWvnstjX2psvaP4XYAM566oKc6mFzzG7HWASZeFocYg6l&amp;show_text=true&amp;width=500\" width=\"500\" height=\"702\" frameborder=\"0\" scrolling=\"no\" allowfullscreen=\"allowfullscreen\"><\/iframe><\/p>\n","protected":false},"excerpt":{"rendered":"<p>Kryeministri Albin Kurti ka njoftuar se ka takuar Kryeministren e Estonis\u00eb, Kaja Kallash, gjat\u00eb punimeve t\u00eb Samitit t\u00eb Partneritetit p\u00ebr Qeverisje t\u00eb Hapur. Kurti ka th\u00ebn\u00eb se me Kallas kan\u00eb folur p\u00ebr situat\u00ebn politike n\u00eb vend, n\u00eb rajon dhe kontributin q\u00eb mund ta jap Kosova si an\u00ebtar e OGP\u2019s\u00eb. \u201cTani n\u00eb takim me Kryeministr\u00ebn e [&hellip;]<\/p>\n","protected":false},"author":2,"featured_media":25968,"comment_status":"closed","ping_status":"closed","sticky":false,"template":"","format":"standard","meta":{"_monsterinsights_skip_tracking":false,"_monsterinsights_sitenote_active":false,"_monsterinsights_sitenote_note":"","_monsterinsights_sitenote_category":0,"_uf_show_specific_survey":0,"_uf_disable_surveys":false,"footnotes":""},"categories":[1146,15],"tags":[86],"yoast_head":"<!-- This site is optimized with the Yoast SEO plugin v21.5 - https:\/\/yoast.com\/wordpress\/plugins\/seo\/ -->\n<title>Kurti takohet me Kryeministren e Estonis\u00eb, flasin p\u00ebr situat\u00ebn politike n\u00eb vend<\/title>\n<meta name=\"robots\" content=\"index, follow, max-snippet:-1, max-image-preview:large, max-video-preview:-1\" \/>\n<link rel=\"canonical\" href=\"https:\/\/permbledhja.com\/sq\/kurti-takohet-me-kryeministren-e-estonise-flasin-per-situaten-politike-ne-vend\/\" \/>\n<meta property=\"og:locale\" content=\"sq_AL\" \/>\n<meta property=\"og:type\" content=\"article\" \/>\n<meta property=\"og:title\" content=\"Kurti takohet me Kryeministren e Estonis\u00eb, flasin p\u00ebr situat\u00ebn politike n\u00eb vend\" \/>\n<meta property=\"og:description\" content=\"Kryeministri Albin Kurti ka njoftuar se ka takuar Kryeministren e Estonis\u00eb, Kaja Kallash, gjat\u00eb punimeve t\u00eb Samitit t\u00eb Partneritetit p\u00ebr Qeverisje t\u00eb Hapur. Kurti ka th\u00ebn\u00eb se me Kallas kan\u00eb folur p\u00ebr situat\u00ebn politike n\u00eb vend, n\u00eb rajon dhe kontributin q\u00eb mund ta jap Kosova si an\u00ebtar e OGP\u2019s\u00eb. \u201cTani n\u00eb takim me Kryeministr\u00ebn e [&hellip;]\" \/>\n<meta property=\"og:url\" content=\"https:\/\/permbledhja.com\/sq\/kurti-takohet-me-kryeministren-e-estonise-flasin-per-situaten-politike-ne-vend\/\" \/>\n<meta property=\"og:site_name\" content=\"Ve\u00e7 artikuj p\u00ebrmbledh\u00ebs\" \/>\n<meta property=\"article:publisher\" content=\"https:\/\/www.facebook.com\/press07\/\" \/>\n<meta property=\"article:published_time\" content=\"2023-09-06T09:00:25+00:00\" \/>\n<meta property=\"og:image\" content=\"https:\/\/permbledhja.com\/wp-content\/uploads\/2023\/09\/376233470_852734862886909_9143708159085284882_n.jpg\" \/>\n\t<meta property=\"og:image:width\" content=\"2048\" \/>\n\t<meta property=\"og:image:height\" content=\"1365\" \/>\n\t<meta property=\"og:image:type\" content=\"image\/jpeg\" \/>\n<meta name=\"author\" content=\"M M\" \/>\n<meta name=\"twitter:card\" content=\"summary_large_image\" \/>\n<meta name=\"twitter:label1\" content=\"Written by\" \/>\n\t<meta name=\"twitter:data1\" content=\"M M\" \/>\n\t<meta name=\"twitter:label2\" content=\"Est. reading time\" \/>\n\t<meta name=\"twitter:data2\" content=\"1 minut\u00eb\" \/>\n<script type=\"application\/ld+json\" class=\"yoast-schema-graph\">{\"@context\":\"https:\/\/schema.org\",\"@graph\":[{\"@type\":\"Article\",\"@id\":\"https:\/\/permbledhja.com\/sq\/kurti-takohet-me-kryeministren-e-estonise-flasin-per-situaten-politike-ne-vend\/#article\",\"isPartOf\":{\"@id\":\"https:\/\/permbledhja.com\/sq\/kurti-takohet-me-kryeministren-e-estonise-flasin-per-situaten-politike-ne-vend\/\"},\"author\":{\"name\":\"M M\",\"@id\":\"https:\/\/permbledhja.com\/#\/schema\/person\/d23f13f59b5722643933d6780783acf3\"},\"headline\":\"Kurti takohet me Kryeministren e Estonis\u00eb, flasin p\u00ebr situat\u00ebn politike n\u00eb vend\",\"datePublished\":\"2023-09-06T09:00:25+00:00\",\"dateModified\":\"2023-09-06T09:00:25+00:00\",\"mainEntityOfPage\":{\"@id\":\"https:\/\/permbledhja.com\/sq\/kurti-takohet-me-kryeministren-e-estonise-flasin-per-situaten-politike-ne-vend\/\"},\"wordCount\":122,\"publisher\":{\"@id\":\"https:\/\/permbledhja.com\/#organization\"},\"keywords\":[\"Albin Kurti\"],\"articleSection\":[\"Kryesoret\",\"Lajme\"],\"inLanguage\":\"sq\"},{\"@type\":\"WebPage\",\"@id\":\"https:\/\/permbledhja.com\/sq\/kurti-takohet-me-kryeministren-e-estonise-flasin-per-situaten-politike-ne-vend\/\",\"url\":\"https:\/\/permbledhja.com\/sq\/kurti-takohet-me-kryeministren-e-estonise-flasin-per-situaten-politike-ne-vend\/\",\"name\":\"Kurti takohet me Kryeministren e Estonis\u00eb, flasin p\u00ebr situat\u00ebn politike n\u00eb vend\",\"isPartOf\":{\"@id\":\"https:\/\/permbledhja.com\/#website\"},\"datePublished\":\"2023-09-06T09:00:25+00:00\",\"dateModified\":\"2023-09-06T09:00:25+00:00\",\"breadcrumb\":{\"@id\":\"https:\/\/permbledhja.com\/sq\/kurti-takohet-me-kryeministren-e-estonise-flasin-per-situaten-politike-ne-vend\/#breadcrumb\"},\"inLanguage\":\"sq\",\"potentialAction\":[{\"@type\":\"ReadAction\",\"target\":[\"https:\/\/permbledhja.com\/sq\/kurti-takohet-me-kryeministren-e-estonise-flasin-per-situaten-politike-ne-vend\/\"]}]},{\"@type\":\"BreadcrumbList\",\"@id\":\"https:\/\/permbledhja.com\/sq\/kurti-takohet-me-kryeministren-e-estonise-flasin-per-situaten-politike-ne-vend\/#breadcrumb\",\"itemListElement\":[{\"@type\":\"ListItem\",\"position\":1,\"name\":\"Ballina\",\"item\":\"https:\/\/permbledhja.com\/sq\/\"},{\"@type\":\"ListItem\",\"position\":2,\"name\":\"Kurti takohet me Kryeministren e Estonis\u00eb, flasin p\u00ebr situat\u00ebn politike n\u00eb vend\"}]},{\"@type\":\"WebSite\",\"@id\":\"https:\/\/permbledhja.com\/#website\",\"url\":\"https:\/\/permbledhja.com\/\",\"name\":\"Ve\u00e7 artikuj p\u00ebrmbledh\u00ebs\",\"description\":\"\",\"publisher\":{\"@id\":\"https:\/\/permbledhja.com\/#organization\"},\"potentialAction\":[{\"@type\":\"SearchAction\",\"target\":{\"@type\":\"EntryPoint\",\"urlTemplate\":\"https:\/\/permbledhja.com\/?s={search_term_string}\"},\"query-input\":\"required name=search_term_string\"}],\"inLanguage\":\"sq\"},{\"@type\":\"Organization\",\"@id\":\"https:\/\/permbledhja.com\/#organization\",\"name\":\"MK Media & Pr\",\"url\":\"https:\/\/permbledhja.com\/\",\"logo\":{\"@type\":\"ImageObject\",\"inLanguage\":\"sq\",\"@id\":\"https:\/\/permbledhja.com\/#\/schema\/logo\/image\/\",\"url\":\"https:\/\/permbledhja.com\/wp-content\/uploads\/2021\/12\/07-Press-Logo.jpg\",\"contentUrl\":\"https:\/\/permbledhja.com\/wp-content\/uploads\/2021\/12\/07-Press-Logo.jpg\",\"width\":512,\"height\":512,\"caption\":\"MK Media & Pr\"},\"image\":{\"@id\":\"https:\/\/permbledhja.com\/#\/schema\/logo\/image\/\"},\"sameAs\":[\"https:\/\/www.facebook.com\/press07\/\"]},{\"@type\":\"Person\",\"@id\":\"https:\/\/permbledhja.com\/#\/schema\/person\/d23f13f59b5722643933d6780783acf3\",\"name\":\"M M\",\"image\":{\"@type\":\"ImageObject\",\"inLanguage\":\"sq\",\"@id\":\"https:\/\/permbledhja.com\/#\/schema\/person\/image\/\",\"url\":\"https:\/\/secure.gravatar.com\/avatar\/e2835a76ca7c31a2416b2d51c4ec9a8f?s=96&d=mm&r=g\",\"contentUrl\":\"https:\/\/secure.gravatar.com\/avatar\/e2835a76ca7c31a2416b2d51c4ec9a8f?s=96&d=mm&r=g\",\"caption\":\"M M\"},\"sameAs\":[\"http:\/\/MM\"],\"url\":\"https:\/\/permbledhja.com\/sq\/author\/muhamet\/\"}]}<\/script>\n<!-- \/ Yoast SEO plugin. -->","yoast_head_json":{"title":"Kurti takohet me Kryeministren e Estonis\u00eb, flasin p\u00ebr situat\u00ebn politike n\u00eb vend","robots":{"index":"index","follow":"follow","max-snippet":"max-snippet:-1","max-image-preview":"max-image-preview:large","max-video-preview":"max-video-preview:-1"},"canonical":"https:\/\/permbledhja.com\/sq\/kurti-takohet-me-kryeministren-e-estonise-flasin-per-situaten-politike-ne-vend\/","og_locale":"sq_AL","og_type":"article","og_title":"Kurti takohet me Kryeministren e Estonis\u00eb, flasin p\u00ebr situat\u00ebn politike n\u00eb vend","og_description":"Kryeministri Albin Kurti ka njoftuar se ka takuar Kryeministren e Estonis\u00eb, Kaja Kallash, gjat\u00eb punimeve t\u00eb Samitit t\u00eb Partneritetit p\u00ebr Qeverisje t\u00eb Hapur. Kurti ka th\u00ebn\u00eb se me Kallas kan\u00eb folur p\u00ebr situat\u00ebn politike n\u00eb vend, n\u00eb rajon dhe kontributin q\u00eb mund ta jap Kosova si an\u00ebtar e OGP\u2019s\u00eb. \u201cTani n\u00eb takim me Kryeministr\u00ebn e [&hellip;]","og_url":"https:\/\/permbledhja.com\/sq\/kurti-takohet-me-kryeministren-e-estonise-flasin-per-situaten-politike-ne-vend\/","og_site_name":"Ve\u00e7 artikuj p\u00ebrmbledh\u00ebs","article_publisher":"https:\/\/www.facebook.com\/press07\/","article_published_time":"2023-09-06T09:00:25+00:00","og_image":[{"width":2048,"height":1365,"url":"https:\/\/permbledhja.com\/wp-content\/uploads\/2023\/09\/376233470_852734862886909_9143708159085284882_n.jpg","type":"image\/jpeg"}],"author":"M M","twitter_card":"summary_large_image","twitter_misc":{"Written by":"M M","Est. reading time":"1 minut\u00eb"},"schema":{"@context":"https:\/\/schema.org","@graph":[{"@type":"Article","@id":"https:\/\/permbledhja.com\/sq\/kurti-takohet-me-kryeministren-e-estonise-flasin-per-situaten-politike-ne-vend\/#article","isPartOf":{"@id":"https:\/\/permbledhja.com\/sq\/kurti-takohet-me-kryeministren-e-estonise-flasin-per-situaten-politike-ne-vend\/"},"author":{"name":"M M","@id":"https:\/\/permbledhja.com\/#\/schema\/person\/d23f13f59b5722643933d6780783acf3"},"headline":"Kurti takohet me Kryeministren e Estonis\u00eb, flasin p\u00ebr situat\u00ebn politike n\u00eb vend","datePublished":"2023-09-06T09:00:25+00:00","dateModified":"2023-09-06T09:00:25+00:00","mainEntityOfPage":{"@id":"https:\/\/permbledhja.com\/sq\/kurti-takohet-me-kryeministren-e-estonise-flasin-per-situaten-politike-ne-vend\/"},"wordCount":122,"publisher":{"@id":"https:\/\/permbledhja.com\/#organization"},"keywords":["Albin Kurti"],"articleSection":["Kryesoret","Lajme"],"inLanguage":"sq"},{"@type":"WebPage","@id":"https:\/\/permbledhja.com\/sq\/kurti-takohet-me-kryeministren-e-estonise-flasin-per-situaten-politike-ne-vend\/","url":"https:\/\/permbledhja.com\/sq\/kurti-takohet-me-kryeministren-e-estonise-flasin-per-situaten-politike-ne-vend\/","name":"Kurti takohet me Kryeministren e Estonis\u00eb, flasin p\u00ebr situat\u00ebn politike n\u00eb vend","isPartOf":{"@id":"https:\/\/permbledhja.com\/#website"},"datePublished":"2023-09-06T09:00:25+00:00","dateModified":"2023-09-06T09:00:25+00:00","breadcrumb":{"@id":"https:\/\/permbledhja.com\/sq\/kurti-takohet-me-kryeministren-e-estonise-flasin-per-situaten-politike-ne-vend\/#breadcrumb"},"inLanguage":"sq","potentialAction":[{"@type":"ReadAction","target":["https:\/\/permbledhja.com\/sq\/kurti-takohet-me-kryeministren-e-estonise-flasin-per-situaten-politike-ne-vend\/"]}]},{"@type":"BreadcrumbList","@id":"https:\/\/permbledhja.com\/sq\/kurti-takohet-me-kryeministren-e-estonise-flasin-per-situaten-politike-ne-vend\/#breadcrumb","itemListElement":[{"@type":"ListItem","position":1,"name":"Ballina","item":"https:\/\/permbledhja.com\/sq\/"},{"@type":"ListItem","position":2,"name":"Kurti takohet me Kryeministren e Estonis\u00eb, flasin p\u00ebr situat\u00ebn politike n\u00eb vend"}]},{"@type":"WebSite","@id":"https:\/\/permbledhja.com\/#website","url":"https:\/\/permbledhja.com\/","name":"Ve\u00e7 artikuj p\u00ebrmbledh\u00ebs","description":"","publisher":{"@id":"https:\/\/permbledhja.com\/#organization"},"potentialAction":[{"@type":"SearchAction","target":{"@type":"EntryPoint","urlTemplate":"https:\/\/permbledhja.com\/?s={search_term_string}"},"query-input":"required name=search_term_string"}],"inLanguage":"sq"},{"@type":"Organization","@id":"https:\/\/permbledhja.com\/#organization","name":"MK Media & Pr","url":"https:\/\/permbledhja.com\/","logo":{"@type":"ImageObject","inLanguage":"sq","@id":"https:\/\/permbledhja.com\/#\/schema\/logo\/image\/","url":"https:\/\/permbledhja.com\/wp-content\/uploads\/2021\/12\/07-Press-Logo.jpg","contentUrl":"https:\/\/permbledhja.com\/wp-content\/uploads\/2021\/12\/07-Press-Logo.jpg","width":512,"height":512,"caption":"MK Media & Pr"},"image":{"@id":"https:\/\/permbledhja.com\/#\/schema\/logo\/image\/"},"sameAs":["https:\/\/www.facebook.com\/press07\/"]},{"@type":"Person","@id":"https:\/\/permbledhja.com\/#\/schema\/person\/d23f13f59b5722643933d6780783acf3","name":"M M","image":{"@type":"ImageObject","inLanguage":"sq","@id":"https:\/\/permbledhja.com\/#\/schema\/person\/image\/","url":"https:\/\/secure.gravatar.com\/avatar\/e2835a76ca7c31a2416b2d51c4ec9a8f?s=96&d=mm&r=g","contentUrl":"https:\/\/secure.gravatar.com\/avatar\/e2835a76ca7c31a2416b2d51c4ec9a8f?s=96&d=mm&r=g","caption":"M M"},"sameAs":["http:\/\/MM"],"url":"https:\/\/permbledhja.com\/sq\/author\/muhamet\/"}]}},"_links":{"self":[{"href":"https:\/\/permbledhja.com\/sq\/wp-json\/wp\/v2\/posts\/25967"}],"collection":[{"href":"https:\/\/permbledhja.com\/sq\/wp-json\/wp\/v2\/posts"}],"about":[{"href":"https:\/\/permbledhja.com\/sq\/wp-json\/wp\/v2\/types\/post"}],"author":[{"embeddable":true,"href":"https:\/\/permbledhja.com\/sq\/wp-json\/wp\/v2\/users\/2"}],"replies":[{"embeddable":true,"href":"https:\/\/permbledhja.com\/sq\/wp-json\/wp\/v2\/comments?post=25967"}],"version-history":[{"count":1,"href":"https:\/\/permbledhja.com\/sq\/wp-json\/wp\/v2\/posts\/25967\/revisions"}],"predecessor-version":[{"id":25969,"href":"https:\/\/permbledhja.com\/sq\/wp-json\/wp\/v2\/posts\/25967\/revisions\/25969"}],"wp:featuredmedia":[{"embeddable":true,"href":"https:\/\/permbledhja.com\/sq\/wp-json\/wp\/v2\/media\/25968"}],"wp:attachment":[{"href":"https:\/\/permbledhja.com\/sq\/wp-json\/wp\/v2\/media?parent=25967"}],"wp:term":[{"taxonomy":"category","embeddable":true,"href":"https:\/\/permbledhja.com\/sq\/wp-json\/wp\/v2\/categories?post=25967"},{"taxonomy":"post_tag","embeddable":true,"href":"https:\/\/permbledhja.com\/sq\/wp-json\/wp\/v2\/tags?post=25967"}],"curies":[{"name":"wp","href":"https:\/\/api.w.org\/{rel}","templated":true}]}}