{"id":2594,"date":"2022-07-18T11:17:39","date_gmt":"2022-07-18T11:17:39","guid":{"rendered":"https:\/\/permbledhja.com\/?p=2594"},"modified":"2022-07-18T11:17:39","modified_gmt":"2022-07-18T11:17:39","slug":"mergimtari-vjen-ne-kosove-dhe-mbjell-token-grurin-e-fal-per-nevojtaret","status":"publish","type":"post","link":"https:\/\/permbledhja.com\/sq\/mergimtari-vjen-ne-kosove-dhe-mbjell-token-grurin-e-fal-per-nevojtaret\/","title":{"rendered":"M\u00ebrgimtari vjen n\u00eb Kosov\u00eb dhe mbjell tok\u00ebn, grurin e fal p\u00ebr nevojtar\u00ebt"},"content":{"rendered":"<p><strong>N\u00eb situat\u00ebn e rritjes s\u00eb \u00e7mimeve, dikush ka zgjedhur t\u00eb mendoj\u00eb p\u00ebr personat t\u00eb cil\u00ebt nuk kan\u00eb mund\u00ebsi ekonomike ta sigurojn\u00eb miellin.<\/strong><\/p>\n<p>Nj\u00eb akt i till\u00eb humanitar vjen nga nj\u00eb fermer nga Gjakova i cili tash e 32 vjet jeton n\u00eb SHBA dhe ar\u00ebn t\u00eb cil\u00ebn e ka mbjell\u00eb me grur\u00eb, ka vendosur ta jap\u00eb p\u00ebr personat n\u00eb nevoj\u00eb.<\/p>\n<p>https:\/\/permbledhja.com\/2-te-vdekur-dhe-615-raste-te-reja-me-covid-ne-kosove\/<\/p>\n<p>Kol\u00eb Syla nga Vogova e Gjakov\u00ebs i cili tash e 32 vjet jeton n\u00eb Shtetet e Bashkuara t\u00eb Amerik\u00ebs ka mbjellur sip\u00ebrfaqe me grur\u00eb n\u00eb vendlindjen e tij. Por miellin e dy hektar\u00ebve t\u00eb cilin do ta nxjerr\u00eb nga t\u00eb korrat e sivjetme ka vendosur ta dhuroj\u00eb p\u00ebr njer\u00ebzit n\u00eb nevoj\u00eb.<\/p>\n<p>\u201cSi\u00e7 po shihet edhe p\u00ebr k\u00ebt\u00eb vit rendimenti duke e llogaritur edhe plehun e bag\u00ebtive dhe at\u00eb artificial e ka pas efektin e vet. Kam marr fryt prej k\u00ebsaj toke gjasht\u00eb mij\u00eb kilogram\u00eb grur\u00eb. Prej k\u00ebtij fryti un\u00eb nuk e kam marr asnj\u00eb kilogram .Ju kam dhurua njer\u00ebzve q\u00eb kan\u00eb pas nevoj\u00eb\u201d, tha Kol\u00eb Syla p\u00ebr rtk, p\u00ebrcjell Albinfo.ch.<\/p>\n<p>https:\/\/permbledhja.com\/rama-mosliberalizimi-i-vizave-per-kosoven-turp-per-be-ne\/<\/p>\n<p>Kjo nuk \u00ebsht\u00eb hera e par\u00eb q\u00eb ai e b\u00ebn nj\u00eb gj\u00eb t\u00eb till\u00eb. Nj\u00eb akt t\u00eb till\u00eb por edhe nd\u00ebrtimin e ur\u00ebs s\u00eb re, hapjen dhe pastrimin e rrug\u00ebs kryesore q\u00eb lidh\u00eb Vogov\u00ebn me fshatrat tjera, hapja e rrug\u00ebve fushore, rregullimi i rrjetit elektrik, jan\u00eb disa nga kontributet q\u00eb I ka financuar p\u00ebr bashk\u00ebfshatar\u00ebt e tij. E kjo gj\u00eb po vler\u00ebsohet nga banor\u00ebt e k\u00ebsaj ane.<\/p>\n<p>\u201cKol\u00eb Syla ka b\u00ebr\u00eb p\u00ebr k\u00ebt\u00eb vend shum\u00eb. Sa her\u00eb ka ardhur prej Amerike na ka ndihmua di\u00e7ka. Ka rregullua rrug\u00ebn, na ka pru asfaltin, ka nd\u00ebrtua ur\u00ebn, ka ba gjith\u00e7ka p\u00ebr Vogoven\u201d, tha bashk\u00ebfshatari Gjon Syla.<\/p>\n<p>https:\/\/permbledhja.com\/arrestohet-shtetas-i-huaj-ne-prishtine-u-zu-duke-vjedhur-ne-nje-qender-tregtare\/<\/p>\n<p>\u201cKy edhe pse punon n\u00eb Amerik\u00eb vjen edhe k\u00ebtu punon edhe pse nuk ka nevoj\u00eb. Ky e ka qit\u00eb n\u00eb drit\u00eb k\u00ebt\u00eb vend\u201c, tha bashk\u00ebfshatari tjet\u00ebr Pren Komani.<\/p>\n<p>Kola thot\u00eb se ky angazhim p\u00ebr bashk\u00ebvend\u00ebsit e tij \u00ebsht\u00eb vet\u00ebm nj\u00eb borxh ndaj vendlindjes,p\u00ebrderisa ka nj\u00eb lutje p\u00ebr institucionet vendore q\u00eb t\u2019i ndihmojn\u00eb e p\u00ebrkrahin bujqit e k\u00ebsaj ane t\u00eb cil\u00ebt v\u00ebrtet\u00eb kan\u00eb vullnet p\u00ebr pun\u00eb por q\u00eb iu mungon makineria bujq\u00ebsore.<\/p>\n","protected":false},"excerpt":{"rendered":"<p>N\u00eb situat\u00ebn e rritjes s\u00eb \u00e7mimeve, dikush ka zgjedhur t\u00eb mendoj\u00eb p\u00ebr personat t\u00eb cil\u00ebt nuk kan\u00eb mund\u00ebsi ekonomike ta sigurojn\u00eb miellin. Nj\u00eb akt i till\u00eb humanitar vjen nga nj\u00eb fermer nga Gjakova i cili tash e 32 vjet jeton n\u00eb SHBA dhe ar\u00ebn t\u00eb cil\u00ebn e ka mbjell\u00eb me grur\u00eb, ka vendosur ta jap\u00eb [&hellip;]<\/p>\n","protected":false},"author":1,"featured_media":2595,"comment_status":"closed","ping_status":"closed","sticky":false,"template":"","format":"standard","meta":{"_monsterinsights_skip_tracking":false,"_monsterinsights_sitenote_active":false,"_monsterinsights_sitenote_note":"","_monsterinsights_sitenote_category":0,"_uf_show_specific_survey":0,"_uf_disable_surveys":false,"footnotes":""},"categories":[16],"tags":[478],"yoast_head":"<!-- This site is optimized with the Yoast SEO plugin v21.5 - https:\/\/yoast.com\/wordpress\/plugins\/seo\/ -->\n<title>M\u00ebrgimtari vjen n\u00eb Kosov\u00eb dhe mbjell tok\u00ebn, grurin e fal p\u00ebr nevojtar\u00ebt<\/title>\n<meta name=\"robots\" content=\"index, follow, max-snippet:-1, max-image-preview:large, max-video-preview:-1\" \/>\n<link rel=\"canonical\" href=\"https:\/\/permbledhja.com\/sq\/mergimtari-vjen-ne-kosove-dhe-mbjell-token-grurin-e-fal-per-nevojtaret\/\" \/>\n<meta property=\"og:locale\" content=\"sq_AL\" \/>\n<meta property=\"og:type\" content=\"article\" \/>\n<meta property=\"og:title\" content=\"M\u00ebrgimtari vjen n\u00eb Kosov\u00eb dhe mbjell tok\u00ebn, grurin e fal p\u00ebr nevojtar\u00ebt\" \/>\n<meta property=\"og:description\" content=\"N\u00eb situat\u00ebn e rritjes s\u00eb \u00e7mimeve, dikush ka zgjedhur t\u00eb mendoj\u00eb p\u00ebr personat t\u00eb cil\u00ebt nuk kan\u00eb mund\u00ebsi ekonomike ta sigurojn\u00eb miellin. Nj\u00eb akt i till\u00eb humanitar vjen nga nj\u00eb fermer nga Gjakova i cili tash e 32 vjet jeton n\u00eb SHBA dhe ar\u00ebn t\u00eb cil\u00ebn e ka mbjell\u00eb me grur\u00eb, ka vendosur ta jap\u00eb [&hellip;]\" \/>\n<meta property=\"og:url\" content=\"https:\/\/permbledhja.com\/sq\/mergimtari-vjen-ne-kosove-dhe-mbjell-token-grurin-e-fal-per-nevojtaret\/\" \/>\n<meta property=\"og:site_name\" content=\"Ve\u00e7 artikuj p\u00ebrmbledh\u00ebs\" \/>\n<meta property=\"article:publisher\" content=\"https:\/\/www.facebook.com\/press07\/\" \/>\n<meta property=\"article:author\" content=\"https:\/\/www.facebook.com\/kafexhiu.muharrem\/\" \/>\n<meta property=\"article:published_time\" content=\"2022-07-18T11:17:39+00:00\" \/>\n<meta property=\"og:image\" content=\"https:\/\/permbledhja.com\/wp-content\/uploads\/2022\/07\/Mergimtari-Gruri.jpeg\" \/>\n\t<meta property=\"og:image:width\" content=\"646\" \/>\n\t<meta property=\"og:image:height\" content=\"403\" \/>\n\t<meta property=\"og:image:type\" content=\"image\/jpeg\" \/>\n<meta name=\"author\" content=\"P\u00ebrmbledhja\" \/>\n<meta name=\"twitter:card\" content=\"summary_large_image\" \/>\n<meta name=\"twitter:label1\" content=\"Written by\" \/>\n\t<meta name=\"twitter:data1\" content=\"P\u00ebrmbledhja\" \/>\n\t<meta name=\"twitter:label2\" content=\"Est. reading time\" \/>\n\t<meta name=\"twitter:data2\" content=\"2 minuta\" \/>\n<script type=\"application\/ld+json\" class=\"yoast-schema-graph\">{\"@context\":\"https:\/\/schema.org\",\"@graph\":[{\"@type\":\"Article\",\"@id\":\"https:\/\/permbledhja.com\/mergimtari-vjen-ne-kosove-dhe-mbjell-token-grurin-e-fal-per-nevojtaret\/#article\",\"isPartOf\":{\"@id\":\"https:\/\/permbledhja.com\/mergimtari-vjen-ne-kosove-dhe-mbjell-token-grurin-e-fal-per-nevojtaret\/\"},\"author\":{\"name\":\"P\u00ebrmbledhja\",\"@id\":\"https:\/\/permbledhja.com\/#\/schema\/person\/0d064377258d3221e50693947b9eb4fe\"},\"headline\":\"M\u00ebrgimtari vjen n\u00eb Kosov\u00eb dhe mbjell tok\u00ebn, grurin e fal p\u00ebr nevojtar\u00ebt\",\"datePublished\":\"2022-07-18T11:17:39+00:00\",\"dateModified\":\"2022-07-18T11:17:39+00:00\",\"mainEntityOfPage\":{\"@id\":\"https:\/\/permbledhja.com\/mergimtari-vjen-ne-kosove-dhe-mbjell-token-grurin-e-fal-per-nevojtaret\/\"},\"wordCount\":433,\"publisher\":{\"@id\":\"https:\/\/permbledhja.com\/#organization\"},\"keywords\":[\"M\u00ebrgimtari\"],\"articleSection\":[\"Gjakov\u00eb\"],\"inLanguage\":\"sq\"},{\"@type\":\"WebPage\",\"@id\":\"https:\/\/permbledhja.com\/mergimtari-vjen-ne-kosove-dhe-mbjell-token-grurin-e-fal-per-nevojtaret\/\",\"url\":\"https:\/\/permbledhja.com\/mergimtari-vjen-ne-kosove-dhe-mbjell-token-grurin-e-fal-per-nevojtaret\/\",\"name\":\"M\u00ebrgimtari vjen n\u00eb Kosov\u00eb dhe mbjell tok\u00ebn, grurin e fal p\u00ebr nevojtar\u00ebt\",\"isPartOf\":{\"@id\":\"https:\/\/permbledhja.com\/#website\"},\"datePublished\":\"2022-07-18T11:17:39+00:00\",\"dateModified\":\"2022-07-18T11:17:39+00:00\",\"breadcrumb\":{\"@id\":\"https:\/\/permbledhja.com\/mergimtari-vjen-ne-kosove-dhe-mbjell-token-grurin-e-fal-per-nevojtaret\/#breadcrumb\"},\"inLanguage\":\"sq\",\"potentialAction\":[{\"@type\":\"ReadAction\",\"target\":[\"https:\/\/permbledhja.com\/mergimtari-vjen-ne-kosove-dhe-mbjell-token-grurin-e-fal-per-nevojtaret\/\"]}]},{\"@type\":\"BreadcrumbList\",\"@id\":\"https:\/\/permbledhja.com\/mergimtari-vjen-ne-kosove-dhe-mbjell-token-grurin-e-fal-per-nevojtaret\/#breadcrumb\",\"itemListElement\":[{\"@type\":\"ListItem\",\"position\":1,\"name\":\"Ballina\",\"item\":\"https:\/\/permbledhja.com\/sq\/\"},{\"@type\":\"ListItem\",\"position\":2,\"name\":\"M\u00ebrgimtari vjen n\u00eb Kosov\u00eb dhe mbjell tok\u00ebn, grurin e fal p\u00ebr nevojtar\u00ebt\"}]},{\"@type\":\"WebSite\",\"@id\":\"https:\/\/permbledhja.com\/#website\",\"url\":\"https:\/\/permbledhja.com\/\",\"name\":\"Ve\u00e7 artikuj p\u00ebrmbledh\u00ebs\",\"description\":\"\",\"publisher\":{\"@id\":\"https:\/\/permbledhja.com\/#organization\"},\"potentialAction\":[{\"@type\":\"SearchAction\",\"target\":{\"@type\":\"EntryPoint\",\"urlTemplate\":\"https:\/\/permbledhja.com\/?s={search_term_string}\"},\"query-input\":\"required name=search_term_string\"}],\"inLanguage\":\"sq\"},{\"@type\":\"Organization\",\"@id\":\"https:\/\/permbledhja.com\/#organization\",\"name\":\"MK Media & Pr\",\"url\":\"https:\/\/permbledhja.com\/\",\"logo\":{\"@type\":\"ImageObject\",\"inLanguage\":\"sq\",\"@id\":\"https:\/\/permbledhja.com\/#\/schema\/logo\/image\/\",\"url\":\"https:\/\/permbledhja.com\/wp-content\/uploads\/2021\/12\/07-Press-Logo.jpg\",\"contentUrl\":\"https:\/\/permbledhja.com\/wp-content\/uploads\/2021\/12\/07-Press-Logo.jpg\",\"width\":512,\"height\":512,\"caption\":\"MK Media & Pr\"},\"image\":{\"@id\":\"https:\/\/permbledhja.com\/#\/schema\/logo\/image\/\"},\"sameAs\":[\"https:\/\/www.facebook.com\/press07\/\"]},{\"@type\":\"Person\",\"@id\":\"https:\/\/permbledhja.com\/#\/schema\/person\/0d064377258d3221e50693947b9eb4fe\",\"name\":\"P\u00ebrmbledhja\",\"image\":{\"@type\":\"ImageObject\",\"inLanguage\":\"sq\",\"@id\":\"https:\/\/permbledhja.com\/#\/schema\/person\/image\/\",\"url\":\"https:\/\/permbledhja.com\/wp-content\/uploads\/2026\/01\/452004717_1040944174702970_8932037511805513407_n-96x96.jpg\",\"contentUrl\":\"https:\/\/permbledhja.com\/wp-content\/uploads\/2026\/01\/452004717_1040944174702970_8932037511805513407_n-96x96.jpg\",\"caption\":\"P\u00ebrmbledhja\"},\"sameAs\":[\"https:\/\/www.facebook.com\/kafexhiu.muharrem\/\",\"https:\/\/www.instagram.com\/muharrem_kafexhiu\/\"],\"url\":\"https:\/\/permbledhja.com\/sq\/author\/admin\/\"}]}<\/script>\n<!-- \/ Yoast SEO plugin. -->","yoast_head_json":{"title":"M\u00ebrgimtari vjen n\u00eb Kosov\u00eb dhe mbjell tok\u00ebn, grurin e fal p\u00ebr nevojtar\u00ebt","robots":{"index":"index","follow":"follow","max-snippet":"max-snippet:-1","max-image-preview":"max-image-preview:large","max-video-preview":"max-video-preview:-1"},"canonical":"https:\/\/permbledhja.com\/sq\/mergimtari-vjen-ne-kosove-dhe-mbjell-token-grurin-e-fal-per-nevojtaret\/","og_locale":"sq_AL","og_type":"article","og_title":"M\u00ebrgimtari vjen n\u00eb Kosov\u00eb dhe mbjell tok\u00ebn, grurin e fal p\u00ebr nevojtar\u00ebt","og_description":"N\u00eb situat\u00ebn e rritjes s\u00eb \u00e7mimeve, dikush ka zgjedhur t\u00eb mendoj\u00eb p\u00ebr personat t\u00eb cil\u00ebt nuk kan\u00eb mund\u00ebsi ekonomike ta sigurojn\u00eb miellin. Nj\u00eb akt i till\u00eb humanitar vjen nga nj\u00eb fermer nga Gjakova i cili tash e 32 vjet jeton n\u00eb SHBA dhe ar\u00ebn t\u00eb cil\u00ebn e ka mbjell\u00eb me grur\u00eb, ka vendosur ta jap\u00eb [&hellip;]","og_url":"https:\/\/permbledhja.com\/sq\/mergimtari-vjen-ne-kosove-dhe-mbjell-token-grurin-e-fal-per-nevojtaret\/","og_site_name":"Ve\u00e7 artikuj p\u00ebrmbledh\u00ebs","article_publisher":"https:\/\/www.facebook.com\/press07\/","article_author":"https:\/\/www.facebook.com\/kafexhiu.muharrem\/","article_published_time":"2022-07-18T11:17:39+00:00","og_image":[{"width":646,"height":403,"url":"https:\/\/permbledhja.com\/wp-content\/uploads\/2022\/07\/Mergimtari-Gruri.jpeg","type":"image\/jpeg"}],"author":"P\u00ebrmbledhja","twitter_card":"summary_large_image","twitter_misc":{"Written by":"P\u00ebrmbledhja","Est. reading time":"2 minuta"},"schema":{"@context":"https:\/\/schema.org","@graph":[{"@type":"Article","@id":"https:\/\/permbledhja.com\/mergimtari-vjen-ne-kosove-dhe-mbjell-token-grurin-e-fal-per-nevojtaret\/#article","isPartOf":{"@id":"https:\/\/permbledhja.com\/mergimtari-vjen-ne-kosove-dhe-mbjell-token-grurin-e-fal-per-nevojtaret\/"},"author":{"name":"P\u00ebrmbledhja","@id":"https:\/\/permbledhja.com\/#\/schema\/person\/0d064377258d3221e50693947b9eb4fe"},"headline":"M\u00ebrgimtari vjen n\u00eb Kosov\u00eb dhe mbjell tok\u00ebn, grurin e fal p\u00ebr nevojtar\u00ebt","datePublished":"2022-07-18T11:17:39+00:00","dateModified":"2022-07-18T11:17:39+00:00","mainEntityOfPage":{"@id":"https:\/\/permbledhja.com\/mergimtari-vjen-ne-kosove-dhe-mbjell-token-grurin-e-fal-per-nevojtaret\/"},"wordCount":433,"publisher":{"@id":"https:\/\/permbledhja.com\/#organization"},"keywords":["M\u00ebrgimtari"],"articleSection":["Gjakov\u00eb"],"inLanguage":"sq"},{"@type":"WebPage","@id":"https:\/\/permbledhja.com\/mergimtari-vjen-ne-kosove-dhe-mbjell-token-grurin-e-fal-per-nevojtaret\/","url":"https:\/\/permbledhja.com\/mergimtari-vjen-ne-kosove-dhe-mbjell-token-grurin-e-fal-per-nevojtaret\/","name":"M\u00ebrgimtari vjen n\u00eb Kosov\u00eb dhe mbjell tok\u00ebn, grurin e fal p\u00ebr nevojtar\u00ebt","isPartOf":{"@id":"https:\/\/permbledhja.com\/#website"},"datePublished":"2022-07-18T11:17:39+00:00","dateModified":"2022-07-18T11:17:39+00:00","breadcrumb":{"@id":"https:\/\/permbledhja.com\/mergimtari-vjen-ne-kosove-dhe-mbjell-token-grurin-e-fal-per-nevojtaret\/#breadcrumb"},"inLanguage":"sq","potentialAction":[{"@type":"ReadAction","target":["https:\/\/permbledhja.com\/mergimtari-vjen-ne-kosove-dhe-mbjell-token-grurin-e-fal-per-nevojtaret\/"]}]},{"@type":"BreadcrumbList","@id":"https:\/\/permbledhja.com\/mergimtari-vjen-ne-kosove-dhe-mbjell-token-grurin-e-fal-per-nevojtaret\/#breadcrumb","itemListElement":[{"@type":"ListItem","position":1,"name":"Ballina","item":"https:\/\/permbledhja.com\/sq\/"},{"@type":"ListItem","position":2,"name":"M\u00ebrgimtari vjen n\u00eb Kosov\u00eb dhe mbjell tok\u00ebn, grurin e fal p\u00ebr nevojtar\u00ebt"}]},{"@type":"WebSite","@id":"https:\/\/permbledhja.com\/#website","url":"https:\/\/permbledhja.com\/","name":"Ve\u00e7 artikuj p\u00ebrmbledh\u00ebs","description":"","publisher":{"@id":"https:\/\/permbledhja.com\/#organization"},"potentialAction":[{"@type":"SearchAction","target":{"@type":"EntryPoint","urlTemplate":"https:\/\/permbledhja.com\/?s={search_term_string}"},"query-input":"required name=search_term_string"}],"inLanguage":"sq"},{"@type":"Organization","@id":"https:\/\/permbledhja.com\/#organization","name":"MK Media & Pr","url":"https:\/\/permbledhja.com\/","logo":{"@type":"ImageObject","inLanguage":"sq","@id":"https:\/\/permbledhja.com\/#\/schema\/logo\/image\/","url":"https:\/\/permbledhja.com\/wp-content\/uploads\/2021\/12\/07-Press-Logo.jpg","contentUrl":"https:\/\/permbledhja.com\/wp-content\/uploads\/2021\/12\/07-Press-Logo.jpg","width":512,"height":512,"caption":"MK Media & Pr"},"image":{"@id":"https:\/\/permbledhja.com\/#\/schema\/logo\/image\/"},"sameAs":["https:\/\/www.facebook.com\/press07\/"]},{"@type":"Person","@id":"https:\/\/permbledhja.com\/#\/schema\/person\/0d064377258d3221e50693947b9eb4fe","name":"P\u00ebrmbledhja","image":{"@type":"ImageObject","inLanguage":"sq","@id":"https:\/\/permbledhja.com\/#\/schema\/person\/image\/","url":"https:\/\/permbledhja.com\/wp-content\/uploads\/2026\/01\/452004717_1040944174702970_8932037511805513407_n-96x96.jpg","contentUrl":"https:\/\/permbledhja.com\/wp-content\/uploads\/2026\/01\/452004717_1040944174702970_8932037511805513407_n-96x96.jpg","caption":"P\u00ebrmbledhja"},"sameAs":["https:\/\/www.facebook.com\/kafexhiu.muharrem\/","https:\/\/www.instagram.com\/muharrem_kafexhiu\/"],"url":"https:\/\/permbledhja.com\/sq\/author\/admin\/"}]}},"_links":{"self":[{"href":"https:\/\/permbledhja.com\/sq\/wp-json\/wp\/v2\/posts\/2594"}],"collection":[{"href":"https:\/\/permbledhja.com\/sq\/wp-json\/wp\/v2\/posts"}],"about":[{"href":"https:\/\/permbledhja.com\/sq\/wp-json\/wp\/v2\/types\/post"}],"author":[{"embeddable":true,"href":"https:\/\/permbledhja.com\/sq\/wp-json\/wp\/v2\/users\/1"}],"replies":[{"embeddable":true,"href":"https:\/\/permbledhja.com\/sq\/wp-json\/wp\/v2\/comments?post=2594"}],"version-history":[{"count":2,"href":"https:\/\/permbledhja.com\/sq\/wp-json\/wp\/v2\/posts\/2594\/revisions"}],"predecessor-version":[{"id":2599,"href":"https:\/\/permbledhja.com\/sq\/wp-json\/wp\/v2\/posts\/2594\/revisions\/2599"}],"wp:featuredmedia":[{"embeddable":true,"href":"https:\/\/permbledhja.com\/sq\/wp-json\/wp\/v2\/media\/2595"}],"wp:attachment":[{"href":"https:\/\/permbledhja.com\/sq\/wp-json\/wp\/v2\/media?parent=2594"}],"wp:term":[{"taxonomy":"category","embeddable":true,"href":"https:\/\/permbledhja.com\/sq\/wp-json\/wp\/v2\/categories?post=2594"},{"taxonomy":"post_tag","embeddable":true,"href":"https:\/\/permbledhja.com\/sq\/wp-json\/wp\/v2\/tags?post=2594"}],"curies":[{"name":"wp","href":"https:\/\/api.w.org\/{rel}","templated":true}]}}