{"id":25929,"date":"2023-09-06T06:41:40","date_gmt":"2023-09-06T06:41:40","guid":{"rendered":"https:\/\/permbledhja.com\/?p=25929"},"modified":"2023-09-06T06:41:40","modified_gmt":"2023-09-06T06:41:40","slug":"kryetari-i-zubin-potokut-e-ben-vajzen-drejtoreshe-ne-komune","status":"publish","type":"post","link":"https:\/\/permbledhja.com\/sq\/kryetari-i-zubin-potokut-e-ben-vajzen-drejtoreshe-ne-komune\/","title":{"rendered":"Kryetari i Zubin Potokut e b\u00ebn vajz\u00ebn drejtoresh\u00eb n\u00eb Komun\u00eb"},"content":{"rendered":"<h3>Dhurata, e bija e t\u00eb parit t\u00eb Zubin Potokut Izmir Zeqiri, mori nj\u00eb dhurat\u00eb nga babai kryetar.<\/h3>\n<p>Postin e drejtoresh\u00ebs s\u00eb Kultur\u00ebs, ky i fundit ia besoi vajz\u00ebs q\u00eb \u00ebsht\u00eb absolvente n\u00eb Universitetin e Mitrovic\u00ebs..<\/p>\n<p>K\u00ebt\u00eb tha se qe i detyruar ta b\u00ebj\u00eb p\u00ebr shkak t\u00eb munges\u00ebs s\u00eb njer\u00ebzve p\u00ebr t\u00eb formuar qeverisjen komunale. Bile, duket q\u00eb ishte pak sfid\u00eb se ku t\u00eb vendoset Dhurata, p\u00ebr t\u00eb cil\u00ebn thot\u00eb se ka t\u00eb drejt\u00eb ta em\u00ebroj\u00eb si staf politik.<\/p>\n<p>N\u00ebse analizohen lidhjet familjare, Zeqiri pohon p\u00ebr Klanin se shumic\u00ebn e pun\u00ebtor\u00ebve komunal\u00eb i bie t\u2019i ket\u00eb t\u00eb af\u00ebrt, pasi sipas tij, krejt fshati \u00c7ab\u00ebr jan\u00eb farefis mes vete.<\/p>\n<p>Kryetari shtoi se pun\u00ebn me em\u00ebrimet politike n\u00eb kabinet i p\u00ebrfundoi, e se tani po pret koordinim edhe me Ministrin\u00eb e Pushtetit Lokal p\u00ebr hapjen e konkurseve p\u00ebr 200 pun\u00ebtor\u00eb si staf civil.<\/p>\n<p><iframe loading=\"lazy\" title=\"Kryetari i Zubin Potokut - Zeqiri e b\u00ebn\u00eb vajz\u00ebn drejtore n\u00eb komun\u00eb - 05.09.2023 - Klan Kosova\" width=\"640\" height=\"360\" src=\"https:\/\/www.youtube.com\/embed\/x9EOwnHFupQ?feature=oembed\" frameborder=\"0\" allow=\"accelerometer; autoplay; clipboard-write; encrypted-media; gyroscope; picture-in-picture; web-share\" allowfullscreen><\/iframe><\/p>\n","protected":false},"excerpt":{"rendered":"<p>Dhurata, e bija e t\u00eb parit t\u00eb Zubin Potokut Izmir Zeqiri, mori nj\u00eb dhurat\u00eb nga babai kryetar. Postin e drejtoresh\u00ebs s\u00eb Kultur\u00ebs, ky i fundit ia besoi vajz\u00ebs q\u00eb \u00ebsht\u00eb absolvente n\u00eb Universitetin e Mitrovic\u00ebs.. K\u00ebt\u00eb tha se qe i detyruar ta b\u00ebj\u00eb p\u00ebr shkak t\u00eb munges\u00ebs s\u00eb njer\u00ebzve p\u00ebr t\u00eb formuar qeverisjen komunale. Bile, [&hellip;]<\/p>\n","protected":false},"author":2,"featured_media":25930,"comment_status":"closed","ping_status":"closed","sticky":false,"template":"","format":"standard","meta":{"_monsterinsights_skip_tracking":false,"_monsterinsights_sitenote_active":false,"_monsterinsights_sitenote_note":"","_monsterinsights_sitenote_category":0,"_uf_show_specific_survey":0,"_uf_disable_surveys":false,"footnotes":""},"categories":[23,15],"tags":[],"yoast_head":"<!-- This site is optimized with the Yoast SEO plugin v21.5 - https:\/\/yoast.com\/wordpress\/plugins\/seo\/ -->\n<title>Kryetari i Zubin Potokut e b\u00ebn vajz\u00ebn drejtoresh\u00eb n\u00eb Komun\u00eb<\/title>\n<meta name=\"robots\" content=\"index, follow, max-snippet:-1, max-image-preview:large, max-video-preview:-1\" \/>\n<link rel=\"canonical\" href=\"https:\/\/permbledhja.com\/sq\/kryetari-i-zubin-potokut-e-ben-vajzen-drejtoreshe-ne-komune\/\" \/>\n<meta property=\"og:locale\" content=\"sq_AL\" \/>\n<meta property=\"og:type\" content=\"article\" \/>\n<meta property=\"og:title\" content=\"Kryetari i Zubin Potokut e b\u00ebn vajz\u00ebn drejtoresh\u00eb n\u00eb Komun\u00eb\" \/>\n<meta property=\"og:description\" content=\"Dhurata, e bija e t\u00eb parit t\u00eb Zubin Potokut Izmir Zeqiri, mori nj\u00eb dhurat\u00eb nga babai kryetar. Postin e drejtoresh\u00ebs s\u00eb Kultur\u00ebs, ky i fundit ia besoi vajz\u00ebs q\u00eb \u00ebsht\u00eb absolvente n\u00eb Universitetin e Mitrovic\u00ebs.. K\u00ebt\u00eb tha se qe i detyruar ta b\u00ebj\u00eb p\u00ebr shkak t\u00eb munges\u00ebs s\u00eb njer\u00ebzve p\u00ebr t\u00eb formuar qeverisjen komunale. Bile, [&hellip;]\" \/>\n<meta property=\"og:url\" content=\"https:\/\/permbledhja.com\/sq\/kryetari-i-zubin-potokut-e-ben-vajzen-drejtoreshe-ne-komune\/\" \/>\n<meta property=\"og:site_name\" content=\"Ve\u00e7 artikuj p\u00ebrmbledh\u00ebs\" \/>\n<meta property=\"article:publisher\" content=\"https:\/\/www.facebook.com\/press07\/\" \/>\n<meta property=\"article:published_time\" content=\"2023-09-06T06:41:40+00:00\" \/>\n<meta property=\"og:image\" content=\"https:\/\/permbledhja.com\/wp-content\/uploads\/2023\/09\/izmir-zeqiri.webp\" \/>\n\t<meta property=\"og:image:width\" content=\"695\" \/>\n\t<meta property=\"og:image:height\" content=\"432\" \/>\n\t<meta property=\"og:image:type\" content=\"image\/webp\" \/>\n<meta name=\"author\" content=\"M M\" \/>\n<meta name=\"twitter:card\" content=\"summary_large_image\" \/>\n<meta name=\"twitter:label1\" content=\"Written by\" \/>\n\t<meta name=\"twitter:data1\" content=\"M M\" \/>\n\t<meta name=\"twitter:label2\" content=\"Est. reading time\" \/>\n\t<meta name=\"twitter:data2\" content=\"1 minut\u00eb\" \/>\n<script type=\"application\/ld+json\" class=\"yoast-schema-graph\">{\"@context\":\"https:\/\/schema.org\",\"@graph\":[{\"@type\":\"Article\",\"@id\":\"https:\/\/permbledhja.com\/kryetari-i-zubin-potokut-e-ben-vajzen-drejtoreshe-ne-komune\/#article\",\"isPartOf\":{\"@id\":\"https:\/\/permbledhja.com\/kryetari-i-zubin-potokut-e-ben-vajzen-drejtoreshe-ne-komune\/\"},\"author\":{\"name\":\"M M\",\"@id\":\"https:\/\/permbledhja.com\/#\/schema\/person\/d23f13f59b5722643933d6780783acf3\"},\"headline\":\"Kryetari i Zubin Potokut e b\u00ebn vajz\u00ebn drejtoresh\u00eb n\u00eb Komun\u00eb\",\"datePublished\":\"2023-09-06T06:41:40+00:00\",\"dateModified\":\"2023-09-06T06:41:40+00:00\",\"mainEntityOfPage\":{\"@id\":\"https:\/\/permbledhja.com\/kryetari-i-zubin-potokut-e-ben-vajzen-drejtoreshe-ne-komune\/\"},\"wordCount\":208,\"publisher\":{\"@id\":\"https:\/\/permbledhja.com\/#organization\"},\"articleSection\":[\"Komb\u00ebtare\",\"Lajme\"],\"inLanguage\":\"sq\"},{\"@type\":\"WebPage\",\"@id\":\"https:\/\/permbledhja.com\/kryetari-i-zubin-potokut-e-ben-vajzen-drejtoreshe-ne-komune\/\",\"url\":\"https:\/\/permbledhja.com\/kryetari-i-zubin-potokut-e-ben-vajzen-drejtoreshe-ne-komune\/\",\"name\":\"Kryetari i Zubin Potokut e b\u00ebn vajz\u00ebn drejtoresh\u00eb n\u00eb Komun\u00eb\",\"isPartOf\":{\"@id\":\"https:\/\/permbledhja.com\/#website\"},\"datePublished\":\"2023-09-06T06:41:40+00:00\",\"dateModified\":\"2023-09-06T06:41:40+00:00\",\"breadcrumb\":{\"@id\":\"https:\/\/permbledhja.com\/kryetari-i-zubin-potokut-e-ben-vajzen-drejtoreshe-ne-komune\/#breadcrumb\"},\"inLanguage\":\"sq\",\"potentialAction\":[{\"@type\":\"ReadAction\",\"target\":[\"https:\/\/permbledhja.com\/kryetari-i-zubin-potokut-e-ben-vajzen-drejtoreshe-ne-komune\/\"]}]},{\"@type\":\"BreadcrumbList\",\"@id\":\"https:\/\/permbledhja.com\/kryetari-i-zubin-potokut-e-ben-vajzen-drejtoreshe-ne-komune\/#breadcrumb\",\"itemListElement\":[{\"@type\":\"ListItem\",\"position\":1,\"name\":\"Ballina\",\"item\":\"https:\/\/permbledhja.com\/sq\/\"},{\"@type\":\"ListItem\",\"position\":2,\"name\":\"Kryetari i Zubin Potokut e b\u00ebn vajz\u00ebn drejtoresh\u00eb n\u00eb Komun\u00eb\"}]},{\"@type\":\"WebSite\",\"@id\":\"https:\/\/permbledhja.com\/#website\",\"url\":\"https:\/\/permbledhja.com\/\",\"name\":\"Ve\u00e7 artikuj p\u00ebrmbledh\u00ebs\",\"description\":\"\",\"publisher\":{\"@id\":\"https:\/\/permbledhja.com\/#organization\"},\"potentialAction\":[{\"@type\":\"SearchAction\",\"target\":{\"@type\":\"EntryPoint\",\"urlTemplate\":\"https:\/\/permbledhja.com\/?s={search_term_string}\"},\"query-input\":\"required name=search_term_string\"}],\"inLanguage\":\"sq\"},{\"@type\":\"Organization\",\"@id\":\"https:\/\/permbledhja.com\/#organization\",\"name\":\"MK Media & Pr\",\"url\":\"https:\/\/permbledhja.com\/\",\"logo\":{\"@type\":\"ImageObject\",\"inLanguage\":\"sq\",\"@id\":\"https:\/\/permbledhja.com\/#\/schema\/logo\/image\/\",\"url\":\"https:\/\/permbledhja.com\/wp-content\/uploads\/2021\/12\/07-Press-Logo.jpg\",\"contentUrl\":\"https:\/\/permbledhja.com\/wp-content\/uploads\/2021\/12\/07-Press-Logo.jpg\",\"width\":512,\"height\":512,\"caption\":\"MK Media & Pr\"},\"image\":{\"@id\":\"https:\/\/permbledhja.com\/#\/schema\/logo\/image\/\"},\"sameAs\":[\"https:\/\/www.facebook.com\/press07\/\"]},{\"@type\":\"Person\",\"@id\":\"https:\/\/permbledhja.com\/#\/schema\/person\/d23f13f59b5722643933d6780783acf3\",\"name\":\"M M\",\"image\":{\"@type\":\"ImageObject\",\"inLanguage\":\"sq\",\"@id\":\"https:\/\/permbledhja.com\/#\/schema\/person\/image\/\",\"url\":\"https:\/\/secure.gravatar.com\/avatar\/e2835a76ca7c31a2416b2d51c4ec9a8f?s=96&d=mm&r=g\",\"contentUrl\":\"https:\/\/secure.gravatar.com\/avatar\/e2835a76ca7c31a2416b2d51c4ec9a8f?s=96&d=mm&r=g\",\"caption\":\"M M\"},\"sameAs\":[\"http:\/\/MM\"],\"url\":\"https:\/\/permbledhja.com\/sq\/author\/muhamet\/\"}]}<\/script>\n<!-- \/ Yoast SEO plugin. -->","yoast_head_json":{"title":"Kryetari i Zubin Potokut e b\u00ebn vajz\u00ebn drejtoresh\u00eb n\u00eb Komun\u00eb","robots":{"index":"index","follow":"follow","max-snippet":"max-snippet:-1","max-image-preview":"max-image-preview:large","max-video-preview":"max-video-preview:-1"},"canonical":"https:\/\/permbledhja.com\/sq\/kryetari-i-zubin-potokut-e-ben-vajzen-drejtoreshe-ne-komune\/","og_locale":"sq_AL","og_type":"article","og_title":"Kryetari i Zubin Potokut e b\u00ebn vajz\u00ebn drejtoresh\u00eb n\u00eb Komun\u00eb","og_description":"Dhurata, e bija e t\u00eb parit t\u00eb Zubin Potokut Izmir Zeqiri, mori nj\u00eb dhurat\u00eb nga babai kryetar. Postin e drejtoresh\u00ebs s\u00eb Kultur\u00ebs, ky i fundit ia besoi vajz\u00ebs q\u00eb \u00ebsht\u00eb absolvente n\u00eb Universitetin e Mitrovic\u00ebs.. K\u00ebt\u00eb tha se qe i detyruar ta b\u00ebj\u00eb p\u00ebr shkak t\u00eb munges\u00ebs s\u00eb njer\u00ebzve p\u00ebr t\u00eb formuar qeverisjen komunale. Bile, [&hellip;]","og_url":"https:\/\/permbledhja.com\/sq\/kryetari-i-zubin-potokut-e-ben-vajzen-drejtoreshe-ne-komune\/","og_site_name":"Ve\u00e7 artikuj p\u00ebrmbledh\u00ebs","article_publisher":"https:\/\/www.facebook.com\/press07\/","article_published_time":"2023-09-06T06:41:40+00:00","og_image":[{"width":695,"height":432,"url":"https:\/\/permbledhja.com\/wp-content\/uploads\/2023\/09\/izmir-zeqiri.webp","type":"image\/webp"}],"author":"M M","twitter_card":"summary_large_image","twitter_misc":{"Written by":"M M","Est. reading time":"1 minut\u00eb"},"schema":{"@context":"https:\/\/schema.org","@graph":[{"@type":"Article","@id":"https:\/\/permbledhja.com\/kryetari-i-zubin-potokut-e-ben-vajzen-drejtoreshe-ne-komune\/#article","isPartOf":{"@id":"https:\/\/permbledhja.com\/kryetari-i-zubin-potokut-e-ben-vajzen-drejtoreshe-ne-komune\/"},"author":{"name":"M M","@id":"https:\/\/permbledhja.com\/#\/schema\/person\/d23f13f59b5722643933d6780783acf3"},"headline":"Kryetari i Zubin Potokut e b\u00ebn vajz\u00ebn drejtoresh\u00eb n\u00eb Komun\u00eb","datePublished":"2023-09-06T06:41:40+00:00","dateModified":"2023-09-06T06:41:40+00:00","mainEntityOfPage":{"@id":"https:\/\/permbledhja.com\/kryetari-i-zubin-potokut-e-ben-vajzen-drejtoreshe-ne-komune\/"},"wordCount":208,"publisher":{"@id":"https:\/\/permbledhja.com\/#organization"},"articleSection":["Komb\u00ebtare","Lajme"],"inLanguage":"sq"},{"@type":"WebPage","@id":"https:\/\/permbledhja.com\/kryetari-i-zubin-potokut-e-ben-vajzen-drejtoreshe-ne-komune\/","url":"https:\/\/permbledhja.com\/kryetari-i-zubin-potokut-e-ben-vajzen-drejtoreshe-ne-komune\/","name":"Kryetari i Zubin Potokut e b\u00ebn vajz\u00ebn drejtoresh\u00eb n\u00eb Komun\u00eb","isPartOf":{"@id":"https:\/\/permbledhja.com\/#website"},"datePublished":"2023-09-06T06:41:40+00:00","dateModified":"2023-09-06T06:41:40+00:00","breadcrumb":{"@id":"https:\/\/permbledhja.com\/kryetari-i-zubin-potokut-e-ben-vajzen-drejtoreshe-ne-komune\/#breadcrumb"},"inLanguage":"sq","potentialAction":[{"@type":"ReadAction","target":["https:\/\/permbledhja.com\/kryetari-i-zubin-potokut-e-ben-vajzen-drejtoreshe-ne-komune\/"]}]},{"@type":"BreadcrumbList","@id":"https:\/\/permbledhja.com\/kryetari-i-zubin-potokut-e-ben-vajzen-drejtoreshe-ne-komune\/#breadcrumb","itemListElement":[{"@type":"ListItem","position":1,"name":"Ballina","item":"https:\/\/permbledhja.com\/sq\/"},{"@type":"ListItem","position":2,"name":"Kryetari i Zubin Potokut e b\u00ebn vajz\u00ebn drejtoresh\u00eb n\u00eb Komun\u00eb"}]},{"@type":"WebSite","@id":"https:\/\/permbledhja.com\/#website","url":"https:\/\/permbledhja.com\/","name":"Ve\u00e7 artikuj p\u00ebrmbledh\u00ebs","description":"","publisher":{"@id":"https:\/\/permbledhja.com\/#organization"},"potentialAction":[{"@type":"SearchAction","target":{"@type":"EntryPoint","urlTemplate":"https:\/\/permbledhja.com\/?s={search_term_string}"},"query-input":"required name=search_term_string"}],"inLanguage":"sq"},{"@type":"Organization","@id":"https:\/\/permbledhja.com\/#organization","name":"MK Media & Pr","url":"https:\/\/permbledhja.com\/","logo":{"@type":"ImageObject","inLanguage":"sq","@id":"https:\/\/permbledhja.com\/#\/schema\/logo\/image\/","url":"https:\/\/permbledhja.com\/wp-content\/uploads\/2021\/12\/07-Press-Logo.jpg","contentUrl":"https:\/\/permbledhja.com\/wp-content\/uploads\/2021\/12\/07-Press-Logo.jpg","width":512,"height":512,"caption":"MK Media & Pr"},"image":{"@id":"https:\/\/permbledhja.com\/#\/schema\/logo\/image\/"},"sameAs":["https:\/\/www.facebook.com\/press07\/"]},{"@type":"Person","@id":"https:\/\/permbledhja.com\/#\/schema\/person\/d23f13f59b5722643933d6780783acf3","name":"M M","image":{"@type":"ImageObject","inLanguage":"sq","@id":"https:\/\/permbledhja.com\/#\/schema\/person\/image\/","url":"https:\/\/secure.gravatar.com\/avatar\/e2835a76ca7c31a2416b2d51c4ec9a8f?s=96&d=mm&r=g","contentUrl":"https:\/\/secure.gravatar.com\/avatar\/e2835a76ca7c31a2416b2d51c4ec9a8f?s=96&d=mm&r=g","caption":"M M"},"sameAs":["http:\/\/MM"],"url":"https:\/\/permbledhja.com\/sq\/author\/muhamet\/"}]}},"_links":{"self":[{"href":"https:\/\/permbledhja.com\/sq\/wp-json\/wp\/v2\/posts\/25929"}],"collection":[{"href":"https:\/\/permbledhja.com\/sq\/wp-json\/wp\/v2\/posts"}],"about":[{"href":"https:\/\/permbledhja.com\/sq\/wp-json\/wp\/v2\/types\/post"}],"author":[{"embeddable":true,"href":"https:\/\/permbledhja.com\/sq\/wp-json\/wp\/v2\/users\/2"}],"replies":[{"embeddable":true,"href":"https:\/\/permbledhja.com\/sq\/wp-json\/wp\/v2\/comments?post=25929"}],"version-history":[{"count":1,"href":"https:\/\/permbledhja.com\/sq\/wp-json\/wp\/v2\/posts\/25929\/revisions"}],"predecessor-version":[{"id":25931,"href":"https:\/\/permbledhja.com\/sq\/wp-json\/wp\/v2\/posts\/25929\/revisions\/25931"}],"wp:featuredmedia":[{"embeddable":true,"href":"https:\/\/permbledhja.com\/sq\/wp-json\/wp\/v2\/media\/25930"}],"wp:attachment":[{"href":"https:\/\/permbledhja.com\/sq\/wp-json\/wp\/v2\/media?parent=25929"}],"wp:term":[{"taxonomy":"category","embeddable":true,"href":"https:\/\/permbledhja.com\/sq\/wp-json\/wp\/v2\/categories?post=25929"},{"taxonomy":"post_tag","embeddable":true,"href":"https:\/\/permbledhja.com\/sq\/wp-json\/wp\/v2\/tags?post=25929"}],"curies":[{"name":"wp","href":"https:\/\/api.w.org\/{rel}","templated":true}]}}