{"id":25926,"date":"2023-09-06T06:33:53","date_gmt":"2023-09-06T06:33:53","guid":{"rendered":"https:\/\/permbledhja.com\/?p=25926"},"modified":"2023-09-06T06:33:53","modified_gmt":"2023-09-06T06:33:53","slug":"haradinaj-bej-lutje-te-nderkombetaret-qe-ceshtja-e-liberalizimit-te-mos-perfshihet-ne-paketen-e-ndeshkimeve","status":"publish","type":"post","link":"https:\/\/permbledhja.com\/sq\/haradinaj-bej-lutje-te-nderkombetaret-qe-ceshtja-e-liberalizimit-te-mos-perfshihet-ne-paketen-e-ndeshkimeve\/","title":{"rendered":"Haradinaj: B\u00ebj lutje te nd\u00ebrkomb\u00ebtar\u00ebt q\u00eb \u00e7\u00ebshtja e liberalizimit t\u00eb mos p\u00ebrfshihet n\u00eb paket\u00ebn e nd\u00ebshkimeve"},"content":{"rendered":"<h3>Kreu i Aleanc\u00ebs p\u00ebr Ardhm\u00ebrin\u00eb e Kosov\u00ebs, Ramush Haradinaj, ka folur p\u00ebr deklarat\u00ebn e presidentit francez, Emmanuel Macron, i cili u shpreh se se Franca dhe Gjermania do t\u2019i rishikojn\u00eb zotimet q\u00eb i kan\u00eb b\u00ebr\u00eb p\u00ebr \u00e7\u00ebshtjet ekonomike dhe politike t\u00eb vizave p\u00ebr Kosov\u00eb dhe Serbin\u00eb, n\u00eb rast se t\u00eb dyja pal\u00ebt nuk tregohen t\u00eb p\u00ebrgjegjshme n\u00eb dialog.<\/h3>\n<p>Haradinaj \u00ebsht\u00eb shprehur se nj\u00eb deklarat\u00eb e till\u00eb \u00ebsht\u00eb k\u00ebrc\u00ebnim serioz p\u00ebr vendin, sa i p\u00ebrket \u00e7\u00ebshtjes s\u00eb vizave, teksa ka b\u00ebr\u00eb lutje te nd\u00ebrkomb\u00ebtar\u00ebt q\u00eb liberalizimi t\u00eb mos p\u00ebrfshihet n\u00eb paket\u00ebn e nd\u00ebshkimeve.<\/p>\n<p>\u201cKushtet p\u00ebr tu arritur liberalizimi i vizave jan\u00eb plot\u00ebsuar para ardhjes s\u00eb Qeveris\u00eb, po ashtu edhe dakordimet. Un\u00eb b\u00ebj lutje tek t\u00eb gjith\u00eb, n\u00ebse ky z\u00eb mb\u00ebrrin kudo, sepse Franca ka ambasad\u00ebn k\u00ebtu, Gjermania po ashtu, q\u00eb \u00e7\u00ebshtja e liberalizimit t\u00eb mos p\u00ebrfshihet n\u00eb paket\u00ebn e nd\u00ebshkimeve. Populli e qytetar\u00ebt e Kosov\u00ebs kan\u00eb hequr shum\u00eb. Megjithat\u00eb, k\u00ebrc\u00ebnimi \u00ebsht\u00eb serioz, sepse un\u00eb nuk besoj q\u00eb presidenti Macron flet vet\u00ebm n\u00eb em\u00ebr t\u00eb tij, pasi ai \u00ebsht\u00eb nj\u00ebri nga udh\u00ebheq\u00ebsit kryesor t\u00eb BE-s\u00eb\u201d, deklaroi Haradinaj n\u00eb emisionin \u201cK\u00ebndi i Debatit\u201d.<\/p>\n<p>Nd\u00ebrkaq, Presidentja e vendit, Vjosa Osmani, duke iu referuar q\u00ebndrimit t\u00eb presidentit francez, ka th\u00ebn\u00eb se pezullimi i vendimit p\u00ebr heqje t\u00eb vizave p\u00ebr qytetar\u00ebt e Kosov\u00ebs, do ta vriste dialogun mes Kosov\u00ebs dhe Serbis\u00eb.<\/p>\n<p>E sa i p\u00ebrket k\u00ebsaj deklarat\u00eb t\u00eb presidentes, Haradinaj tha se po t\u00eb ishte n\u00eb vend t\u00eb Osmanit, do t\u00eb b\u00ebnte m\u00eb shum\u00eb kujdes n\u00eb deklarime.<\/p>\n<p>\u201cMacron \u00ebsht\u00eb bukur n\u00eb presion t\u00eb opinionit t\u00eb brendsh\u00ebm. N\u00ebse Kosov\u00ebs nj\u00ebher\u00eb i ndodh\u00eb nj\u00eb pezullim, do t\u00eb ishte pezullim pa kufi\u201d, theksoi Haradinaj<\/p>\n","protected":false},"excerpt":{"rendered":"<p>Kreu i Aleanc\u00ebs p\u00ebr Ardhm\u00ebrin\u00eb e Kosov\u00ebs, Ramush Haradinaj, ka folur p\u00ebr deklarat\u00ebn e presidentit francez, Emmanuel Macron, i cili u shpreh se se Franca dhe Gjermania do t\u2019i rishikojn\u00eb zotimet q\u00eb i kan\u00eb b\u00ebr\u00eb p\u00ebr \u00e7\u00ebshtjet ekonomike dhe politike t\u00eb vizave p\u00ebr Kosov\u00eb dhe Serbin\u00eb, n\u00eb rast se t\u00eb dyja pal\u00ebt nuk tregohen t\u00eb [&hellip;]<\/p>\n","protected":false},"author":2,"featured_media":25927,"comment_status":"closed","ping_status":"closed","sticky":false,"template":"","format":"standard","meta":{"_monsterinsights_skip_tracking":false,"_monsterinsights_sitenote_active":false,"_monsterinsights_sitenote_note":"","_monsterinsights_sitenote_category":0,"_uf_show_specific_survey":0,"_uf_disable_surveys":false,"footnotes":""},"categories":[23,15],"tags":[764],"yoast_head":"<!-- This site is optimized with the Yoast SEO plugin v21.5 - https:\/\/yoast.com\/wordpress\/plugins\/seo\/ -->\n<title>Haradinaj: B\u00ebj lutje te nd\u00ebrkomb\u00ebtar\u00ebt q\u00eb \u00e7\u00ebshtja e liberalizimit t\u00eb mos p\u00ebrfshihet n\u00eb paket\u00ebn e nd\u00ebshkimeve<\/title>\n<meta name=\"robots\" content=\"index, follow, max-snippet:-1, max-image-preview:large, max-video-preview:-1\" \/>\n<link rel=\"canonical\" href=\"https:\/\/permbledhja.com\/sq\/haradinaj-bej-lutje-te-nderkombetaret-qe-ceshtja-e-liberalizimit-te-mos-perfshihet-ne-paketen-e-ndeshkimeve\/\" \/>\n<meta property=\"og:locale\" content=\"sq_AL\" \/>\n<meta property=\"og:type\" content=\"article\" \/>\n<meta property=\"og:title\" content=\"Haradinaj: B\u00ebj lutje te nd\u00ebrkomb\u00ebtar\u00ebt q\u00eb \u00e7\u00ebshtja e liberalizimit t\u00eb mos p\u00ebrfshihet n\u00eb paket\u00ebn e nd\u00ebshkimeve\" \/>\n<meta property=\"og:description\" content=\"Kreu i Aleanc\u00ebs p\u00ebr Ardhm\u00ebrin\u00eb e Kosov\u00ebs, Ramush Haradinaj, ka folur p\u00ebr deklarat\u00ebn e presidentit francez, Emmanuel Macron, i cili u shpreh se se Franca dhe Gjermania do t\u2019i rishikojn\u00eb zotimet q\u00eb i kan\u00eb b\u00ebr\u00eb p\u00ebr \u00e7\u00ebshtjet ekonomike dhe politike t\u00eb vizave p\u00ebr Kosov\u00eb dhe Serbin\u00eb, n\u00eb rast se t\u00eb dyja pal\u00ebt nuk tregohen t\u00eb [&hellip;]\" \/>\n<meta property=\"og:url\" content=\"https:\/\/permbledhja.com\/sq\/haradinaj-bej-lutje-te-nderkombetaret-qe-ceshtja-e-liberalizimit-te-mos-perfshihet-ne-paketen-e-ndeshkimeve\/\" \/>\n<meta property=\"og:site_name\" content=\"Ve\u00e7 artikuj p\u00ebrmbledh\u00ebs\" \/>\n<meta property=\"article:publisher\" content=\"https:\/\/www.facebook.com\/press07\/\" \/>\n<meta property=\"article:published_time\" content=\"2023-09-06T06:33:53+00:00\" \/>\n<meta property=\"og:image\" content=\"https:\/\/permbledhja.com\/wp-content\/uploads\/2023\/09\/h_53758399-e1559512043184.jpg\" \/>\n\t<meta property=\"og:image:width\" content=\"1600\" \/>\n\t<meta property=\"og:image:height\" content=\"900\" \/>\n\t<meta property=\"og:image:type\" content=\"image\/jpeg\" \/>\n<meta name=\"author\" content=\"M M\" \/>\n<meta name=\"twitter:card\" content=\"summary_large_image\" \/>\n<meta name=\"twitter:label1\" content=\"Written by\" \/>\n\t<meta name=\"twitter:data1\" content=\"M M\" \/>\n\t<meta name=\"twitter:label2\" content=\"Est. reading time\" \/>\n\t<meta name=\"twitter:data2\" content=\"2 minuta\" \/>\n<script type=\"application\/ld+json\" class=\"yoast-schema-graph\">{\"@context\":\"https:\/\/schema.org\",\"@graph\":[{\"@type\":\"Article\",\"@id\":\"https:\/\/permbledhja.com\/haradinaj-bej-lutje-te-nderkombetaret-qe-ceshtja-e-liberalizimit-te-mos-perfshihet-ne-paketen-e-ndeshkimeve\/#article\",\"isPartOf\":{\"@id\":\"https:\/\/permbledhja.com\/haradinaj-bej-lutje-te-nderkombetaret-qe-ceshtja-e-liberalizimit-te-mos-perfshihet-ne-paketen-e-ndeshkimeve\/\"},\"author\":{\"name\":\"M M\",\"@id\":\"https:\/\/permbledhja.com\/#\/schema\/person\/d23f13f59b5722643933d6780783acf3\"},\"headline\":\"Haradinaj: B\u00ebj lutje te nd\u00ebrkomb\u00ebtar\u00ebt q\u00eb \u00e7\u00ebshtja e liberalizimit t\u00eb mos p\u00ebrfshihet n\u00eb paket\u00ebn e nd\u00ebshkimeve\",\"datePublished\":\"2023-09-06T06:33:53+00:00\",\"dateModified\":\"2023-09-06T06:33:53+00:00\",\"mainEntityOfPage\":{\"@id\":\"https:\/\/permbledhja.com\/haradinaj-bej-lutje-te-nderkombetaret-qe-ceshtja-e-liberalizimit-te-mos-perfshihet-ne-paketen-e-ndeshkimeve\/\"},\"wordCount\":346,\"publisher\":{\"@id\":\"https:\/\/permbledhja.com\/#organization\"},\"keywords\":[\"Ramush Haradinaj\"],\"articleSection\":[\"Komb\u00ebtare\",\"Lajme\"],\"inLanguage\":\"sq\"},{\"@type\":\"WebPage\",\"@id\":\"https:\/\/permbledhja.com\/haradinaj-bej-lutje-te-nderkombetaret-qe-ceshtja-e-liberalizimit-te-mos-perfshihet-ne-paketen-e-ndeshkimeve\/\",\"url\":\"https:\/\/permbledhja.com\/haradinaj-bej-lutje-te-nderkombetaret-qe-ceshtja-e-liberalizimit-te-mos-perfshihet-ne-paketen-e-ndeshkimeve\/\",\"name\":\"Haradinaj: B\u00ebj lutje te nd\u00ebrkomb\u00ebtar\u00ebt q\u00eb \u00e7\u00ebshtja e liberalizimit t\u00eb mos p\u00ebrfshihet n\u00eb paket\u00ebn e nd\u00ebshkimeve\",\"isPartOf\":{\"@id\":\"https:\/\/permbledhja.com\/#website\"},\"datePublished\":\"2023-09-06T06:33:53+00:00\",\"dateModified\":\"2023-09-06T06:33:53+00:00\",\"breadcrumb\":{\"@id\":\"https:\/\/permbledhja.com\/haradinaj-bej-lutje-te-nderkombetaret-qe-ceshtja-e-liberalizimit-te-mos-perfshihet-ne-paketen-e-ndeshkimeve\/#breadcrumb\"},\"inLanguage\":\"sq\",\"potentialAction\":[{\"@type\":\"ReadAction\",\"target\":[\"https:\/\/permbledhja.com\/haradinaj-bej-lutje-te-nderkombetaret-qe-ceshtja-e-liberalizimit-te-mos-perfshihet-ne-paketen-e-ndeshkimeve\/\"]}]},{\"@type\":\"BreadcrumbList\",\"@id\":\"https:\/\/permbledhja.com\/haradinaj-bej-lutje-te-nderkombetaret-qe-ceshtja-e-liberalizimit-te-mos-perfshihet-ne-paketen-e-ndeshkimeve\/#breadcrumb\",\"itemListElement\":[{\"@type\":\"ListItem\",\"position\":1,\"name\":\"Ballina\",\"item\":\"https:\/\/permbledhja.com\/sq\/\"},{\"@type\":\"ListItem\",\"position\":2,\"name\":\"Haradinaj: B\u00ebj lutje te nd\u00ebrkomb\u00ebtar\u00ebt q\u00eb \u00e7\u00ebshtja e liberalizimit t\u00eb mos p\u00ebrfshihet n\u00eb paket\u00ebn e nd\u00ebshkimeve\"}]},{\"@type\":\"WebSite\",\"@id\":\"https:\/\/permbledhja.com\/#website\",\"url\":\"https:\/\/permbledhja.com\/\",\"name\":\"Ve\u00e7 artikuj p\u00ebrmbledh\u00ebs\",\"description\":\"\",\"publisher\":{\"@id\":\"https:\/\/permbledhja.com\/#organization\"},\"potentialAction\":[{\"@type\":\"SearchAction\",\"target\":{\"@type\":\"EntryPoint\",\"urlTemplate\":\"https:\/\/permbledhja.com\/?s={search_term_string}\"},\"query-input\":\"required name=search_term_string\"}],\"inLanguage\":\"sq\"},{\"@type\":\"Organization\",\"@id\":\"https:\/\/permbledhja.com\/#organization\",\"name\":\"MK Media & Pr\",\"url\":\"https:\/\/permbledhja.com\/\",\"logo\":{\"@type\":\"ImageObject\",\"inLanguage\":\"sq\",\"@id\":\"https:\/\/permbledhja.com\/#\/schema\/logo\/image\/\",\"url\":\"https:\/\/permbledhja.com\/wp-content\/uploads\/2021\/12\/07-Press-Logo.jpg\",\"contentUrl\":\"https:\/\/permbledhja.com\/wp-content\/uploads\/2021\/12\/07-Press-Logo.jpg\",\"width\":512,\"height\":512,\"caption\":\"MK Media & Pr\"},\"image\":{\"@id\":\"https:\/\/permbledhja.com\/#\/schema\/logo\/image\/\"},\"sameAs\":[\"https:\/\/www.facebook.com\/press07\/\"]},{\"@type\":\"Person\",\"@id\":\"https:\/\/permbledhja.com\/#\/schema\/person\/d23f13f59b5722643933d6780783acf3\",\"name\":\"M M\",\"image\":{\"@type\":\"ImageObject\",\"inLanguage\":\"sq\",\"@id\":\"https:\/\/permbledhja.com\/#\/schema\/person\/image\/\",\"url\":\"https:\/\/secure.gravatar.com\/avatar\/e2835a76ca7c31a2416b2d51c4ec9a8f?s=96&d=mm&r=g\",\"contentUrl\":\"https:\/\/secure.gravatar.com\/avatar\/e2835a76ca7c31a2416b2d51c4ec9a8f?s=96&d=mm&r=g\",\"caption\":\"M M\"},\"sameAs\":[\"http:\/\/MM\"],\"url\":\"https:\/\/permbledhja.com\/sq\/author\/muhamet\/\"}]}<\/script>\n<!-- \/ Yoast SEO plugin. -->","yoast_head_json":{"title":"Haradinaj: B\u00ebj lutje te nd\u00ebrkomb\u00ebtar\u00ebt q\u00eb \u00e7\u00ebshtja e liberalizimit t\u00eb mos p\u00ebrfshihet n\u00eb paket\u00ebn e nd\u00ebshkimeve","robots":{"index":"index","follow":"follow","max-snippet":"max-snippet:-1","max-image-preview":"max-image-preview:large","max-video-preview":"max-video-preview:-1"},"canonical":"https:\/\/permbledhja.com\/sq\/haradinaj-bej-lutje-te-nderkombetaret-qe-ceshtja-e-liberalizimit-te-mos-perfshihet-ne-paketen-e-ndeshkimeve\/","og_locale":"sq_AL","og_type":"article","og_title":"Haradinaj: B\u00ebj lutje te nd\u00ebrkomb\u00ebtar\u00ebt q\u00eb \u00e7\u00ebshtja e liberalizimit t\u00eb mos p\u00ebrfshihet n\u00eb paket\u00ebn e nd\u00ebshkimeve","og_description":"Kreu i Aleanc\u00ebs p\u00ebr Ardhm\u00ebrin\u00eb e Kosov\u00ebs, Ramush Haradinaj, ka folur p\u00ebr deklarat\u00ebn e presidentit francez, Emmanuel Macron, i cili u shpreh se se Franca dhe Gjermania do t\u2019i rishikojn\u00eb zotimet q\u00eb i kan\u00eb b\u00ebr\u00eb p\u00ebr \u00e7\u00ebshtjet ekonomike dhe politike t\u00eb vizave p\u00ebr Kosov\u00eb dhe Serbin\u00eb, n\u00eb rast se t\u00eb dyja pal\u00ebt nuk tregohen t\u00eb [&hellip;]","og_url":"https:\/\/permbledhja.com\/sq\/haradinaj-bej-lutje-te-nderkombetaret-qe-ceshtja-e-liberalizimit-te-mos-perfshihet-ne-paketen-e-ndeshkimeve\/","og_site_name":"Ve\u00e7 artikuj p\u00ebrmbledh\u00ebs","article_publisher":"https:\/\/www.facebook.com\/press07\/","article_published_time":"2023-09-06T06:33:53+00:00","og_image":[{"width":1600,"height":900,"url":"https:\/\/permbledhja.com\/wp-content\/uploads\/2023\/09\/h_53758399-e1559512043184.jpg","type":"image\/jpeg"}],"author":"M M","twitter_card":"summary_large_image","twitter_misc":{"Written by":"M M","Est. reading time":"2 minuta"},"schema":{"@context":"https:\/\/schema.org","@graph":[{"@type":"Article","@id":"https:\/\/permbledhja.com\/haradinaj-bej-lutje-te-nderkombetaret-qe-ceshtja-e-liberalizimit-te-mos-perfshihet-ne-paketen-e-ndeshkimeve\/#article","isPartOf":{"@id":"https:\/\/permbledhja.com\/haradinaj-bej-lutje-te-nderkombetaret-qe-ceshtja-e-liberalizimit-te-mos-perfshihet-ne-paketen-e-ndeshkimeve\/"},"author":{"name":"M M","@id":"https:\/\/permbledhja.com\/#\/schema\/person\/d23f13f59b5722643933d6780783acf3"},"headline":"Haradinaj: B\u00ebj lutje te nd\u00ebrkomb\u00ebtar\u00ebt q\u00eb \u00e7\u00ebshtja e liberalizimit t\u00eb mos p\u00ebrfshihet n\u00eb paket\u00ebn e nd\u00ebshkimeve","datePublished":"2023-09-06T06:33:53+00:00","dateModified":"2023-09-06T06:33:53+00:00","mainEntityOfPage":{"@id":"https:\/\/permbledhja.com\/haradinaj-bej-lutje-te-nderkombetaret-qe-ceshtja-e-liberalizimit-te-mos-perfshihet-ne-paketen-e-ndeshkimeve\/"},"wordCount":346,"publisher":{"@id":"https:\/\/permbledhja.com\/#organization"},"keywords":["Ramush Haradinaj"],"articleSection":["Komb\u00ebtare","Lajme"],"inLanguage":"sq"},{"@type":"WebPage","@id":"https:\/\/permbledhja.com\/haradinaj-bej-lutje-te-nderkombetaret-qe-ceshtja-e-liberalizimit-te-mos-perfshihet-ne-paketen-e-ndeshkimeve\/","url":"https:\/\/permbledhja.com\/haradinaj-bej-lutje-te-nderkombetaret-qe-ceshtja-e-liberalizimit-te-mos-perfshihet-ne-paketen-e-ndeshkimeve\/","name":"Haradinaj: B\u00ebj lutje te nd\u00ebrkomb\u00ebtar\u00ebt q\u00eb \u00e7\u00ebshtja e liberalizimit t\u00eb mos p\u00ebrfshihet n\u00eb paket\u00ebn e nd\u00ebshkimeve","isPartOf":{"@id":"https:\/\/permbledhja.com\/#website"},"datePublished":"2023-09-06T06:33:53+00:00","dateModified":"2023-09-06T06:33:53+00:00","breadcrumb":{"@id":"https:\/\/permbledhja.com\/haradinaj-bej-lutje-te-nderkombetaret-qe-ceshtja-e-liberalizimit-te-mos-perfshihet-ne-paketen-e-ndeshkimeve\/#breadcrumb"},"inLanguage":"sq","potentialAction":[{"@type":"ReadAction","target":["https:\/\/permbledhja.com\/haradinaj-bej-lutje-te-nderkombetaret-qe-ceshtja-e-liberalizimit-te-mos-perfshihet-ne-paketen-e-ndeshkimeve\/"]}]},{"@type":"BreadcrumbList","@id":"https:\/\/permbledhja.com\/haradinaj-bej-lutje-te-nderkombetaret-qe-ceshtja-e-liberalizimit-te-mos-perfshihet-ne-paketen-e-ndeshkimeve\/#breadcrumb","itemListElement":[{"@type":"ListItem","position":1,"name":"Ballina","item":"https:\/\/permbledhja.com\/sq\/"},{"@type":"ListItem","position":2,"name":"Haradinaj: B\u00ebj lutje te nd\u00ebrkomb\u00ebtar\u00ebt q\u00eb \u00e7\u00ebshtja e liberalizimit t\u00eb mos p\u00ebrfshihet n\u00eb paket\u00ebn e nd\u00ebshkimeve"}]},{"@type":"WebSite","@id":"https:\/\/permbledhja.com\/#website","url":"https:\/\/permbledhja.com\/","name":"Ve\u00e7 artikuj p\u00ebrmbledh\u00ebs","description":"","publisher":{"@id":"https:\/\/permbledhja.com\/#organization"},"potentialAction":[{"@type":"SearchAction","target":{"@type":"EntryPoint","urlTemplate":"https:\/\/permbledhja.com\/?s={search_term_string}"},"query-input":"required name=search_term_string"}],"inLanguage":"sq"},{"@type":"Organization","@id":"https:\/\/permbledhja.com\/#organization","name":"MK Media & Pr","url":"https:\/\/permbledhja.com\/","logo":{"@type":"ImageObject","inLanguage":"sq","@id":"https:\/\/permbledhja.com\/#\/schema\/logo\/image\/","url":"https:\/\/permbledhja.com\/wp-content\/uploads\/2021\/12\/07-Press-Logo.jpg","contentUrl":"https:\/\/permbledhja.com\/wp-content\/uploads\/2021\/12\/07-Press-Logo.jpg","width":512,"height":512,"caption":"MK Media & Pr"},"image":{"@id":"https:\/\/permbledhja.com\/#\/schema\/logo\/image\/"},"sameAs":["https:\/\/www.facebook.com\/press07\/"]},{"@type":"Person","@id":"https:\/\/permbledhja.com\/#\/schema\/person\/d23f13f59b5722643933d6780783acf3","name":"M M","image":{"@type":"ImageObject","inLanguage":"sq","@id":"https:\/\/permbledhja.com\/#\/schema\/person\/image\/","url":"https:\/\/secure.gravatar.com\/avatar\/e2835a76ca7c31a2416b2d51c4ec9a8f?s=96&d=mm&r=g","contentUrl":"https:\/\/secure.gravatar.com\/avatar\/e2835a76ca7c31a2416b2d51c4ec9a8f?s=96&d=mm&r=g","caption":"M M"},"sameAs":["http:\/\/MM"],"url":"https:\/\/permbledhja.com\/sq\/author\/muhamet\/"}]}},"_links":{"self":[{"href":"https:\/\/permbledhja.com\/sq\/wp-json\/wp\/v2\/posts\/25926"}],"collection":[{"href":"https:\/\/permbledhja.com\/sq\/wp-json\/wp\/v2\/posts"}],"about":[{"href":"https:\/\/permbledhja.com\/sq\/wp-json\/wp\/v2\/types\/post"}],"author":[{"embeddable":true,"href":"https:\/\/permbledhja.com\/sq\/wp-json\/wp\/v2\/users\/2"}],"replies":[{"embeddable":true,"href":"https:\/\/permbledhja.com\/sq\/wp-json\/wp\/v2\/comments?post=25926"}],"version-history":[{"count":1,"href":"https:\/\/permbledhja.com\/sq\/wp-json\/wp\/v2\/posts\/25926\/revisions"}],"predecessor-version":[{"id":25928,"href":"https:\/\/permbledhja.com\/sq\/wp-json\/wp\/v2\/posts\/25926\/revisions\/25928"}],"wp:featuredmedia":[{"embeddable":true,"href":"https:\/\/permbledhja.com\/sq\/wp-json\/wp\/v2\/media\/25927"}],"wp:attachment":[{"href":"https:\/\/permbledhja.com\/sq\/wp-json\/wp\/v2\/media?parent=25926"}],"wp:term":[{"taxonomy":"category","embeddable":true,"href":"https:\/\/permbledhja.com\/sq\/wp-json\/wp\/v2\/categories?post=25926"},{"taxonomy":"post_tag","embeddable":true,"href":"https:\/\/permbledhja.com\/sq\/wp-json\/wp\/v2\/tags?post=25926"}],"curies":[{"name":"wp","href":"https:\/\/api.w.org\/{rel}","templated":true}]}}