{"id":25870,"date":"2023-09-05T12:41:58","date_gmt":"2023-09-05T12:41:58","guid":{"rendered":"https:\/\/permbledhja.com\/?p=25870"},"modified":"2023-09-05T12:41:58","modified_gmt":"2023-09-05T12:41:58","slug":"perfundon-hartimi-i-udhezimit-administrativ-qe-u-hap-rruge-zgjedhjeve-ne-veri","status":"publish","type":"post","link":"https:\/\/permbledhja.com\/sq\/perfundon-hartimi-i-udhezimit-administrativ-qe-u-hap-rruge-zgjedhjeve-ne-veri\/","title":{"rendered":"P\u00ebrfundon hartimi i Udh\u00ebzimit Administrativ q\u00eb u hap rrug\u00eb zgjedhjeve n\u00eb veri"},"content":{"rendered":"<h2>Kan\u00eb p\u00ebrfunduar procedurat p\u00ebr hartimin e Udh\u00ebzimit Administrativ i cili i hap rrug\u00eb zgjedhjeve n\u00eb veri t\u00eb vendit.<\/h2>\n<p>Zgjedhjet q\u00eb pritet t\u00eb mbahen n\u00eb kat\u00ebr komunat veriore do t\u00eb mbahen pasi t\u00eb shkarkohen kryetar\u00ebt aktual p\u00ebrmes peticionit.<\/p>\n<p>K\u00ebt\u00eb e b\u00ebri t\u00eb ditur ministri i MAPL-s\u00eb, Elbert Krasniqi p\u00ebrmes nj\u00eb postimi n\u00eb rrjetin social n\u00eb Facebook.<\/p>\n<p>Sipas tij, udh\u00ebzimi ka p\u00ebr q\u00ebllim p\u00ebrcaktimin e procedur\u00ebs s\u00eb inicimit, organizimit dhe dor\u00ebzimit t\u00eb iniciativ\u00ebs s\u00eb qytetar\u00ebve p\u00ebr largimin e kryetarit t\u00eb komun\u00ebs nga funksioni, n\u00eb pajtim me Ligjin Nr.03\/L-040 p\u00ebr Vet\u00ebqeverisjen Lokale.<\/p>\n<p>\u201cPjes\u00eb e diskutimeve, pun\u00ebs dhe konsultimeve profesionale e edhe e grupit punues kan\u00eb qen\u00eb institucionet vendore dhe ato nd\u00ebrkomb\u00ebtare.<\/p>\n<p>P\u00ebr k\u00ebt\u00eb \u00e7\u00ebshtje marr\u00eb parasysh q\u00eb \u00ebsht\u00eb hera e par\u00eb q\u00eb trajtohet me rregullim normativ ka pasur shum\u00eb komente dhe sugjerime. T\u00eb gjitha jan\u00eb trajtuar dhe pjesa m\u00eb p\u00ebrmbajt\u00ebsore jan\u00eb adresuar\u201d, ka th\u00ebn\u00eb Krasniqi.<\/p>\n<p>Tutje sipas tij, ky udh\u00ebzim jep mund\u00ebsin\u00eb e zbatimit praktik t\u00eb nj\u00eb t\u00eb drejt\u00eb t\u00eb garantuar nga ligji p\u00ebr vet\u00ebqeverisje lokale. E drejt\u00eb kjo q\u00eb siguron ushtrimin e vullnetit qytetar n\u00eb raport me Kryetarin e Komun\u00ebs, t\u00eb cilin e zgjedhin drejtp\u00ebrdrejt\u00eb vet\u00eb qytetar\u00ebt.<\/p>\n","protected":false},"excerpt":{"rendered":"<p>Kan\u00eb p\u00ebrfunduar procedurat p\u00ebr hartimin e Udh\u00ebzimit Administrativ i cili i hap rrug\u00eb zgjedhjeve n\u00eb veri t\u00eb vendit. Zgjedhjet q\u00eb pritet t\u00eb mbahen n\u00eb kat\u00ebr komunat veriore do t\u00eb mbahen pasi t\u00eb shkarkohen kryetar\u00ebt aktual p\u00ebrmes peticionit. K\u00ebt\u00eb e b\u00ebri t\u00eb ditur ministri i MAPL-s\u00eb, Elbert Krasniqi p\u00ebrmes nj\u00eb postimi n\u00eb rrjetin social n\u00eb Facebook. [&hellip;]<\/p>\n","protected":false},"author":2,"featured_media":25871,"comment_status":"closed","ping_status":"closed","sticky":false,"template":"","format":"standard","meta":{"_monsterinsights_skip_tracking":false,"_monsterinsights_sitenote_active":false,"_monsterinsights_sitenote_note":"","_monsterinsights_sitenote_category":0,"_uf_show_specific_survey":0,"_uf_disable_surveys":false,"footnotes":""},"categories":[23,15],"tags":[],"yoast_head":"<!-- This site is optimized with the Yoast SEO plugin v21.5 - https:\/\/yoast.com\/wordpress\/plugins\/seo\/ -->\n<title>P\u00ebrfundon hartimi i Udh\u00ebzimit Administrativ q\u00eb u hap rrug\u00eb zgjedhjeve n\u00eb veri<\/title>\n<meta name=\"robots\" content=\"index, follow, max-snippet:-1, max-image-preview:large, max-video-preview:-1\" \/>\n<link rel=\"canonical\" href=\"https:\/\/permbledhja.com\/sq\/perfundon-hartimi-i-udhezimit-administrativ-qe-u-hap-rruge-zgjedhjeve-ne-veri\/\" \/>\n<meta property=\"og:locale\" content=\"sq_AL\" \/>\n<meta property=\"og:type\" content=\"article\" \/>\n<meta property=\"og:title\" content=\"P\u00ebrfundon hartimi i Udh\u00ebzimit Administrativ q\u00eb u hap rrug\u00eb zgjedhjeve n\u00eb veri\" \/>\n<meta property=\"og:description\" content=\"Kan\u00eb p\u00ebrfunduar procedurat p\u00ebr hartimin e Udh\u00ebzimit Administrativ i cili i hap rrug\u00eb zgjedhjeve n\u00eb veri t\u00eb vendit. Zgjedhjet q\u00eb pritet t\u00eb mbahen n\u00eb kat\u00ebr komunat veriore do t\u00eb mbahen pasi t\u00eb shkarkohen kryetar\u00ebt aktual p\u00ebrmes peticionit. K\u00ebt\u00eb e b\u00ebri t\u00eb ditur ministri i MAPL-s\u00eb, Elbert Krasniqi p\u00ebrmes nj\u00eb postimi n\u00eb rrjetin social n\u00eb Facebook. [&hellip;]\" \/>\n<meta property=\"og:url\" content=\"https:\/\/permbledhja.com\/sq\/perfundon-hartimi-i-udhezimit-administrativ-qe-u-hap-rruge-zgjedhjeve-ne-veri\/\" \/>\n<meta property=\"og:site_name\" content=\"Ve\u00e7 artikuj p\u00ebrmbledh\u00ebs\" \/>\n<meta property=\"article:publisher\" content=\"https:\/\/www.facebook.com\/press07\/\" \/>\n<meta property=\"article:published_time\" content=\"2023-09-05T12:41:58+00:00\" \/>\n<meta property=\"og:image\" content=\"https:\/\/permbledhja.com\/wp-content\/uploads\/2023\/09\/veriu.png\" \/>\n\t<meta property=\"og:image:width\" content=\"1085\" \/>\n\t<meta property=\"og:image:height\" content=\"718\" \/>\n\t<meta property=\"og:image:type\" content=\"image\/png\" \/>\n<meta name=\"author\" content=\"M M\" \/>\n<meta name=\"twitter:card\" content=\"summary_large_image\" \/>\n<meta name=\"twitter:label1\" content=\"Written by\" \/>\n\t<meta name=\"twitter:data1\" content=\"M M\" \/>\n\t<meta name=\"twitter:label2\" content=\"Est. reading time\" \/>\n\t<meta name=\"twitter:data2\" content=\"1 minut\u00eb\" \/>\n<script type=\"application\/ld+json\" class=\"yoast-schema-graph\">{\"@context\":\"https:\/\/schema.org\",\"@graph\":[{\"@type\":\"Article\",\"@id\":\"https:\/\/permbledhja.com\/perfundon-hartimi-i-udhezimit-administrativ-qe-u-hap-rruge-zgjedhjeve-ne-veri\/#article\",\"isPartOf\":{\"@id\":\"https:\/\/permbledhja.com\/perfundon-hartimi-i-udhezimit-administrativ-qe-u-hap-rruge-zgjedhjeve-ne-veri\/\"},\"author\":{\"name\":\"M M\",\"@id\":\"https:\/\/permbledhja.com\/#\/schema\/person\/d23f13f59b5722643933d6780783acf3\"},\"headline\":\"P\u00ebrfundon hartimi i Udh\u00ebzimit Administrativ q\u00eb u hap rrug\u00eb zgjedhjeve n\u00eb veri\",\"datePublished\":\"2023-09-05T12:41:58+00:00\",\"dateModified\":\"2023-09-05T12:41:58+00:00\",\"mainEntityOfPage\":{\"@id\":\"https:\/\/permbledhja.com\/perfundon-hartimi-i-udhezimit-administrativ-qe-u-hap-rruge-zgjedhjeve-ne-veri\/\"},\"wordCount\":236,\"publisher\":{\"@id\":\"https:\/\/permbledhja.com\/#organization\"},\"articleSection\":[\"Komb\u00ebtare\",\"Lajme\"],\"inLanguage\":\"sq\"},{\"@type\":\"WebPage\",\"@id\":\"https:\/\/permbledhja.com\/perfundon-hartimi-i-udhezimit-administrativ-qe-u-hap-rruge-zgjedhjeve-ne-veri\/\",\"url\":\"https:\/\/permbledhja.com\/perfundon-hartimi-i-udhezimit-administrativ-qe-u-hap-rruge-zgjedhjeve-ne-veri\/\",\"name\":\"P\u00ebrfundon hartimi i Udh\u00ebzimit Administrativ q\u00eb u hap rrug\u00eb zgjedhjeve n\u00eb veri\",\"isPartOf\":{\"@id\":\"https:\/\/permbledhja.com\/#website\"},\"datePublished\":\"2023-09-05T12:41:58+00:00\",\"dateModified\":\"2023-09-05T12:41:58+00:00\",\"breadcrumb\":{\"@id\":\"https:\/\/permbledhja.com\/perfundon-hartimi-i-udhezimit-administrativ-qe-u-hap-rruge-zgjedhjeve-ne-veri\/#breadcrumb\"},\"inLanguage\":\"sq\",\"potentialAction\":[{\"@type\":\"ReadAction\",\"target\":[\"https:\/\/permbledhja.com\/perfundon-hartimi-i-udhezimit-administrativ-qe-u-hap-rruge-zgjedhjeve-ne-veri\/\"]}]},{\"@type\":\"BreadcrumbList\",\"@id\":\"https:\/\/permbledhja.com\/perfundon-hartimi-i-udhezimit-administrativ-qe-u-hap-rruge-zgjedhjeve-ne-veri\/#breadcrumb\",\"itemListElement\":[{\"@type\":\"ListItem\",\"position\":1,\"name\":\"Ballina\",\"item\":\"https:\/\/permbledhja.com\/sq\/\"},{\"@type\":\"ListItem\",\"position\":2,\"name\":\"P\u00ebrfundon hartimi i Udh\u00ebzimit Administrativ q\u00eb u hap rrug\u00eb zgjedhjeve n\u00eb veri\"}]},{\"@type\":\"WebSite\",\"@id\":\"https:\/\/permbledhja.com\/#website\",\"url\":\"https:\/\/permbledhja.com\/\",\"name\":\"Ve\u00e7 artikuj p\u00ebrmbledh\u00ebs\",\"description\":\"\",\"publisher\":{\"@id\":\"https:\/\/permbledhja.com\/#organization\"},\"potentialAction\":[{\"@type\":\"SearchAction\",\"target\":{\"@type\":\"EntryPoint\",\"urlTemplate\":\"https:\/\/permbledhja.com\/?s={search_term_string}\"},\"query-input\":\"required name=search_term_string\"}],\"inLanguage\":\"sq\"},{\"@type\":\"Organization\",\"@id\":\"https:\/\/permbledhja.com\/#organization\",\"name\":\"MK Media & Pr\",\"url\":\"https:\/\/permbledhja.com\/\",\"logo\":{\"@type\":\"ImageObject\",\"inLanguage\":\"sq\",\"@id\":\"https:\/\/permbledhja.com\/#\/schema\/logo\/image\/\",\"url\":\"https:\/\/permbledhja.com\/wp-content\/uploads\/2021\/12\/07-Press-Logo.jpg\",\"contentUrl\":\"https:\/\/permbledhja.com\/wp-content\/uploads\/2021\/12\/07-Press-Logo.jpg\",\"width\":512,\"height\":512,\"caption\":\"MK Media & Pr\"},\"image\":{\"@id\":\"https:\/\/permbledhja.com\/#\/schema\/logo\/image\/\"},\"sameAs\":[\"https:\/\/www.facebook.com\/press07\/\"]},{\"@type\":\"Person\",\"@id\":\"https:\/\/permbledhja.com\/#\/schema\/person\/d23f13f59b5722643933d6780783acf3\",\"name\":\"M M\",\"image\":{\"@type\":\"ImageObject\",\"inLanguage\":\"sq\",\"@id\":\"https:\/\/permbledhja.com\/#\/schema\/person\/image\/\",\"url\":\"https:\/\/secure.gravatar.com\/avatar\/e2835a76ca7c31a2416b2d51c4ec9a8f?s=96&d=mm&r=g\",\"contentUrl\":\"https:\/\/secure.gravatar.com\/avatar\/e2835a76ca7c31a2416b2d51c4ec9a8f?s=96&d=mm&r=g\",\"caption\":\"M M\"},\"sameAs\":[\"http:\/\/MM\"],\"url\":\"https:\/\/permbledhja.com\/sq\/author\/muhamet\/\"}]}<\/script>\n<!-- \/ Yoast SEO plugin. -->","yoast_head_json":{"title":"P\u00ebrfundon hartimi i Udh\u00ebzimit Administrativ q\u00eb u hap rrug\u00eb zgjedhjeve n\u00eb veri","robots":{"index":"index","follow":"follow","max-snippet":"max-snippet:-1","max-image-preview":"max-image-preview:large","max-video-preview":"max-video-preview:-1"},"canonical":"https:\/\/permbledhja.com\/sq\/perfundon-hartimi-i-udhezimit-administrativ-qe-u-hap-rruge-zgjedhjeve-ne-veri\/","og_locale":"sq_AL","og_type":"article","og_title":"P\u00ebrfundon hartimi i Udh\u00ebzimit Administrativ q\u00eb u hap rrug\u00eb zgjedhjeve n\u00eb veri","og_description":"Kan\u00eb p\u00ebrfunduar procedurat p\u00ebr hartimin e Udh\u00ebzimit Administrativ i cili i hap rrug\u00eb zgjedhjeve n\u00eb veri t\u00eb vendit. Zgjedhjet q\u00eb pritet t\u00eb mbahen n\u00eb kat\u00ebr komunat veriore do t\u00eb mbahen pasi t\u00eb shkarkohen kryetar\u00ebt aktual p\u00ebrmes peticionit. K\u00ebt\u00eb e b\u00ebri t\u00eb ditur ministri i MAPL-s\u00eb, Elbert Krasniqi p\u00ebrmes nj\u00eb postimi n\u00eb rrjetin social n\u00eb Facebook. [&hellip;]","og_url":"https:\/\/permbledhja.com\/sq\/perfundon-hartimi-i-udhezimit-administrativ-qe-u-hap-rruge-zgjedhjeve-ne-veri\/","og_site_name":"Ve\u00e7 artikuj p\u00ebrmbledh\u00ebs","article_publisher":"https:\/\/www.facebook.com\/press07\/","article_published_time":"2023-09-05T12:41:58+00:00","og_image":[{"width":1085,"height":718,"url":"https:\/\/permbledhja.com\/wp-content\/uploads\/2023\/09\/veriu.png","type":"image\/png"}],"author":"M M","twitter_card":"summary_large_image","twitter_misc":{"Written by":"M M","Est. reading time":"1 minut\u00eb"},"schema":{"@context":"https:\/\/schema.org","@graph":[{"@type":"Article","@id":"https:\/\/permbledhja.com\/perfundon-hartimi-i-udhezimit-administrativ-qe-u-hap-rruge-zgjedhjeve-ne-veri\/#article","isPartOf":{"@id":"https:\/\/permbledhja.com\/perfundon-hartimi-i-udhezimit-administrativ-qe-u-hap-rruge-zgjedhjeve-ne-veri\/"},"author":{"name":"M M","@id":"https:\/\/permbledhja.com\/#\/schema\/person\/d23f13f59b5722643933d6780783acf3"},"headline":"P\u00ebrfundon hartimi i Udh\u00ebzimit Administrativ q\u00eb u hap rrug\u00eb zgjedhjeve n\u00eb veri","datePublished":"2023-09-05T12:41:58+00:00","dateModified":"2023-09-05T12:41:58+00:00","mainEntityOfPage":{"@id":"https:\/\/permbledhja.com\/perfundon-hartimi-i-udhezimit-administrativ-qe-u-hap-rruge-zgjedhjeve-ne-veri\/"},"wordCount":236,"publisher":{"@id":"https:\/\/permbledhja.com\/#organization"},"articleSection":["Komb\u00ebtare","Lajme"],"inLanguage":"sq"},{"@type":"WebPage","@id":"https:\/\/permbledhja.com\/perfundon-hartimi-i-udhezimit-administrativ-qe-u-hap-rruge-zgjedhjeve-ne-veri\/","url":"https:\/\/permbledhja.com\/perfundon-hartimi-i-udhezimit-administrativ-qe-u-hap-rruge-zgjedhjeve-ne-veri\/","name":"P\u00ebrfundon hartimi i Udh\u00ebzimit Administrativ q\u00eb u hap rrug\u00eb zgjedhjeve n\u00eb veri","isPartOf":{"@id":"https:\/\/permbledhja.com\/#website"},"datePublished":"2023-09-05T12:41:58+00:00","dateModified":"2023-09-05T12:41:58+00:00","breadcrumb":{"@id":"https:\/\/permbledhja.com\/perfundon-hartimi-i-udhezimit-administrativ-qe-u-hap-rruge-zgjedhjeve-ne-veri\/#breadcrumb"},"inLanguage":"sq","potentialAction":[{"@type":"ReadAction","target":["https:\/\/permbledhja.com\/perfundon-hartimi-i-udhezimit-administrativ-qe-u-hap-rruge-zgjedhjeve-ne-veri\/"]}]},{"@type":"BreadcrumbList","@id":"https:\/\/permbledhja.com\/perfundon-hartimi-i-udhezimit-administrativ-qe-u-hap-rruge-zgjedhjeve-ne-veri\/#breadcrumb","itemListElement":[{"@type":"ListItem","position":1,"name":"Ballina","item":"https:\/\/permbledhja.com\/sq\/"},{"@type":"ListItem","position":2,"name":"P\u00ebrfundon hartimi i Udh\u00ebzimit Administrativ q\u00eb u hap rrug\u00eb zgjedhjeve n\u00eb veri"}]},{"@type":"WebSite","@id":"https:\/\/permbledhja.com\/#website","url":"https:\/\/permbledhja.com\/","name":"Ve\u00e7 artikuj p\u00ebrmbledh\u00ebs","description":"","publisher":{"@id":"https:\/\/permbledhja.com\/#organization"},"potentialAction":[{"@type":"SearchAction","target":{"@type":"EntryPoint","urlTemplate":"https:\/\/permbledhja.com\/?s={search_term_string}"},"query-input":"required name=search_term_string"}],"inLanguage":"sq"},{"@type":"Organization","@id":"https:\/\/permbledhja.com\/#organization","name":"MK Media & Pr","url":"https:\/\/permbledhja.com\/","logo":{"@type":"ImageObject","inLanguage":"sq","@id":"https:\/\/permbledhja.com\/#\/schema\/logo\/image\/","url":"https:\/\/permbledhja.com\/wp-content\/uploads\/2021\/12\/07-Press-Logo.jpg","contentUrl":"https:\/\/permbledhja.com\/wp-content\/uploads\/2021\/12\/07-Press-Logo.jpg","width":512,"height":512,"caption":"MK Media & Pr"},"image":{"@id":"https:\/\/permbledhja.com\/#\/schema\/logo\/image\/"},"sameAs":["https:\/\/www.facebook.com\/press07\/"]},{"@type":"Person","@id":"https:\/\/permbledhja.com\/#\/schema\/person\/d23f13f59b5722643933d6780783acf3","name":"M M","image":{"@type":"ImageObject","inLanguage":"sq","@id":"https:\/\/permbledhja.com\/#\/schema\/person\/image\/","url":"https:\/\/secure.gravatar.com\/avatar\/e2835a76ca7c31a2416b2d51c4ec9a8f?s=96&d=mm&r=g","contentUrl":"https:\/\/secure.gravatar.com\/avatar\/e2835a76ca7c31a2416b2d51c4ec9a8f?s=96&d=mm&r=g","caption":"M M"},"sameAs":["http:\/\/MM"],"url":"https:\/\/permbledhja.com\/sq\/author\/muhamet\/"}]}},"_links":{"self":[{"href":"https:\/\/permbledhja.com\/sq\/wp-json\/wp\/v2\/posts\/25870"}],"collection":[{"href":"https:\/\/permbledhja.com\/sq\/wp-json\/wp\/v2\/posts"}],"about":[{"href":"https:\/\/permbledhja.com\/sq\/wp-json\/wp\/v2\/types\/post"}],"author":[{"embeddable":true,"href":"https:\/\/permbledhja.com\/sq\/wp-json\/wp\/v2\/users\/2"}],"replies":[{"embeddable":true,"href":"https:\/\/permbledhja.com\/sq\/wp-json\/wp\/v2\/comments?post=25870"}],"version-history":[{"count":1,"href":"https:\/\/permbledhja.com\/sq\/wp-json\/wp\/v2\/posts\/25870\/revisions"}],"predecessor-version":[{"id":25872,"href":"https:\/\/permbledhja.com\/sq\/wp-json\/wp\/v2\/posts\/25870\/revisions\/25872"}],"wp:featuredmedia":[{"embeddable":true,"href":"https:\/\/permbledhja.com\/sq\/wp-json\/wp\/v2\/media\/25871"}],"wp:attachment":[{"href":"https:\/\/permbledhja.com\/sq\/wp-json\/wp\/v2\/media?parent=25870"}],"wp:term":[{"taxonomy":"category","embeddable":true,"href":"https:\/\/permbledhja.com\/sq\/wp-json\/wp\/v2\/categories?post=25870"},{"taxonomy":"post_tag","embeddable":true,"href":"https:\/\/permbledhja.com\/sq\/wp-json\/wp\/v2\/tags?post=25870"}],"curies":[{"name":"wp","href":"https:\/\/api.w.org\/{rel}","templated":true}]}}