{"id":25867,"date":"2023-09-05T12:23:32","date_gmt":"2023-09-05T12:23:32","guid":{"rendered":"https:\/\/permbledhja.com\/?p=25867"},"modified":"2023-09-05T12:23:32","modified_gmt":"2023-09-05T12:23:32","slug":"deshmitari-idrizi-ne-speciale-me-akuzuan-se-jam-bashkepunetor-i-serbise","status":"publish","type":"post","link":"https:\/\/permbledhja.com\/sq\/deshmitari-idrizi-ne-speciale-me-akuzuan-se-jam-bashkepunetor-i-serbise\/","title":{"rendered":"\u200bD\u00ebshmitari Idrizi n\u00eb Speciale: M\u00eb akuzuan se jam bashk\u00ebpun\u00ebtor i Serbis\u00eb"},"content":{"rendered":"<h3>Mbrojtja e Rexhep Selimit ka pyetur d\u00ebshmitarin e par\u00eb pa masa mbrojt\u00ebse n\u00eb gjykimin kund\u00ebr ish-krer\u00ebve t\u00eb Ushtris\u00eb \u00c7lirimtare t\u00eb Kosov\u00ebs (U\u00c7K) n\u00eb Hag\u00eb, Agim Idrizi, lidhur me d\u00ebshmin\u00eb e tij p\u00ebr rrahjen e tij dhe familjar\u00ebve t\u00eb tij nga Enver Axhami.<\/h3>\n<p>Idrizi ka akuzuar Axhamin se n\u00eb em\u00ebr t\u00eb U\u00c7K-s\u00eb, i ka rrahur t\u00eb af\u00ebrmit e tij. Megjithat\u00eb, ka treguar p\u00ebr problemet q\u00eb kishin me familjen Axhami q\u00eb para luft\u00ebs, pastaj probleme p\u00ebr nj\u00eb tok\u00eb dhe akuza e kund\u00ebr akuza n\u00eb mes k\u00ebtyre dy familjeve.<\/p>\n<p>Ai ka pranuar se pa dijeni ka marr\u00eb n\u00eb pyll drut\u00eb e Axhamit, derisa p\u00ebrmendi lop\u00ebt e vjedhura nga familja Axhami n\u00eb gjith\u00eb Ka\u00e7anikun.<\/p>\n<p>D\u00ebshmitari Idrizi \u00ebsht\u00eb pyetur nga mbrojtja e Rexhep Selimit, Geoffrey Roberts lidhur me deklarat\u00ebn e dh\u00ebn\u00eb n\u00eb personelin e UNMIK-ut, n\u00eb vitin 2001, lidhur me rrahjen q\u00eb iu ka b\u00ebr\u00eb atij p\u00ebr shkak t\u00eb nj\u00eb toke t\u00eb shitur n\u00eb vitin 99 n\u00eb Llanisht t\u00eb Ka\u00e7anikut.<\/p>\n<p>Sipas tij, Qazim Idrizi ia ka shitur tok\u00ebn Bajram Brutit, por ishte Enver Axhami ai q\u00eb e k\u00ebrkonte ket\u00eb tok\u00eb. Ky i fundit ka shkuar n\u00eb sht\u00ebpi t\u00eb Qazim Idrizit dhe ia ka gjuajtur parat\u00eb n\u00eb sht\u00ebpi edhe pse pronari i ligjsh\u00ebm ishte Bajram Bruti. Megjithat\u00eb, n\u00eb pyetjet e mbrojtjes, ai ka treguar p\u00ebr shum\u00eb probleme q\u00eb kishte familja e tij me familjen Axhami, edhe para luft\u00ebs.<\/p>\n<p>\u201cNa that\u00eb q\u00eb Qazim Idrizi ishte komshi i juaji, p\u00ebr ball\u00eb e kemi sht\u00ebpin\u00eb, shum\u00eb af\u00ebr e kam. Jemi t\u00eb nj\u00eb gjaku, k\u00ebta i kan\u00eb b\u00ebr\u00eb presion familja Axhami\u2026A \u00ebsht\u00eb e drejt t\u00eb them se si Enver Axhami organizoi kidnapimin, sulmimin dhe arrestimin tuaj. Po. A \u00ebsht\u00eb e drejt q\u00eb keni pas probleme t\u00eb tjera t\u00eb shumta probleme t\u00eb tjera t\u00eb shumta me familjen Axhami. Enver Axhami thot\u00eb se un\u00eb jam spiun i Sali Brutit. Un\u00eb me Sali Brutin kurr\u00eb s\u2019kam fol, ai b\u00eb at\u00eb koh\u00eb ka qen\u00eb komandant n\u00eb Ka\u00e7anik, s\u00eb pari iu ka akuzuar se ju keni vjedhur drut\u00eb dhe a \u00ebsht\u00eb e sakt\u00eb q\u00eb ju e keni akuzuar at\u00eb q\u00eb ai ju ka vjedh lop\u00ebn. Krejt Ka\u00e7aniku e din\u00eb q\u00eb Syl\u00eb Axhami dhe v\u00ebllai i tij Isen Axhamin, k\u00ebta i kan\u00eb vjedh lop\u00ebt n\u00eb Ka\u00e7anik, edhe mua m\u00eb kan\u00eb vjedhur nj\u00eb lop\u00eb dhe kurr\u00eb n\u00eb milici nuk e kam lajmru. A \u00ebsht\u00eb e drejt t\u00eb thuhet se kush\u00ebriri e Enver Axhamit e kan\u00eb sulmuar v\u00ebllain tuaj p\u00ebr nj\u00eb periudh\u00eb t\u00eb gjat\u00eb kohore, po. A \u00ebsht\u00eb e drejt t\u00eb thuhet se edhe p\u00ebrpara se t\u00eb fillonte lufta, donte t\u00eb t\u00eb kidnaponte ty dhe k\u00ebt\u00eb ia keni th\u00ebn\u00eb vet hetuesve. Po\u201c, Idrizi.<\/p>\n<p>D\u00ebshmitari e ka konfirmuar se gjat\u00eb procesit gjyq\u00ebsor n\u00eb Gjykat\u00ebn Themelore n\u00eb Prishtin\u00eb, ka th\u00ebn\u00eb se p\u00ebr dy vite kishin probleme me tok\u00ebn.<\/p>\n<p>\u201cVehbi Koka na ka b\u00ebr\u00eb krejt k\u00ebto sherre se k\u00ebta nuk kan\u00eb mund t\u2019i b\u00ebjn\u00eb k\u00ebto sene. Ai ka punuar me policin\u00eb serbe dhe m\u00eb ka fut emrin aty, tash nuk ta heq dreqi, krejt shajn\u00eb, gjysma shajn\u00eb\u2026a mund t\u00eb themi se problemi q\u00eb ke pasur me Enver Axhamin \u00ebsht\u00eb p\u00ebr shkak se ai ka p\u00ebrhapur g\u00ebnjeshtra p\u00ebr ty..n\u00eb Ka\u00e7anik e din\u00eb se Arkan nuk ka pasur kurr\u00eb. Edhe Sami Axhami kur ka th\u00ebn\u00eb se Agimi m\u00eb ka rreh me polic\u00eb, kjo \u00ebsht\u00eb g\u00ebnjesht\u00ebr se nuk \u00ebsht\u00eb e v\u00ebrtet dhe kjo q\u00eb ka th\u00ebn\u00eb Agimi ka qen\u00eb polic nuk \u00ebsht\u00eb e v\u00ebrtet, roje i pyllit, nuk \u00ebsht\u00eb e v\u00ebrtet\u2026i ka qit pun\u00eb edhe U\u00c7K-s\u00eb, njeriu i keq, ai do t\u00eb duhej t\u00eb dal e t\u00eb m\u00eb vras mua para luft\u00ebs jo me ushtrin\u00eb t\u00eb dal e t\u00eb marr\u00eb hakun\u201c, tha ai.<\/p>\n<p>T\u00eb gjith\u00eb drejtuesit e U\u00c7K-s\u00eb, ishin t\u00eb pranish\u00ebm n\u00eb sall\u00ebn e gjyqit, n\u00eb p\u00ebrjashtim t\u00eb Jakup Krasniqit.<\/p>\n<p>Gjykimi ndaj Tha\u00e7it dhe t\u00eb tjer\u00ebve ka nisur me 3 prill me deklaratat hyr\u00ebse ku t\u00eb gjith\u00eb jan\u00eb deklaruar t\u00eb pafajsh\u00ebm p\u00ebr akuzat p\u00ebr krime t\u00eb pretenduara t\u00eb luft\u00ebs.<\/p>\n<p>Hashim Tha\u00e7i, Kadri Veseli, Rexhep Selimi dhe Jakup Krasniqi ndodhen n\u00eb qendr\u00ebn e paraburgimit n\u00eb Hag\u00eb prej n\u00ebntorit t\u00eb vitit 2020.\/kp\/<\/p>\n","protected":false},"excerpt":{"rendered":"<p>Mbrojtja e Rexhep Selimit ka pyetur d\u00ebshmitarin e par\u00eb pa masa mbrojt\u00ebse n\u00eb gjykimin kund\u00ebr ish-krer\u00ebve t\u00eb Ushtris\u00eb \u00c7lirimtare t\u00eb Kosov\u00ebs (U\u00c7K) n\u00eb Hag\u00eb, Agim Idrizi, lidhur me d\u00ebshmin\u00eb e tij p\u00ebr rrahjen e tij dhe familjar\u00ebve t\u00eb tij nga Enver Axhami. Idrizi ka akuzuar Axhamin se n\u00eb em\u00ebr t\u00eb U\u00c7K-s\u00eb, i ka rrahur t\u00eb [&hellip;]<\/p>\n","protected":false},"author":2,"featured_media":25868,"comment_status":"closed","ping_status":"closed","sticky":false,"template":"","format":"standard","meta":{"_monsterinsights_skip_tracking":false,"_monsterinsights_sitenote_active":false,"_monsterinsights_sitenote_note":"","_monsterinsights_sitenote_category":0,"_uf_show_specific_survey":0,"_uf_disable_surveys":false,"footnotes":""},"categories":[23,15],"tags":[],"yoast_head":"<!-- This site is optimized with the Yoast SEO plugin v21.5 - https:\/\/yoast.com\/wordpress\/plugins\/seo\/ -->\n<title>\u200bD\u00ebshmitari Idrizi n\u00eb Speciale: M\u00eb akuzuan se jam bashk\u00ebpun\u00ebtor i Serbis\u00eb<\/title>\n<meta name=\"robots\" content=\"index, follow, max-snippet:-1, max-image-preview:large, max-video-preview:-1\" \/>\n<link rel=\"canonical\" href=\"https:\/\/permbledhja.com\/sq\/deshmitari-idrizi-ne-speciale-me-akuzuan-se-jam-bashkepunetor-i-serbise\/\" \/>\n<meta property=\"og:locale\" content=\"sq_AL\" \/>\n<meta property=\"og:type\" content=\"article\" \/>\n<meta property=\"og:title\" content=\"\u200bD\u00ebshmitari Idrizi n\u00eb Speciale: M\u00eb akuzuan se jam bashk\u00ebpun\u00ebtor i Serbis\u00eb\" \/>\n<meta property=\"og:description\" content=\"Mbrojtja e Rexhep Selimit ka pyetur d\u00ebshmitarin e par\u00eb pa masa mbrojt\u00ebse n\u00eb gjykimin kund\u00ebr ish-krer\u00ebve t\u00eb Ushtris\u00eb \u00c7lirimtare t\u00eb Kosov\u00ebs (U\u00c7K) n\u00eb Hag\u00eb, Agim Idrizi, lidhur me d\u00ebshmin\u00eb e tij p\u00ebr rrahjen e tij dhe familjar\u00ebve t\u00eb tij nga Enver Axhami. Idrizi ka akuzuar Axhamin se n\u00eb em\u00ebr t\u00eb U\u00c7K-s\u00eb, i ka rrahur t\u00eb [&hellip;]\" \/>\n<meta property=\"og:url\" content=\"https:\/\/permbledhja.com\/sq\/deshmitari-idrizi-ne-speciale-me-akuzuan-se-jam-bashkepunetor-i-serbise\/\" \/>\n<meta property=\"og:site_name\" content=\"Ve\u00e7 artikuj p\u00ebrmbledh\u00ebs\" \/>\n<meta property=\"article:publisher\" content=\"https:\/\/www.facebook.com\/press07\/\" \/>\n<meta property=\"article:published_time\" content=\"2023-09-05T12:23:32+00:00\" \/>\n<meta property=\"og:image\" content=\"https:\/\/permbledhja.com\/wp-content\/uploads\/2023\/09\/ggg.jpg\" \/>\n\t<meta property=\"og:image:width\" content=\"1073\" \/>\n\t<meta property=\"og:image:height\" content=\"638\" \/>\n\t<meta property=\"og:image:type\" content=\"image\/jpeg\" \/>\n<meta name=\"author\" content=\"M M\" \/>\n<meta name=\"twitter:card\" content=\"summary_large_image\" \/>\n<meta name=\"twitter:label1\" content=\"Written by\" \/>\n\t<meta name=\"twitter:data1\" content=\"M M\" \/>\n\t<meta name=\"twitter:label2\" content=\"Est. reading time\" \/>\n\t<meta name=\"twitter:data2\" content=\"4 minuta\" \/>\n<script type=\"application\/ld+json\" class=\"yoast-schema-graph\">{\"@context\":\"https:\/\/schema.org\",\"@graph\":[{\"@type\":\"Article\",\"@id\":\"https:\/\/permbledhja.com\/deshmitari-idrizi-ne-speciale-me-akuzuan-se-jam-bashkepunetor-i-serbise\/#article\",\"isPartOf\":{\"@id\":\"https:\/\/permbledhja.com\/deshmitari-idrizi-ne-speciale-me-akuzuan-se-jam-bashkepunetor-i-serbise\/\"},\"author\":{\"name\":\"M M\",\"@id\":\"https:\/\/permbledhja.com\/#\/schema\/person\/d23f13f59b5722643933d6780783acf3\"},\"headline\":\"\u200bD\u00ebshmitari Idrizi n\u00eb Speciale: M\u00eb akuzuan se jam bashk\u00ebpun\u00ebtor i Serbis\u00eb\",\"datePublished\":\"2023-09-05T12:23:32+00:00\",\"dateModified\":\"2023-09-05T12:23:32+00:00\",\"mainEntityOfPage\":{\"@id\":\"https:\/\/permbledhja.com\/deshmitari-idrizi-ne-speciale-me-akuzuan-se-jam-bashkepunetor-i-serbise\/\"},\"wordCount\":763,\"publisher\":{\"@id\":\"https:\/\/permbledhja.com\/#organization\"},\"articleSection\":[\"Komb\u00ebtare\",\"Lajme\"],\"inLanguage\":\"sq\"},{\"@type\":\"WebPage\",\"@id\":\"https:\/\/permbledhja.com\/deshmitari-idrizi-ne-speciale-me-akuzuan-se-jam-bashkepunetor-i-serbise\/\",\"url\":\"https:\/\/permbledhja.com\/deshmitari-idrizi-ne-speciale-me-akuzuan-se-jam-bashkepunetor-i-serbise\/\",\"name\":\"\u200bD\u00ebshmitari Idrizi n\u00eb Speciale: M\u00eb akuzuan se jam bashk\u00ebpun\u00ebtor i Serbis\u00eb\",\"isPartOf\":{\"@id\":\"https:\/\/permbledhja.com\/#website\"},\"datePublished\":\"2023-09-05T12:23:32+00:00\",\"dateModified\":\"2023-09-05T12:23:32+00:00\",\"breadcrumb\":{\"@id\":\"https:\/\/permbledhja.com\/deshmitari-idrizi-ne-speciale-me-akuzuan-se-jam-bashkepunetor-i-serbise\/#breadcrumb\"},\"inLanguage\":\"sq\",\"potentialAction\":[{\"@type\":\"ReadAction\",\"target\":[\"https:\/\/permbledhja.com\/deshmitari-idrizi-ne-speciale-me-akuzuan-se-jam-bashkepunetor-i-serbise\/\"]}]},{\"@type\":\"BreadcrumbList\",\"@id\":\"https:\/\/permbledhja.com\/deshmitari-idrizi-ne-speciale-me-akuzuan-se-jam-bashkepunetor-i-serbise\/#breadcrumb\",\"itemListElement\":[{\"@type\":\"ListItem\",\"position\":1,\"name\":\"Ballina\",\"item\":\"https:\/\/permbledhja.com\/sq\/\"},{\"@type\":\"ListItem\",\"position\":2,\"name\":\"\u200bD\u00ebshmitari Idrizi n\u00eb Speciale: M\u00eb akuzuan se jam bashk\u00ebpun\u00ebtor i Serbis\u00eb\"}]},{\"@type\":\"WebSite\",\"@id\":\"https:\/\/permbledhja.com\/#website\",\"url\":\"https:\/\/permbledhja.com\/\",\"name\":\"Ve\u00e7 artikuj p\u00ebrmbledh\u00ebs\",\"description\":\"\",\"publisher\":{\"@id\":\"https:\/\/permbledhja.com\/#organization\"},\"potentialAction\":[{\"@type\":\"SearchAction\",\"target\":{\"@type\":\"EntryPoint\",\"urlTemplate\":\"https:\/\/permbledhja.com\/?s={search_term_string}\"},\"query-input\":\"required name=search_term_string\"}],\"inLanguage\":\"sq\"},{\"@type\":\"Organization\",\"@id\":\"https:\/\/permbledhja.com\/#organization\",\"name\":\"MK Media & Pr\",\"url\":\"https:\/\/permbledhja.com\/\",\"logo\":{\"@type\":\"ImageObject\",\"inLanguage\":\"sq\",\"@id\":\"https:\/\/permbledhja.com\/#\/schema\/logo\/image\/\",\"url\":\"https:\/\/permbledhja.com\/wp-content\/uploads\/2021\/12\/07-Press-Logo.jpg\",\"contentUrl\":\"https:\/\/permbledhja.com\/wp-content\/uploads\/2021\/12\/07-Press-Logo.jpg\",\"width\":512,\"height\":512,\"caption\":\"MK Media & Pr\"},\"image\":{\"@id\":\"https:\/\/permbledhja.com\/#\/schema\/logo\/image\/\"},\"sameAs\":[\"https:\/\/www.facebook.com\/press07\/\"]},{\"@type\":\"Person\",\"@id\":\"https:\/\/permbledhja.com\/#\/schema\/person\/d23f13f59b5722643933d6780783acf3\",\"name\":\"M M\",\"image\":{\"@type\":\"ImageObject\",\"inLanguage\":\"sq\",\"@id\":\"https:\/\/permbledhja.com\/#\/schema\/person\/image\/\",\"url\":\"https:\/\/secure.gravatar.com\/avatar\/e2835a76ca7c31a2416b2d51c4ec9a8f?s=96&d=mm&r=g\",\"contentUrl\":\"https:\/\/secure.gravatar.com\/avatar\/e2835a76ca7c31a2416b2d51c4ec9a8f?s=96&d=mm&r=g\",\"caption\":\"M M\"},\"sameAs\":[\"http:\/\/MM\"],\"url\":\"https:\/\/permbledhja.com\/sq\/author\/muhamet\/\"}]}<\/script>\n<!-- \/ Yoast SEO plugin. -->","yoast_head_json":{"title":"\u200bD\u00ebshmitari Idrizi n\u00eb Speciale: M\u00eb akuzuan se jam bashk\u00ebpun\u00ebtor i Serbis\u00eb","robots":{"index":"index","follow":"follow","max-snippet":"max-snippet:-1","max-image-preview":"max-image-preview:large","max-video-preview":"max-video-preview:-1"},"canonical":"https:\/\/permbledhja.com\/sq\/deshmitari-idrizi-ne-speciale-me-akuzuan-se-jam-bashkepunetor-i-serbise\/","og_locale":"sq_AL","og_type":"article","og_title":"\u200bD\u00ebshmitari Idrizi n\u00eb Speciale: M\u00eb akuzuan se jam bashk\u00ebpun\u00ebtor i Serbis\u00eb","og_description":"Mbrojtja e Rexhep Selimit ka pyetur d\u00ebshmitarin e par\u00eb pa masa mbrojt\u00ebse n\u00eb gjykimin kund\u00ebr ish-krer\u00ebve t\u00eb Ushtris\u00eb \u00c7lirimtare t\u00eb Kosov\u00ebs (U\u00c7K) n\u00eb Hag\u00eb, Agim Idrizi, lidhur me d\u00ebshmin\u00eb e tij p\u00ebr rrahjen e tij dhe familjar\u00ebve t\u00eb tij nga Enver Axhami. Idrizi ka akuzuar Axhamin se n\u00eb em\u00ebr t\u00eb U\u00c7K-s\u00eb, i ka rrahur t\u00eb [&hellip;]","og_url":"https:\/\/permbledhja.com\/sq\/deshmitari-idrizi-ne-speciale-me-akuzuan-se-jam-bashkepunetor-i-serbise\/","og_site_name":"Ve\u00e7 artikuj p\u00ebrmbledh\u00ebs","article_publisher":"https:\/\/www.facebook.com\/press07\/","article_published_time":"2023-09-05T12:23:32+00:00","og_image":[{"width":1073,"height":638,"url":"https:\/\/permbledhja.com\/wp-content\/uploads\/2023\/09\/ggg.jpg","type":"image\/jpeg"}],"author":"M M","twitter_card":"summary_large_image","twitter_misc":{"Written by":"M M","Est. reading time":"4 minuta"},"schema":{"@context":"https:\/\/schema.org","@graph":[{"@type":"Article","@id":"https:\/\/permbledhja.com\/deshmitari-idrizi-ne-speciale-me-akuzuan-se-jam-bashkepunetor-i-serbise\/#article","isPartOf":{"@id":"https:\/\/permbledhja.com\/deshmitari-idrizi-ne-speciale-me-akuzuan-se-jam-bashkepunetor-i-serbise\/"},"author":{"name":"M M","@id":"https:\/\/permbledhja.com\/#\/schema\/person\/d23f13f59b5722643933d6780783acf3"},"headline":"\u200bD\u00ebshmitari Idrizi n\u00eb Speciale: M\u00eb akuzuan se jam bashk\u00ebpun\u00ebtor i Serbis\u00eb","datePublished":"2023-09-05T12:23:32+00:00","dateModified":"2023-09-05T12:23:32+00:00","mainEntityOfPage":{"@id":"https:\/\/permbledhja.com\/deshmitari-idrizi-ne-speciale-me-akuzuan-se-jam-bashkepunetor-i-serbise\/"},"wordCount":763,"publisher":{"@id":"https:\/\/permbledhja.com\/#organization"},"articleSection":["Komb\u00ebtare","Lajme"],"inLanguage":"sq"},{"@type":"WebPage","@id":"https:\/\/permbledhja.com\/deshmitari-idrizi-ne-speciale-me-akuzuan-se-jam-bashkepunetor-i-serbise\/","url":"https:\/\/permbledhja.com\/deshmitari-idrizi-ne-speciale-me-akuzuan-se-jam-bashkepunetor-i-serbise\/","name":"\u200bD\u00ebshmitari Idrizi n\u00eb Speciale: M\u00eb akuzuan se jam bashk\u00ebpun\u00ebtor i Serbis\u00eb","isPartOf":{"@id":"https:\/\/permbledhja.com\/#website"},"datePublished":"2023-09-05T12:23:32+00:00","dateModified":"2023-09-05T12:23:32+00:00","breadcrumb":{"@id":"https:\/\/permbledhja.com\/deshmitari-idrizi-ne-speciale-me-akuzuan-se-jam-bashkepunetor-i-serbise\/#breadcrumb"},"inLanguage":"sq","potentialAction":[{"@type":"ReadAction","target":["https:\/\/permbledhja.com\/deshmitari-idrizi-ne-speciale-me-akuzuan-se-jam-bashkepunetor-i-serbise\/"]}]},{"@type":"BreadcrumbList","@id":"https:\/\/permbledhja.com\/deshmitari-idrizi-ne-speciale-me-akuzuan-se-jam-bashkepunetor-i-serbise\/#breadcrumb","itemListElement":[{"@type":"ListItem","position":1,"name":"Ballina","item":"https:\/\/permbledhja.com\/sq\/"},{"@type":"ListItem","position":2,"name":"\u200bD\u00ebshmitari Idrizi n\u00eb Speciale: M\u00eb akuzuan se jam bashk\u00ebpun\u00ebtor i Serbis\u00eb"}]},{"@type":"WebSite","@id":"https:\/\/permbledhja.com\/#website","url":"https:\/\/permbledhja.com\/","name":"Ve\u00e7 artikuj p\u00ebrmbledh\u00ebs","description":"","publisher":{"@id":"https:\/\/permbledhja.com\/#organization"},"potentialAction":[{"@type":"SearchAction","target":{"@type":"EntryPoint","urlTemplate":"https:\/\/permbledhja.com\/?s={search_term_string}"},"query-input":"required name=search_term_string"}],"inLanguage":"sq"},{"@type":"Organization","@id":"https:\/\/permbledhja.com\/#organization","name":"MK Media & Pr","url":"https:\/\/permbledhja.com\/","logo":{"@type":"ImageObject","inLanguage":"sq","@id":"https:\/\/permbledhja.com\/#\/schema\/logo\/image\/","url":"https:\/\/permbledhja.com\/wp-content\/uploads\/2021\/12\/07-Press-Logo.jpg","contentUrl":"https:\/\/permbledhja.com\/wp-content\/uploads\/2021\/12\/07-Press-Logo.jpg","width":512,"height":512,"caption":"MK Media & Pr"},"image":{"@id":"https:\/\/permbledhja.com\/#\/schema\/logo\/image\/"},"sameAs":["https:\/\/www.facebook.com\/press07\/"]},{"@type":"Person","@id":"https:\/\/permbledhja.com\/#\/schema\/person\/d23f13f59b5722643933d6780783acf3","name":"M M","image":{"@type":"ImageObject","inLanguage":"sq","@id":"https:\/\/permbledhja.com\/#\/schema\/person\/image\/","url":"https:\/\/secure.gravatar.com\/avatar\/e2835a76ca7c31a2416b2d51c4ec9a8f?s=96&d=mm&r=g","contentUrl":"https:\/\/secure.gravatar.com\/avatar\/e2835a76ca7c31a2416b2d51c4ec9a8f?s=96&d=mm&r=g","caption":"M M"},"sameAs":["http:\/\/MM"],"url":"https:\/\/permbledhja.com\/sq\/author\/muhamet\/"}]}},"_links":{"self":[{"href":"https:\/\/permbledhja.com\/sq\/wp-json\/wp\/v2\/posts\/25867"}],"collection":[{"href":"https:\/\/permbledhja.com\/sq\/wp-json\/wp\/v2\/posts"}],"about":[{"href":"https:\/\/permbledhja.com\/sq\/wp-json\/wp\/v2\/types\/post"}],"author":[{"embeddable":true,"href":"https:\/\/permbledhja.com\/sq\/wp-json\/wp\/v2\/users\/2"}],"replies":[{"embeddable":true,"href":"https:\/\/permbledhja.com\/sq\/wp-json\/wp\/v2\/comments?post=25867"}],"version-history":[{"count":1,"href":"https:\/\/permbledhja.com\/sq\/wp-json\/wp\/v2\/posts\/25867\/revisions"}],"predecessor-version":[{"id":25869,"href":"https:\/\/permbledhja.com\/sq\/wp-json\/wp\/v2\/posts\/25867\/revisions\/25869"}],"wp:featuredmedia":[{"embeddable":true,"href":"https:\/\/permbledhja.com\/sq\/wp-json\/wp\/v2\/media\/25868"}],"wp:attachment":[{"href":"https:\/\/permbledhja.com\/sq\/wp-json\/wp\/v2\/media?parent=25867"}],"wp:term":[{"taxonomy":"category","embeddable":true,"href":"https:\/\/permbledhja.com\/sq\/wp-json\/wp\/v2\/categories?post=25867"},{"taxonomy":"post_tag","embeddable":true,"href":"https:\/\/permbledhja.com\/sq\/wp-json\/wp\/v2\/tags?post=25867"}],"curies":[{"name":"wp","href":"https:\/\/api.w.org\/{rel}","templated":true}]}}