{"id":25861,"date":"2023-09-05T12:00:34","date_gmt":"2023-09-05T12:00:34","guid":{"rendered":"https:\/\/permbledhja.com\/?p=25861"},"modified":"2023-09-05T13:33:57","modified_gmt":"2023-09-05T13:33:57","slug":"kurti-viziton-kombetaren-e-kosoves-para-ndeshjes-me-zvicren-e-keni-shtetin-prapa","status":"publish","type":"post","link":"https:\/\/permbledhja.com\/sq\/kurti-viziton-kombetaren-e-kosoves-para-ndeshjes-me-zvicren-e-keni-shtetin-prapa\/","title":{"rendered":"Kurti viziton Komb\u00ebtaren e Kosov\u00ebs para ndeshjes me Zvicr\u00ebn: E keni shtetin prapa"},"content":{"rendered":"<h3>Kryeministri i Republik\u00ebs s\u00eb Kosov\u00ebs, Albin Kurti n\u00eb shoq\u00ebri t\u00eb ministrit t\u00eb Kultur\u00ebs, Rinis\u00eb dhe Sportit, Hajrulla \u00c7eku dhe zv\/ministres Daulina Osmani kan\u00eb q\u00ebndruar sot p\u00ebr vizit\u00eb n\u00eb kampin e Komb\u00ebtares s\u00eb Kosov\u00ebs n\u00eb hotel \u201cEmerald\u201d.<\/h3>\n<p>Presidenti Agim Ademi duke e fal\u00ebnderuar t\u00eb parin e ekzekutivit p\u00ebr vizit\u00ebn ka shprehur mir\u00ebnjohjen e tij n\u00eb em\u00ebr t\u00eb FFK-s\u00eb p\u00ebr mb\u00ebshtetjen q\u00eb institucionet shtet\u00ebrore po i japin ekipit komb\u00ebtar dhe n\u00eb p\u00ebrgjith\u00ebsi futbollit t\u00eb Kosov\u00ebs.<\/p>\n<p>\u201cKryeministri \u00ebsht\u00eb motivues i madh dhe \u00ebsht\u00eb njeri i aksionit, prandaj e kemi par\u00eb t\u00eb arsyeshme q\u00eb ai si kreu i qeveris\u00eb t\u00eb vjen sot p\u00ebr vizit\u00eb dhe t\u00eb jap\u00eb mesazhin e tij frym\u00ebzues p\u00ebr t\u00eb ecur p\u00ebrpara s\u00eb bashku\u201d, ka th\u00ebn\u00eb presidenti Ademi.<\/p>\n<p>Nd\u00ebrkaq, kryeministri i Republik\u00ebs ka fal\u00ebnderuar futbollist\u00ebt dardan\u00eb dhe stafin e komb\u00ebtares n\u00eb p\u00ebrgjith\u00ebsi p\u00ebr pun\u00ebn e mir\u00eb dhe p\u00ebr emocionet e pap\u00ebrshkrueshme q\u00eb i japin popullit t\u00eb Kosov\u00ebs.<\/p>\n<div class=\"ai-viewport-1\" data-insertion-position=\"prepend\" data-selector=\".ai-insert-1-28295802\" data-insertion-no-dbg=\"\" data-code=\"PGRpdiBjbGFzcz0nY29kZS1ibG9jayBjb2RlLWJsb2NrLTEgY29kZS1ibG9jay1pbmFydGljbGUtZGVza3RvcCcgc3R5bGU9J21hcmdpbjogOHB4IGF1dG87IHRleHQtYWxpZ246IGNlbnRlcjsgZGlzcGxheTogYmxvY2s7IGNsZWFyOiBib3RoOyB3aWR0aDogMzAwcHg7IGhlaWdodDogNDIwcHg7IGJhY2tncm91bmQtY29sb3I6ICNmZmZmZmY7Jz4KPGRpdiBzdHlsZT0icG9zaXRpb246IHN0aWNreTsgdG9wOiAxNXB4OyI+CjxkaXYgY2xhc3M9ImNvZGUtYmxvY2stbGFiZWwiPlJla2xhbWE8L2Rpdj4KPGRpdiBkYXRhLWFkLXVuaXQtaWQ9Ii8yMjY0NjY1NzExOC9Jbi1hcnRpY2xlX2JveF8yIj48L2Rpdj4KPC9kaXY+CjxkaXYgc3R5bGU9IiBoZWlnaHQ6IDM5MHB4OyI+PC9kaXY+CjwvZGl2Pgo=\" data-block=\"1\">\n<p>\u201cJu vazhdimisht n\u00eb ndeshjet e kaluara na keni sjell emocione por ethe. Jan\u00eb emocione t\u00eb paharrueshme dhe g\u00ebzime t\u00eb cilat na mbajn\u00eb optimist\u00eb p\u00ebr t\u00eb ardhmen. Ju d\u00ebshiroj shum\u00eb sukses n\u00eb dy ndeshjet n\u00eb vijim. E di se me Zvicr\u00ebn e keni m\u00eb v\u00ebshtir\u00eb edhe p\u00ebr arsye objektive. por besoj se me mb\u00ebshtetjen e ministris\u00eb, me trajner\u00ebt q\u00eb keni dhe me pun\u00ebn ekipore e ushtrimet q\u00eb do t\u00eb b\u00ebni n\u00eb k\u00ebto dit\u00eb do t\u00eb keni mjaftuesh\u00ebm energji q\u00eb edhe n\u00eb stadiumin \u2018Fadil Vokrri\u2019 m\u00eb 9 shtator por edhe m\u00eb 12 shtator kund\u00ebr Rumanis\u00eb t\u00eb jepni maksimumin dhe t\u00eb merrni rezultatin q\u00eb t\u00eb gjith\u00eb e presin me aq d\u00ebshir\u00eb. Faleminderit gjithsecilit p\u00ebr gjith\u00eb k\u00ebt\u00eb kontribut, i cili nuk \u00ebsht\u00eb vet\u00ebm sportiv por \u00ebsht\u00eb edhe popullor sepse jo vet\u00ebm njer\u00ebzit q\u00eb p\u00ebrcjellin sportin ju ndjekin. Juve ju ndjekin krejt njer\u00ebzit q\u00eb e duan Kosov\u00ebn\u201d, ka theksuar para futbollist\u00ebve kryeministri Kurti.<\/p>\n<div class=\"ai-viewport-1\" data-insertion-position=\"prepend\" data-selector=\".ai-insert-1-39371401\" data-insertion-no-dbg=\"\" data-code=\"PGRpdiBjbGFzcz0nY29kZS1ibG9jayBjb2RlLWJsb2NrLTEgY29kZS1ibG9jay1pbmFydGljbGUtZGVza3RvcCcgc3R5bGU9J21hcmdpbjogOHB4IGF1dG87IHRleHQtYWxpZ246IGNlbnRlcjsgZGlzcGxheTogYmxvY2s7IGNsZWFyOiBib3RoOyB3aWR0aDogMzAwcHg7IGhlaWdodDogNDIwcHg7IGJhY2tncm91bmQtY29sb3I6ICNmZmZmZmY7Jz4KPGRpdiBzdHlsZT0icG9zaXRpb246IHN0aWNreTsgdG9wOiAxNXB4OyI+CjxkaXYgY2xhc3M9ImNvZGUtYmxvY2stbGFiZWwiPlJla2xhbWE8L2Rpdj4KCjxkaXYgaWQ9IlBBLVRhYm9vbGEiPjwvZGl2Pgo8L2Rpdj4KPGRpdiBzdHlsZT0iIGhlaWdodDogMzkwcHg7Ij48L2Rpdj4KPC9kaXY+Cg==\" data-block=\"1\">\n<div class=\"code-block code-block-1 code-block-inarticle-desktop\">\n<p>N\u00eb em\u00ebr t\u00eb ekipit komb\u00ebtar kryeministrin me bashk\u00ebpun\u00ebtor\u00ebt e tij i ka fal\u00ebnderuar kapiteni Amir Rrahmani.<\/p>\n<p>\u201cFaleminderit p\u00ebr p\u00ebrkrahjen ndaj ekipit komb\u00ebtar dhe ndaj federat\u00ebs. Shpresoj q\u00eb edhe n\u00eb t\u00eb ardhmen kontributi dhe ndihma e institucioneve p\u00ebr rritjen e futbollit nuk do t\u00eb mungoj\u00eb\u201d, ka th\u00ebn\u00eb kapiteni i Dardan\u00ebve.<\/p>\n<p>Nd\u00ebrkaq, ministri Hajrulla \u00c7eku premtoi se institucionet do t\u00eb vazhdojn\u00eb t\u00eb q\u00ebndrojn\u00eb p\u00ebrkrah futbollit dhe ekipit komb\u00ebtar.<\/p>\n<p>\u201cJu jeni t\u00eb vet\u00ebdijsh\u00ebm p\u00ebr r\u00ebnd\u00ebsin\u00eb e k\u00ebtyre dy ndeshjeve dhe ne jemi k\u00ebtu p\u00ebr t\u2019iu ofruar gjith\u00eb mb\u00ebshtetjen e nevojshme si shtet e si institucione, jo vet\u00ebm zyrtarisht por edhe moralisht e me zem\u00ebr. E keni nj\u00eb shtet dhe shoq\u00ebri t\u00eb t\u00ebr\u00eb mbrapa. Edhe jemi krejt me juve. Dijeni se po e p\u00ebrfaq\u00ebsoni m\u00eb shum\u00eb se nj\u00eb ekip dhe nj\u00eb sport. K\u00ebtu e kemi nj\u00eb gjas\u00eb t\u00eb madhe p\u00ebr t\u00eb ec\u00eb p\u00ebrpara dhe duhet ta shfryt\u00ebzojm\u00eb. Faleminderit t\u00eb gjith\u00ebve p\u00ebr kontributin q\u00eb e jepni p\u00ebr shtetin\u201d, ka th\u00ebn\u00eb \u00c7eku.<\/p>\n<\/div>\n<\/div>\n<\/div>\n<div class=\"code-block code-block-43 code-block-pas-paragrafit-2t-inarticle\">\n<div><\/div>\n<\/div>\n","protected":false},"excerpt":{"rendered":"<p>Kryeministri i Republik\u00ebs s\u00eb Kosov\u00ebs, Albin Kurti n\u00eb shoq\u00ebri t\u00eb ministrit t\u00eb Kultur\u00ebs, Rinis\u00eb dhe Sportit, Hajrulla \u00c7eku dhe zv\/ministres Daulina Osmani kan\u00eb q\u00ebndruar sot p\u00ebr vizit\u00eb n\u00eb kampin e Komb\u00ebtares s\u00eb Kosov\u00ebs n\u00eb hotel \u201cEmerald\u201d. Presidenti Agim Ademi duke e fal\u00ebnderuar t\u00eb parin e ekzekutivit p\u00ebr vizit\u00ebn ka shprehur mir\u00ebnjohjen e tij n\u00eb em\u00ebr [&hellip;]<\/p>\n","protected":false},"author":2,"featured_media":25862,"comment_status":"closed","ping_status":"closed","sticky":false,"template":"","format":"standard","meta":{"_monsterinsights_skip_tracking":false,"_monsterinsights_sitenote_active":false,"_monsterinsights_sitenote_note":"","_monsterinsights_sitenote_category":0,"_uf_show_specific_survey":0,"_uf_disable_surveys":false,"footnotes":""},"categories":[15],"tags":[86],"yoast_head":"<!-- This site is optimized with the Yoast SEO plugin v21.5 - https:\/\/yoast.com\/wordpress\/plugins\/seo\/ -->\n<title>Kurti viziton Komb\u00ebtaren e Kosov\u00ebs para ndeshjes me Zvicr\u00ebn: E keni shtetin prapa<\/title>\n<meta name=\"robots\" content=\"index, follow, max-snippet:-1, max-image-preview:large, max-video-preview:-1\" \/>\n<link rel=\"canonical\" href=\"https:\/\/permbledhja.com\/sq\/kurti-viziton-kombetaren-e-kosoves-para-ndeshjes-me-zvicren-e-keni-shtetin-prapa\/\" \/>\n<meta property=\"og:locale\" content=\"sq_AL\" \/>\n<meta property=\"og:type\" content=\"article\" \/>\n<meta property=\"og:title\" content=\"Kurti viziton Komb\u00ebtaren e Kosov\u00ebs para ndeshjes me Zvicr\u00ebn: E keni shtetin prapa\" \/>\n<meta property=\"og:description\" content=\"Kryeministri i Republik\u00ebs s\u00eb Kosov\u00ebs, Albin Kurti n\u00eb shoq\u00ebri t\u00eb ministrit t\u00eb Kultur\u00ebs, Rinis\u00eb dhe Sportit, Hajrulla \u00c7eku dhe zv\/ministres Daulina Osmani kan\u00eb q\u00ebndruar sot p\u00ebr vizit\u00eb n\u00eb kampin e Komb\u00ebtares s\u00eb Kosov\u00ebs n\u00eb hotel \u201cEmerald\u201d. Presidenti Agim Ademi duke e fal\u00ebnderuar t\u00eb parin e ekzekutivit p\u00ebr vizit\u00ebn ka shprehur mir\u00ebnjohjen e tij n\u00eb em\u00ebr [&hellip;]\" \/>\n<meta property=\"og:url\" content=\"https:\/\/permbledhja.com\/sq\/kurti-viziton-kombetaren-e-kosoves-para-ndeshjes-me-zvicren-e-keni-shtetin-prapa\/\" \/>\n<meta property=\"og:site_name\" content=\"Ve\u00e7 artikuj p\u00ebrmbledh\u00ebs\" \/>\n<meta property=\"article:publisher\" content=\"https:\/\/www.facebook.com\/press07\/\" \/>\n<meta property=\"article:published_time\" content=\"2023-09-05T12:00:34+00:00\" \/>\n<meta property=\"article:modified_time\" content=\"2023-09-05T13:33:57+00:00\" \/>\n<meta property=\"og:image\" content=\"https:\/\/permbledhja.com\/wp-content\/uploads\/2023\/09\/374276062_690983556390741_2191967587814940373_n.jpg\" \/>\n\t<meta property=\"og:image:width\" content=\"1200\" \/>\n\t<meta property=\"og:image:height\" content=\"816\" \/>\n\t<meta property=\"og:image:type\" content=\"image\/jpeg\" \/>\n<meta name=\"author\" content=\"M M\" \/>\n<meta name=\"twitter:card\" content=\"summary_large_image\" \/>\n<meta name=\"twitter:label1\" content=\"Written by\" \/>\n\t<meta name=\"twitter:data1\" content=\"M M\" \/>\n\t<meta name=\"twitter:label2\" content=\"Est. reading time\" \/>\n\t<meta name=\"twitter:data2\" content=\"3 minuta\" \/>\n<script type=\"application\/ld+json\" class=\"yoast-schema-graph\">{\"@context\":\"https:\/\/schema.org\",\"@graph\":[{\"@type\":\"Article\",\"@id\":\"https:\/\/permbledhja.com\/kurti-viziton-kombetaren-e-kosoves-para-ndeshjes-me-zvicren-e-keni-shtetin-prapa\/#article\",\"isPartOf\":{\"@id\":\"https:\/\/permbledhja.com\/kurti-viziton-kombetaren-e-kosoves-para-ndeshjes-me-zvicren-e-keni-shtetin-prapa\/\"},\"author\":{\"name\":\"M M\",\"@id\":\"https:\/\/permbledhja.com\/#\/schema\/person\/d23f13f59b5722643933d6780783acf3\"},\"headline\":\"Kurti viziton Komb\u00ebtaren e Kosov\u00ebs para ndeshjes me Zvicr\u00ebn: E keni shtetin prapa\",\"datePublished\":\"2023-09-05T12:00:34+00:00\",\"dateModified\":\"2023-09-05T13:33:57+00:00\",\"mainEntityOfPage\":{\"@id\":\"https:\/\/permbledhja.com\/kurti-viziton-kombetaren-e-kosoves-para-ndeshjes-me-zvicren-e-keni-shtetin-prapa\/\"},\"wordCount\":566,\"publisher\":{\"@id\":\"https:\/\/permbledhja.com\/#organization\"},\"keywords\":[\"Albin Kurti\"],\"articleSection\":[\"Lajme\"],\"inLanguage\":\"sq\"},{\"@type\":\"WebPage\",\"@id\":\"https:\/\/permbledhja.com\/kurti-viziton-kombetaren-e-kosoves-para-ndeshjes-me-zvicren-e-keni-shtetin-prapa\/\",\"url\":\"https:\/\/permbledhja.com\/kurti-viziton-kombetaren-e-kosoves-para-ndeshjes-me-zvicren-e-keni-shtetin-prapa\/\",\"name\":\"Kurti viziton Komb\u00ebtaren e Kosov\u00ebs para ndeshjes me Zvicr\u00ebn: E keni shtetin prapa\",\"isPartOf\":{\"@id\":\"https:\/\/permbledhja.com\/#website\"},\"datePublished\":\"2023-09-05T12:00:34+00:00\",\"dateModified\":\"2023-09-05T13:33:57+00:00\",\"breadcrumb\":{\"@id\":\"https:\/\/permbledhja.com\/kurti-viziton-kombetaren-e-kosoves-para-ndeshjes-me-zvicren-e-keni-shtetin-prapa\/#breadcrumb\"},\"inLanguage\":\"sq\",\"potentialAction\":[{\"@type\":\"ReadAction\",\"target\":[\"https:\/\/permbledhja.com\/kurti-viziton-kombetaren-e-kosoves-para-ndeshjes-me-zvicren-e-keni-shtetin-prapa\/\"]}]},{\"@type\":\"BreadcrumbList\",\"@id\":\"https:\/\/permbledhja.com\/kurti-viziton-kombetaren-e-kosoves-para-ndeshjes-me-zvicren-e-keni-shtetin-prapa\/#breadcrumb\",\"itemListElement\":[{\"@type\":\"ListItem\",\"position\":1,\"name\":\"Ballina\",\"item\":\"https:\/\/permbledhja.com\/sq\/\"},{\"@type\":\"ListItem\",\"position\":2,\"name\":\"Kurti viziton Komb\u00ebtaren e Kosov\u00ebs para ndeshjes me Zvicr\u00ebn: E keni shtetin prapa\"}]},{\"@type\":\"WebSite\",\"@id\":\"https:\/\/permbledhja.com\/#website\",\"url\":\"https:\/\/permbledhja.com\/\",\"name\":\"Ve\u00e7 artikuj p\u00ebrmbledh\u00ebs\",\"description\":\"\",\"publisher\":{\"@id\":\"https:\/\/permbledhja.com\/#organization\"},\"potentialAction\":[{\"@type\":\"SearchAction\",\"target\":{\"@type\":\"EntryPoint\",\"urlTemplate\":\"https:\/\/permbledhja.com\/?s={search_term_string}\"},\"query-input\":\"required name=search_term_string\"}],\"inLanguage\":\"sq\"},{\"@type\":\"Organization\",\"@id\":\"https:\/\/permbledhja.com\/#organization\",\"name\":\"MK Media & Pr\",\"url\":\"https:\/\/permbledhja.com\/\",\"logo\":{\"@type\":\"ImageObject\",\"inLanguage\":\"sq\",\"@id\":\"https:\/\/permbledhja.com\/#\/schema\/logo\/image\/\",\"url\":\"https:\/\/permbledhja.com\/wp-content\/uploads\/2021\/12\/07-Press-Logo.jpg\",\"contentUrl\":\"https:\/\/permbledhja.com\/wp-content\/uploads\/2021\/12\/07-Press-Logo.jpg\",\"width\":512,\"height\":512,\"caption\":\"MK Media & Pr\"},\"image\":{\"@id\":\"https:\/\/permbledhja.com\/#\/schema\/logo\/image\/\"},\"sameAs\":[\"https:\/\/www.facebook.com\/press07\/\"]},{\"@type\":\"Person\",\"@id\":\"https:\/\/permbledhja.com\/#\/schema\/person\/d23f13f59b5722643933d6780783acf3\",\"name\":\"M M\",\"image\":{\"@type\":\"ImageObject\",\"inLanguage\":\"sq\",\"@id\":\"https:\/\/permbledhja.com\/#\/schema\/person\/image\/\",\"url\":\"https:\/\/secure.gravatar.com\/avatar\/e2835a76ca7c31a2416b2d51c4ec9a8f?s=96&d=mm&r=g\",\"contentUrl\":\"https:\/\/secure.gravatar.com\/avatar\/e2835a76ca7c31a2416b2d51c4ec9a8f?s=96&d=mm&r=g\",\"caption\":\"M M\"},\"sameAs\":[\"http:\/\/MM\"],\"url\":\"https:\/\/permbledhja.com\/sq\/author\/muhamet\/\"}]}<\/script>\n<!-- \/ Yoast SEO plugin. -->","yoast_head_json":{"title":"Kurti viziton Komb\u00ebtaren e Kosov\u00ebs para ndeshjes me Zvicr\u00ebn: E keni shtetin prapa","robots":{"index":"index","follow":"follow","max-snippet":"max-snippet:-1","max-image-preview":"max-image-preview:large","max-video-preview":"max-video-preview:-1"},"canonical":"https:\/\/permbledhja.com\/sq\/kurti-viziton-kombetaren-e-kosoves-para-ndeshjes-me-zvicren-e-keni-shtetin-prapa\/","og_locale":"sq_AL","og_type":"article","og_title":"Kurti viziton Komb\u00ebtaren e Kosov\u00ebs para ndeshjes me Zvicr\u00ebn: E keni shtetin prapa","og_description":"Kryeministri i Republik\u00ebs s\u00eb Kosov\u00ebs, Albin Kurti n\u00eb shoq\u00ebri t\u00eb ministrit t\u00eb Kultur\u00ebs, Rinis\u00eb dhe Sportit, Hajrulla \u00c7eku dhe zv\/ministres Daulina Osmani kan\u00eb q\u00ebndruar sot p\u00ebr vizit\u00eb n\u00eb kampin e Komb\u00ebtares s\u00eb Kosov\u00ebs n\u00eb hotel \u201cEmerald\u201d. Presidenti Agim Ademi duke e fal\u00ebnderuar t\u00eb parin e ekzekutivit p\u00ebr vizit\u00ebn ka shprehur mir\u00ebnjohjen e tij n\u00eb em\u00ebr [&hellip;]","og_url":"https:\/\/permbledhja.com\/sq\/kurti-viziton-kombetaren-e-kosoves-para-ndeshjes-me-zvicren-e-keni-shtetin-prapa\/","og_site_name":"Ve\u00e7 artikuj p\u00ebrmbledh\u00ebs","article_publisher":"https:\/\/www.facebook.com\/press07\/","article_published_time":"2023-09-05T12:00:34+00:00","article_modified_time":"2023-09-05T13:33:57+00:00","og_image":[{"width":1200,"height":816,"url":"https:\/\/permbledhja.com\/wp-content\/uploads\/2023\/09\/374276062_690983556390741_2191967587814940373_n.jpg","type":"image\/jpeg"}],"author":"M M","twitter_card":"summary_large_image","twitter_misc":{"Written by":"M M","Est. reading time":"3 minuta"},"schema":{"@context":"https:\/\/schema.org","@graph":[{"@type":"Article","@id":"https:\/\/permbledhja.com\/kurti-viziton-kombetaren-e-kosoves-para-ndeshjes-me-zvicren-e-keni-shtetin-prapa\/#article","isPartOf":{"@id":"https:\/\/permbledhja.com\/kurti-viziton-kombetaren-e-kosoves-para-ndeshjes-me-zvicren-e-keni-shtetin-prapa\/"},"author":{"name":"M M","@id":"https:\/\/permbledhja.com\/#\/schema\/person\/d23f13f59b5722643933d6780783acf3"},"headline":"Kurti viziton Komb\u00ebtaren e Kosov\u00ebs para ndeshjes me Zvicr\u00ebn: E keni shtetin prapa","datePublished":"2023-09-05T12:00:34+00:00","dateModified":"2023-09-05T13:33:57+00:00","mainEntityOfPage":{"@id":"https:\/\/permbledhja.com\/kurti-viziton-kombetaren-e-kosoves-para-ndeshjes-me-zvicren-e-keni-shtetin-prapa\/"},"wordCount":566,"publisher":{"@id":"https:\/\/permbledhja.com\/#organization"},"keywords":["Albin Kurti"],"articleSection":["Lajme"],"inLanguage":"sq"},{"@type":"WebPage","@id":"https:\/\/permbledhja.com\/kurti-viziton-kombetaren-e-kosoves-para-ndeshjes-me-zvicren-e-keni-shtetin-prapa\/","url":"https:\/\/permbledhja.com\/kurti-viziton-kombetaren-e-kosoves-para-ndeshjes-me-zvicren-e-keni-shtetin-prapa\/","name":"Kurti viziton Komb\u00ebtaren e Kosov\u00ebs para ndeshjes me Zvicr\u00ebn: E keni shtetin prapa","isPartOf":{"@id":"https:\/\/permbledhja.com\/#website"},"datePublished":"2023-09-05T12:00:34+00:00","dateModified":"2023-09-05T13:33:57+00:00","breadcrumb":{"@id":"https:\/\/permbledhja.com\/kurti-viziton-kombetaren-e-kosoves-para-ndeshjes-me-zvicren-e-keni-shtetin-prapa\/#breadcrumb"},"inLanguage":"sq","potentialAction":[{"@type":"ReadAction","target":["https:\/\/permbledhja.com\/kurti-viziton-kombetaren-e-kosoves-para-ndeshjes-me-zvicren-e-keni-shtetin-prapa\/"]}]},{"@type":"BreadcrumbList","@id":"https:\/\/permbledhja.com\/kurti-viziton-kombetaren-e-kosoves-para-ndeshjes-me-zvicren-e-keni-shtetin-prapa\/#breadcrumb","itemListElement":[{"@type":"ListItem","position":1,"name":"Ballina","item":"https:\/\/permbledhja.com\/sq\/"},{"@type":"ListItem","position":2,"name":"Kurti viziton Komb\u00ebtaren e Kosov\u00ebs para ndeshjes me Zvicr\u00ebn: E keni shtetin prapa"}]},{"@type":"WebSite","@id":"https:\/\/permbledhja.com\/#website","url":"https:\/\/permbledhja.com\/","name":"Ve\u00e7 artikuj p\u00ebrmbledh\u00ebs","description":"","publisher":{"@id":"https:\/\/permbledhja.com\/#organization"},"potentialAction":[{"@type":"SearchAction","target":{"@type":"EntryPoint","urlTemplate":"https:\/\/permbledhja.com\/?s={search_term_string}"},"query-input":"required name=search_term_string"}],"inLanguage":"sq"},{"@type":"Organization","@id":"https:\/\/permbledhja.com\/#organization","name":"MK Media & Pr","url":"https:\/\/permbledhja.com\/","logo":{"@type":"ImageObject","inLanguage":"sq","@id":"https:\/\/permbledhja.com\/#\/schema\/logo\/image\/","url":"https:\/\/permbledhja.com\/wp-content\/uploads\/2021\/12\/07-Press-Logo.jpg","contentUrl":"https:\/\/permbledhja.com\/wp-content\/uploads\/2021\/12\/07-Press-Logo.jpg","width":512,"height":512,"caption":"MK Media & Pr"},"image":{"@id":"https:\/\/permbledhja.com\/#\/schema\/logo\/image\/"},"sameAs":["https:\/\/www.facebook.com\/press07\/"]},{"@type":"Person","@id":"https:\/\/permbledhja.com\/#\/schema\/person\/d23f13f59b5722643933d6780783acf3","name":"M M","image":{"@type":"ImageObject","inLanguage":"sq","@id":"https:\/\/permbledhja.com\/#\/schema\/person\/image\/","url":"https:\/\/secure.gravatar.com\/avatar\/e2835a76ca7c31a2416b2d51c4ec9a8f?s=96&d=mm&r=g","contentUrl":"https:\/\/secure.gravatar.com\/avatar\/e2835a76ca7c31a2416b2d51c4ec9a8f?s=96&d=mm&r=g","caption":"M M"},"sameAs":["http:\/\/MM"],"url":"https:\/\/permbledhja.com\/sq\/author\/muhamet\/"}]}},"_links":{"self":[{"href":"https:\/\/permbledhja.com\/sq\/wp-json\/wp\/v2\/posts\/25861"}],"collection":[{"href":"https:\/\/permbledhja.com\/sq\/wp-json\/wp\/v2\/posts"}],"about":[{"href":"https:\/\/permbledhja.com\/sq\/wp-json\/wp\/v2\/types\/post"}],"author":[{"embeddable":true,"href":"https:\/\/permbledhja.com\/sq\/wp-json\/wp\/v2\/users\/2"}],"replies":[{"embeddable":true,"href":"https:\/\/permbledhja.com\/sq\/wp-json\/wp\/v2\/comments?post=25861"}],"version-history":[{"count":2,"href":"https:\/\/permbledhja.com\/sq\/wp-json\/wp\/v2\/posts\/25861\/revisions"}],"predecessor-version":[{"id":25882,"href":"https:\/\/permbledhja.com\/sq\/wp-json\/wp\/v2\/posts\/25861\/revisions\/25882"}],"wp:featuredmedia":[{"embeddable":true,"href":"https:\/\/permbledhja.com\/sq\/wp-json\/wp\/v2\/media\/25862"}],"wp:attachment":[{"href":"https:\/\/permbledhja.com\/sq\/wp-json\/wp\/v2\/media?parent=25861"}],"wp:term":[{"taxonomy":"category","embeddable":true,"href":"https:\/\/permbledhja.com\/sq\/wp-json\/wp\/v2\/categories?post=25861"},{"taxonomy":"post_tag","embeddable":true,"href":"https:\/\/permbledhja.com\/sq\/wp-json\/wp\/v2\/tags?post=25861"}],"curies":[{"name":"wp","href":"https:\/\/api.w.org\/{rel}","templated":true}]}}