{"id":25852,"date":"2023-09-05T11:24:46","date_gmt":"2023-09-05T11:24:46","guid":{"rendered":"https:\/\/permbledhja.com\/?p=25852"},"modified":"2023-09-05T11:24:46","modified_gmt":"2023-09-05T11:24:46","slug":"eksperti-i-sigurise-shumica-e-vrasjeve-ne-kosove-po-ndodhin-per-arsye-banale-te-pa-justifikueshme","status":"publish","type":"post","link":"https:\/\/permbledhja.com\/sq\/eksperti-i-sigurise-shumica-e-vrasjeve-ne-kosove-po-ndodhin-per-arsye-banale-te-pa-justifikueshme\/","title":{"rendered":"Eksperti i siguris\u00eb: Shumica e vrasjeve n\u00eb Kosov\u00eb po ndodhin p\u00ebr arsye banale, t\u00eb pa justifikueshme"},"content":{"rendered":"<h3>Kosova, me nj\u00eb popullsi prej mbi 1 milion banor\u00ebsh, ka p\u00ebrjetuar nj\u00eb situat\u00eb shqet\u00ebsuese n\u00eb lidhje me numrin e vrasjeve. Pa kaluar shtatori, numri i vrasjeve k\u00ebt\u00eb vit, thuajse ka arritur numrin e vrasjeve t\u00eb vitit 2022. K\u00ebt\u00eb vit, vet\u00ebm deri me 4 shtator n\u00eb Kosov\u00eb jan\u00eb regjistruar 19 vrasje.<\/h3>\n<p>Lidhur me k\u00ebto statistika, profesori universitar dhe njoh\u00ebsi i \u00e7\u00ebshtjeve t\u00eb siguris\u00eb, Fatmir \u00c7ollakaj n\u00eb ATV, motivet p\u00ebr k\u00ebto vrasje jan\u00eb nga m\u00eb t\u00eb ndryshmet, mir\u00ebpo sipas tij, dominojn\u00eb ato banale, apo t\u00eb pajustifikueshme.<\/p>\n<p>\u201cPo nuk ndalen kurr\u00eb, nuk ndalen askund vrasjet. Shkaqet mund t\u00eb jen\u00eb t\u00eb shumta, mund t\u00eb jen\u00eb t\u00eb ndryshme. Motivet e kryer\u00ebsve t\u00eb k\u00ebtyre veprave penale n\u00eb shumic\u00ebn e rasteve t\u00eb evidentuara deri tani dhe t\u00eb analizuara, rezultojn\u00eb t\u00eb jen\u00eb motive t\u00eb ndryshme, dominim motivet edhe t\u00eb ul\u00ebta, dominim motivet hakmarr\u00ebse dhe motivet tjera. Prandaj, n\u00ebse i analizojm\u00eb disa nga k\u00ebto raste q\u00eb kan\u00eb ndodh\u00eb n\u00eb Republik\u00ebn e Kosov\u00ebs, edhe vitin 2022, edhe vitin 2023, n\u00eb struktur\u00ebn e k\u00ebtij numri jan\u00eb prezent\u00eb edhe kategoria e vrasjeve kur kryer\u00ebsit p\u00ebr motive t\u00eb ul\u00ebta, motive banale q\u00eb n\u00eb perceptimin popullor rezulton, sinqerisht jan\u00eb prezent\u00eb p\u00ebr nj\u00eb num\u00ebr jo i vog\u00ebl i tyre, q\u00eb kryer\u00ebsit p\u00ebr motive krejt\u00ebsisht t\u00eb par\u00ebnd\u00ebsishme, ose krejt\u00ebsisht banale, ose dometh\u00ebn\u00eb s\u2019ka asnj\u00eb motiv q\u00eb e arsyeton vrasjen, p\u00ebrve\u00e7 ligj\u00ebrisht t\u00eb paraqitur rasteve e ve\u00e7anta, specifikisht me ligj t\u00eb p\u00ebrcaktuar kur \u00ebsht\u00eb n\u00eb vet\u00ebmbrojtje dhe vet\u00ebmbrojtja \u00ebsht\u00eb e domosdoshme. P\u00ebrve\u00e7 n\u00eb ato raste q\u00eb nj\u00eb m\u00ebnyr\u00eb apo tjet\u00ebr ekziston nj\u00eb arsyeshm\u00ebri e zmbrapsjes s\u00eb sulmit t\u00eb qassh\u00ebm n\u00eb kuptimin e rrethanave leht\u00ebsuese n\u00eb p\u00ebrgjith\u00ebsin\u00eb penale, krejt rasteve tjera jan\u00eb t\u00eb pajustifikuara, t\u00eb paarsyeshme\u201d, tha \u00c7ollakaj.<\/p>\n<p>Ai tha se nuk ka ndonj\u00eb kategorizim t\u00eb kryr\u00ebsve t\u00eb k\u00ebtyre veprave penale, t\u00eb cil\u00ebt mund t\u00eb jen\u00eb me shkollim t\u00eb ndrysh\u00ebm.<\/p>\n<p>\u201cN\u00eb praktik\u00ebn kriminalistike dhe n\u00eb praktik\u00ebn juridike nuk ka ndonj\u00eb kategorizim shembullizues, sepse edhe rezulton nga praktika edhe njer\u00ebzit me shkollim t\u00eb lart\u00eb n\u00eb rrethana t\u00eb ve\u00e7anta kan\u00eb rezultu q\u00eb t\u00eb jen\u00eb privues t\u00eb jet\u00ebs s\u00eb tjetrit. Edhe personat me shkollim t\u00eb ndrysh\u00ebm, edhe personat me afinitete t\u00eb ndryshme, prandaj nuk kisha than\u00eb q\u00eb ka ndonj\u00eb kategorizim specifik, por n\u00eb p\u00ebrgjith\u00ebsi vrasjet pra mund t\u00eb kryhen nga individ\u00eb t\u00eb ndrysh\u00ebm, t\u00eb cil\u00ebt n\u00eb rrethana t\u00eb ve\u00e7anta dominon err\u00ebsimi i arsyes, abstenimi i arsyes, un\u00eb tham\u00eb t\u00eb cil\u00ebt sigurisht m\u00eb pastaj pendohen. N\u00eb praktik\u00eb, prap\u00eb juridike del se jo t\u00eb gjith\u00eb jan\u00eb pendu. Edhe n\u00eb rastin, p\u00ebr shembull t\u00eb shqiptimit dhe d\u00ebnimit me gjykim t\u00eb gjykat\u00ebs kompetente, nuk \u00ebsht\u00eb pendu. Po k\u00ebto raste m\u00eb t\u00eb rralla, zakonisht pendohen t\u00eb gjith\u00eb. Q\u00eb i bie se, n\u00eb momentin e kryerjes s\u00eb vepr\u00ebs penale t\u00eb vrasjes, vet\u00ebdija e plot\u00eb e tyre n\u00eb kuptimin e arsyeshm\u00ebris\u00eb s\u00eb madhe ose t\u00eb plot\u00eb nuk ka qen\u00eb. Q\u00eb un\u00eb e quaj shum\u00eb her\u00eb me nj\u00eb terminologji dhe besoj q\u00eb kam drejt\u00eb, abstenon arsyeja. Abstenimi i \u00e7assh\u00ebm, i pjessh\u00ebm dhe abstenimi m\u00eb i gjat\u00eb. K\u00ebt\u00eb rast \u00ebsht\u00eb i \u00e7assh\u00ebm\u201d, tha \u00c7ollakaj.<\/p>\n","protected":false},"excerpt":{"rendered":"<p>Kosova, me nj\u00eb popullsi prej mbi 1 milion banor\u00ebsh, ka p\u00ebrjetuar nj\u00eb situat\u00eb shqet\u00ebsuese n\u00eb lidhje me numrin e vrasjeve. Pa kaluar shtatori, numri i vrasjeve k\u00ebt\u00eb vit, thuajse ka arritur numrin e vrasjeve t\u00eb vitit 2022. K\u00ebt\u00eb vit, vet\u00ebm deri me 4 shtator n\u00eb Kosov\u00eb jan\u00eb regjistruar 19 vrasje. Lidhur me k\u00ebto statistika, profesori [&hellip;]<\/p>\n","protected":false},"author":2,"featured_media":25853,"comment_status":"closed","ping_status":"closed","sticky":false,"template":"","format":"standard","meta":{"_monsterinsights_skip_tracking":false,"_monsterinsights_sitenote_active":false,"_monsterinsights_sitenote_note":"","_monsterinsights_sitenote_category":0,"_uf_show_specific_survey":0,"_uf_disable_surveys":false,"footnotes":""},"categories":[23,15],"tags":[],"yoast_head":"<!-- This site is optimized with the Yoast SEO plugin v21.5 - https:\/\/yoast.com\/wordpress\/plugins\/seo\/ -->\n<title>Eksperti i siguris\u00eb: Shumica e vrasjeve n\u00eb Kosov\u00eb po ndodhin p\u00ebr arsye banale, t\u00eb pa justifikueshme<\/title>\n<meta name=\"robots\" content=\"index, follow, max-snippet:-1, max-image-preview:large, max-video-preview:-1\" \/>\n<link rel=\"canonical\" href=\"https:\/\/permbledhja.com\/sq\/eksperti-i-sigurise-shumica-e-vrasjeve-ne-kosove-po-ndodhin-per-arsye-banale-te-pa-justifikueshme\/\" \/>\n<meta property=\"og:locale\" content=\"sq_AL\" \/>\n<meta property=\"og:type\" content=\"article\" \/>\n<meta property=\"og:title\" content=\"Eksperti i siguris\u00eb: Shumica e vrasjeve n\u00eb Kosov\u00eb po ndodhin p\u00ebr arsye banale, t\u00eb pa justifikueshme\" \/>\n<meta property=\"og:description\" content=\"Kosova, me nj\u00eb popullsi prej mbi 1 milion banor\u00ebsh, ka p\u00ebrjetuar nj\u00eb situat\u00eb shqet\u00ebsuese n\u00eb lidhje me numrin e vrasjeve. Pa kaluar shtatori, numri i vrasjeve k\u00ebt\u00eb vit, thuajse ka arritur numrin e vrasjeve t\u00eb vitit 2022. K\u00ebt\u00eb vit, vet\u00ebm deri me 4 shtator n\u00eb Kosov\u00eb jan\u00eb regjistruar 19 vrasje. Lidhur me k\u00ebto statistika, profesori [&hellip;]\" \/>\n<meta property=\"og:url\" content=\"https:\/\/permbledhja.com\/sq\/eksperti-i-sigurise-shumica-e-vrasjeve-ne-kosove-po-ndodhin-per-arsye-banale-te-pa-justifikueshme\/\" \/>\n<meta property=\"og:site_name\" content=\"Ve\u00e7 artikuj p\u00ebrmbledh\u00ebs\" \/>\n<meta property=\"article:publisher\" content=\"https:\/\/www.facebook.com\/press07\/\" \/>\n<meta property=\"article:published_time\" content=\"2023-09-05T11:24:46+00:00\" \/>\n<meta property=\"og:image\" content=\"https:\/\/permbledhja.com\/wp-content\/uploads\/2023\/09\/Shirit-i-Policise-foto-Rtv21.png\" \/>\n\t<meta property=\"og:image:width\" content=\"752\" \/>\n\t<meta property=\"og:image:height\" content=\"486\" \/>\n\t<meta property=\"og:image:type\" content=\"image\/png\" \/>\n<meta name=\"author\" content=\"M M\" \/>\n<meta name=\"twitter:card\" content=\"summary_large_image\" \/>\n<meta name=\"twitter:label1\" content=\"Written by\" \/>\n\t<meta name=\"twitter:data1\" content=\"M M\" \/>\n\t<meta name=\"twitter:label2\" content=\"Est. reading time\" \/>\n\t<meta name=\"twitter:data2\" content=\"3 minuta\" \/>\n<script type=\"application\/ld+json\" class=\"yoast-schema-graph\">{\"@context\":\"https:\/\/schema.org\",\"@graph\":[{\"@type\":\"Article\",\"@id\":\"https:\/\/permbledhja.com\/eksperti-i-sigurise-shumica-e-vrasjeve-ne-kosove-po-ndodhin-per-arsye-banale-te-pa-justifikueshme\/#article\",\"isPartOf\":{\"@id\":\"https:\/\/permbledhja.com\/eksperti-i-sigurise-shumica-e-vrasjeve-ne-kosove-po-ndodhin-per-arsye-banale-te-pa-justifikueshme\/\"},\"author\":{\"name\":\"M M\",\"@id\":\"https:\/\/permbledhja.com\/#\/schema\/person\/d23f13f59b5722643933d6780783acf3\"},\"headline\":\"Eksperti i siguris\u00eb: Shumica e vrasjeve n\u00eb Kosov\u00eb po ndodhin p\u00ebr arsye banale, t\u00eb pa justifikueshme\",\"datePublished\":\"2023-09-05T11:24:46+00:00\",\"dateModified\":\"2023-09-05T11:24:46+00:00\",\"mainEntityOfPage\":{\"@id\":\"https:\/\/permbledhja.com\/eksperti-i-sigurise-shumica-e-vrasjeve-ne-kosove-po-ndodhin-per-arsye-banale-te-pa-justifikueshme\/\"},\"wordCount\":573,\"publisher\":{\"@id\":\"https:\/\/permbledhja.com\/#organization\"},\"articleSection\":[\"Komb\u00ebtare\",\"Lajme\"],\"inLanguage\":\"sq\"},{\"@type\":\"WebPage\",\"@id\":\"https:\/\/permbledhja.com\/eksperti-i-sigurise-shumica-e-vrasjeve-ne-kosove-po-ndodhin-per-arsye-banale-te-pa-justifikueshme\/\",\"url\":\"https:\/\/permbledhja.com\/eksperti-i-sigurise-shumica-e-vrasjeve-ne-kosove-po-ndodhin-per-arsye-banale-te-pa-justifikueshme\/\",\"name\":\"Eksperti i siguris\u00eb: Shumica e vrasjeve n\u00eb Kosov\u00eb po ndodhin p\u00ebr arsye banale, t\u00eb pa justifikueshme\",\"isPartOf\":{\"@id\":\"https:\/\/permbledhja.com\/#website\"},\"datePublished\":\"2023-09-05T11:24:46+00:00\",\"dateModified\":\"2023-09-05T11:24:46+00:00\",\"breadcrumb\":{\"@id\":\"https:\/\/permbledhja.com\/eksperti-i-sigurise-shumica-e-vrasjeve-ne-kosove-po-ndodhin-per-arsye-banale-te-pa-justifikueshme\/#breadcrumb\"},\"inLanguage\":\"sq\",\"potentialAction\":[{\"@type\":\"ReadAction\",\"target\":[\"https:\/\/permbledhja.com\/eksperti-i-sigurise-shumica-e-vrasjeve-ne-kosove-po-ndodhin-per-arsye-banale-te-pa-justifikueshme\/\"]}]},{\"@type\":\"BreadcrumbList\",\"@id\":\"https:\/\/permbledhja.com\/eksperti-i-sigurise-shumica-e-vrasjeve-ne-kosove-po-ndodhin-per-arsye-banale-te-pa-justifikueshme\/#breadcrumb\",\"itemListElement\":[{\"@type\":\"ListItem\",\"position\":1,\"name\":\"Ballina\",\"item\":\"https:\/\/permbledhja.com\/sq\/\"},{\"@type\":\"ListItem\",\"position\":2,\"name\":\"Eksperti i siguris\u00eb: Shumica e vrasjeve n\u00eb Kosov\u00eb po ndodhin p\u00ebr arsye banale, t\u00eb pa justifikueshme\"}]},{\"@type\":\"WebSite\",\"@id\":\"https:\/\/permbledhja.com\/#website\",\"url\":\"https:\/\/permbledhja.com\/\",\"name\":\"Ve\u00e7 artikuj p\u00ebrmbledh\u00ebs\",\"description\":\"\",\"publisher\":{\"@id\":\"https:\/\/permbledhja.com\/#organization\"},\"potentialAction\":[{\"@type\":\"SearchAction\",\"target\":{\"@type\":\"EntryPoint\",\"urlTemplate\":\"https:\/\/permbledhja.com\/?s={search_term_string}\"},\"query-input\":\"required name=search_term_string\"}],\"inLanguage\":\"sq\"},{\"@type\":\"Organization\",\"@id\":\"https:\/\/permbledhja.com\/#organization\",\"name\":\"MK Media & Pr\",\"url\":\"https:\/\/permbledhja.com\/\",\"logo\":{\"@type\":\"ImageObject\",\"inLanguage\":\"sq\",\"@id\":\"https:\/\/permbledhja.com\/#\/schema\/logo\/image\/\",\"url\":\"https:\/\/permbledhja.com\/wp-content\/uploads\/2021\/12\/07-Press-Logo.jpg\",\"contentUrl\":\"https:\/\/permbledhja.com\/wp-content\/uploads\/2021\/12\/07-Press-Logo.jpg\",\"width\":512,\"height\":512,\"caption\":\"MK Media & Pr\"},\"image\":{\"@id\":\"https:\/\/permbledhja.com\/#\/schema\/logo\/image\/\"},\"sameAs\":[\"https:\/\/www.facebook.com\/press07\/\"]},{\"@type\":\"Person\",\"@id\":\"https:\/\/permbledhja.com\/#\/schema\/person\/d23f13f59b5722643933d6780783acf3\",\"name\":\"M M\",\"image\":{\"@type\":\"ImageObject\",\"inLanguage\":\"sq\",\"@id\":\"https:\/\/permbledhja.com\/#\/schema\/person\/image\/\",\"url\":\"https:\/\/secure.gravatar.com\/avatar\/e2835a76ca7c31a2416b2d51c4ec9a8f?s=96&d=mm&r=g\",\"contentUrl\":\"https:\/\/secure.gravatar.com\/avatar\/e2835a76ca7c31a2416b2d51c4ec9a8f?s=96&d=mm&r=g\",\"caption\":\"M M\"},\"sameAs\":[\"http:\/\/MM\"],\"url\":\"https:\/\/permbledhja.com\/sq\/author\/muhamet\/\"}]}<\/script>\n<!-- \/ Yoast SEO plugin. -->","yoast_head_json":{"title":"Eksperti i siguris\u00eb: Shumica e vrasjeve n\u00eb Kosov\u00eb po ndodhin p\u00ebr arsye banale, t\u00eb pa justifikueshme","robots":{"index":"index","follow":"follow","max-snippet":"max-snippet:-1","max-image-preview":"max-image-preview:large","max-video-preview":"max-video-preview:-1"},"canonical":"https:\/\/permbledhja.com\/sq\/eksperti-i-sigurise-shumica-e-vrasjeve-ne-kosove-po-ndodhin-per-arsye-banale-te-pa-justifikueshme\/","og_locale":"sq_AL","og_type":"article","og_title":"Eksperti i siguris\u00eb: Shumica e vrasjeve n\u00eb Kosov\u00eb po ndodhin p\u00ebr arsye banale, t\u00eb pa justifikueshme","og_description":"Kosova, me nj\u00eb popullsi prej mbi 1 milion banor\u00ebsh, ka p\u00ebrjetuar nj\u00eb situat\u00eb shqet\u00ebsuese n\u00eb lidhje me numrin e vrasjeve. Pa kaluar shtatori, numri i vrasjeve k\u00ebt\u00eb vit, thuajse ka arritur numrin e vrasjeve t\u00eb vitit 2022. K\u00ebt\u00eb vit, vet\u00ebm deri me 4 shtator n\u00eb Kosov\u00eb jan\u00eb regjistruar 19 vrasje. Lidhur me k\u00ebto statistika, profesori [&hellip;]","og_url":"https:\/\/permbledhja.com\/sq\/eksperti-i-sigurise-shumica-e-vrasjeve-ne-kosove-po-ndodhin-per-arsye-banale-te-pa-justifikueshme\/","og_site_name":"Ve\u00e7 artikuj p\u00ebrmbledh\u00ebs","article_publisher":"https:\/\/www.facebook.com\/press07\/","article_published_time":"2023-09-05T11:24:46+00:00","og_image":[{"width":752,"height":486,"url":"https:\/\/permbledhja.com\/wp-content\/uploads\/2023\/09\/Shirit-i-Policise-foto-Rtv21.png","type":"image\/png"}],"author":"M M","twitter_card":"summary_large_image","twitter_misc":{"Written by":"M M","Est. reading time":"3 minuta"},"schema":{"@context":"https:\/\/schema.org","@graph":[{"@type":"Article","@id":"https:\/\/permbledhja.com\/eksperti-i-sigurise-shumica-e-vrasjeve-ne-kosove-po-ndodhin-per-arsye-banale-te-pa-justifikueshme\/#article","isPartOf":{"@id":"https:\/\/permbledhja.com\/eksperti-i-sigurise-shumica-e-vrasjeve-ne-kosove-po-ndodhin-per-arsye-banale-te-pa-justifikueshme\/"},"author":{"name":"M M","@id":"https:\/\/permbledhja.com\/#\/schema\/person\/d23f13f59b5722643933d6780783acf3"},"headline":"Eksperti i siguris\u00eb: Shumica e vrasjeve n\u00eb Kosov\u00eb po ndodhin p\u00ebr arsye banale, t\u00eb pa justifikueshme","datePublished":"2023-09-05T11:24:46+00:00","dateModified":"2023-09-05T11:24:46+00:00","mainEntityOfPage":{"@id":"https:\/\/permbledhja.com\/eksperti-i-sigurise-shumica-e-vrasjeve-ne-kosove-po-ndodhin-per-arsye-banale-te-pa-justifikueshme\/"},"wordCount":573,"publisher":{"@id":"https:\/\/permbledhja.com\/#organization"},"articleSection":["Komb\u00ebtare","Lajme"],"inLanguage":"sq"},{"@type":"WebPage","@id":"https:\/\/permbledhja.com\/eksperti-i-sigurise-shumica-e-vrasjeve-ne-kosove-po-ndodhin-per-arsye-banale-te-pa-justifikueshme\/","url":"https:\/\/permbledhja.com\/eksperti-i-sigurise-shumica-e-vrasjeve-ne-kosove-po-ndodhin-per-arsye-banale-te-pa-justifikueshme\/","name":"Eksperti i siguris\u00eb: Shumica e vrasjeve n\u00eb Kosov\u00eb po ndodhin p\u00ebr arsye banale, t\u00eb pa justifikueshme","isPartOf":{"@id":"https:\/\/permbledhja.com\/#website"},"datePublished":"2023-09-05T11:24:46+00:00","dateModified":"2023-09-05T11:24:46+00:00","breadcrumb":{"@id":"https:\/\/permbledhja.com\/eksperti-i-sigurise-shumica-e-vrasjeve-ne-kosove-po-ndodhin-per-arsye-banale-te-pa-justifikueshme\/#breadcrumb"},"inLanguage":"sq","potentialAction":[{"@type":"ReadAction","target":["https:\/\/permbledhja.com\/eksperti-i-sigurise-shumica-e-vrasjeve-ne-kosove-po-ndodhin-per-arsye-banale-te-pa-justifikueshme\/"]}]},{"@type":"BreadcrumbList","@id":"https:\/\/permbledhja.com\/eksperti-i-sigurise-shumica-e-vrasjeve-ne-kosove-po-ndodhin-per-arsye-banale-te-pa-justifikueshme\/#breadcrumb","itemListElement":[{"@type":"ListItem","position":1,"name":"Ballina","item":"https:\/\/permbledhja.com\/sq\/"},{"@type":"ListItem","position":2,"name":"Eksperti i siguris\u00eb: Shumica e vrasjeve n\u00eb Kosov\u00eb po ndodhin p\u00ebr arsye banale, t\u00eb pa justifikueshme"}]},{"@type":"WebSite","@id":"https:\/\/permbledhja.com\/#website","url":"https:\/\/permbledhja.com\/","name":"Ve\u00e7 artikuj p\u00ebrmbledh\u00ebs","description":"","publisher":{"@id":"https:\/\/permbledhja.com\/#organization"},"potentialAction":[{"@type":"SearchAction","target":{"@type":"EntryPoint","urlTemplate":"https:\/\/permbledhja.com\/?s={search_term_string}"},"query-input":"required name=search_term_string"}],"inLanguage":"sq"},{"@type":"Organization","@id":"https:\/\/permbledhja.com\/#organization","name":"MK Media & Pr","url":"https:\/\/permbledhja.com\/","logo":{"@type":"ImageObject","inLanguage":"sq","@id":"https:\/\/permbledhja.com\/#\/schema\/logo\/image\/","url":"https:\/\/permbledhja.com\/wp-content\/uploads\/2021\/12\/07-Press-Logo.jpg","contentUrl":"https:\/\/permbledhja.com\/wp-content\/uploads\/2021\/12\/07-Press-Logo.jpg","width":512,"height":512,"caption":"MK Media & Pr"},"image":{"@id":"https:\/\/permbledhja.com\/#\/schema\/logo\/image\/"},"sameAs":["https:\/\/www.facebook.com\/press07\/"]},{"@type":"Person","@id":"https:\/\/permbledhja.com\/#\/schema\/person\/d23f13f59b5722643933d6780783acf3","name":"M M","image":{"@type":"ImageObject","inLanguage":"sq","@id":"https:\/\/permbledhja.com\/#\/schema\/person\/image\/","url":"https:\/\/secure.gravatar.com\/avatar\/e2835a76ca7c31a2416b2d51c4ec9a8f?s=96&d=mm&r=g","contentUrl":"https:\/\/secure.gravatar.com\/avatar\/e2835a76ca7c31a2416b2d51c4ec9a8f?s=96&d=mm&r=g","caption":"M M"},"sameAs":["http:\/\/MM"],"url":"https:\/\/permbledhja.com\/sq\/author\/muhamet\/"}]}},"_links":{"self":[{"href":"https:\/\/permbledhja.com\/sq\/wp-json\/wp\/v2\/posts\/25852"}],"collection":[{"href":"https:\/\/permbledhja.com\/sq\/wp-json\/wp\/v2\/posts"}],"about":[{"href":"https:\/\/permbledhja.com\/sq\/wp-json\/wp\/v2\/types\/post"}],"author":[{"embeddable":true,"href":"https:\/\/permbledhja.com\/sq\/wp-json\/wp\/v2\/users\/2"}],"replies":[{"embeddable":true,"href":"https:\/\/permbledhja.com\/sq\/wp-json\/wp\/v2\/comments?post=25852"}],"version-history":[{"count":1,"href":"https:\/\/permbledhja.com\/sq\/wp-json\/wp\/v2\/posts\/25852\/revisions"}],"predecessor-version":[{"id":25856,"href":"https:\/\/permbledhja.com\/sq\/wp-json\/wp\/v2\/posts\/25852\/revisions\/25856"}],"wp:featuredmedia":[{"embeddable":true,"href":"https:\/\/permbledhja.com\/sq\/wp-json\/wp\/v2\/media\/25853"}],"wp:attachment":[{"href":"https:\/\/permbledhja.com\/sq\/wp-json\/wp\/v2\/media?parent=25852"}],"wp:term":[{"taxonomy":"category","embeddable":true,"href":"https:\/\/permbledhja.com\/sq\/wp-json\/wp\/v2\/categories?post=25852"},{"taxonomy":"post_tag","embeddable":true,"href":"https:\/\/permbledhja.com\/sq\/wp-json\/wp\/v2\/tags?post=25852"}],"curies":[{"name":"wp","href":"https:\/\/api.w.org\/{rel}","templated":true}]}}