{"id":25849,"date":"2023-09-05T11:14:21","date_gmt":"2023-09-05T11:14:21","guid":{"rendered":"https:\/\/permbledhja.com\/?p=25849"},"modified":"2023-09-05T11:24:01","modified_gmt":"2023-09-05T11:24:01","slug":"presidentja-osmani-e-komenton-puthjen-live-me-prindonin-gjate-nje-interviste-televizive","status":"publish","type":"post","link":"https:\/\/permbledhja.com\/sq\/presidentja-osmani-e-komenton-puthjen-live-me-prindonin-gjate-nje-interviste-televizive\/","title":{"rendered":"Presidentja Osmani e komenton puthjen live me Prindonin, gjat\u00eb nj\u00eb interviste televizive"},"content":{"rendered":"<h3>Presidentja Vjosa Osmani ka komentuar puthjen live me bashk\u00ebshortin gjat\u00eb nj\u00eb interviste televizive.<\/h3>\n<p>E ftuar n\u00eb \u201cTop Story\u201d, Osmani tha se familja e fort\u00eb \u00ebsht\u00eb nj\u00eb nd\u00ebr vlerat m\u00eb t\u00eb r\u00ebnd\u00ebsishme t\u00eb popullit shqiptar.<\/p>\n<p>\u201cUn\u00eb jam shum\u00eb me fat q\u00eb e kam p\u00ebrkrahjen e pakursyer t\u00eb bashk\u00ebshortit dhe n\u00eb asnj\u00eb moment nuk mendoj q\u00eb shprehja e dashuris\u00eb ndaj personit q\u00eb e do, bashk\u00ebshortit n\u00eb k\u00ebt\u00eb rast, duhet t\u00eb t\u00eb b\u00ebj\u00eb t\u00eb ndihesh me m\u00eb pak vet\u00ebbesim. P\u00ebrkundrazi, kur ke n\u00eb familje bashk\u00ebshort, motra, v\u00ebllez\u00ebr dhe tani edhe dy vajzat e mija q\u00eb \u00e7do dit\u00eb m\u00eb inspirojn\u00eb dhe japin energji pozitive, kjo vet\u00ebm sa e rrit vet\u00ebbesimin\u201d- tha Osmani.<\/p>\n<p><strong>Pjes\u00eb nga biseda:<\/strong><\/p>\n<p><strong>Duma<\/strong>: Po momenti kur Vjosa Osmani gjat\u00eb nj\u00eb interviste live puth bashk\u00ebshortin e vet\u00eb. \u00cbsht\u00eb di\u00e7ka q\u00eb nuk e kan\u00eb b\u00ebr\u00eb ende politikanet shqiptare. Ndjehesh se keni humbur nonj\u00eb gj\u00eb apo ke fituar shum\u00eb m\u00eb tep\u00ebr n\u00eb t\u00eb qenurit grua n\u00eb politik\u00eb?<\/p>\n<p><strong>Osmani<\/strong>: Vet\u00ebbesimi si grua p\u00ebr mua ka filluar n\u00eb familje si f\u00ebmij\u00eb. Ne jemi 4 motra dhe nj\u00eb v\u00eblla dhe jemi rritur me prind\u00ebr q\u00eb na kan\u00eb shtyr\u00eb drejt nj\u00eb rruge ku, ndoshta edhe p\u00ebr shkak se rrethanat kan\u00eb qen\u00eb t\u00eb jasht\u00ebzakonshme, vet\u00ebbesimi ka qen\u00eb element i pandash\u00ebm i rritjes ton\u00eb.<\/p>\n<p>N\u00eb ve\u00e7anti babi na ka dh\u00ebn\u00eb p\u00ebrkrahje q\u00eb si vajza q\u00eb jetojm\u00eb n\u00eb koh\u00eb t\u00eb v\u00ebshtira dhe nj\u00eb sistem patriakal t\u00eb fuqizohemi, t\u00eb ndihemi t\u00eb pavarura dhe t\u00eb mos ndalemi para asnj\u00eb sfide. Un\u00eb jam shum\u00eb me fat q\u00eb e kam p\u00ebrkrahjen e pakursyer t\u00eb bashk\u00ebshortit dhe n\u00eb asnj\u00eb moment nuk mendoj q\u00eb shprehja e dashuris\u00eb ndaj personit q\u00eb e do, bashk\u00ebshortit n\u00eb k\u00ebt\u00eb rast, duhet t\u00eb t\u00eb b\u00ebj\u00eb t\u00eb ndihesh me m\u00eb pak vet\u00ebbesim. P\u00ebrkundrazi, kur ke n\u00eb familje bashk\u00ebshort, motra, v\u00ebllez\u00ebr dhe tani edhe dy vajzat e mija q\u00eb \u00e7do dit\u00eb m\u00eb inspirojn\u00eb dhe japin energji pozitive, kjo vet\u00ebm sa e rrit vet\u00ebbesimin.<\/p>\n<p>Familja e fort\u00eb \u00ebsht\u00eb nj\u00eb nd\u00ebr vlerat m\u00eb t\u00eb r\u00ebnd\u00ebsishme t\u00eb popullit ton\u00eb dhe un\u00eb tentoj t\u00eb flas p\u00ebr at\u00eb, t\u00eb flas p\u00ebr t\u00eb kudo q\u00eb shkoj\u00eb, sepse ka qen\u00eb edhe celula q\u00eb n\u00eb fakt na ka ndihmuar t\u00eb tejkalojm\u00eb edhe m\u00eb t\u00eb tmerrshmen, gjenocidin. Duhet t\u00eb kemi solidaritet brenda familjes n\u00eb radh\u00eb t\u00eb par\u00eb, dhe m\u00eb pas me fqinj\u00ebt, t\u00eb af\u00ebrmit, t\u00eb tjer\u00ebt, me t\u00eb gjith\u00eb popullin. Edhe sot fakti q\u00eb m\u00ebrgata jon\u00eb \u00ebsht\u00eb ajo q\u00eb e ndihmon aq shum\u00eb, tregon r\u00ebnd\u00ebsin\u00eb e familjes.<\/p>\n","protected":false},"excerpt":{"rendered":"<p>Presidentja Vjosa Osmani ka komentuar puthjen live me bashk\u00ebshortin gjat\u00eb nj\u00eb interviste televizive. E ftuar n\u00eb \u201cTop Story\u201d, Osmani tha se familja e fort\u00eb \u00ebsht\u00eb nj\u00eb nd\u00ebr vlerat m\u00eb t\u00eb r\u00ebnd\u00ebsishme t\u00eb popullit shqiptar. \u201cUn\u00eb jam shum\u00eb me fat q\u00eb e kam p\u00ebrkrahjen e pakursyer t\u00eb bashk\u00ebshortit dhe n\u00eb asnj\u00eb moment nuk mendoj q\u00eb shprehja [&hellip;]<\/p>\n","protected":false},"author":2,"featured_media":25850,"comment_status":"closed","ping_status":"closed","sticky":false,"template":"","format":"standard","meta":{"_monsterinsights_skip_tracking":false,"_monsterinsights_sitenote_active":false,"_monsterinsights_sitenote_note":"","_monsterinsights_sitenote_category":0,"_uf_show_specific_survey":0,"_uf_disable_surveys":false,"footnotes":""},"categories":[15],"tags":[163],"yoast_head":"<!-- This site is optimized with the Yoast SEO plugin v21.5 - https:\/\/yoast.com\/wordpress\/plugins\/seo\/ -->\n<title>Presidentja Osmani e komenton puthjen live me Prindonin, gjat\u00eb nj\u00eb interviste televizive<\/title>\n<meta name=\"robots\" content=\"index, follow, max-snippet:-1, max-image-preview:large, max-video-preview:-1\" \/>\n<link rel=\"canonical\" href=\"https:\/\/permbledhja.com\/sq\/presidentja-osmani-e-komenton-puthjen-live-me-prindonin-gjate-nje-interviste-televizive\/\" \/>\n<meta property=\"og:locale\" content=\"sq_AL\" \/>\n<meta property=\"og:type\" content=\"article\" \/>\n<meta property=\"og:title\" content=\"Presidentja Osmani e komenton puthjen live me Prindonin, gjat\u00eb nj\u00eb interviste televizive\" \/>\n<meta property=\"og:description\" content=\"Presidentja Vjosa Osmani ka komentuar puthjen live me bashk\u00ebshortin gjat\u00eb nj\u00eb interviste televizive. E ftuar n\u00eb \u201cTop Story\u201d, Osmani tha se familja e fort\u00eb \u00ebsht\u00eb nj\u00eb nd\u00ebr vlerat m\u00eb t\u00eb r\u00ebnd\u00ebsishme t\u00eb popullit shqiptar. \u201cUn\u00eb jam shum\u00eb me fat q\u00eb e kam p\u00ebrkrahjen e pakursyer t\u00eb bashk\u00ebshortit dhe n\u00eb asnj\u00eb moment nuk mendoj q\u00eb shprehja [&hellip;]\" \/>\n<meta property=\"og:url\" content=\"https:\/\/permbledhja.com\/sq\/presidentja-osmani-e-komenton-puthjen-live-me-prindonin-gjate-nje-interviste-televizive\/\" \/>\n<meta property=\"og:site_name\" content=\"Ve\u00e7 artikuj p\u00ebrmbledh\u00ebs\" \/>\n<meta property=\"article:publisher\" content=\"https:\/\/www.facebook.com\/press07\/\" \/>\n<meta property=\"article:published_time\" content=\"2023-09-05T11:14:21+00:00\" \/>\n<meta property=\"article:modified_time\" content=\"2023-09-05T11:24:01+00:00\" \/>\n<meta property=\"og:image\" content=\"https:\/\/permbledhja.com\/wp-content\/uploads\/2023\/09\/kkk.jpg\" \/>\n\t<meta property=\"og:image:width\" content=\"1028\" \/>\n\t<meta property=\"og:image:height\" content=\"635\" \/>\n\t<meta property=\"og:image:type\" content=\"image\/jpeg\" \/>\n<meta name=\"author\" content=\"M M\" \/>\n<meta name=\"twitter:card\" content=\"summary_large_image\" \/>\n<meta name=\"twitter:label1\" content=\"Written by\" \/>\n\t<meta name=\"twitter:data1\" content=\"M M\" \/>\n\t<meta name=\"twitter:label2\" content=\"Est. reading time\" \/>\n\t<meta name=\"twitter:data2\" content=\"2 minuta\" \/>\n<script type=\"application\/ld+json\" class=\"yoast-schema-graph\">{\"@context\":\"https:\/\/schema.org\",\"@graph\":[{\"@type\":\"Article\",\"@id\":\"https:\/\/permbledhja.com\/sq\/presidentja-osmani-e-komenton-puthjen-live-me-prindonin-gjate-nje-interviste-televizive\/#article\",\"isPartOf\":{\"@id\":\"https:\/\/permbledhja.com\/sq\/presidentja-osmani-e-komenton-puthjen-live-me-prindonin-gjate-nje-interviste-televizive\/\"},\"author\":{\"name\":\"M M\",\"@id\":\"https:\/\/permbledhja.com\/#\/schema\/person\/d23f13f59b5722643933d6780783acf3\"},\"headline\":\"Presidentja Osmani e komenton puthjen live me Prindonin, gjat\u00eb nj\u00eb interviste televizive\",\"datePublished\":\"2023-09-05T11:14:21+00:00\",\"dateModified\":\"2023-09-05T11:24:01+00:00\",\"mainEntityOfPage\":{\"@id\":\"https:\/\/permbledhja.com\/sq\/presidentja-osmani-e-komenton-puthjen-live-me-prindonin-gjate-nje-interviste-televizive\/\"},\"wordCount\":462,\"publisher\":{\"@id\":\"https:\/\/permbledhja.com\/#organization\"},\"keywords\":[\"Vjosa Osmani\"],\"articleSection\":[\"Lajme\"],\"inLanguage\":\"sq\"},{\"@type\":\"WebPage\",\"@id\":\"https:\/\/permbledhja.com\/sq\/presidentja-osmani-e-komenton-puthjen-live-me-prindonin-gjate-nje-interviste-televizive\/\",\"url\":\"https:\/\/permbledhja.com\/sq\/presidentja-osmani-e-komenton-puthjen-live-me-prindonin-gjate-nje-interviste-televizive\/\",\"name\":\"Presidentja Osmani e komenton puthjen live me Prindonin, gjat\u00eb nj\u00eb interviste televizive\",\"isPartOf\":{\"@id\":\"https:\/\/permbledhja.com\/#website\"},\"datePublished\":\"2023-09-05T11:14:21+00:00\",\"dateModified\":\"2023-09-05T11:24:01+00:00\",\"breadcrumb\":{\"@id\":\"https:\/\/permbledhja.com\/sq\/presidentja-osmani-e-komenton-puthjen-live-me-prindonin-gjate-nje-interviste-televizive\/#breadcrumb\"},\"inLanguage\":\"sq\",\"potentialAction\":[{\"@type\":\"ReadAction\",\"target\":[\"https:\/\/permbledhja.com\/sq\/presidentja-osmani-e-komenton-puthjen-live-me-prindonin-gjate-nje-interviste-televizive\/\"]}]},{\"@type\":\"BreadcrumbList\",\"@id\":\"https:\/\/permbledhja.com\/sq\/presidentja-osmani-e-komenton-puthjen-live-me-prindonin-gjate-nje-interviste-televizive\/#breadcrumb\",\"itemListElement\":[{\"@type\":\"ListItem\",\"position\":1,\"name\":\"Ballina\",\"item\":\"https:\/\/permbledhja.com\/sq\/\"},{\"@type\":\"ListItem\",\"position\":2,\"name\":\"Presidentja Osmani e komenton puthjen live me Prindonin, gjat\u00eb nj\u00eb interviste televizive\"}]},{\"@type\":\"WebSite\",\"@id\":\"https:\/\/permbledhja.com\/#website\",\"url\":\"https:\/\/permbledhja.com\/\",\"name\":\"Ve\u00e7 artikuj p\u00ebrmbledh\u00ebs\",\"description\":\"\",\"publisher\":{\"@id\":\"https:\/\/permbledhja.com\/#organization\"},\"potentialAction\":[{\"@type\":\"SearchAction\",\"target\":{\"@type\":\"EntryPoint\",\"urlTemplate\":\"https:\/\/permbledhja.com\/?s={search_term_string}\"},\"query-input\":\"required name=search_term_string\"}],\"inLanguage\":\"sq\"},{\"@type\":\"Organization\",\"@id\":\"https:\/\/permbledhja.com\/#organization\",\"name\":\"MK Media & Pr\",\"url\":\"https:\/\/permbledhja.com\/\",\"logo\":{\"@type\":\"ImageObject\",\"inLanguage\":\"sq\",\"@id\":\"https:\/\/permbledhja.com\/#\/schema\/logo\/image\/\",\"url\":\"https:\/\/permbledhja.com\/wp-content\/uploads\/2021\/12\/07-Press-Logo.jpg\",\"contentUrl\":\"https:\/\/permbledhja.com\/wp-content\/uploads\/2021\/12\/07-Press-Logo.jpg\",\"width\":512,\"height\":512,\"caption\":\"MK Media & Pr\"},\"image\":{\"@id\":\"https:\/\/permbledhja.com\/#\/schema\/logo\/image\/\"},\"sameAs\":[\"https:\/\/www.facebook.com\/press07\/\"]},{\"@type\":\"Person\",\"@id\":\"https:\/\/permbledhja.com\/#\/schema\/person\/d23f13f59b5722643933d6780783acf3\",\"name\":\"M M\",\"image\":{\"@type\":\"ImageObject\",\"inLanguage\":\"sq\",\"@id\":\"https:\/\/permbledhja.com\/#\/schema\/person\/image\/\",\"url\":\"https:\/\/secure.gravatar.com\/avatar\/e2835a76ca7c31a2416b2d51c4ec9a8f?s=96&d=mm&r=g\",\"contentUrl\":\"https:\/\/secure.gravatar.com\/avatar\/e2835a76ca7c31a2416b2d51c4ec9a8f?s=96&d=mm&r=g\",\"caption\":\"M M\"},\"sameAs\":[\"http:\/\/MM\"],\"url\":\"https:\/\/permbledhja.com\/sq\/author\/muhamet\/\"}]}<\/script>\n<!-- \/ Yoast SEO plugin. -->","yoast_head_json":{"title":"Presidentja Osmani e komenton puthjen live me Prindonin, gjat\u00eb nj\u00eb interviste televizive","robots":{"index":"index","follow":"follow","max-snippet":"max-snippet:-1","max-image-preview":"max-image-preview:large","max-video-preview":"max-video-preview:-1"},"canonical":"https:\/\/permbledhja.com\/sq\/presidentja-osmani-e-komenton-puthjen-live-me-prindonin-gjate-nje-interviste-televizive\/","og_locale":"sq_AL","og_type":"article","og_title":"Presidentja Osmani e komenton puthjen live me Prindonin, gjat\u00eb nj\u00eb interviste televizive","og_description":"Presidentja Vjosa Osmani ka komentuar puthjen live me bashk\u00ebshortin gjat\u00eb nj\u00eb interviste televizive. E ftuar n\u00eb \u201cTop Story\u201d, Osmani tha se familja e fort\u00eb \u00ebsht\u00eb nj\u00eb nd\u00ebr vlerat m\u00eb t\u00eb r\u00ebnd\u00ebsishme t\u00eb popullit shqiptar. \u201cUn\u00eb jam shum\u00eb me fat q\u00eb e kam p\u00ebrkrahjen e pakursyer t\u00eb bashk\u00ebshortit dhe n\u00eb asnj\u00eb moment nuk mendoj q\u00eb shprehja [&hellip;]","og_url":"https:\/\/permbledhja.com\/sq\/presidentja-osmani-e-komenton-puthjen-live-me-prindonin-gjate-nje-interviste-televizive\/","og_site_name":"Ve\u00e7 artikuj p\u00ebrmbledh\u00ebs","article_publisher":"https:\/\/www.facebook.com\/press07\/","article_published_time":"2023-09-05T11:14:21+00:00","article_modified_time":"2023-09-05T11:24:01+00:00","og_image":[{"width":1028,"height":635,"url":"https:\/\/permbledhja.com\/wp-content\/uploads\/2023\/09\/kkk.jpg","type":"image\/jpeg"}],"author":"M M","twitter_card":"summary_large_image","twitter_misc":{"Written by":"M M","Est. reading time":"2 minuta"},"schema":{"@context":"https:\/\/schema.org","@graph":[{"@type":"Article","@id":"https:\/\/permbledhja.com\/sq\/presidentja-osmani-e-komenton-puthjen-live-me-prindonin-gjate-nje-interviste-televizive\/#article","isPartOf":{"@id":"https:\/\/permbledhja.com\/sq\/presidentja-osmani-e-komenton-puthjen-live-me-prindonin-gjate-nje-interviste-televizive\/"},"author":{"name":"M M","@id":"https:\/\/permbledhja.com\/#\/schema\/person\/d23f13f59b5722643933d6780783acf3"},"headline":"Presidentja Osmani e komenton puthjen live me Prindonin, gjat\u00eb nj\u00eb interviste televizive","datePublished":"2023-09-05T11:14:21+00:00","dateModified":"2023-09-05T11:24:01+00:00","mainEntityOfPage":{"@id":"https:\/\/permbledhja.com\/sq\/presidentja-osmani-e-komenton-puthjen-live-me-prindonin-gjate-nje-interviste-televizive\/"},"wordCount":462,"publisher":{"@id":"https:\/\/permbledhja.com\/#organization"},"keywords":["Vjosa Osmani"],"articleSection":["Lajme"],"inLanguage":"sq"},{"@type":"WebPage","@id":"https:\/\/permbledhja.com\/sq\/presidentja-osmani-e-komenton-puthjen-live-me-prindonin-gjate-nje-interviste-televizive\/","url":"https:\/\/permbledhja.com\/sq\/presidentja-osmani-e-komenton-puthjen-live-me-prindonin-gjate-nje-interviste-televizive\/","name":"Presidentja Osmani e komenton puthjen live me Prindonin, gjat\u00eb nj\u00eb interviste televizive","isPartOf":{"@id":"https:\/\/permbledhja.com\/#website"},"datePublished":"2023-09-05T11:14:21+00:00","dateModified":"2023-09-05T11:24:01+00:00","breadcrumb":{"@id":"https:\/\/permbledhja.com\/sq\/presidentja-osmani-e-komenton-puthjen-live-me-prindonin-gjate-nje-interviste-televizive\/#breadcrumb"},"inLanguage":"sq","potentialAction":[{"@type":"ReadAction","target":["https:\/\/permbledhja.com\/sq\/presidentja-osmani-e-komenton-puthjen-live-me-prindonin-gjate-nje-interviste-televizive\/"]}]},{"@type":"BreadcrumbList","@id":"https:\/\/permbledhja.com\/sq\/presidentja-osmani-e-komenton-puthjen-live-me-prindonin-gjate-nje-interviste-televizive\/#breadcrumb","itemListElement":[{"@type":"ListItem","position":1,"name":"Ballina","item":"https:\/\/permbledhja.com\/sq\/"},{"@type":"ListItem","position":2,"name":"Presidentja Osmani e komenton puthjen live me Prindonin, gjat\u00eb nj\u00eb interviste televizive"}]},{"@type":"WebSite","@id":"https:\/\/permbledhja.com\/#website","url":"https:\/\/permbledhja.com\/","name":"Ve\u00e7 artikuj p\u00ebrmbledh\u00ebs","description":"","publisher":{"@id":"https:\/\/permbledhja.com\/#organization"},"potentialAction":[{"@type":"SearchAction","target":{"@type":"EntryPoint","urlTemplate":"https:\/\/permbledhja.com\/?s={search_term_string}"},"query-input":"required name=search_term_string"}],"inLanguage":"sq"},{"@type":"Organization","@id":"https:\/\/permbledhja.com\/#organization","name":"MK Media & Pr","url":"https:\/\/permbledhja.com\/","logo":{"@type":"ImageObject","inLanguage":"sq","@id":"https:\/\/permbledhja.com\/#\/schema\/logo\/image\/","url":"https:\/\/permbledhja.com\/wp-content\/uploads\/2021\/12\/07-Press-Logo.jpg","contentUrl":"https:\/\/permbledhja.com\/wp-content\/uploads\/2021\/12\/07-Press-Logo.jpg","width":512,"height":512,"caption":"MK Media & Pr"},"image":{"@id":"https:\/\/permbledhja.com\/#\/schema\/logo\/image\/"},"sameAs":["https:\/\/www.facebook.com\/press07\/"]},{"@type":"Person","@id":"https:\/\/permbledhja.com\/#\/schema\/person\/d23f13f59b5722643933d6780783acf3","name":"M M","image":{"@type":"ImageObject","inLanguage":"sq","@id":"https:\/\/permbledhja.com\/#\/schema\/person\/image\/","url":"https:\/\/secure.gravatar.com\/avatar\/e2835a76ca7c31a2416b2d51c4ec9a8f?s=96&d=mm&r=g","contentUrl":"https:\/\/secure.gravatar.com\/avatar\/e2835a76ca7c31a2416b2d51c4ec9a8f?s=96&d=mm&r=g","caption":"M M"},"sameAs":["http:\/\/MM"],"url":"https:\/\/permbledhja.com\/sq\/author\/muhamet\/"}]}},"_links":{"self":[{"href":"https:\/\/permbledhja.com\/sq\/wp-json\/wp\/v2\/posts\/25849"}],"collection":[{"href":"https:\/\/permbledhja.com\/sq\/wp-json\/wp\/v2\/posts"}],"about":[{"href":"https:\/\/permbledhja.com\/sq\/wp-json\/wp\/v2\/types\/post"}],"author":[{"embeddable":true,"href":"https:\/\/permbledhja.com\/sq\/wp-json\/wp\/v2\/users\/2"}],"replies":[{"embeddable":true,"href":"https:\/\/permbledhja.com\/sq\/wp-json\/wp\/v2\/comments?post=25849"}],"version-history":[{"count":1,"href":"https:\/\/permbledhja.com\/sq\/wp-json\/wp\/v2\/posts\/25849\/revisions"}],"predecessor-version":[{"id":25851,"href":"https:\/\/permbledhja.com\/sq\/wp-json\/wp\/v2\/posts\/25849\/revisions\/25851"}],"wp:featuredmedia":[{"embeddable":true,"href":"https:\/\/permbledhja.com\/sq\/wp-json\/wp\/v2\/media\/25850"}],"wp:attachment":[{"href":"https:\/\/permbledhja.com\/sq\/wp-json\/wp\/v2\/media?parent=25849"}],"wp:term":[{"taxonomy":"category","embeddable":true,"href":"https:\/\/permbledhja.com\/sq\/wp-json\/wp\/v2\/categories?post=25849"},{"taxonomy":"post_tag","embeddable":true,"href":"https:\/\/permbledhja.com\/sq\/wp-json\/wp\/v2\/tags?post=25849"}],"curies":[{"name":"wp","href":"https:\/\/api.w.org\/{rel}","templated":true}]}}