{"id":25845,"date":"2023-09-05T10:54:13","date_gmt":"2023-09-05T10:54:13","guid":{"rendered":"https:\/\/permbledhja.com\/?p=25845"},"modified":"2023-09-05T10:54:27","modified_gmt":"2023-09-05T10:54:27","slug":"policia-e-kosoves-zhvillon-aksion-ne-veri-kapet-sasi-e-madhe-e-armatimit","status":"publish","type":"post","link":"https:\/\/permbledhja.com\/sq\/policia-e-kosoves-zhvillon-aksion-ne-veri-kapet-sasi-e-madhe-e-armatimit\/","title":{"rendered":"Policia e Kosov\u00ebs zhvillon aksion n\u00eb veri, kapet sasi e madhe e armatimit"},"content":{"rendered":"<h3>Policia e Kosov\u00ebs ka nd\u00ebrmarr\u00eb sot nj\u00eb aksion n\u00eb Zve\u00e7an ku ka zbuluar sasi t\u00eb madhe t\u00eb armatimit.<\/h3>\n<p>K\u00ebt\u00eb e ka b\u00ebr\u00eb t\u00eb ditur Xhelal Sve\u00e7la, minist\u00ebr i Brendsh\u00ebm me an\u00eb t\u00eb nj\u00eb postimi n\u00eb Facebook.<\/p>\n<p>Granata dore, arm\u00eb automatike, fishek\u00eb e eksploziv jan\u00eb zbuluar n\u00eb k\u00ebt\u00eb sht\u00ebpi ku u nd\u00ebrmorr aksioni.<\/p>\n<p><strong>Postimi i plot\u00eb i Sve\u00e7l\u00ebs:<\/strong><\/p>\n<p>P\u00ebr 2 dekada, veriu i Kosov\u00ebs ka jetuar n\u00eb ilegalitet, n\u00eb nj\u00eb rend anormal, ku kan\u00eb gjetur streh\u00eb organizatat kriminale e kriminel\u00ebt e financuar nga Beogradi.<\/p>\n<p>Kontrabandimi, hyrja ilegalisht e mallrave e arm\u00ebve n\u00eb Kosov\u00eb, ka prodhuar situat\u00eb shqet\u00ebsuese edhe p\u00ebr qytetar\u00ebt tan\u00eb n\u00eb veri, t\u00eb cil\u00ebt t\u00eb p\u00ebrballur me fuqin\u00eb e kriminel\u00ebve kan\u00eb jetuar n\u00ebn shantazh e presion t\u00eb vazhduesh\u00ebm.<\/p>\n<p>Si Qeveri, gjat\u00eb 2 viteve t\u00eb fundit, kemi zbuluar e bllokuar rrug\u00ebt ilegale t\u00eb kontrabandimit. Dit\u00ebn e sotme, Policia e Kosov\u00ebs s\u00eb bashku me institucionet e inteligjenc\u00ebs, pas identifikimit, ka zhvilluar bastisje n\u00eb nj\u00eb baz\u00eb t\u00eb armatimit n\u00eb veriun e Kosov\u00ebs, konkretisht n\u00eb Zve\u00e7an. Kjo sht\u00ebpi \u00ebsht\u00eb p\u00ebrdorur p\u00ebr grumbullim dhe shp\u00ebrndarje t\u00eb armatimit p\u00ebr grupet kriminale serbe.<\/p>\n<p>Deri m\u00eb tani \u00ebsht\u00eb zbuluar nj\u00eb sasi e madhe e armatimit, duke p\u00ebrfshir\u00eb arm\u00eb automatike, fishek\u00eb, granata dore dhe eksploziv. N\u00eb vendin e ngjarjes, p\u00ebrve\u00e7 institucioneve t\u00eb siguris\u00eb, kan\u00eb qen\u00eb t\u00eb pranish\u00ebm edhe p\u00ebrfaq\u00ebsues t\u00eb KFOR-it.<\/p>\n<p>Veriu hap pas hapi po shkon drejt normalitetit. Rendi dhe ligji nuk do t\u00eb c\u00ebnohet n\u00eb asnj\u00eb cep t\u00eb Republik\u00ebs.<\/p>\n<p><iframe loading=\"lazy\" style=\"border: none; overflow: hidden;\" src=\"https:\/\/www.facebook.com\/plugins\/post.php?href=https%3A%2F%2Fwww.facebook.com%2Fpermalink.php%3Fstory_fbid%3Dpfbid029QBWS3SwqoyYRrKY94DVz3JRbA9DTrqQQ1vv5mH8HYV1mso3bSYuGtmVa3c3FEn7l%26id%3D100063788556625&amp;show_text=true&amp;width=500\" width=\"500\" height=\"250\" frameborder=\"0\" scrolling=\"no\" allowfullscreen=\"allowfullscreen\"><\/iframe><\/p>\n","protected":false},"excerpt":{"rendered":"<p>Policia e Kosov\u00ebs ka nd\u00ebrmarr\u00eb sot nj\u00eb aksion n\u00eb Zve\u00e7an ku ka zbuluar sasi t\u00eb madhe t\u00eb armatimit. K\u00ebt\u00eb e ka b\u00ebr\u00eb t\u00eb ditur Xhelal Sve\u00e7la, minist\u00ebr i Brendsh\u00ebm me an\u00eb t\u00eb nj\u00eb postimi n\u00eb Facebook. Granata dore, arm\u00eb automatike, fishek\u00eb e eksploziv jan\u00eb zbuluar n\u00eb k\u00ebt\u00eb sht\u00ebpi ku u nd\u00ebrmorr aksioni. Postimi i plot\u00eb [&hellip;]<\/p>\n","protected":false},"author":2,"featured_media":25846,"comment_status":"closed","ping_status":"closed","sticky":false,"template":"","format":"standard","meta":{"_monsterinsights_skip_tracking":false,"_monsterinsights_sitenote_active":false,"_monsterinsights_sitenote_note":"","_monsterinsights_sitenote_category":0,"_uf_show_specific_survey":0,"_uf_disable_surveys":false,"footnotes":""},"categories":[23,15],"tags":[665],"yoast_head":"<!-- This site is optimized with the Yoast SEO plugin v21.5 - https:\/\/yoast.com\/wordpress\/plugins\/seo\/ -->\n<title>Policia e Kosov\u00ebs zhvillon aksion n\u00eb veri, kapet sasi e madhe e armatimit<\/title>\n<meta name=\"robots\" content=\"index, follow, max-snippet:-1, max-image-preview:large, max-video-preview:-1\" \/>\n<link rel=\"canonical\" href=\"https:\/\/permbledhja.com\/sq\/policia-e-kosoves-zhvillon-aksion-ne-veri-kapet-sasi-e-madhe-e-armatimit\/\" \/>\n<meta property=\"og:locale\" content=\"sq_AL\" \/>\n<meta property=\"og:type\" content=\"article\" \/>\n<meta property=\"og:title\" content=\"Policia e Kosov\u00ebs zhvillon aksion n\u00eb veri, kapet sasi e madhe e armatimit\" \/>\n<meta property=\"og:description\" content=\"Policia e Kosov\u00ebs ka nd\u00ebrmarr\u00eb sot nj\u00eb aksion n\u00eb Zve\u00e7an ku ka zbuluar sasi t\u00eb madhe t\u00eb armatimit. K\u00ebt\u00eb e ka b\u00ebr\u00eb t\u00eb ditur Xhelal Sve\u00e7la, minist\u00ebr i Brendsh\u00ebm me an\u00eb t\u00eb nj\u00eb postimi n\u00eb Facebook. Granata dore, arm\u00eb automatike, fishek\u00eb e eksploziv jan\u00eb zbuluar n\u00eb k\u00ebt\u00eb sht\u00ebpi ku u nd\u00ebrmorr aksioni. Postimi i plot\u00eb [&hellip;]\" \/>\n<meta property=\"og:url\" content=\"https:\/\/permbledhja.com\/sq\/policia-e-kosoves-zhvillon-aksion-ne-veri-kapet-sasi-e-madhe-e-armatimit\/\" \/>\n<meta property=\"og:site_name\" content=\"Ve\u00e7 artikuj p\u00ebrmbledh\u00ebs\" \/>\n<meta property=\"article:publisher\" content=\"https:\/\/www.facebook.com\/press07\/\" \/>\n<meta property=\"article:published_time\" content=\"2023-09-05T10:54:13+00:00\" \/>\n<meta property=\"article:modified_time\" content=\"2023-09-05T10:54:27+00:00\" \/>\n<meta property=\"og:image\" content=\"https:\/\/permbledhja.com\/wp-content\/uploads\/2023\/09\/VERI-2.webp\" \/>\n\t<meta property=\"og:image:width\" content=\"1023\" \/>\n\t<meta property=\"og:image:height\" content=\"575\" \/>\n\t<meta property=\"og:image:type\" content=\"image\/webp\" \/>\n<meta name=\"author\" content=\"M M\" \/>\n<meta name=\"twitter:card\" content=\"summary_large_image\" \/>\n<meta name=\"twitter:label1\" content=\"Written by\" \/>\n\t<meta name=\"twitter:data1\" content=\"M M\" \/>\n\t<meta name=\"twitter:label2\" content=\"Est. reading time\" \/>\n\t<meta name=\"twitter:data2\" content=\"2 minuta\" \/>\n<script type=\"application\/ld+json\" class=\"yoast-schema-graph\">{\"@context\":\"https:\/\/schema.org\",\"@graph\":[{\"@type\":\"Article\",\"@id\":\"https:\/\/permbledhja.com\/policia-e-kosoves-zhvillon-aksion-ne-veri-kapet-sasi-e-madhe-e-armatimit\/#article\",\"isPartOf\":{\"@id\":\"https:\/\/permbledhja.com\/policia-e-kosoves-zhvillon-aksion-ne-veri-kapet-sasi-e-madhe-e-armatimit\/\"},\"author\":{\"name\":\"M M\",\"@id\":\"https:\/\/permbledhja.com\/#\/schema\/person\/d23f13f59b5722643933d6780783acf3\"},\"headline\":\"Policia e Kosov\u00ebs zhvillon aksion n\u00eb veri, kapet sasi e madhe e armatimit\",\"datePublished\":\"2023-09-05T10:54:13+00:00\",\"dateModified\":\"2023-09-05T10:54:27+00:00\",\"mainEntityOfPage\":{\"@id\":\"https:\/\/permbledhja.com\/policia-e-kosoves-zhvillon-aksion-ne-veri-kapet-sasi-e-madhe-e-armatimit\/\"},\"wordCount\":287,\"publisher\":{\"@id\":\"https:\/\/permbledhja.com\/#organization\"},\"keywords\":[\"Xhelal Sve\u00e7la\"],\"articleSection\":[\"Komb\u00ebtare\",\"Lajme\"],\"inLanguage\":\"sq\"},{\"@type\":\"WebPage\",\"@id\":\"https:\/\/permbledhja.com\/policia-e-kosoves-zhvillon-aksion-ne-veri-kapet-sasi-e-madhe-e-armatimit\/\",\"url\":\"https:\/\/permbledhja.com\/policia-e-kosoves-zhvillon-aksion-ne-veri-kapet-sasi-e-madhe-e-armatimit\/\",\"name\":\"Policia e Kosov\u00ebs zhvillon aksion n\u00eb veri, kapet sasi e madhe e armatimit\",\"isPartOf\":{\"@id\":\"https:\/\/permbledhja.com\/#website\"},\"datePublished\":\"2023-09-05T10:54:13+00:00\",\"dateModified\":\"2023-09-05T10:54:27+00:00\",\"breadcrumb\":{\"@id\":\"https:\/\/permbledhja.com\/policia-e-kosoves-zhvillon-aksion-ne-veri-kapet-sasi-e-madhe-e-armatimit\/#breadcrumb\"},\"inLanguage\":\"sq\",\"potentialAction\":[{\"@type\":\"ReadAction\",\"target\":[\"https:\/\/permbledhja.com\/policia-e-kosoves-zhvillon-aksion-ne-veri-kapet-sasi-e-madhe-e-armatimit\/\"]}]},{\"@type\":\"BreadcrumbList\",\"@id\":\"https:\/\/permbledhja.com\/policia-e-kosoves-zhvillon-aksion-ne-veri-kapet-sasi-e-madhe-e-armatimit\/#breadcrumb\",\"itemListElement\":[{\"@type\":\"ListItem\",\"position\":1,\"name\":\"Ballina\",\"item\":\"https:\/\/permbledhja.com\/sq\/\"},{\"@type\":\"ListItem\",\"position\":2,\"name\":\"Policia e Kosov\u00ebs zhvillon aksion n\u00eb veri, kapet sasi e madhe e armatimit\"}]},{\"@type\":\"WebSite\",\"@id\":\"https:\/\/permbledhja.com\/#website\",\"url\":\"https:\/\/permbledhja.com\/\",\"name\":\"Ve\u00e7 artikuj p\u00ebrmbledh\u00ebs\",\"description\":\"\",\"publisher\":{\"@id\":\"https:\/\/permbledhja.com\/#organization\"},\"potentialAction\":[{\"@type\":\"SearchAction\",\"target\":{\"@type\":\"EntryPoint\",\"urlTemplate\":\"https:\/\/permbledhja.com\/?s={search_term_string}\"},\"query-input\":\"required name=search_term_string\"}],\"inLanguage\":\"sq\"},{\"@type\":\"Organization\",\"@id\":\"https:\/\/permbledhja.com\/#organization\",\"name\":\"MK Media & Pr\",\"url\":\"https:\/\/permbledhja.com\/\",\"logo\":{\"@type\":\"ImageObject\",\"inLanguage\":\"sq\",\"@id\":\"https:\/\/permbledhja.com\/#\/schema\/logo\/image\/\",\"url\":\"https:\/\/permbledhja.com\/wp-content\/uploads\/2021\/12\/07-Press-Logo.jpg\",\"contentUrl\":\"https:\/\/permbledhja.com\/wp-content\/uploads\/2021\/12\/07-Press-Logo.jpg\",\"width\":512,\"height\":512,\"caption\":\"MK Media & Pr\"},\"image\":{\"@id\":\"https:\/\/permbledhja.com\/#\/schema\/logo\/image\/\"},\"sameAs\":[\"https:\/\/www.facebook.com\/press07\/\"]},{\"@type\":\"Person\",\"@id\":\"https:\/\/permbledhja.com\/#\/schema\/person\/d23f13f59b5722643933d6780783acf3\",\"name\":\"M M\",\"image\":{\"@type\":\"ImageObject\",\"inLanguage\":\"sq\",\"@id\":\"https:\/\/permbledhja.com\/#\/schema\/person\/image\/\",\"url\":\"https:\/\/secure.gravatar.com\/avatar\/e2835a76ca7c31a2416b2d51c4ec9a8f?s=96&d=mm&r=g\",\"contentUrl\":\"https:\/\/secure.gravatar.com\/avatar\/e2835a76ca7c31a2416b2d51c4ec9a8f?s=96&d=mm&r=g\",\"caption\":\"M M\"},\"sameAs\":[\"http:\/\/MM\"],\"url\":\"https:\/\/permbledhja.com\/sq\/author\/muhamet\/\"}]}<\/script>\n<!-- \/ Yoast SEO plugin. -->","yoast_head_json":{"title":"Policia e Kosov\u00ebs zhvillon aksion n\u00eb veri, kapet sasi e madhe e armatimit","robots":{"index":"index","follow":"follow","max-snippet":"max-snippet:-1","max-image-preview":"max-image-preview:large","max-video-preview":"max-video-preview:-1"},"canonical":"https:\/\/permbledhja.com\/sq\/policia-e-kosoves-zhvillon-aksion-ne-veri-kapet-sasi-e-madhe-e-armatimit\/","og_locale":"sq_AL","og_type":"article","og_title":"Policia e Kosov\u00ebs zhvillon aksion n\u00eb veri, kapet sasi e madhe e armatimit","og_description":"Policia e Kosov\u00ebs ka nd\u00ebrmarr\u00eb sot nj\u00eb aksion n\u00eb Zve\u00e7an ku ka zbuluar sasi t\u00eb madhe t\u00eb armatimit. K\u00ebt\u00eb e ka b\u00ebr\u00eb t\u00eb ditur Xhelal Sve\u00e7la, minist\u00ebr i Brendsh\u00ebm me an\u00eb t\u00eb nj\u00eb postimi n\u00eb Facebook. Granata dore, arm\u00eb automatike, fishek\u00eb e eksploziv jan\u00eb zbuluar n\u00eb k\u00ebt\u00eb sht\u00ebpi ku u nd\u00ebrmorr aksioni. Postimi i plot\u00eb [&hellip;]","og_url":"https:\/\/permbledhja.com\/sq\/policia-e-kosoves-zhvillon-aksion-ne-veri-kapet-sasi-e-madhe-e-armatimit\/","og_site_name":"Ve\u00e7 artikuj p\u00ebrmbledh\u00ebs","article_publisher":"https:\/\/www.facebook.com\/press07\/","article_published_time":"2023-09-05T10:54:13+00:00","article_modified_time":"2023-09-05T10:54:27+00:00","og_image":[{"width":1023,"height":575,"url":"https:\/\/permbledhja.com\/wp-content\/uploads\/2023\/09\/VERI-2.webp","type":"image\/webp"}],"author":"M M","twitter_card":"summary_large_image","twitter_misc":{"Written by":"M M","Est. reading time":"2 minuta"},"schema":{"@context":"https:\/\/schema.org","@graph":[{"@type":"Article","@id":"https:\/\/permbledhja.com\/policia-e-kosoves-zhvillon-aksion-ne-veri-kapet-sasi-e-madhe-e-armatimit\/#article","isPartOf":{"@id":"https:\/\/permbledhja.com\/policia-e-kosoves-zhvillon-aksion-ne-veri-kapet-sasi-e-madhe-e-armatimit\/"},"author":{"name":"M M","@id":"https:\/\/permbledhja.com\/#\/schema\/person\/d23f13f59b5722643933d6780783acf3"},"headline":"Policia e Kosov\u00ebs zhvillon aksion n\u00eb veri, kapet sasi e madhe e armatimit","datePublished":"2023-09-05T10:54:13+00:00","dateModified":"2023-09-05T10:54:27+00:00","mainEntityOfPage":{"@id":"https:\/\/permbledhja.com\/policia-e-kosoves-zhvillon-aksion-ne-veri-kapet-sasi-e-madhe-e-armatimit\/"},"wordCount":287,"publisher":{"@id":"https:\/\/permbledhja.com\/#organization"},"keywords":["Xhelal Sve\u00e7la"],"articleSection":["Komb\u00ebtare","Lajme"],"inLanguage":"sq"},{"@type":"WebPage","@id":"https:\/\/permbledhja.com\/policia-e-kosoves-zhvillon-aksion-ne-veri-kapet-sasi-e-madhe-e-armatimit\/","url":"https:\/\/permbledhja.com\/policia-e-kosoves-zhvillon-aksion-ne-veri-kapet-sasi-e-madhe-e-armatimit\/","name":"Policia e Kosov\u00ebs zhvillon aksion n\u00eb veri, kapet sasi e madhe e armatimit","isPartOf":{"@id":"https:\/\/permbledhja.com\/#website"},"datePublished":"2023-09-05T10:54:13+00:00","dateModified":"2023-09-05T10:54:27+00:00","breadcrumb":{"@id":"https:\/\/permbledhja.com\/policia-e-kosoves-zhvillon-aksion-ne-veri-kapet-sasi-e-madhe-e-armatimit\/#breadcrumb"},"inLanguage":"sq","potentialAction":[{"@type":"ReadAction","target":["https:\/\/permbledhja.com\/policia-e-kosoves-zhvillon-aksion-ne-veri-kapet-sasi-e-madhe-e-armatimit\/"]}]},{"@type":"BreadcrumbList","@id":"https:\/\/permbledhja.com\/policia-e-kosoves-zhvillon-aksion-ne-veri-kapet-sasi-e-madhe-e-armatimit\/#breadcrumb","itemListElement":[{"@type":"ListItem","position":1,"name":"Ballina","item":"https:\/\/permbledhja.com\/sq\/"},{"@type":"ListItem","position":2,"name":"Policia e Kosov\u00ebs zhvillon aksion n\u00eb veri, kapet sasi e madhe e armatimit"}]},{"@type":"WebSite","@id":"https:\/\/permbledhja.com\/#website","url":"https:\/\/permbledhja.com\/","name":"Ve\u00e7 artikuj p\u00ebrmbledh\u00ebs","description":"","publisher":{"@id":"https:\/\/permbledhja.com\/#organization"},"potentialAction":[{"@type":"SearchAction","target":{"@type":"EntryPoint","urlTemplate":"https:\/\/permbledhja.com\/?s={search_term_string}"},"query-input":"required name=search_term_string"}],"inLanguage":"sq"},{"@type":"Organization","@id":"https:\/\/permbledhja.com\/#organization","name":"MK Media & Pr","url":"https:\/\/permbledhja.com\/","logo":{"@type":"ImageObject","inLanguage":"sq","@id":"https:\/\/permbledhja.com\/#\/schema\/logo\/image\/","url":"https:\/\/permbledhja.com\/wp-content\/uploads\/2021\/12\/07-Press-Logo.jpg","contentUrl":"https:\/\/permbledhja.com\/wp-content\/uploads\/2021\/12\/07-Press-Logo.jpg","width":512,"height":512,"caption":"MK Media & Pr"},"image":{"@id":"https:\/\/permbledhja.com\/#\/schema\/logo\/image\/"},"sameAs":["https:\/\/www.facebook.com\/press07\/"]},{"@type":"Person","@id":"https:\/\/permbledhja.com\/#\/schema\/person\/d23f13f59b5722643933d6780783acf3","name":"M M","image":{"@type":"ImageObject","inLanguage":"sq","@id":"https:\/\/permbledhja.com\/#\/schema\/person\/image\/","url":"https:\/\/secure.gravatar.com\/avatar\/e2835a76ca7c31a2416b2d51c4ec9a8f?s=96&d=mm&r=g","contentUrl":"https:\/\/secure.gravatar.com\/avatar\/e2835a76ca7c31a2416b2d51c4ec9a8f?s=96&d=mm&r=g","caption":"M M"},"sameAs":["http:\/\/MM"],"url":"https:\/\/permbledhja.com\/sq\/author\/muhamet\/"}]}},"_links":{"self":[{"href":"https:\/\/permbledhja.com\/sq\/wp-json\/wp\/v2\/posts\/25845"}],"collection":[{"href":"https:\/\/permbledhja.com\/sq\/wp-json\/wp\/v2\/posts"}],"about":[{"href":"https:\/\/permbledhja.com\/sq\/wp-json\/wp\/v2\/types\/post"}],"author":[{"embeddable":true,"href":"https:\/\/permbledhja.com\/sq\/wp-json\/wp\/v2\/users\/2"}],"replies":[{"embeddable":true,"href":"https:\/\/permbledhja.com\/sq\/wp-json\/wp\/v2\/comments?post=25845"}],"version-history":[{"count":2,"href":"https:\/\/permbledhja.com\/sq\/wp-json\/wp\/v2\/posts\/25845\/revisions"}],"predecessor-version":[{"id":25848,"href":"https:\/\/permbledhja.com\/sq\/wp-json\/wp\/v2\/posts\/25845\/revisions\/25848"}],"wp:featuredmedia":[{"embeddable":true,"href":"https:\/\/permbledhja.com\/sq\/wp-json\/wp\/v2\/media\/25846"}],"wp:attachment":[{"href":"https:\/\/permbledhja.com\/sq\/wp-json\/wp\/v2\/media?parent=25845"}],"wp:term":[{"taxonomy":"category","embeddable":true,"href":"https:\/\/permbledhja.com\/sq\/wp-json\/wp\/v2\/categories?post=25845"},{"taxonomy":"post_tag","embeddable":true,"href":"https:\/\/permbledhja.com\/sq\/wp-json\/wp\/v2\/tags?post=25845"}],"curies":[{"name":"wp","href":"https:\/\/api.w.org\/{rel}","templated":true}]}}