{"id":25812,"date":"2023-09-05T08:28:31","date_gmt":"2023-09-05T08:28:31","guid":{"rendered":"https:\/\/permbledhja.com\/?p=25812"},"modified":"2023-09-05T08:28:31","modified_gmt":"2023-09-05T08:28:31","slug":"haziri-alarmon-pakoja-e-dyte-e-masave-ndaj-kosoves-eshte-pergatitur-qeveria-eshte-ne-dijeni","status":"publish","type":"post","link":"https:\/\/permbledhja.com\/sq\/haziri-alarmon-pakoja-e-dyte-e-masave-ndaj-kosoves-eshte-pergatitur-qeveria-eshte-ne-dijeni\/","title":{"rendered":"Haziri alarmon: Pakoja e dyt\u00eb e masave ndaj Kosov\u00ebs \u00ebsht\u00eb p\u00ebrgatitur, Qeveria \u00ebsht\u00eb n\u00eb dijeni"},"content":{"rendered":"<h3>N\u00ebnkryetari i Lidhjes Demokratike t\u00eb Kosov\u00ebs, Lufti Haziri ka deklaruar se kryeministri i vendit Albin Kurti dhe Qeveria e tij kan\u00eb \u201chy n\u00eb llo\u00e7 t\u00eb gjall\u00eb deri n\u00eb fyt\u201d me Marr\u00ebveshjen e Ohrit.<\/h3>\n<p>Haziri tha se \u00ebsht\u00eb\u00a0 e r\u00ebnd\u00ebsishme q\u00eb Qeveria e Kosov\u00ebs t\u00eb tregoj\u00eb se pse e ka futur vendin n\u00eb masa t\u00eb kufizimit nga Bashkimi Evropian, pasi sipas tij, tashm\u00eb \u00ebsht\u00eb fuqizuar edhe pakoja e dyt\u00eb e sanksioneve e q\u00eb si\u00e7 tha ai, do t\u00eb jet\u00eb katastrofale p\u00ebr t\u00eb ardhmen e Kosov\u00ebs.<\/p>\n<p>\u201cE r\u00ebnd\u00ebsishme \u00ebsht\u00eb q\u00eb Qeveria me tregu \u00e7ka keni abuzu q\u00eb tani Kosov\u00ebn ju po e vendosni n\u00eb masa t\u00eb kufizimit, sepse pako e dyt\u00eb do t\u00eb jet\u00eb mos t\u00eb them katastrofale se \u00ebsht\u00eb e but\u00eb, p\u00ebr t\u00eb ardhmen e Kosov\u00ebs do t\u00eb jet\u00eb mortale. Pakoja e dyt\u00eb \u00ebsht\u00eb e p\u00ebrgatitur dhe Qeveria e Kosov\u00ebs \u00ebsht\u00eb e njoftuar p\u00ebr fuqizimin e pakos s\u00eb dyt\u00eb\u00a0 ata po flasin p\u00ebr leht\u00ebsimin e pakos s\u00eb par\u00eb. \u00cbsht\u00eb manipulative me fol p\u00ebr leht\u00ebsimin nga pakoja e par\u00eb kur nuk e kan\u00eb nd\u00ebrmarr\u00eb asnj\u00eb veprim konkret p\u00ebr me i p\u00ebrmbush\u00eb obligimet q\u00eb i ka ndaj marr\u00ebveshjes s\u00eb tij t\u00eb Ohrit q\u00eb e ka realizu me nd\u00ebrmjet\u00ebsit nd\u00ebrkomb\u00ebtar\u00eb\u201d, tha ai.<\/p>\n<p>Haziri tha se marr\u00ebveshja Kurti \u2013 Vu\u00e7iq \u00ebsht\u00eb baza kryesore e vendosjes s\u00eb masave ndaj Qeveris\u00eb.<\/p>\n<p>\u201c\u00cbsht\u00eb marr\u00ebveshja Kurti \u2013 Vu\u00e7iq q\u00eb \u00ebsht\u00eb baza kryesore e vendosjes s\u00eb masave ndaj Qeveris\u00eb dhe marr\u00ebveshja i adresohet atij, nuk ka tash me th\u00ebn\u00eb jo \u00ebsht\u00eb marr\u00ebveshja e vitit 2015, jo marr\u00ebveshja e\u00a0 vitit 2013. Tani shp\u00ebtimin po e gjen\u00eb n\u00eb marr\u00ebveshjen e vitit 2015 dhe 2013. Ky kryeminist\u00ebr dhe kjo qeveri shp\u00ebtimin e vet jan\u00eb duke e k\u00ebrku n\u00eb k\u00ebto dy marr\u00ebveshje nd\u00ebrsa po harrojn\u00eb q\u00eb kan\u00eb hy n\u00eb lloq t\u00eb gjall\u00eb deri n\u00eb fyt me marr\u00ebveshjen e 18 marsit n\u00eb Oh\u00ebr \u201c, shtoi ai.<\/p>\n","protected":false},"excerpt":{"rendered":"<p>N\u00ebnkryetari i Lidhjes Demokratike t\u00eb Kosov\u00ebs, Lufti Haziri ka deklaruar se kryeministri i vendit Albin Kurti dhe Qeveria e tij kan\u00eb \u201chy n\u00eb llo\u00e7 t\u00eb gjall\u00eb deri n\u00eb fyt\u201d me Marr\u00ebveshjen e Ohrit. Haziri tha se \u00ebsht\u00eb\u00a0 e r\u00ebnd\u00ebsishme q\u00eb Qeveria e Kosov\u00ebs t\u00eb tregoj\u00eb se pse e ka futur vendin n\u00eb masa t\u00eb kufizimit [&hellip;]<\/p>\n","protected":false},"author":2,"featured_media":25813,"comment_status":"closed","ping_status":"closed","sticky":false,"template":"","format":"standard","meta":{"_monsterinsights_skip_tracking":false,"_monsterinsights_sitenote_active":false,"_monsterinsights_sitenote_note":"","_monsterinsights_sitenote_category":0,"_uf_show_specific_survey":0,"_uf_disable_surveys":false,"footnotes":""},"categories":[23,15],"tags":[649],"yoast_head":"<!-- This site is optimized with the Yoast SEO plugin v21.5 - https:\/\/yoast.com\/wordpress\/plugins\/seo\/ -->\n<title>Haziri alarmon: Pakoja e dyt\u00eb e masave ndaj Kosov\u00ebs \u00ebsht\u00eb p\u00ebrgatitur, Qeveria \u00ebsht\u00eb n\u00eb dijeni<\/title>\n<meta name=\"robots\" content=\"index, follow, max-snippet:-1, max-image-preview:large, max-video-preview:-1\" \/>\n<link rel=\"canonical\" href=\"https:\/\/permbledhja.com\/sq\/haziri-alarmon-pakoja-e-dyte-e-masave-ndaj-kosoves-eshte-pergatitur-qeveria-eshte-ne-dijeni\/\" \/>\n<meta property=\"og:locale\" content=\"sq_AL\" \/>\n<meta property=\"og:type\" content=\"article\" \/>\n<meta property=\"og:title\" content=\"Haziri alarmon: Pakoja e dyt\u00eb e masave ndaj Kosov\u00ebs \u00ebsht\u00eb p\u00ebrgatitur, Qeveria \u00ebsht\u00eb n\u00eb dijeni\" \/>\n<meta property=\"og:description\" content=\"N\u00ebnkryetari i Lidhjes Demokratike t\u00eb Kosov\u00ebs, Lufti Haziri ka deklaruar se kryeministri i vendit Albin Kurti dhe Qeveria e tij kan\u00eb \u201chy n\u00eb llo\u00e7 t\u00eb gjall\u00eb deri n\u00eb fyt\u201d me Marr\u00ebveshjen e Ohrit. Haziri tha se \u00ebsht\u00eb\u00a0 e r\u00ebnd\u00ebsishme q\u00eb Qeveria e Kosov\u00ebs t\u00eb tregoj\u00eb se pse e ka futur vendin n\u00eb masa t\u00eb kufizimit [&hellip;]\" \/>\n<meta property=\"og:url\" content=\"https:\/\/permbledhja.com\/sq\/haziri-alarmon-pakoja-e-dyte-e-masave-ndaj-kosoves-eshte-pergatitur-qeveria-eshte-ne-dijeni\/\" \/>\n<meta property=\"og:site_name\" content=\"Ve\u00e7 artikuj p\u00ebrmbledh\u00ebs\" \/>\n<meta property=\"article:publisher\" content=\"https:\/\/www.facebook.com\/press07\/\" \/>\n<meta property=\"article:published_time\" content=\"2023-09-05T08:28:31+00:00\" \/>\n<meta property=\"og:image\" content=\"https:\/\/permbledhja.com\/wp-content\/uploads\/2023\/09\/lutfi-haziri.jpg\" \/>\n\t<meta property=\"og:image:width\" content=\"2048\" \/>\n\t<meta property=\"og:image:height\" content=\"1366\" \/>\n\t<meta property=\"og:image:type\" content=\"image\/jpeg\" \/>\n<meta name=\"author\" content=\"M M\" \/>\n<meta name=\"twitter:card\" content=\"summary_large_image\" \/>\n<meta name=\"twitter:label1\" content=\"Written by\" \/>\n\t<meta name=\"twitter:data1\" content=\"M M\" \/>\n\t<meta name=\"twitter:label2\" content=\"Est. reading time\" \/>\n\t<meta name=\"twitter:data2\" content=\"2 minuta\" \/>\n<script type=\"application\/ld+json\" class=\"yoast-schema-graph\">{\"@context\":\"https:\/\/schema.org\",\"@graph\":[{\"@type\":\"Article\",\"@id\":\"https:\/\/permbledhja.com\/haziri-alarmon-pakoja-e-dyte-e-masave-ndaj-kosoves-eshte-pergatitur-qeveria-eshte-ne-dijeni\/#article\",\"isPartOf\":{\"@id\":\"https:\/\/permbledhja.com\/haziri-alarmon-pakoja-e-dyte-e-masave-ndaj-kosoves-eshte-pergatitur-qeveria-eshte-ne-dijeni\/\"},\"author\":{\"name\":\"M M\",\"@id\":\"https:\/\/permbledhja.com\/#\/schema\/person\/d23f13f59b5722643933d6780783acf3\"},\"headline\":\"Haziri alarmon: Pakoja e dyt\u00eb e masave ndaj Kosov\u00ebs \u00ebsht\u00eb p\u00ebrgatitur, Qeveria \u00ebsht\u00eb n\u00eb dijeni\",\"datePublished\":\"2023-09-05T08:28:31+00:00\",\"dateModified\":\"2023-09-05T08:28:31+00:00\",\"mainEntityOfPage\":{\"@id\":\"https:\/\/permbledhja.com\/haziri-alarmon-pakoja-e-dyte-e-masave-ndaj-kosoves-eshte-pergatitur-qeveria-eshte-ne-dijeni\/\"},\"wordCount\":356,\"publisher\":{\"@id\":\"https:\/\/permbledhja.com\/#organization\"},\"keywords\":[\"Lutfi Haziri\"],\"articleSection\":[\"Komb\u00ebtare\",\"Lajme\"],\"inLanguage\":\"sq\"},{\"@type\":\"WebPage\",\"@id\":\"https:\/\/permbledhja.com\/haziri-alarmon-pakoja-e-dyte-e-masave-ndaj-kosoves-eshte-pergatitur-qeveria-eshte-ne-dijeni\/\",\"url\":\"https:\/\/permbledhja.com\/haziri-alarmon-pakoja-e-dyte-e-masave-ndaj-kosoves-eshte-pergatitur-qeveria-eshte-ne-dijeni\/\",\"name\":\"Haziri alarmon: Pakoja e dyt\u00eb e masave ndaj Kosov\u00ebs \u00ebsht\u00eb p\u00ebrgatitur, Qeveria \u00ebsht\u00eb n\u00eb dijeni\",\"isPartOf\":{\"@id\":\"https:\/\/permbledhja.com\/#website\"},\"datePublished\":\"2023-09-05T08:28:31+00:00\",\"dateModified\":\"2023-09-05T08:28:31+00:00\",\"breadcrumb\":{\"@id\":\"https:\/\/permbledhja.com\/haziri-alarmon-pakoja-e-dyte-e-masave-ndaj-kosoves-eshte-pergatitur-qeveria-eshte-ne-dijeni\/#breadcrumb\"},\"inLanguage\":\"sq\",\"potentialAction\":[{\"@type\":\"ReadAction\",\"target\":[\"https:\/\/permbledhja.com\/haziri-alarmon-pakoja-e-dyte-e-masave-ndaj-kosoves-eshte-pergatitur-qeveria-eshte-ne-dijeni\/\"]}]},{\"@type\":\"BreadcrumbList\",\"@id\":\"https:\/\/permbledhja.com\/haziri-alarmon-pakoja-e-dyte-e-masave-ndaj-kosoves-eshte-pergatitur-qeveria-eshte-ne-dijeni\/#breadcrumb\",\"itemListElement\":[{\"@type\":\"ListItem\",\"position\":1,\"name\":\"Ballina\",\"item\":\"https:\/\/permbledhja.com\/sq\/\"},{\"@type\":\"ListItem\",\"position\":2,\"name\":\"Haziri alarmon: Pakoja e dyt\u00eb e masave ndaj Kosov\u00ebs \u00ebsht\u00eb p\u00ebrgatitur, Qeveria \u00ebsht\u00eb n\u00eb dijeni\"}]},{\"@type\":\"WebSite\",\"@id\":\"https:\/\/permbledhja.com\/#website\",\"url\":\"https:\/\/permbledhja.com\/\",\"name\":\"Ve\u00e7 artikuj p\u00ebrmbledh\u00ebs\",\"description\":\"\",\"publisher\":{\"@id\":\"https:\/\/permbledhja.com\/#organization\"},\"potentialAction\":[{\"@type\":\"SearchAction\",\"target\":{\"@type\":\"EntryPoint\",\"urlTemplate\":\"https:\/\/permbledhja.com\/?s={search_term_string}\"},\"query-input\":\"required name=search_term_string\"}],\"inLanguage\":\"sq\"},{\"@type\":\"Organization\",\"@id\":\"https:\/\/permbledhja.com\/#organization\",\"name\":\"MK Media & Pr\",\"url\":\"https:\/\/permbledhja.com\/\",\"logo\":{\"@type\":\"ImageObject\",\"inLanguage\":\"sq\",\"@id\":\"https:\/\/permbledhja.com\/#\/schema\/logo\/image\/\",\"url\":\"https:\/\/permbledhja.com\/wp-content\/uploads\/2021\/12\/07-Press-Logo.jpg\",\"contentUrl\":\"https:\/\/permbledhja.com\/wp-content\/uploads\/2021\/12\/07-Press-Logo.jpg\",\"width\":512,\"height\":512,\"caption\":\"MK Media & Pr\"},\"image\":{\"@id\":\"https:\/\/permbledhja.com\/#\/schema\/logo\/image\/\"},\"sameAs\":[\"https:\/\/www.facebook.com\/press07\/\"]},{\"@type\":\"Person\",\"@id\":\"https:\/\/permbledhja.com\/#\/schema\/person\/d23f13f59b5722643933d6780783acf3\",\"name\":\"M M\",\"image\":{\"@type\":\"ImageObject\",\"inLanguage\":\"sq\",\"@id\":\"https:\/\/permbledhja.com\/#\/schema\/person\/image\/\",\"url\":\"https:\/\/secure.gravatar.com\/avatar\/e2835a76ca7c31a2416b2d51c4ec9a8f?s=96&d=mm&r=g\",\"contentUrl\":\"https:\/\/secure.gravatar.com\/avatar\/e2835a76ca7c31a2416b2d51c4ec9a8f?s=96&d=mm&r=g\",\"caption\":\"M M\"},\"sameAs\":[\"http:\/\/MM\"],\"url\":\"https:\/\/permbledhja.com\/sq\/author\/muhamet\/\"}]}<\/script>\n<!-- \/ Yoast SEO plugin. -->","yoast_head_json":{"title":"Haziri alarmon: Pakoja e dyt\u00eb e masave ndaj Kosov\u00ebs \u00ebsht\u00eb p\u00ebrgatitur, Qeveria \u00ebsht\u00eb n\u00eb dijeni","robots":{"index":"index","follow":"follow","max-snippet":"max-snippet:-1","max-image-preview":"max-image-preview:large","max-video-preview":"max-video-preview:-1"},"canonical":"https:\/\/permbledhja.com\/sq\/haziri-alarmon-pakoja-e-dyte-e-masave-ndaj-kosoves-eshte-pergatitur-qeveria-eshte-ne-dijeni\/","og_locale":"sq_AL","og_type":"article","og_title":"Haziri alarmon: Pakoja e dyt\u00eb e masave ndaj Kosov\u00ebs \u00ebsht\u00eb p\u00ebrgatitur, Qeveria \u00ebsht\u00eb n\u00eb dijeni","og_description":"N\u00ebnkryetari i Lidhjes Demokratike t\u00eb Kosov\u00ebs, Lufti Haziri ka deklaruar se kryeministri i vendit Albin Kurti dhe Qeveria e tij kan\u00eb \u201chy n\u00eb llo\u00e7 t\u00eb gjall\u00eb deri n\u00eb fyt\u201d me Marr\u00ebveshjen e Ohrit. Haziri tha se \u00ebsht\u00eb\u00a0 e r\u00ebnd\u00ebsishme q\u00eb Qeveria e Kosov\u00ebs t\u00eb tregoj\u00eb se pse e ka futur vendin n\u00eb masa t\u00eb kufizimit [&hellip;]","og_url":"https:\/\/permbledhja.com\/sq\/haziri-alarmon-pakoja-e-dyte-e-masave-ndaj-kosoves-eshte-pergatitur-qeveria-eshte-ne-dijeni\/","og_site_name":"Ve\u00e7 artikuj p\u00ebrmbledh\u00ebs","article_publisher":"https:\/\/www.facebook.com\/press07\/","article_published_time":"2023-09-05T08:28:31+00:00","og_image":[{"width":2048,"height":1366,"url":"https:\/\/permbledhja.com\/wp-content\/uploads\/2023\/09\/lutfi-haziri.jpg","type":"image\/jpeg"}],"author":"M M","twitter_card":"summary_large_image","twitter_misc":{"Written by":"M M","Est. reading time":"2 minuta"},"schema":{"@context":"https:\/\/schema.org","@graph":[{"@type":"Article","@id":"https:\/\/permbledhja.com\/haziri-alarmon-pakoja-e-dyte-e-masave-ndaj-kosoves-eshte-pergatitur-qeveria-eshte-ne-dijeni\/#article","isPartOf":{"@id":"https:\/\/permbledhja.com\/haziri-alarmon-pakoja-e-dyte-e-masave-ndaj-kosoves-eshte-pergatitur-qeveria-eshte-ne-dijeni\/"},"author":{"name":"M M","@id":"https:\/\/permbledhja.com\/#\/schema\/person\/d23f13f59b5722643933d6780783acf3"},"headline":"Haziri alarmon: Pakoja e dyt\u00eb e masave ndaj Kosov\u00ebs \u00ebsht\u00eb p\u00ebrgatitur, Qeveria \u00ebsht\u00eb n\u00eb dijeni","datePublished":"2023-09-05T08:28:31+00:00","dateModified":"2023-09-05T08:28:31+00:00","mainEntityOfPage":{"@id":"https:\/\/permbledhja.com\/haziri-alarmon-pakoja-e-dyte-e-masave-ndaj-kosoves-eshte-pergatitur-qeveria-eshte-ne-dijeni\/"},"wordCount":356,"publisher":{"@id":"https:\/\/permbledhja.com\/#organization"},"keywords":["Lutfi Haziri"],"articleSection":["Komb\u00ebtare","Lajme"],"inLanguage":"sq"},{"@type":"WebPage","@id":"https:\/\/permbledhja.com\/haziri-alarmon-pakoja-e-dyte-e-masave-ndaj-kosoves-eshte-pergatitur-qeveria-eshte-ne-dijeni\/","url":"https:\/\/permbledhja.com\/haziri-alarmon-pakoja-e-dyte-e-masave-ndaj-kosoves-eshte-pergatitur-qeveria-eshte-ne-dijeni\/","name":"Haziri alarmon: Pakoja e dyt\u00eb e masave ndaj Kosov\u00ebs \u00ebsht\u00eb p\u00ebrgatitur, Qeveria \u00ebsht\u00eb n\u00eb dijeni","isPartOf":{"@id":"https:\/\/permbledhja.com\/#website"},"datePublished":"2023-09-05T08:28:31+00:00","dateModified":"2023-09-05T08:28:31+00:00","breadcrumb":{"@id":"https:\/\/permbledhja.com\/haziri-alarmon-pakoja-e-dyte-e-masave-ndaj-kosoves-eshte-pergatitur-qeveria-eshte-ne-dijeni\/#breadcrumb"},"inLanguage":"sq","potentialAction":[{"@type":"ReadAction","target":["https:\/\/permbledhja.com\/haziri-alarmon-pakoja-e-dyte-e-masave-ndaj-kosoves-eshte-pergatitur-qeveria-eshte-ne-dijeni\/"]}]},{"@type":"BreadcrumbList","@id":"https:\/\/permbledhja.com\/haziri-alarmon-pakoja-e-dyte-e-masave-ndaj-kosoves-eshte-pergatitur-qeveria-eshte-ne-dijeni\/#breadcrumb","itemListElement":[{"@type":"ListItem","position":1,"name":"Ballina","item":"https:\/\/permbledhja.com\/sq\/"},{"@type":"ListItem","position":2,"name":"Haziri alarmon: Pakoja e dyt\u00eb e masave ndaj Kosov\u00ebs \u00ebsht\u00eb p\u00ebrgatitur, Qeveria \u00ebsht\u00eb n\u00eb dijeni"}]},{"@type":"WebSite","@id":"https:\/\/permbledhja.com\/#website","url":"https:\/\/permbledhja.com\/","name":"Ve\u00e7 artikuj p\u00ebrmbledh\u00ebs","description":"","publisher":{"@id":"https:\/\/permbledhja.com\/#organization"},"potentialAction":[{"@type":"SearchAction","target":{"@type":"EntryPoint","urlTemplate":"https:\/\/permbledhja.com\/?s={search_term_string}"},"query-input":"required name=search_term_string"}],"inLanguage":"sq"},{"@type":"Organization","@id":"https:\/\/permbledhja.com\/#organization","name":"MK Media & Pr","url":"https:\/\/permbledhja.com\/","logo":{"@type":"ImageObject","inLanguage":"sq","@id":"https:\/\/permbledhja.com\/#\/schema\/logo\/image\/","url":"https:\/\/permbledhja.com\/wp-content\/uploads\/2021\/12\/07-Press-Logo.jpg","contentUrl":"https:\/\/permbledhja.com\/wp-content\/uploads\/2021\/12\/07-Press-Logo.jpg","width":512,"height":512,"caption":"MK Media & Pr"},"image":{"@id":"https:\/\/permbledhja.com\/#\/schema\/logo\/image\/"},"sameAs":["https:\/\/www.facebook.com\/press07\/"]},{"@type":"Person","@id":"https:\/\/permbledhja.com\/#\/schema\/person\/d23f13f59b5722643933d6780783acf3","name":"M M","image":{"@type":"ImageObject","inLanguage":"sq","@id":"https:\/\/permbledhja.com\/#\/schema\/person\/image\/","url":"https:\/\/secure.gravatar.com\/avatar\/e2835a76ca7c31a2416b2d51c4ec9a8f?s=96&d=mm&r=g","contentUrl":"https:\/\/secure.gravatar.com\/avatar\/e2835a76ca7c31a2416b2d51c4ec9a8f?s=96&d=mm&r=g","caption":"M M"},"sameAs":["http:\/\/MM"],"url":"https:\/\/permbledhja.com\/sq\/author\/muhamet\/"}]}},"_links":{"self":[{"href":"https:\/\/permbledhja.com\/sq\/wp-json\/wp\/v2\/posts\/25812"}],"collection":[{"href":"https:\/\/permbledhja.com\/sq\/wp-json\/wp\/v2\/posts"}],"about":[{"href":"https:\/\/permbledhja.com\/sq\/wp-json\/wp\/v2\/types\/post"}],"author":[{"embeddable":true,"href":"https:\/\/permbledhja.com\/sq\/wp-json\/wp\/v2\/users\/2"}],"replies":[{"embeddable":true,"href":"https:\/\/permbledhja.com\/sq\/wp-json\/wp\/v2\/comments?post=25812"}],"version-history":[{"count":1,"href":"https:\/\/permbledhja.com\/sq\/wp-json\/wp\/v2\/posts\/25812\/revisions"}],"predecessor-version":[{"id":25814,"href":"https:\/\/permbledhja.com\/sq\/wp-json\/wp\/v2\/posts\/25812\/revisions\/25814"}],"wp:featuredmedia":[{"embeddable":true,"href":"https:\/\/permbledhja.com\/sq\/wp-json\/wp\/v2\/media\/25813"}],"wp:attachment":[{"href":"https:\/\/permbledhja.com\/sq\/wp-json\/wp\/v2\/media?parent=25812"}],"wp:term":[{"taxonomy":"category","embeddable":true,"href":"https:\/\/permbledhja.com\/sq\/wp-json\/wp\/v2\/categories?post=25812"},{"taxonomy":"post_tag","embeddable":true,"href":"https:\/\/permbledhja.com\/sq\/wp-json\/wp\/v2\/tags?post=25812"}],"curies":[{"name":"wp","href":"https:\/\/api.w.org\/{rel}","templated":true}]}}