{"id":25806,"date":"2023-09-05T07:58:17","date_gmt":"2023-09-05T07:58:17","guid":{"rendered":"https:\/\/permbledhja.com\/?p=25806"},"modified":"2023-09-05T07:58:17","modified_gmt":"2023-09-05T07:58:17","slug":"osmani-kam-identitetin-tim-nuk-merr-askush-vendime-per-mua-as-mustafa-as-kurti","status":"publish","type":"post","link":"https:\/\/permbledhja.com\/sq\/osmani-kam-identitetin-tim-nuk-merr-askush-vendime-per-mua-as-mustafa-as-kurti\/","title":{"rendered":"Osmani: Kam identitetin tim, nuk merr askush vendime p\u00ebr mua, as Mustafa as Kurti"},"content":{"rendered":"<div class=\"x11i5rnm xat24cr x1mh8g0r x1vvkbs xtlvy1s x126k92a\">\n<h3 dir=\"auto\">Presidentja e Kosov\u00ebs, Vjosa Osmani i ka konsideruar akuzat mbi identitetin e saj politik si seksiste.<\/h3>\n<\/div>\n<div dir=\"auto\">E ftuar n\u00eb \u201cTop Story\u201d, Osmani theksoi se askush nuk ka marr\u00eb vendime p\u00ebr t\u00eb, as Isa Mustafa kur ishte pjes\u00eb e LDK-s\u00eb dhe as Albin Kurti.<\/div>\n<div dir=\"auto\">\u201cMua m\u00eb vjen mir\u00eb q\u00eb kemi koordinim si Kryeminist\u00ebr dhe Presidente n\u00eb k\u00ebt\u00eb rast, sepse kjo \u00ebsht\u00eb n\u00eb t\u00eb mir\u00eb t\u00eb Kosov\u00ebs. Kjo nuk \u00ebsht\u00eb n\u00ebnshtrim as i Presidentes n\u00eb raport me Kryeministrin as i Kryeministrit n\u00eb raport me Presidenten\u201d\u2013 tha Osmani duke shtuar se di\u00e7ka e till\u00eb nuk mund t\u00eb nodh\u00eb.<\/div>\n<div dir=\"auto\">Osmani rr\u00ebfeu se modeli i saj politik \u00ebsht\u00eb ish-Presidenti i ndjer\u00eb i Kosov\u00ebs, Ibrahim Rugova.<\/div>\n<div class=\"x11i5rnm xat24cr x1mh8g0r x1vvkbs xtlvy1s x126k92a\">\n<p dir=\"auto\">\u201cNdoshta edhe politikan\u00eb t\u00eb tjer\u00eb n\u00eb hap\u00ebsir\u00ebn mbar\u00eb shqiptare mund ta marrin si model p\u00ebr m\u00ebnyr\u00ebn se si arriti, n\u00eb koh\u00ebn kur Kosova nuk ishte shtet, kur ishim t\u00eb okupuar dhe askush nuk e dinte q\u00eb ekzistonim, t\u00eb nd\u00ebrtoj\u00eb aq shum\u00eb miq\u00ebsi dhe aleanca q\u00eb n\u00eb fund na shp\u00ebtuan jet\u00ebn\u201d- tha Osmani.<\/p>\n<\/div>\n","protected":false},"excerpt":{"rendered":"<p>Presidentja e Kosov\u00ebs, Vjosa Osmani i ka konsideruar akuzat mbi identitetin e saj politik si seksiste. E ftuar n\u00eb \u201cTop Story\u201d, Osmani theksoi se askush nuk ka marr\u00eb vendime p\u00ebr t\u00eb, as Isa Mustafa kur ishte pjes\u00eb e LDK-s\u00eb dhe as Albin Kurti. \u201cMua m\u00eb vjen mir\u00eb q\u00eb kemi koordinim si Kryeminist\u00ebr dhe Presidente n\u00eb [&hellip;]<\/p>\n","protected":false},"author":2,"featured_media":25807,"comment_status":"closed","ping_status":"closed","sticky":false,"template":"","format":"standard","meta":{"_monsterinsights_skip_tracking":false,"_monsterinsights_sitenote_active":false,"_monsterinsights_sitenote_note":"","_monsterinsights_sitenote_category":0,"_uf_show_specific_survey":0,"_uf_disable_surveys":false,"footnotes":""},"categories":[1146,15],"tags":[163],"yoast_head":"<!-- This site is optimized with the Yoast SEO plugin v21.5 - https:\/\/yoast.com\/wordpress\/plugins\/seo\/ -->\n<title>Osmani: Kam identitetin tim, nuk merr askush vendime p\u00ebr mua, as Mustafa as Kurti<\/title>\n<meta name=\"robots\" content=\"index, follow, max-snippet:-1, max-image-preview:large, max-video-preview:-1\" \/>\n<link rel=\"canonical\" href=\"https:\/\/permbledhja.com\/sq\/osmani-kam-identitetin-tim-nuk-merr-askush-vendime-per-mua-as-mustafa-as-kurti\/\" \/>\n<meta property=\"og:locale\" content=\"sq_AL\" \/>\n<meta property=\"og:type\" content=\"article\" \/>\n<meta property=\"og:title\" content=\"Osmani: Kam identitetin tim, nuk merr askush vendime p\u00ebr mua, as Mustafa as Kurti\" \/>\n<meta property=\"og:description\" content=\"Presidentja e Kosov\u00ebs, Vjosa Osmani i ka konsideruar akuzat mbi identitetin e saj politik si seksiste. E ftuar n\u00eb \u201cTop Story\u201d, Osmani theksoi se askush nuk ka marr\u00eb vendime p\u00ebr t\u00eb, as Isa Mustafa kur ishte pjes\u00eb e LDK-s\u00eb dhe as Albin Kurti. \u201cMua m\u00eb vjen mir\u00eb q\u00eb kemi koordinim si Kryeminist\u00ebr dhe Presidente n\u00eb [&hellip;]\" \/>\n<meta property=\"og:url\" content=\"https:\/\/permbledhja.com\/sq\/osmani-kam-identitetin-tim-nuk-merr-askush-vendime-per-mua-as-mustafa-as-kurti\/\" \/>\n<meta property=\"og:site_name\" content=\"Ve\u00e7 artikuj p\u00ebrmbledh\u00ebs\" \/>\n<meta property=\"article:publisher\" content=\"https:\/\/www.facebook.com\/press07\/\" \/>\n<meta property=\"article:published_time\" content=\"2023-09-05T07:58:17+00:00\" \/>\n<meta property=\"og:image\" content=\"https:\/\/permbledhja.com\/wp-content\/uploads\/2023\/09\/375656237_319581913930562_4346443832397162056_n.jpg\" \/>\n\t<meta property=\"og:image:width\" content=\"1026\" \/>\n\t<meta property=\"og:image:height\" content=\"596\" \/>\n\t<meta property=\"og:image:type\" content=\"image\/jpeg\" \/>\n<meta name=\"author\" content=\"M M\" \/>\n<meta name=\"twitter:card\" content=\"summary_large_image\" \/>\n<meta name=\"twitter:label1\" content=\"Written by\" \/>\n\t<meta name=\"twitter:data1\" content=\"M M\" \/>\n\t<meta name=\"twitter:label2\" content=\"Est. reading time\" \/>\n\t<meta name=\"twitter:data2\" content=\"1 minut\u00eb\" \/>\n<script type=\"application\/ld+json\" class=\"yoast-schema-graph\">{\"@context\":\"https:\/\/schema.org\",\"@graph\":[{\"@type\":\"Article\",\"@id\":\"https:\/\/permbledhja.com\/sq\/osmani-kam-identitetin-tim-nuk-merr-askush-vendime-per-mua-as-mustafa-as-kurti\/#article\",\"isPartOf\":{\"@id\":\"https:\/\/permbledhja.com\/sq\/osmani-kam-identitetin-tim-nuk-merr-askush-vendime-per-mua-as-mustafa-as-kurti\/\"},\"author\":{\"name\":\"M M\",\"@id\":\"https:\/\/permbledhja.com\/#\/schema\/person\/d23f13f59b5722643933d6780783acf3\"},\"headline\":\"Osmani: Kam identitetin tim, nuk merr askush vendime p\u00ebr mua, as Mustafa as Kurti\",\"datePublished\":\"2023-09-05T07:58:17+00:00\",\"dateModified\":\"2023-09-05T07:58:17+00:00\",\"mainEntityOfPage\":{\"@id\":\"https:\/\/permbledhja.com\/sq\/osmani-kam-identitetin-tim-nuk-merr-askush-vendime-per-mua-as-mustafa-as-kurti\/\"},\"wordCount\":197,\"publisher\":{\"@id\":\"https:\/\/permbledhja.com\/#organization\"},\"keywords\":[\"Vjosa Osmani\"],\"articleSection\":[\"Kryesoret\",\"Lajme\"],\"inLanguage\":\"sq\"},{\"@type\":\"WebPage\",\"@id\":\"https:\/\/permbledhja.com\/sq\/osmani-kam-identitetin-tim-nuk-merr-askush-vendime-per-mua-as-mustafa-as-kurti\/\",\"url\":\"https:\/\/permbledhja.com\/sq\/osmani-kam-identitetin-tim-nuk-merr-askush-vendime-per-mua-as-mustafa-as-kurti\/\",\"name\":\"Osmani: Kam identitetin tim, nuk merr askush vendime p\u00ebr mua, as Mustafa as Kurti\",\"isPartOf\":{\"@id\":\"https:\/\/permbledhja.com\/#website\"},\"datePublished\":\"2023-09-05T07:58:17+00:00\",\"dateModified\":\"2023-09-05T07:58:17+00:00\",\"breadcrumb\":{\"@id\":\"https:\/\/permbledhja.com\/sq\/osmani-kam-identitetin-tim-nuk-merr-askush-vendime-per-mua-as-mustafa-as-kurti\/#breadcrumb\"},\"inLanguage\":\"sq\",\"potentialAction\":[{\"@type\":\"ReadAction\",\"target\":[\"https:\/\/permbledhja.com\/sq\/osmani-kam-identitetin-tim-nuk-merr-askush-vendime-per-mua-as-mustafa-as-kurti\/\"]}]},{\"@type\":\"BreadcrumbList\",\"@id\":\"https:\/\/permbledhja.com\/sq\/osmani-kam-identitetin-tim-nuk-merr-askush-vendime-per-mua-as-mustafa-as-kurti\/#breadcrumb\",\"itemListElement\":[{\"@type\":\"ListItem\",\"position\":1,\"name\":\"Ballina\",\"item\":\"https:\/\/permbledhja.com\/sq\/\"},{\"@type\":\"ListItem\",\"position\":2,\"name\":\"Osmani: Kam identitetin tim, nuk merr askush vendime p\u00ebr mua, as Mustafa as Kurti\"}]},{\"@type\":\"WebSite\",\"@id\":\"https:\/\/permbledhja.com\/#website\",\"url\":\"https:\/\/permbledhja.com\/\",\"name\":\"Ve\u00e7 artikuj p\u00ebrmbledh\u00ebs\",\"description\":\"\",\"publisher\":{\"@id\":\"https:\/\/permbledhja.com\/#organization\"},\"potentialAction\":[{\"@type\":\"SearchAction\",\"target\":{\"@type\":\"EntryPoint\",\"urlTemplate\":\"https:\/\/permbledhja.com\/?s={search_term_string}\"},\"query-input\":\"required name=search_term_string\"}],\"inLanguage\":\"sq\"},{\"@type\":\"Organization\",\"@id\":\"https:\/\/permbledhja.com\/#organization\",\"name\":\"MK Media & Pr\",\"url\":\"https:\/\/permbledhja.com\/\",\"logo\":{\"@type\":\"ImageObject\",\"inLanguage\":\"sq\",\"@id\":\"https:\/\/permbledhja.com\/#\/schema\/logo\/image\/\",\"url\":\"https:\/\/permbledhja.com\/wp-content\/uploads\/2021\/12\/07-Press-Logo.jpg\",\"contentUrl\":\"https:\/\/permbledhja.com\/wp-content\/uploads\/2021\/12\/07-Press-Logo.jpg\",\"width\":512,\"height\":512,\"caption\":\"MK Media & Pr\"},\"image\":{\"@id\":\"https:\/\/permbledhja.com\/#\/schema\/logo\/image\/\"},\"sameAs\":[\"https:\/\/www.facebook.com\/press07\/\"]},{\"@type\":\"Person\",\"@id\":\"https:\/\/permbledhja.com\/#\/schema\/person\/d23f13f59b5722643933d6780783acf3\",\"name\":\"M M\",\"image\":{\"@type\":\"ImageObject\",\"inLanguage\":\"sq\",\"@id\":\"https:\/\/permbledhja.com\/#\/schema\/person\/image\/\",\"url\":\"https:\/\/secure.gravatar.com\/avatar\/e2835a76ca7c31a2416b2d51c4ec9a8f?s=96&d=mm&r=g\",\"contentUrl\":\"https:\/\/secure.gravatar.com\/avatar\/e2835a76ca7c31a2416b2d51c4ec9a8f?s=96&d=mm&r=g\",\"caption\":\"M M\"},\"sameAs\":[\"http:\/\/MM\"],\"url\":\"https:\/\/permbledhja.com\/sq\/author\/muhamet\/\"}]}<\/script>\n<!-- \/ Yoast SEO plugin. -->","yoast_head_json":{"title":"Osmani: Kam identitetin tim, nuk merr askush vendime p\u00ebr mua, as Mustafa as Kurti","robots":{"index":"index","follow":"follow","max-snippet":"max-snippet:-1","max-image-preview":"max-image-preview:large","max-video-preview":"max-video-preview:-1"},"canonical":"https:\/\/permbledhja.com\/sq\/osmani-kam-identitetin-tim-nuk-merr-askush-vendime-per-mua-as-mustafa-as-kurti\/","og_locale":"sq_AL","og_type":"article","og_title":"Osmani: Kam identitetin tim, nuk merr askush vendime p\u00ebr mua, as Mustafa as Kurti","og_description":"Presidentja e Kosov\u00ebs, Vjosa Osmani i ka konsideruar akuzat mbi identitetin e saj politik si seksiste. E ftuar n\u00eb \u201cTop Story\u201d, Osmani theksoi se askush nuk ka marr\u00eb vendime p\u00ebr t\u00eb, as Isa Mustafa kur ishte pjes\u00eb e LDK-s\u00eb dhe as Albin Kurti. \u201cMua m\u00eb vjen mir\u00eb q\u00eb kemi koordinim si Kryeminist\u00ebr dhe Presidente n\u00eb [&hellip;]","og_url":"https:\/\/permbledhja.com\/sq\/osmani-kam-identitetin-tim-nuk-merr-askush-vendime-per-mua-as-mustafa-as-kurti\/","og_site_name":"Ve\u00e7 artikuj p\u00ebrmbledh\u00ebs","article_publisher":"https:\/\/www.facebook.com\/press07\/","article_published_time":"2023-09-05T07:58:17+00:00","og_image":[{"width":1026,"height":596,"url":"https:\/\/permbledhja.com\/wp-content\/uploads\/2023\/09\/375656237_319581913930562_4346443832397162056_n.jpg","type":"image\/jpeg"}],"author":"M M","twitter_card":"summary_large_image","twitter_misc":{"Written by":"M M","Est. reading time":"1 minut\u00eb"},"schema":{"@context":"https:\/\/schema.org","@graph":[{"@type":"Article","@id":"https:\/\/permbledhja.com\/sq\/osmani-kam-identitetin-tim-nuk-merr-askush-vendime-per-mua-as-mustafa-as-kurti\/#article","isPartOf":{"@id":"https:\/\/permbledhja.com\/sq\/osmani-kam-identitetin-tim-nuk-merr-askush-vendime-per-mua-as-mustafa-as-kurti\/"},"author":{"name":"M M","@id":"https:\/\/permbledhja.com\/#\/schema\/person\/d23f13f59b5722643933d6780783acf3"},"headline":"Osmani: Kam identitetin tim, nuk merr askush vendime p\u00ebr mua, as Mustafa as Kurti","datePublished":"2023-09-05T07:58:17+00:00","dateModified":"2023-09-05T07:58:17+00:00","mainEntityOfPage":{"@id":"https:\/\/permbledhja.com\/sq\/osmani-kam-identitetin-tim-nuk-merr-askush-vendime-per-mua-as-mustafa-as-kurti\/"},"wordCount":197,"publisher":{"@id":"https:\/\/permbledhja.com\/#organization"},"keywords":["Vjosa Osmani"],"articleSection":["Kryesoret","Lajme"],"inLanguage":"sq"},{"@type":"WebPage","@id":"https:\/\/permbledhja.com\/sq\/osmani-kam-identitetin-tim-nuk-merr-askush-vendime-per-mua-as-mustafa-as-kurti\/","url":"https:\/\/permbledhja.com\/sq\/osmani-kam-identitetin-tim-nuk-merr-askush-vendime-per-mua-as-mustafa-as-kurti\/","name":"Osmani: Kam identitetin tim, nuk merr askush vendime p\u00ebr mua, as Mustafa as Kurti","isPartOf":{"@id":"https:\/\/permbledhja.com\/#website"},"datePublished":"2023-09-05T07:58:17+00:00","dateModified":"2023-09-05T07:58:17+00:00","breadcrumb":{"@id":"https:\/\/permbledhja.com\/sq\/osmani-kam-identitetin-tim-nuk-merr-askush-vendime-per-mua-as-mustafa-as-kurti\/#breadcrumb"},"inLanguage":"sq","potentialAction":[{"@type":"ReadAction","target":["https:\/\/permbledhja.com\/sq\/osmani-kam-identitetin-tim-nuk-merr-askush-vendime-per-mua-as-mustafa-as-kurti\/"]}]},{"@type":"BreadcrumbList","@id":"https:\/\/permbledhja.com\/sq\/osmani-kam-identitetin-tim-nuk-merr-askush-vendime-per-mua-as-mustafa-as-kurti\/#breadcrumb","itemListElement":[{"@type":"ListItem","position":1,"name":"Ballina","item":"https:\/\/permbledhja.com\/sq\/"},{"@type":"ListItem","position":2,"name":"Osmani: Kam identitetin tim, nuk merr askush vendime p\u00ebr mua, as Mustafa as Kurti"}]},{"@type":"WebSite","@id":"https:\/\/permbledhja.com\/#website","url":"https:\/\/permbledhja.com\/","name":"Ve\u00e7 artikuj p\u00ebrmbledh\u00ebs","description":"","publisher":{"@id":"https:\/\/permbledhja.com\/#organization"},"potentialAction":[{"@type":"SearchAction","target":{"@type":"EntryPoint","urlTemplate":"https:\/\/permbledhja.com\/?s={search_term_string}"},"query-input":"required name=search_term_string"}],"inLanguage":"sq"},{"@type":"Organization","@id":"https:\/\/permbledhja.com\/#organization","name":"MK Media & Pr","url":"https:\/\/permbledhja.com\/","logo":{"@type":"ImageObject","inLanguage":"sq","@id":"https:\/\/permbledhja.com\/#\/schema\/logo\/image\/","url":"https:\/\/permbledhja.com\/wp-content\/uploads\/2021\/12\/07-Press-Logo.jpg","contentUrl":"https:\/\/permbledhja.com\/wp-content\/uploads\/2021\/12\/07-Press-Logo.jpg","width":512,"height":512,"caption":"MK Media & Pr"},"image":{"@id":"https:\/\/permbledhja.com\/#\/schema\/logo\/image\/"},"sameAs":["https:\/\/www.facebook.com\/press07\/"]},{"@type":"Person","@id":"https:\/\/permbledhja.com\/#\/schema\/person\/d23f13f59b5722643933d6780783acf3","name":"M M","image":{"@type":"ImageObject","inLanguage":"sq","@id":"https:\/\/permbledhja.com\/#\/schema\/person\/image\/","url":"https:\/\/secure.gravatar.com\/avatar\/e2835a76ca7c31a2416b2d51c4ec9a8f?s=96&d=mm&r=g","contentUrl":"https:\/\/secure.gravatar.com\/avatar\/e2835a76ca7c31a2416b2d51c4ec9a8f?s=96&d=mm&r=g","caption":"M M"},"sameAs":["http:\/\/MM"],"url":"https:\/\/permbledhja.com\/sq\/author\/muhamet\/"}]}},"_links":{"self":[{"href":"https:\/\/permbledhja.com\/sq\/wp-json\/wp\/v2\/posts\/25806"}],"collection":[{"href":"https:\/\/permbledhja.com\/sq\/wp-json\/wp\/v2\/posts"}],"about":[{"href":"https:\/\/permbledhja.com\/sq\/wp-json\/wp\/v2\/types\/post"}],"author":[{"embeddable":true,"href":"https:\/\/permbledhja.com\/sq\/wp-json\/wp\/v2\/users\/2"}],"replies":[{"embeddable":true,"href":"https:\/\/permbledhja.com\/sq\/wp-json\/wp\/v2\/comments?post=25806"}],"version-history":[{"count":1,"href":"https:\/\/permbledhja.com\/sq\/wp-json\/wp\/v2\/posts\/25806\/revisions"}],"predecessor-version":[{"id":25808,"href":"https:\/\/permbledhja.com\/sq\/wp-json\/wp\/v2\/posts\/25806\/revisions\/25808"}],"wp:featuredmedia":[{"embeddable":true,"href":"https:\/\/permbledhja.com\/sq\/wp-json\/wp\/v2\/media\/25807"}],"wp:attachment":[{"href":"https:\/\/permbledhja.com\/sq\/wp-json\/wp\/v2\/media?parent=25806"}],"wp:term":[{"taxonomy":"category","embeddable":true,"href":"https:\/\/permbledhja.com\/sq\/wp-json\/wp\/v2\/categories?post=25806"},{"taxonomy":"post_tag","embeddable":true,"href":"https:\/\/permbledhja.com\/sq\/wp-json\/wp\/v2\/tags?post=25806"}],"curies":[{"name":"wp","href":"https:\/\/api.w.org\/{rel}","templated":true}]}}