{"id":25754,"date":"2023-09-04T16:00:13","date_gmt":"2023-09-04T16:00:13","guid":{"rendered":"https:\/\/permbledhja.com\/?p=25754"},"modified":"2023-09-04T16:00:13","modified_gmt":"2023-09-04T16:00:13","slug":"komunat-e-mirepresin-vendimin-e-kushtetueses-per-pezullimin-e-faljes-se-100-eurove","status":"publish","type":"post","link":"https:\/\/permbledhja.com\/sq\/komunat-e-mirepresin-vendimin-e-kushtetueses-per-pezullimin-e-faljes-se-100-eurove\/","title":{"rendered":"Komunat e mir\u00ebpresin vendimin e Kushtetueses p\u00ebr pezullimin e faljes s\u00eb 100 eurove"},"content":{"rendered":"<p><strong>Gjykata Kushtetuese sot ka vendosur q\u00eb t\u00eb pezulloj\u00eb vendimin p\u00ebr faljen e 100 eurove p\u00ebr tatimin n\u00eb pron\u00eb, q\u00eb \u00ebsht\u00eb n\u00ebn i Ligjit p\u00ebr Tatimin n\u00eb Pron\u00eb. Mir\u00ebpo deri tani nj\u00eb vendim t\u00eb till\u00eb e kan\u00eb ekzekutuar tri komuna \u2013 Drenasi, Gra\u00e7anica dhe Obiliqi. Vendimin e Kushtetueses e ka mir\u00ebpritur kryetari i Asociacionit t\u00eb Komunave t\u00eb Kosov\u00ebs, Sazan Ibrahimi. Ai n\u00eb nj\u00eb prononcim p\u00ebr Express tha se Qeveria duhet t\u2019i hap\u00eb syt\u00eb q\u00eb ta bashk\u00ebpunoj\u00eb me nivelin lokal.<\/strong><\/p>\n<p>Gjykata Kushtetuese ka miratuar k\u00ebrkes\u00ebn e Komun\u00ebs s\u00eb Prizrenit p\u00ebr mas\u00ebn e p\u00ebrkohshme lidhur me vler\u00ebsimin e kushtetutshm\u00ebris\u00eb s\u00eb nenit 5 t\u00eb Ligjit p\u00ebr Tatimin n\u00eb Pron\u00ebn e Paluajtshme, i cili ka hyr\u00eb n\u00eb fuqi m\u00eb 16 gusht 2023. P\u00ebr zbatimin e k\u00ebtij vendimi, Kushtetuesja ka vendosur mas\u00ebn e p\u00ebrkohshme deri m\u00eb 30 n\u00ebntor.<\/p>\n<p>\u201cGjykata, nj\u00ebz\u00ebri, ka vendosur q\u00eb (i) k\u00ebrkesa p\u00ebr vendosjen e mas\u00ebs s\u00eb p\u00ebrkohshme lidhur me aktin e lartcekur t\u00eb miratohet n\u00eb koh\u00ebzgjatje deri m\u00eb 30 n\u00ebntor 2023; dhe p\u00ebr pasoj\u00eb (ii) t\u00eb pezullohet menj\u00ebher\u00eb zbatimi i nenit 5 t\u00eb Ligjit Nr.08\/L-224 p\u00ebr Ndryshimin dhe Plot\u00ebsimin e Ligjit Nr. 06\/L-005 p\u00ebr Tatimin n\u00eb Pron\u00ebn e Paluajtshme dhe zbatimi i vendimeve t\u00eb nxjerra n\u00eb baz\u00eb t\u00eb k\u00ebtij neni deri n\u00eb afatin e lartcekur\u201d, thuhet n\u00eb njoftim.<\/p>\n<p>P\u00ebr k\u00ebt\u00eb \u00e7\u00ebshtje, n\u00eb nj\u00eb prononcim p\u00ebr Gazet\u00ebn Express ka folur kryetari i Asociacionit t\u00eb Komunave t\u00eb Kosov\u00ebs, Sazan Ibrahimi.<\/p>\n<p>Ai tha se e kan\u00eb mir\u00ebpritur vendimin e Kushtetueses, derisa ka shtuar se beson q\u00eb edhe vendimi final do t\u00eb jet\u00eb pro komunave.<\/p>\n<p>\u201cNe si Asociacion i Komunave t\u00eb Kosov\u00ebs gjithmon\u00eb i kemi besuar vendimeve t\u00eb Gjykat\u00ebs Kushtetuese dhe ndarjes s\u00eb drejt\u00ebsis\u00eb. Kemi qen\u00eb t\u00eb bindur se ky vendim do t\u00eb jet\u00eb pro komunave, e kemi mir\u00ebpritur k\u00ebt\u00eb vendim dhe besojm\u00eb q\u00eb edhe vendimi final do t\u00eb jet\u00eb pro komunave, se p\u00ebrndryshe komunat do t\u00eb humbin rreth 30 milion\u00eb euro\u201d, tha Ibrahimi.<\/p>\n<p>Ai pati edhe kritika p\u00ebr nivelin qendror, t\u00eb cilit i k\u00ebrkoi m\u00eb shum\u00eb bashk\u00ebpunim me institucionet lokale para se t\u00eb marr\u00eb vendime.<\/p>\n<p>\u201cMe k\u00ebt\u00eb vendim u v\u00ebrtetua q\u00eb k\u00ebrkesa e komunave \u00ebsht\u00eb e drejt\u00eb q\u00eb niveli qendror pa konsulta po merr vendime q\u00eb do ta preknin buxhetin e komunave dhe k\u00ebto vendime po merren pa konsulta paraprake. N\u00eb vend q\u00eb niveli qendror t\u00eb ulet s\u00eb bashku me nivelin lokal t\u2019i diskutojn\u00eb k\u00ebto probleme, po na detyron q\u00eb t\u00eb shkojm\u00eb dhe t\u00eb ballafaqohemi n\u00eb gjykata. \u00cbsht\u00eb apeli i Asocicacionit q\u00eb n\u00eb t\u00eb ardhmen niveli qendror t\u2019i hap\u00eb syt\u00eb dhe t\u00eb bashk\u00ebpunoj\u00eb me nivelin lokal n\u00eb m\u00ebnyr\u00eb korrekte dhe t\u00eb sinqert\u00eb n\u00eb m\u00ebnyr\u00eb q\u00eb mos t\u00eb kemi ballafaqime t\u00eb tilla n\u00eb institucione gjyq\u00ebsore\u201d, tha ai.<\/p>\n<p>Mir\u00ebpo deri m\u00eb tani vendimin p\u00ebr faljen e 100 eurove e kan\u00eb zbatuar komuna e Drenasit, Obiliqit dhe Gra\u00e7anic\u00ebs. Se \u00e7ka ndodh me k\u00ebto komuna, Ibrahimi tha se duhet t\u00eb presin verdiktin p\u00ebrfundimtar t\u00eb Kushtetueses.<\/p>\n<p>\u201cSa i p\u00ebrket komunave aq sa jam n\u00eb dijeni, duhet t\u00eb presim verdiktin e fundit nga Gjykata Kushtetuese\u201d, tha Ibrahimi.<\/p>\n<p>Ligji p\u00ebr Tatimin n\u00eb Pron\u00eb u miratua m\u00eb 10 korrik, me 61 vota pro, dy abstenime dhe asnj\u00eb kund\u00ebr. Nd\u00ebrkaq, opozita s\u2019kishte marr\u00eb pjes\u00eb n\u00eb votim fare, duke th\u00ebn\u00eb se do ta d\u00ebrgojn\u00eb n\u00eb Kushtetuese. M\u00eb pas Kryetari i komun\u00ebs s\u00eb Prizrenit, Shaqir Totaj, e ka d\u00ebrgoi n\u00eb Gjykat\u00ebn Kushtetuese at\u00eb, me arsyetimin se e shkurton buxhetin e komunave n\u00eb Kosov\u00eb. \u00a0\/GazetaExpress\/<\/p>\n","protected":false},"excerpt":{"rendered":"<p>Gjykata Kushtetuese sot ka vendosur q\u00eb t\u00eb pezulloj\u00eb vendimin p\u00ebr faljen e 100 eurove p\u00ebr tatimin n\u00eb pron\u00eb, q\u00eb \u00ebsht\u00eb n\u00ebn i Ligjit p\u00ebr Tatimin n\u00eb Pron\u00eb. Mir\u00ebpo deri tani nj\u00eb vendim t\u00eb till\u00eb e kan\u00eb ekzekutuar tri komuna \u2013 Drenasi, Gra\u00e7anica dhe Obiliqi. Vendimin e Kushtetueses e ka mir\u00ebpritur kryetari i Asociacionit t\u00eb Komunave [&hellip;]<\/p>\n","protected":false},"author":1,"featured_media":25755,"comment_status":"closed","ping_status":"closed","sticky":false,"template":"","format":"standard","meta":{"_monsterinsights_skip_tracking":false,"_monsterinsights_sitenote_active":false,"_monsterinsights_sitenote_note":"","_monsterinsights_sitenote_category":0,"_uf_show_specific_survey":0,"_uf_disable_surveys":false,"footnotes":""},"categories":[23,15],"tags":[1217],"yoast_head":"<!-- This site is optimized with the Yoast SEO plugin v21.5 - https:\/\/yoast.com\/wordpress\/plugins\/seo\/ -->\n<title>Komunat e mir\u00ebpresin vendimin e Kushtetueses p\u00ebr pezullimin e faljes s\u00eb 100 eurove<\/title>\n<meta name=\"robots\" content=\"index, follow, max-snippet:-1, max-image-preview:large, max-video-preview:-1\" \/>\n<link rel=\"canonical\" href=\"https:\/\/permbledhja.com\/sq\/komunat-e-mirepresin-vendimin-e-kushtetueses-per-pezullimin-e-faljes-se-100-eurove\/\" \/>\n<meta property=\"og:locale\" content=\"sq_AL\" \/>\n<meta property=\"og:type\" content=\"article\" \/>\n<meta property=\"og:title\" content=\"Komunat e mir\u00ebpresin vendimin e Kushtetueses p\u00ebr pezullimin e faljes s\u00eb 100 eurove\" \/>\n<meta property=\"og:description\" content=\"Gjykata Kushtetuese sot ka vendosur q\u00eb t\u00eb pezulloj\u00eb vendimin p\u00ebr faljen e 100 eurove p\u00ebr tatimin n\u00eb pron\u00eb, q\u00eb \u00ebsht\u00eb n\u00ebn i Ligjit p\u00ebr Tatimin n\u00eb Pron\u00eb. Mir\u00ebpo deri tani nj\u00eb vendim t\u00eb till\u00eb e kan\u00eb ekzekutuar tri komuna \u2013 Drenasi, Gra\u00e7anica dhe Obiliqi. Vendimin e Kushtetueses e ka mir\u00ebpritur kryetari i Asociacionit t\u00eb Komunave [&hellip;]\" \/>\n<meta property=\"og:url\" content=\"https:\/\/permbledhja.com\/sq\/komunat-e-mirepresin-vendimin-e-kushtetueses-per-pezullimin-e-faljes-se-100-eurove\/\" \/>\n<meta property=\"og:site_name\" content=\"Ve\u00e7 artikuj p\u00ebrmbledh\u00ebs\" \/>\n<meta property=\"article:publisher\" content=\"https:\/\/www.facebook.com\/press07\/\" \/>\n<meta property=\"article:author\" content=\"https:\/\/www.facebook.com\/kafexhiu.muharrem\/\" \/>\n<meta property=\"article:published_time\" content=\"2023-09-04T16:00:13+00:00\" \/>\n<meta property=\"og:image\" content=\"https:\/\/permbledhja.com\/wp-content\/uploads\/2023\/09\/hand-holding-giving-one-hundred-100-euro-banknotes-money-man-hands-gray-background_538655-1189-1-600x360-1.jpg\" \/>\n\t<meta property=\"og:image:width\" content=\"600\" \/>\n\t<meta property=\"og:image:height\" content=\"360\" \/>\n\t<meta property=\"og:image:type\" content=\"image\/jpeg\" \/>\n<meta name=\"author\" content=\"P\u00ebrmbledhja\" \/>\n<meta name=\"twitter:card\" content=\"summary_large_image\" \/>\n<meta name=\"twitter:label1\" content=\"Written by\" \/>\n\t<meta name=\"twitter:data1\" content=\"P\u00ebrmbledhja\" \/>\n\t<meta name=\"twitter:label2\" content=\"Est. reading time\" \/>\n\t<meta name=\"twitter:data2\" content=\"3 minuta\" \/>\n<script type=\"application\/ld+json\" class=\"yoast-schema-graph\">{\"@context\":\"https:\/\/schema.org\",\"@graph\":[{\"@type\":\"Article\",\"@id\":\"https:\/\/permbledhja.com\/komunat-e-mirepresin-vendimin-e-kushtetueses-per-pezullimin-e-faljes-se-100-eurove\/#article\",\"isPartOf\":{\"@id\":\"https:\/\/permbledhja.com\/komunat-e-mirepresin-vendimin-e-kushtetueses-per-pezullimin-e-faljes-se-100-eurove\/\"},\"author\":{\"name\":\"P\u00ebrmbledhja\",\"@id\":\"https:\/\/permbledhja.com\/#\/schema\/person\/0d064377258d3221e50693947b9eb4fe\"},\"headline\":\"Komunat e mir\u00ebpresin vendimin e Kushtetueses p\u00ebr pezullimin e faljes s\u00eb 100 eurove\",\"datePublished\":\"2023-09-04T16:00:13+00:00\",\"dateModified\":\"2023-09-04T16:00:13+00:00\",\"mainEntityOfPage\":{\"@id\":\"https:\/\/permbledhja.com\/komunat-e-mirepresin-vendimin-e-kushtetueses-per-pezullimin-e-faljes-se-100-eurove\/\"},\"wordCount\":633,\"publisher\":{\"@id\":\"https:\/\/permbledhja.com\/#organization\"},\"keywords\":[\"Komuna\"],\"articleSection\":[\"Komb\u00ebtare\",\"Lajme\"],\"inLanguage\":\"sq\"},{\"@type\":\"WebPage\",\"@id\":\"https:\/\/permbledhja.com\/komunat-e-mirepresin-vendimin-e-kushtetueses-per-pezullimin-e-faljes-se-100-eurove\/\",\"url\":\"https:\/\/permbledhja.com\/komunat-e-mirepresin-vendimin-e-kushtetueses-per-pezullimin-e-faljes-se-100-eurove\/\",\"name\":\"Komunat e mir\u00ebpresin vendimin e Kushtetueses p\u00ebr pezullimin e faljes s\u00eb 100 eurove\",\"isPartOf\":{\"@id\":\"https:\/\/permbledhja.com\/#website\"},\"datePublished\":\"2023-09-04T16:00:13+00:00\",\"dateModified\":\"2023-09-04T16:00:13+00:00\",\"breadcrumb\":{\"@id\":\"https:\/\/permbledhja.com\/komunat-e-mirepresin-vendimin-e-kushtetueses-per-pezullimin-e-faljes-se-100-eurove\/#breadcrumb\"},\"inLanguage\":\"sq\",\"potentialAction\":[{\"@type\":\"ReadAction\",\"target\":[\"https:\/\/permbledhja.com\/komunat-e-mirepresin-vendimin-e-kushtetueses-per-pezullimin-e-faljes-se-100-eurove\/\"]}]},{\"@type\":\"BreadcrumbList\",\"@id\":\"https:\/\/permbledhja.com\/komunat-e-mirepresin-vendimin-e-kushtetueses-per-pezullimin-e-faljes-se-100-eurove\/#breadcrumb\",\"itemListElement\":[{\"@type\":\"ListItem\",\"position\":1,\"name\":\"Ballina\",\"item\":\"https:\/\/permbledhja.com\/sq\/\"},{\"@type\":\"ListItem\",\"position\":2,\"name\":\"Komunat e mir\u00ebpresin vendimin e Kushtetueses p\u00ebr pezullimin e faljes s\u00eb 100 eurove\"}]},{\"@type\":\"WebSite\",\"@id\":\"https:\/\/permbledhja.com\/#website\",\"url\":\"https:\/\/permbledhja.com\/\",\"name\":\"Ve\u00e7 artikuj p\u00ebrmbledh\u00ebs\",\"description\":\"\",\"publisher\":{\"@id\":\"https:\/\/permbledhja.com\/#organization\"},\"potentialAction\":[{\"@type\":\"SearchAction\",\"target\":{\"@type\":\"EntryPoint\",\"urlTemplate\":\"https:\/\/permbledhja.com\/?s={search_term_string}\"},\"query-input\":\"required name=search_term_string\"}],\"inLanguage\":\"sq\"},{\"@type\":\"Organization\",\"@id\":\"https:\/\/permbledhja.com\/#organization\",\"name\":\"MK Media & Pr\",\"url\":\"https:\/\/permbledhja.com\/\",\"logo\":{\"@type\":\"ImageObject\",\"inLanguage\":\"sq\",\"@id\":\"https:\/\/permbledhja.com\/#\/schema\/logo\/image\/\",\"url\":\"https:\/\/permbledhja.com\/wp-content\/uploads\/2021\/12\/07-Press-Logo.jpg\",\"contentUrl\":\"https:\/\/permbledhja.com\/wp-content\/uploads\/2021\/12\/07-Press-Logo.jpg\",\"width\":512,\"height\":512,\"caption\":\"MK Media & Pr\"},\"image\":{\"@id\":\"https:\/\/permbledhja.com\/#\/schema\/logo\/image\/\"},\"sameAs\":[\"https:\/\/www.facebook.com\/press07\/\"]},{\"@type\":\"Person\",\"@id\":\"https:\/\/permbledhja.com\/#\/schema\/person\/0d064377258d3221e50693947b9eb4fe\",\"name\":\"P\u00ebrmbledhja\",\"image\":{\"@type\":\"ImageObject\",\"inLanguage\":\"sq\",\"@id\":\"https:\/\/permbledhja.com\/#\/schema\/person\/image\/\",\"url\":\"https:\/\/permbledhja.com\/wp-content\/uploads\/2026\/01\/452004717_1040944174702970_8932037511805513407_n-96x96.jpg\",\"contentUrl\":\"https:\/\/permbledhja.com\/wp-content\/uploads\/2026\/01\/452004717_1040944174702970_8932037511805513407_n-96x96.jpg\",\"caption\":\"P\u00ebrmbledhja\"},\"sameAs\":[\"https:\/\/www.facebook.com\/kafexhiu.muharrem\/\",\"https:\/\/www.instagram.com\/muharrem_kafexhiu\/\"],\"url\":\"https:\/\/permbledhja.com\/sq\/author\/admin\/\"}]}<\/script>\n<!-- \/ Yoast SEO plugin. -->","yoast_head_json":{"title":"Komunat e mir\u00ebpresin vendimin e Kushtetueses p\u00ebr pezullimin e faljes s\u00eb 100 eurove","robots":{"index":"index","follow":"follow","max-snippet":"max-snippet:-1","max-image-preview":"max-image-preview:large","max-video-preview":"max-video-preview:-1"},"canonical":"https:\/\/permbledhja.com\/sq\/komunat-e-mirepresin-vendimin-e-kushtetueses-per-pezullimin-e-faljes-se-100-eurove\/","og_locale":"sq_AL","og_type":"article","og_title":"Komunat e mir\u00ebpresin vendimin e Kushtetueses p\u00ebr pezullimin e faljes s\u00eb 100 eurove","og_description":"Gjykata Kushtetuese sot ka vendosur q\u00eb t\u00eb pezulloj\u00eb vendimin p\u00ebr faljen e 100 eurove p\u00ebr tatimin n\u00eb pron\u00eb, q\u00eb \u00ebsht\u00eb n\u00ebn i Ligjit p\u00ebr Tatimin n\u00eb Pron\u00eb. Mir\u00ebpo deri tani nj\u00eb vendim t\u00eb till\u00eb e kan\u00eb ekzekutuar tri komuna \u2013 Drenasi, Gra\u00e7anica dhe Obiliqi. Vendimin e Kushtetueses e ka mir\u00ebpritur kryetari i Asociacionit t\u00eb Komunave [&hellip;]","og_url":"https:\/\/permbledhja.com\/sq\/komunat-e-mirepresin-vendimin-e-kushtetueses-per-pezullimin-e-faljes-se-100-eurove\/","og_site_name":"Ve\u00e7 artikuj p\u00ebrmbledh\u00ebs","article_publisher":"https:\/\/www.facebook.com\/press07\/","article_author":"https:\/\/www.facebook.com\/kafexhiu.muharrem\/","article_published_time":"2023-09-04T16:00:13+00:00","og_image":[{"width":600,"height":360,"url":"https:\/\/permbledhja.com\/wp-content\/uploads\/2023\/09\/hand-holding-giving-one-hundred-100-euro-banknotes-money-man-hands-gray-background_538655-1189-1-600x360-1.jpg","type":"image\/jpeg"}],"author":"P\u00ebrmbledhja","twitter_card":"summary_large_image","twitter_misc":{"Written by":"P\u00ebrmbledhja","Est. reading time":"3 minuta"},"schema":{"@context":"https:\/\/schema.org","@graph":[{"@type":"Article","@id":"https:\/\/permbledhja.com\/komunat-e-mirepresin-vendimin-e-kushtetueses-per-pezullimin-e-faljes-se-100-eurove\/#article","isPartOf":{"@id":"https:\/\/permbledhja.com\/komunat-e-mirepresin-vendimin-e-kushtetueses-per-pezullimin-e-faljes-se-100-eurove\/"},"author":{"name":"P\u00ebrmbledhja","@id":"https:\/\/permbledhja.com\/#\/schema\/person\/0d064377258d3221e50693947b9eb4fe"},"headline":"Komunat e mir\u00ebpresin vendimin e Kushtetueses p\u00ebr pezullimin e faljes s\u00eb 100 eurove","datePublished":"2023-09-04T16:00:13+00:00","dateModified":"2023-09-04T16:00:13+00:00","mainEntityOfPage":{"@id":"https:\/\/permbledhja.com\/komunat-e-mirepresin-vendimin-e-kushtetueses-per-pezullimin-e-faljes-se-100-eurove\/"},"wordCount":633,"publisher":{"@id":"https:\/\/permbledhja.com\/#organization"},"keywords":["Komuna"],"articleSection":["Komb\u00ebtare","Lajme"],"inLanguage":"sq"},{"@type":"WebPage","@id":"https:\/\/permbledhja.com\/komunat-e-mirepresin-vendimin-e-kushtetueses-per-pezullimin-e-faljes-se-100-eurove\/","url":"https:\/\/permbledhja.com\/komunat-e-mirepresin-vendimin-e-kushtetueses-per-pezullimin-e-faljes-se-100-eurove\/","name":"Komunat e mir\u00ebpresin vendimin e Kushtetueses p\u00ebr pezullimin e faljes s\u00eb 100 eurove","isPartOf":{"@id":"https:\/\/permbledhja.com\/#website"},"datePublished":"2023-09-04T16:00:13+00:00","dateModified":"2023-09-04T16:00:13+00:00","breadcrumb":{"@id":"https:\/\/permbledhja.com\/komunat-e-mirepresin-vendimin-e-kushtetueses-per-pezullimin-e-faljes-se-100-eurove\/#breadcrumb"},"inLanguage":"sq","potentialAction":[{"@type":"ReadAction","target":["https:\/\/permbledhja.com\/komunat-e-mirepresin-vendimin-e-kushtetueses-per-pezullimin-e-faljes-se-100-eurove\/"]}]},{"@type":"BreadcrumbList","@id":"https:\/\/permbledhja.com\/komunat-e-mirepresin-vendimin-e-kushtetueses-per-pezullimin-e-faljes-se-100-eurove\/#breadcrumb","itemListElement":[{"@type":"ListItem","position":1,"name":"Ballina","item":"https:\/\/permbledhja.com\/sq\/"},{"@type":"ListItem","position":2,"name":"Komunat e mir\u00ebpresin vendimin e Kushtetueses p\u00ebr pezullimin e faljes s\u00eb 100 eurove"}]},{"@type":"WebSite","@id":"https:\/\/permbledhja.com\/#website","url":"https:\/\/permbledhja.com\/","name":"Ve\u00e7 artikuj p\u00ebrmbledh\u00ebs","description":"","publisher":{"@id":"https:\/\/permbledhja.com\/#organization"},"potentialAction":[{"@type":"SearchAction","target":{"@type":"EntryPoint","urlTemplate":"https:\/\/permbledhja.com\/?s={search_term_string}"},"query-input":"required name=search_term_string"}],"inLanguage":"sq"},{"@type":"Organization","@id":"https:\/\/permbledhja.com\/#organization","name":"MK Media & Pr","url":"https:\/\/permbledhja.com\/","logo":{"@type":"ImageObject","inLanguage":"sq","@id":"https:\/\/permbledhja.com\/#\/schema\/logo\/image\/","url":"https:\/\/permbledhja.com\/wp-content\/uploads\/2021\/12\/07-Press-Logo.jpg","contentUrl":"https:\/\/permbledhja.com\/wp-content\/uploads\/2021\/12\/07-Press-Logo.jpg","width":512,"height":512,"caption":"MK Media & Pr"},"image":{"@id":"https:\/\/permbledhja.com\/#\/schema\/logo\/image\/"},"sameAs":["https:\/\/www.facebook.com\/press07\/"]},{"@type":"Person","@id":"https:\/\/permbledhja.com\/#\/schema\/person\/0d064377258d3221e50693947b9eb4fe","name":"P\u00ebrmbledhja","image":{"@type":"ImageObject","inLanguage":"sq","@id":"https:\/\/permbledhja.com\/#\/schema\/person\/image\/","url":"https:\/\/permbledhja.com\/wp-content\/uploads\/2026\/01\/452004717_1040944174702970_8932037511805513407_n-96x96.jpg","contentUrl":"https:\/\/permbledhja.com\/wp-content\/uploads\/2026\/01\/452004717_1040944174702970_8932037511805513407_n-96x96.jpg","caption":"P\u00ebrmbledhja"},"sameAs":["https:\/\/www.facebook.com\/kafexhiu.muharrem\/","https:\/\/www.instagram.com\/muharrem_kafexhiu\/"],"url":"https:\/\/permbledhja.com\/sq\/author\/admin\/"}]}},"_links":{"self":[{"href":"https:\/\/permbledhja.com\/sq\/wp-json\/wp\/v2\/posts\/25754"}],"collection":[{"href":"https:\/\/permbledhja.com\/sq\/wp-json\/wp\/v2\/posts"}],"about":[{"href":"https:\/\/permbledhja.com\/sq\/wp-json\/wp\/v2\/types\/post"}],"author":[{"embeddable":true,"href":"https:\/\/permbledhja.com\/sq\/wp-json\/wp\/v2\/users\/1"}],"replies":[{"embeddable":true,"href":"https:\/\/permbledhja.com\/sq\/wp-json\/wp\/v2\/comments?post=25754"}],"version-history":[{"count":1,"href":"https:\/\/permbledhja.com\/sq\/wp-json\/wp\/v2\/posts\/25754\/revisions"}],"predecessor-version":[{"id":25756,"href":"https:\/\/permbledhja.com\/sq\/wp-json\/wp\/v2\/posts\/25754\/revisions\/25756"}],"wp:featuredmedia":[{"embeddable":true,"href":"https:\/\/permbledhja.com\/sq\/wp-json\/wp\/v2\/media\/25755"}],"wp:attachment":[{"href":"https:\/\/permbledhja.com\/sq\/wp-json\/wp\/v2\/media?parent=25754"}],"wp:term":[{"taxonomy":"category","embeddable":true,"href":"https:\/\/permbledhja.com\/sq\/wp-json\/wp\/v2\/categories?post=25754"},{"taxonomy":"post_tag","embeddable":true,"href":"https:\/\/permbledhja.com\/sq\/wp-json\/wp\/v2\/tags?post=25754"}],"curies":[{"name":"wp","href":"https:\/\/api.w.org\/{rel}","templated":true}]}}