{"id":25717,"date":"2023-09-04T10:59:24","date_gmt":"2023-09-04T10:59:24","guid":{"rendered":"https:\/\/permbledhja.com\/?p=25717"},"modified":"2023-09-04T10:59:24","modified_gmt":"2023-09-04T10:59:24","slug":"krasniqi-kurtit-dhe-deputeteve-te-lvv-se-prej-kujt-po-ikni-e-turpshme-qe-nxenesit-kane-mbetur-pa-libra","status":"publish","type":"post","link":"https:\/\/permbledhja.com\/sq\/krasniqi-kurtit-dhe-deputeteve-te-lvv-se-prej-kujt-po-ikni-e-turpshme-qe-nxenesit-kane-mbetur-pa-libra\/","title":{"rendered":"Krasniqi, Kurtit dhe deputet\u00ebve t\u00eb LVV-s\u00eb: Prej kujt po ikni, e turpshme q\u00eb nx\u00ebn\u00ebsit kan\u00eb mbetur pa libra"},"content":{"rendered":"<h3>Ka d\u00ebshtuar t\u00eb mbahet sot seanca e jasht\u00ebzakonshme e thirrur nga opozita lidhur me blerjen e teksteve shkollore, p\u00ebr shkak t\u00eb mospjes\u00ebmarrjes s\u00eb LVV-s\u00eb.<\/h3>\n<p>Kryetari i PDK-s\u00eb, Memli Krasniqi ka th\u00ebn\u00eb se \u00ebsht\u00eb p\u00ebr keqardhje q\u00eb po na imponohet q\u00eb p\u00ebr shkak t\u00eb pap\u00ebrgjegj\u00ebsis\u00eb s\u00eb k\u00ebsaj qeverie, \u00e7do sesion parlamentar me fillu me seanc\u00eb t\u00eb jasht\u00ebzakonshme sepse gabimet dhe veprimet, vendimet e k\u00ebsaj qeverie po e sjellin situat\u00ebn t\u00eb till\u00eb.<\/p>\n<p>\u201cSot do t\u00eb duhej t\u00eb diskutonim p\u00ebr reform\u00ebn n\u00eb arsim n\u00eb situat\u00eb normale p\u00ebr mund\u00ebsit\u00eb e reja q\u00eb ka krijuar kjo qeveri p\u00ebr nx\u00ebn\u00ebsit, por ne e kemi thirr si opozit\u00eb k\u00ebt\u00eb seanc\u00eb pik\u00ebrisht p\u00ebr t\u00eb fol p\u00ebr di\u00e7ka q\u00eb askush nuk e kishte paramendu, q\u00eb p\u00ebr her\u00eb t\u00eb par\u00eb pas shpalljes s\u00eb pavar\u00ebsis\u00eb i ka l\u00ebn\u00eb nx\u00ebn\u00ebsit pa libra\u201d, ka th\u00ebn\u00eb Krasniqi.<\/p>\n<p>Ai ka shtuar se \u00ebsht\u00eb e turpshme dhe \u00ebsht\u00eb shkelje e ligjit.<\/p>\n<p>\u201cK\u00ebta njer\u00ebz e kjo ministre ka p\u00ebrgjegj\u00ebsi penale, e kan\u00eb trefishu koston e librave duke u thirr n\u00eb kursime. A ka di\u00e7ka m\u00eb t\u00eb turpshme sesa ikja e shumic\u00eb. Prej Albin Kurtit e posht\u00eb prej kujt po ikni. Turp ju qoft\u00eb\u201d, tha Krasniqi.<\/p>\n<div class=\"code-block code-block-43 code-block-pas-paragrafit-2t-inarticle\">\n<div><\/div>\n<\/div>\n","protected":false},"excerpt":{"rendered":"<p>Ka d\u00ebshtuar t\u00eb mbahet sot seanca e jasht\u00ebzakonshme e thirrur nga opozita lidhur me blerjen e teksteve shkollore, p\u00ebr shkak t\u00eb mospjes\u00ebmarrjes s\u00eb LVV-s\u00eb. Kryetari i PDK-s\u00eb, Memli Krasniqi ka th\u00ebn\u00eb se \u00ebsht\u00eb p\u00ebr keqardhje q\u00eb po na imponohet q\u00eb p\u00ebr shkak t\u00eb pap\u00ebrgjegj\u00ebsis\u00eb s\u00eb k\u00ebsaj qeverie, \u00e7do sesion parlamentar me fillu me seanc\u00eb t\u00eb [&hellip;]<\/p>\n","protected":false},"author":2,"featured_media":25718,"comment_status":"closed","ping_status":"closed","sticky":false,"template":"","format":"standard","meta":{"_monsterinsights_skip_tracking":false,"_monsterinsights_sitenote_active":false,"_monsterinsights_sitenote_note":"","_monsterinsights_sitenote_category":0,"_uf_show_specific_survey":0,"_uf_disable_surveys":false,"footnotes":""},"categories":[23,15],"tags":[137],"yoast_head":"<!-- This site is optimized with the Yoast SEO plugin v21.5 - https:\/\/yoast.com\/wordpress\/plugins\/seo\/ -->\n<title>Krasniqi, Kurtit dhe deputet\u00ebve t\u00eb LVV-s\u00eb: Prej kujt po ikni, e turpshme q\u00eb nx\u00ebn\u00ebsit kan\u00eb mbetur pa libra<\/title>\n<meta name=\"robots\" content=\"index, follow, max-snippet:-1, max-image-preview:large, max-video-preview:-1\" \/>\n<link rel=\"canonical\" href=\"https:\/\/permbledhja.com\/sq\/krasniqi-kurtit-dhe-deputeteve-te-lvv-se-prej-kujt-po-ikni-e-turpshme-qe-nxenesit-kane-mbetur-pa-libra\/\" \/>\n<meta property=\"og:locale\" content=\"sq_AL\" \/>\n<meta property=\"og:type\" content=\"article\" \/>\n<meta property=\"og:title\" content=\"Krasniqi, Kurtit dhe deputet\u00ebve t\u00eb LVV-s\u00eb: Prej kujt po ikni, e turpshme q\u00eb nx\u00ebn\u00ebsit kan\u00eb mbetur pa libra\" \/>\n<meta property=\"og:description\" content=\"Ka d\u00ebshtuar t\u00eb mbahet sot seanca e jasht\u00ebzakonshme e thirrur nga opozita lidhur me blerjen e teksteve shkollore, p\u00ebr shkak t\u00eb mospjes\u00ebmarrjes s\u00eb LVV-s\u00eb. Kryetari i PDK-s\u00eb, Memli Krasniqi ka th\u00ebn\u00eb se \u00ebsht\u00eb p\u00ebr keqardhje q\u00eb po na imponohet q\u00eb p\u00ebr shkak t\u00eb pap\u00ebrgjegj\u00ebsis\u00eb s\u00eb k\u00ebsaj qeverie, \u00e7do sesion parlamentar me fillu me seanc\u00eb t\u00eb [&hellip;]\" \/>\n<meta property=\"og:url\" content=\"https:\/\/permbledhja.com\/sq\/krasniqi-kurtit-dhe-deputeteve-te-lvv-se-prej-kujt-po-ikni-e-turpshme-qe-nxenesit-kane-mbetur-pa-libra\/\" \/>\n<meta property=\"og:site_name\" content=\"Ve\u00e7 artikuj p\u00ebrmbledh\u00ebs\" \/>\n<meta property=\"article:publisher\" content=\"https:\/\/www.facebook.com\/press07\/\" \/>\n<meta property=\"article:published_time\" content=\"2023-09-04T10:59:24+00:00\" \/>\n<meta property=\"og:image\" content=\"https:\/\/permbledhja.com\/wp-content\/uploads\/2023\/09\/memli-krasniqi.jpg\" \/>\n\t<meta property=\"og:image:width\" content=\"1440\" \/>\n\t<meta property=\"og:image:height\" content=\"959\" \/>\n\t<meta property=\"og:image:type\" content=\"image\/jpeg\" \/>\n<meta name=\"author\" content=\"M M\" \/>\n<meta name=\"twitter:card\" content=\"summary_large_image\" \/>\n<meta name=\"twitter:label1\" content=\"Written by\" \/>\n\t<meta name=\"twitter:data1\" content=\"M M\" \/>\n\t<meta name=\"twitter:label2\" content=\"Est. reading time\" \/>\n\t<meta name=\"twitter:data2\" content=\"1 minut\u00eb\" \/>\n<script type=\"application\/ld+json\" class=\"yoast-schema-graph\">{\"@context\":\"https:\/\/schema.org\",\"@graph\":[{\"@type\":\"Article\",\"@id\":\"https:\/\/permbledhja.com\/krasniqi-kurtit-dhe-deputeteve-te-lvv-se-prej-kujt-po-ikni-e-turpshme-qe-nxenesit-kane-mbetur-pa-libra\/#article\",\"isPartOf\":{\"@id\":\"https:\/\/permbledhja.com\/krasniqi-kurtit-dhe-deputeteve-te-lvv-se-prej-kujt-po-ikni-e-turpshme-qe-nxenesit-kane-mbetur-pa-libra\/\"},\"author\":{\"name\":\"M M\",\"@id\":\"https:\/\/permbledhja.com\/#\/schema\/person\/d23f13f59b5722643933d6780783acf3\"},\"headline\":\"Krasniqi, Kurtit dhe deputet\u00ebve t\u00eb LVV-s\u00eb: Prej kujt po ikni, e turpshme q\u00eb nx\u00ebn\u00ebsit kan\u00eb mbetur pa libra\",\"datePublished\":\"2023-09-04T10:59:24+00:00\",\"dateModified\":\"2023-09-04T10:59:24+00:00\",\"mainEntityOfPage\":{\"@id\":\"https:\/\/permbledhja.com\/krasniqi-kurtit-dhe-deputeteve-te-lvv-se-prej-kujt-po-ikni-e-turpshme-qe-nxenesit-kane-mbetur-pa-libra\/\"},\"wordCount\":245,\"publisher\":{\"@id\":\"https:\/\/permbledhja.com\/#organization\"},\"keywords\":[\"Memli Krasniqi\"],\"articleSection\":[\"Komb\u00ebtare\",\"Lajme\"],\"inLanguage\":\"sq\"},{\"@type\":\"WebPage\",\"@id\":\"https:\/\/permbledhja.com\/krasniqi-kurtit-dhe-deputeteve-te-lvv-se-prej-kujt-po-ikni-e-turpshme-qe-nxenesit-kane-mbetur-pa-libra\/\",\"url\":\"https:\/\/permbledhja.com\/krasniqi-kurtit-dhe-deputeteve-te-lvv-se-prej-kujt-po-ikni-e-turpshme-qe-nxenesit-kane-mbetur-pa-libra\/\",\"name\":\"Krasniqi, Kurtit dhe deputet\u00ebve t\u00eb LVV-s\u00eb: Prej kujt po ikni, e turpshme q\u00eb nx\u00ebn\u00ebsit kan\u00eb mbetur pa libra\",\"isPartOf\":{\"@id\":\"https:\/\/permbledhja.com\/#website\"},\"datePublished\":\"2023-09-04T10:59:24+00:00\",\"dateModified\":\"2023-09-04T10:59:24+00:00\",\"breadcrumb\":{\"@id\":\"https:\/\/permbledhja.com\/krasniqi-kurtit-dhe-deputeteve-te-lvv-se-prej-kujt-po-ikni-e-turpshme-qe-nxenesit-kane-mbetur-pa-libra\/#breadcrumb\"},\"inLanguage\":\"sq\",\"potentialAction\":[{\"@type\":\"ReadAction\",\"target\":[\"https:\/\/permbledhja.com\/krasniqi-kurtit-dhe-deputeteve-te-lvv-se-prej-kujt-po-ikni-e-turpshme-qe-nxenesit-kane-mbetur-pa-libra\/\"]}]},{\"@type\":\"BreadcrumbList\",\"@id\":\"https:\/\/permbledhja.com\/krasniqi-kurtit-dhe-deputeteve-te-lvv-se-prej-kujt-po-ikni-e-turpshme-qe-nxenesit-kane-mbetur-pa-libra\/#breadcrumb\",\"itemListElement\":[{\"@type\":\"ListItem\",\"position\":1,\"name\":\"Ballina\",\"item\":\"https:\/\/permbledhja.com\/sq\/\"},{\"@type\":\"ListItem\",\"position\":2,\"name\":\"Krasniqi, Kurtit dhe deputet\u00ebve t\u00eb LVV-s\u00eb: Prej kujt po ikni, e turpshme q\u00eb nx\u00ebn\u00ebsit kan\u00eb mbetur pa libra\"}]},{\"@type\":\"WebSite\",\"@id\":\"https:\/\/permbledhja.com\/#website\",\"url\":\"https:\/\/permbledhja.com\/\",\"name\":\"Ve\u00e7 artikuj p\u00ebrmbledh\u00ebs\",\"description\":\"\",\"publisher\":{\"@id\":\"https:\/\/permbledhja.com\/#organization\"},\"potentialAction\":[{\"@type\":\"SearchAction\",\"target\":{\"@type\":\"EntryPoint\",\"urlTemplate\":\"https:\/\/permbledhja.com\/?s={search_term_string}\"},\"query-input\":\"required name=search_term_string\"}],\"inLanguage\":\"sq\"},{\"@type\":\"Organization\",\"@id\":\"https:\/\/permbledhja.com\/#organization\",\"name\":\"MK Media & Pr\",\"url\":\"https:\/\/permbledhja.com\/\",\"logo\":{\"@type\":\"ImageObject\",\"inLanguage\":\"sq\",\"@id\":\"https:\/\/permbledhja.com\/#\/schema\/logo\/image\/\",\"url\":\"https:\/\/permbledhja.com\/wp-content\/uploads\/2021\/12\/07-Press-Logo.jpg\",\"contentUrl\":\"https:\/\/permbledhja.com\/wp-content\/uploads\/2021\/12\/07-Press-Logo.jpg\",\"width\":512,\"height\":512,\"caption\":\"MK Media & Pr\"},\"image\":{\"@id\":\"https:\/\/permbledhja.com\/#\/schema\/logo\/image\/\"},\"sameAs\":[\"https:\/\/www.facebook.com\/press07\/\"]},{\"@type\":\"Person\",\"@id\":\"https:\/\/permbledhja.com\/#\/schema\/person\/d23f13f59b5722643933d6780783acf3\",\"name\":\"M M\",\"image\":{\"@type\":\"ImageObject\",\"inLanguage\":\"sq\",\"@id\":\"https:\/\/permbledhja.com\/#\/schema\/person\/image\/\",\"url\":\"https:\/\/secure.gravatar.com\/avatar\/e2835a76ca7c31a2416b2d51c4ec9a8f?s=96&d=mm&r=g\",\"contentUrl\":\"https:\/\/secure.gravatar.com\/avatar\/e2835a76ca7c31a2416b2d51c4ec9a8f?s=96&d=mm&r=g\",\"caption\":\"M M\"},\"sameAs\":[\"http:\/\/MM\"],\"url\":\"https:\/\/permbledhja.com\/sq\/author\/muhamet\/\"}]}<\/script>\n<!-- \/ Yoast SEO plugin. -->","yoast_head_json":{"title":"Krasniqi, Kurtit dhe deputet\u00ebve t\u00eb LVV-s\u00eb: Prej kujt po ikni, e turpshme q\u00eb nx\u00ebn\u00ebsit kan\u00eb mbetur pa libra","robots":{"index":"index","follow":"follow","max-snippet":"max-snippet:-1","max-image-preview":"max-image-preview:large","max-video-preview":"max-video-preview:-1"},"canonical":"https:\/\/permbledhja.com\/sq\/krasniqi-kurtit-dhe-deputeteve-te-lvv-se-prej-kujt-po-ikni-e-turpshme-qe-nxenesit-kane-mbetur-pa-libra\/","og_locale":"sq_AL","og_type":"article","og_title":"Krasniqi, Kurtit dhe deputet\u00ebve t\u00eb LVV-s\u00eb: Prej kujt po ikni, e turpshme q\u00eb nx\u00ebn\u00ebsit kan\u00eb mbetur pa libra","og_description":"Ka d\u00ebshtuar t\u00eb mbahet sot seanca e jasht\u00ebzakonshme e thirrur nga opozita lidhur me blerjen e teksteve shkollore, p\u00ebr shkak t\u00eb mospjes\u00ebmarrjes s\u00eb LVV-s\u00eb. Kryetari i PDK-s\u00eb, Memli Krasniqi ka th\u00ebn\u00eb se \u00ebsht\u00eb p\u00ebr keqardhje q\u00eb po na imponohet q\u00eb p\u00ebr shkak t\u00eb pap\u00ebrgjegj\u00ebsis\u00eb s\u00eb k\u00ebsaj qeverie, \u00e7do sesion parlamentar me fillu me seanc\u00eb t\u00eb [&hellip;]","og_url":"https:\/\/permbledhja.com\/sq\/krasniqi-kurtit-dhe-deputeteve-te-lvv-se-prej-kujt-po-ikni-e-turpshme-qe-nxenesit-kane-mbetur-pa-libra\/","og_site_name":"Ve\u00e7 artikuj p\u00ebrmbledh\u00ebs","article_publisher":"https:\/\/www.facebook.com\/press07\/","article_published_time":"2023-09-04T10:59:24+00:00","og_image":[{"width":1440,"height":959,"url":"https:\/\/permbledhja.com\/wp-content\/uploads\/2023\/09\/memli-krasniqi.jpg","type":"image\/jpeg"}],"author":"M M","twitter_card":"summary_large_image","twitter_misc":{"Written by":"M M","Est. reading time":"1 minut\u00eb"},"schema":{"@context":"https:\/\/schema.org","@graph":[{"@type":"Article","@id":"https:\/\/permbledhja.com\/krasniqi-kurtit-dhe-deputeteve-te-lvv-se-prej-kujt-po-ikni-e-turpshme-qe-nxenesit-kane-mbetur-pa-libra\/#article","isPartOf":{"@id":"https:\/\/permbledhja.com\/krasniqi-kurtit-dhe-deputeteve-te-lvv-se-prej-kujt-po-ikni-e-turpshme-qe-nxenesit-kane-mbetur-pa-libra\/"},"author":{"name":"M M","@id":"https:\/\/permbledhja.com\/#\/schema\/person\/d23f13f59b5722643933d6780783acf3"},"headline":"Krasniqi, Kurtit dhe deputet\u00ebve t\u00eb LVV-s\u00eb: Prej kujt po ikni, e turpshme q\u00eb nx\u00ebn\u00ebsit kan\u00eb mbetur pa libra","datePublished":"2023-09-04T10:59:24+00:00","dateModified":"2023-09-04T10:59:24+00:00","mainEntityOfPage":{"@id":"https:\/\/permbledhja.com\/krasniqi-kurtit-dhe-deputeteve-te-lvv-se-prej-kujt-po-ikni-e-turpshme-qe-nxenesit-kane-mbetur-pa-libra\/"},"wordCount":245,"publisher":{"@id":"https:\/\/permbledhja.com\/#organization"},"keywords":["Memli Krasniqi"],"articleSection":["Komb\u00ebtare","Lajme"],"inLanguage":"sq"},{"@type":"WebPage","@id":"https:\/\/permbledhja.com\/krasniqi-kurtit-dhe-deputeteve-te-lvv-se-prej-kujt-po-ikni-e-turpshme-qe-nxenesit-kane-mbetur-pa-libra\/","url":"https:\/\/permbledhja.com\/krasniqi-kurtit-dhe-deputeteve-te-lvv-se-prej-kujt-po-ikni-e-turpshme-qe-nxenesit-kane-mbetur-pa-libra\/","name":"Krasniqi, Kurtit dhe deputet\u00ebve t\u00eb LVV-s\u00eb: Prej kujt po ikni, e turpshme q\u00eb nx\u00ebn\u00ebsit kan\u00eb mbetur pa libra","isPartOf":{"@id":"https:\/\/permbledhja.com\/#website"},"datePublished":"2023-09-04T10:59:24+00:00","dateModified":"2023-09-04T10:59:24+00:00","breadcrumb":{"@id":"https:\/\/permbledhja.com\/krasniqi-kurtit-dhe-deputeteve-te-lvv-se-prej-kujt-po-ikni-e-turpshme-qe-nxenesit-kane-mbetur-pa-libra\/#breadcrumb"},"inLanguage":"sq","potentialAction":[{"@type":"ReadAction","target":["https:\/\/permbledhja.com\/krasniqi-kurtit-dhe-deputeteve-te-lvv-se-prej-kujt-po-ikni-e-turpshme-qe-nxenesit-kane-mbetur-pa-libra\/"]}]},{"@type":"BreadcrumbList","@id":"https:\/\/permbledhja.com\/krasniqi-kurtit-dhe-deputeteve-te-lvv-se-prej-kujt-po-ikni-e-turpshme-qe-nxenesit-kane-mbetur-pa-libra\/#breadcrumb","itemListElement":[{"@type":"ListItem","position":1,"name":"Ballina","item":"https:\/\/permbledhja.com\/sq\/"},{"@type":"ListItem","position":2,"name":"Krasniqi, Kurtit dhe deputet\u00ebve t\u00eb LVV-s\u00eb: Prej kujt po ikni, e turpshme q\u00eb nx\u00ebn\u00ebsit kan\u00eb mbetur pa libra"}]},{"@type":"WebSite","@id":"https:\/\/permbledhja.com\/#website","url":"https:\/\/permbledhja.com\/","name":"Ve\u00e7 artikuj p\u00ebrmbledh\u00ebs","description":"","publisher":{"@id":"https:\/\/permbledhja.com\/#organization"},"potentialAction":[{"@type":"SearchAction","target":{"@type":"EntryPoint","urlTemplate":"https:\/\/permbledhja.com\/?s={search_term_string}"},"query-input":"required name=search_term_string"}],"inLanguage":"sq"},{"@type":"Organization","@id":"https:\/\/permbledhja.com\/#organization","name":"MK Media & Pr","url":"https:\/\/permbledhja.com\/","logo":{"@type":"ImageObject","inLanguage":"sq","@id":"https:\/\/permbledhja.com\/#\/schema\/logo\/image\/","url":"https:\/\/permbledhja.com\/wp-content\/uploads\/2021\/12\/07-Press-Logo.jpg","contentUrl":"https:\/\/permbledhja.com\/wp-content\/uploads\/2021\/12\/07-Press-Logo.jpg","width":512,"height":512,"caption":"MK Media & Pr"},"image":{"@id":"https:\/\/permbledhja.com\/#\/schema\/logo\/image\/"},"sameAs":["https:\/\/www.facebook.com\/press07\/"]},{"@type":"Person","@id":"https:\/\/permbledhja.com\/#\/schema\/person\/d23f13f59b5722643933d6780783acf3","name":"M M","image":{"@type":"ImageObject","inLanguage":"sq","@id":"https:\/\/permbledhja.com\/#\/schema\/person\/image\/","url":"https:\/\/secure.gravatar.com\/avatar\/e2835a76ca7c31a2416b2d51c4ec9a8f?s=96&d=mm&r=g","contentUrl":"https:\/\/secure.gravatar.com\/avatar\/e2835a76ca7c31a2416b2d51c4ec9a8f?s=96&d=mm&r=g","caption":"M M"},"sameAs":["http:\/\/MM"],"url":"https:\/\/permbledhja.com\/sq\/author\/muhamet\/"}]}},"_links":{"self":[{"href":"https:\/\/permbledhja.com\/sq\/wp-json\/wp\/v2\/posts\/25717"}],"collection":[{"href":"https:\/\/permbledhja.com\/sq\/wp-json\/wp\/v2\/posts"}],"about":[{"href":"https:\/\/permbledhja.com\/sq\/wp-json\/wp\/v2\/types\/post"}],"author":[{"embeddable":true,"href":"https:\/\/permbledhja.com\/sq\/wp-json\/wp\/v2\/users\/2"}],"replies":[{"embeddable":true,"href":"https:\/\/permbledhja.com\/sq\/wp-json\/wp\/v2\/comments?post=25717"}],"version-history":[{"count":1,"href":"https:\/\/permbledhja.com\/sq\/wp-json\/wp\/v2\/posts\/25717\/revisions"}],"predecessor-version":[{"id":25719,"href":"https:\/\/permbledhja.com\/sq\/wp-json\/wp\/v2\/posts\/25717\/revisions\/25719"}],"wp:featuredmedia":[{"embeddable":true,"href":"https:\/\/permbledhja.com\/sq\/wp-json\/wp\/v2\/media\/25718"}],"wp:attachment":[{"href":"https:\/\/permbledhja.com\/sq\/wp-json\/wp\/v2\/media?parent=25717"}],"wp:term":[{"taxonomy":"category","embeddable":true,"href":"https:\/\/permbledhja.com\/sq\/wp-json\/wp\/v2\/categories?post=25717"},{"taxonomy":"post_tag","embeddable":true,"href":"https:\/\/permbledhja.com\/sq\/wp-json\/wp\/v2\/tags?post=25717"}],"curies":[{"name":"wp","href":"https:\/\/api.w.org\/{rel}","templated":true}]}}