{"id":25711,"date":"2023-09-04T10:41:43","date_gmt":"2023-09-04T10:41:43","guid":{"rendered":"https:\/\/permbledhja.com\/?p=25711"},"modified":"2023-09-04T10:41:43","modified_gmt":"2023-09-04T10:41:43","slug":"osmani-pyetet-per-marredheniet-kurti-rama-angazhohem-per-tejkalimin-e-cdo-mospajtimi-por-sshoh-asgje-tragjike","status":"publish","type":"post","link":"https:\/\/permbledhja.com\/sq\/osmani-pyetet-per-marredheniet-kurti-rama-angazhohem-per-tejkalimin-e-cdo-mospajtimi-por-sshoh-asgje-tragjike\/","title":{"rendered":"Osmani pyetet p\u00ebr marr\u00ebdh\u00ebniet Kurti-Rama: Angazhohem p\u00ebr tejkalimin e \u00e7do mospajtimi, por s\u2019shoh asgj\u00eb tragjike"},"content":{"rendered":"<h3>Presidentja e Kosov\u00ebs, Vjosa Osmani u pyet n\u00eb Tiran\u00eb p\u00ebr marr\u00ebdh\u00ebniet nd\u00ebrmjet kryeministrave Albin Kurti dhe Edi Rama.<\/h3>\n<p>N\u00eb nj\u00eb konferenc\u00eb t\u00eb p\u00ebrbashk\u00ebt me presidentin e Shqip\u00ebris\u00eb, Bajram Begaj pas takimit, Osmani tha se \u201crelacionet mes Kosov\u00ebs dhe Shqip\u00ebris\u00eb jan\u00eb t\u00eb shk\u00eblqyeshme\u201d, por q\u00eb ato \u201cmund t\u00eb fuqizohen\u201d, nd\u00ebrsa theksoi se ajo angazhohet p\u00ebr tejkalimin e mospajtimeve.<\/p>\n<p>\u201cHer\u00eb i quajm\u00eb v\u00ebllaz\u00ebrore, por mua m\u00eb p\u00eblqen t\u2019i quaj relacione mes motrash, sepse \u00ebsht\u00eb relacioni m\u00eb i sinqert\u00eb q\u00eb ekziston\u201d, tha Osmani.<\/p>\n<p>\u201cRelacionet mes Kosov\u00ebs dhe Shqip\u00ebris\u00eb, natyrisht, si\u00e7 e p\u00ebrmend\u00ebm, mund t\u00eb fuqizohen edhe m\u00eb tej. Mund dhe do ta rrisim koordinimin mes nesh\u201d, shtoi ajo.<\/p>\n<p>Osmani tha se angazhohet p\u00ebr tejkalimin e \u201c\u00e7do lloj mospajtimi\u201d, por tha se nuk e sheh at\u00eb si tragjike.<\/p>\n<p>\u201cSi presidente angazhohem q\u00eb t\u00eb tejkalojm\u00eb \u00e7do lloj mospajtimi t\u00eb momentit q\u00eb ekziston, por nuk e shoh as si tragjike, as di\u00e7ka q\u00eb na pengon t\u00eb ecim para n\u00eb k\u00ebt\u00eb q\u00ebllim t\u00eb p\u00ebrbashk\u00ebt, at\u00eb q\u00eb ju e p\u00ebrmend\u00ebt si diskutime apo acarim\u201d, tha ajo.<\/p>\n","protected":false},"excerpt":{"rendered":"<p>Presidentja e Kosov\u00ebs, Vjosa Osmani u pyet n\u00eb Tiran\u00eb p\u00ebr marr\u00ebdh\u00ebniet nd\u00ebrmjet kryeministrave Albin Kurti dhe Edi Rama. N\u00eb nj\u00eb konferenc\u00eb t\u00eb p\u00ebrbashk\u00ebt me presidentin e Shqip\u00ebris\u00eb, Bajram Begaj pas takimit, Osmani tha se \u201crelacionet mes Kosov\u00ebs dhe Shqip\u00ebris\u00eb jan\u00eb t\u00eb shk\u00eblqyeshme\u201d, por q\u00eb ato \u201cmund t\u00eb fuqizohen\u201d, nd\u00ebrsa theksoi se ajo angazhohet p\u00ebr tejkalimin [&hellip;]<\/p>\n","protected":false},"author":2,"featured_media":25712,"comment_status":"closed","ping_status":"closed","sticky":false,"template":"","format":"standard","meta":{"_monsterinsights_skip_tracking":false,"_monsterinsights_sitenote_active":false,"_monsterinsights_sitenote_note":"","_monsterinsights_sitenote_category":0,"_uf_show_specific_survey":0,"_uf_disable_surveys":false,"footnotes":""},"categories":[1146,15],"tags":[163],"yoast_head":"<!-- This site is optimized with the Yoast SEO plugin v21.5 - https:\/\/yoast.com\/wordpress\/plugins\/seo\/ -->\n<title>Osmani pyetet p\u00ebr marr\u00ebdh\u00ebniet Kurti-Rama: Angazhohem p\u00ebr tejkalimin e \u00e7do mospajtimi, por s\u2019shoh asgj\u00eb tragjike<\/title>\n<meta name=\"robots\" content=\"index, follow, max-snippet:-1, max-image-preview:large, max-video-preview:-1\" \/>\n<link rel=\"canonical\" href=\"https:\/\/permbledhja.com\/sq\/osmani-pyetet-per-marredheniet-kurti-rama-angazhohem-per-tejkalimin-e-cdo-mospajtimi-por-sshoh-asgje-tragjike\/\" \/>\n<meta property=\"og:locale\" content=\"sq_AL\" \/>\n<meta property=\"og:type\" content=\"article\" \/>\n<meta property=\"og:title\" content=\"Osmani pyetet p\u00ebr marr\u00ebdh\u00ebniet Kurti-Rama: Angazhohem p\u00ebr tejkalimin e \u00e7do mospajtimi, por s\u2019shoh asgj\u00eb tragjike\" \/>\n<meta property=\"og:description\" content=\"Presidentja e Kosov\u00ebs, Vjosa Osmani u pyet n\u00eb Tiran\u00eb p\u00ebr marr\u00ebdh\u00ebniet nd\u00ebrmjet kryeministrave Albin Kurti dhe Edi Rama. N\u00eb nj\u00eb konferenc\u00eb t\u00eb p\u00ebrbashk\u00ebt me presidentin e Shqip\u00ebris\u00eb, Bajram Begaj pas takimit, Osmani tha se \u201crelacionet mes Kosov\u00ebs dhe Shqip\u00ebris\u00eb jan\u00eb t\u00eb shk\u00eblqyeshme\u201d, por q\u00eb ato \u201cmund t\u00eb fuqizohen\u201d, nd\u00ebrsa theksoi se ajo angazhohet p\u00ebr tejkalimin [&hellip;]\" \/>\n<meta property=\"og:url\" content=\"https:\/\/permbledhja.com\/sq\/osmani-pyetet-per-marredheniet-kurti-rama-angazhohem-per-tejkalimin-e-cdo-mospajtimi-por-sshoh-asgje-tragjike\/\" \/>\n<meta property=\"og:site_name\" content=\"Ve\u00e7 artikuj p\u00ebrmbledh\u00ebs\" \/>\n<meta property=\"article:publisher\" content=\"https:\/\/www.facebook.com\/press07\/\" \/>\n<meta property=\"article:published_time\" content=\"2023-09-04T10:41:43+00:00\" \/>\n<meta property=\"og:image\" content=\"https:\/\/permbledhja.com\/wp-content\/uploads\/2023\/09\/v-osmani-600x360-1.png\" \/>\n\t<meta property=\"og:image:width\" content=\"600\" \/>\n\t<meta property=\"og:image:height\" content=\"360\" \/>\n\t<meta property=\"og:image:type\" content=\"image\/png\" \/>\n<meta name=\"author\" content=\"M M\" \/>\n<meta name=\"twitter:card\" content=\"summary_large_image\" \/>\n<meta name=\"twitter:label1\" content=\"Written by\" \/>\n\t<meta name=\"twitter:data1\" content=\"M M\" \/>\n\t<meta name=\"twitter:label2\" content=\"Est. reading time\" \/>\n\t<meta name=\"twitter:data2\" content=\"1 minut\u00eb\" \/>\n<script type=\"application\/ld+json\" class=\"yoast-schema-graph\">{\"@context\":\"https:\/\/schema.org\",\"@graph\":[{\"@type\":\"Article\",\"@id\":\"https:\/\/permbledhja.com\/osmani-pyetet-per-marredheniet-kurti-rama-angazhohem-per-tejkalimin-e-cdo-mospajtimi-por-sshoh-asgje-tragjike\/#article\",\"isPartOf\":{\"@id\":\"https:\/\/permbledhja.com\/osmani-pyetet-per-marredheniet-kurti-rama-angazhohem-per-tejkalimin-e-cdo-mospajtimi-por-sshoh-asgje-tragjike\/\"},\"author\":{\"name\":\"M M\",\"@id\":\"https:\/\/permbledhja.com\/#\/schema\/person\/d23f13f59b5722643933d6780783acf3\"},\"headline\":\"Osmani pyetet p\u00ebr marr\u00ebdh\u00ebniet Kurti-Rama: Angazhohem p\u00ebr tejkalimin e \u00e7do mospajtimi, por s\u2019shoh asgj\u00eb tragjike\",\"datePublished\":\"2023-09-04T10:41:43+00:00\",\"dateModified\":\"2023-09-04T10:41:43+00:00\",\"mainEntityOfPage\":{\"@id\":\"https:\/\/permbledhja.com\/osmani-pyetet-per-marredheniet-kurti-rama-angazhohem-per-tejkalimin-e-cdo-mospajtimi-por-sshoh-asgje-tragjike\/\"},\"wordCount\":217,\"publisher\":{\"@id\":\"https:\/\/permbledhja.com\/#organization\"},\"keywords\":[\"Vjosa Osmani\"],\"articleSection\":[\"Kryesoret\",\"Lajme\"],\"inLanguage\":\"sq\"},{\"@type\":\"WebPage\",\"@id\":\"https:\/\/permbledhja.com\/osmani-pyetet-per-marredheniet-kurti-rama-angazhohem-per-tejkalimin-e-cdo-mospajtimi-por-sshoh-asgje-tragjike\/\",\"url\":\"https:\/\/permbledhja.com\/osmani-pyetet-per-marredheniet-kurti-rama-angazhohem-per-tejkalimin-e-cdo-mospajtimi-por-sshoh-asgje-tragjike\/\",\"name\":\"Osmani pyetet p\u00ebr marr\u00ebdh\u00ebniet Kurti-Rama: Angazhohem p\u00ebr tejkalimin e \u00e7do mospajtimi, por s\u2019shoh asgj\u00eb tragjike\",\"isPartOf\":{\"@id\":\"https:\/\/permbledhja.com\/#website\"},\"datePublished\":\"2023-09-04T10:41:43+00:00\",\"dateModified\":\"2023-09-04T10:41:43+00:00\",\"breadcrumb\":{\"@id\":\"https:\/\/permbledhja.com\/osmani-pyetet-per-marredheniet-kurti-rama-angazhohem-per-tejkalimin-e-cdo-mospajtimi-por-sshoh-asgje-tragjike\/#breadcrumb\"},\"inLanguage\":\"sq\",\"potentialAction\":[{\"@type\":\"ReadAction\",\"target\":[\"https:\/\/permbledhja.com\/osmani-pyetet-per-marredheniet-kurti-rama-angazhohem-per-tejkalimin-e-cdo-mospajtimi-por-sshoh-asgje-tragjike\/\"]}]},{\"@type\":\"BreadcrumbList\",\"@id\":\"https:\/\/permbledhja.com\/osmani-pyetet-per-marredheniet-kurti-rama-angazhohem-per-tejkalimin-e-cdo-mospajtimi-por-sshoh-asgje-tragjike\/#breadcrumb\",\"itemListElement\":[{\"@type\":\"ListItem\",\"position\":1,\"name\":\"Ballina\",\"item\":\"https:\/\/permbledhja.com\/sq\/\"},{\"@type\":\"ListItem\",\"position\":2,\"name\":\"Osmani pyetet p\u00ebr marr\u00ebdh\u00ebniet Kurti-Rama: Angazhohem p\u00ebr tejkalimin e \u00e7do mospajtimi, por s\u2019shoh asgj\u00eb tragjike\"}]},{\"@type\":\"WebSite\",\"@id\":\"https:\/\/permbledhja.com\/#website\",\"url\":\"https:\/\/permbledhja.com\/\",\"name\":\"Ve\u00e7 artikuj p\u00ebrmbledh\u00ebs\",\"description\":\"\",\"publisher\":{\"@id\":\"https:\/\/permbledhja.com\/#organization\"},\"potentialAction\":[{\"@type\":\"SearchAction\",\"target\":{\"@type\":\"EntryPoint\",\"urlTemplate\":\"https:\/\/permbledhja.com\/?s={search_term_string}\"},\"query-input\":\"required name=search_term_string\"}],\"inLanguage\":\"sq\"},{\"@type\":\"Organization\",\"@id\":\"https:\/\/permbledhja.com\/#organization\",\"name\":\"MK Media & Pr\",\"url\":\"https:\/\/permbledhja.com\/\",\"logo\":{\"@type\":\"ImageObject\",\"inLanguage\":\"sq\",\"@id\":\"https:\/\/permbledhja.com\/#\/schema\/logo\/image\/\",\"url\":\"https:\/\/permbledhja.com\/wp-content\/uploads\/2021\/12\/07-Press-Logo.jpg\",\"contentUrl\":\"https:\/\/permbledhja.com\/wp-content\/uploads\/2021\/12\/07-Press-Logo.jpg\",\"width\":512,\"height\":512,\"caption\":\"MK Media & Pr\"},\"image\":{\"@id\":\"https:\/\/permbledhja.com\/#\/schema\/logo\/image\/\"},\"sameAs\":[\"https:\/\/www.facebook.com\/press07\/\"]},{\"@type\":\"Person\",\"@id\":\"https:\/\/permbledhja.com\/#\/schema\/person\/d23f13f59b5722643933d6780783acf3\",\"name\":\"M M\",\"image\":{\"@type\":\"ImageObject\",\"inLanguage\":\"sq\",\"@id\":\"https:\/\/permbledhja.com\/#\/schema\/person\/image\/\",\"url\":\"https:\/\/secure.gravatar.com\/avatar\/e2835a76ca7c31a2416b2d51c4ec9a8f?s=96&d=mm&r=g\",\"contentUrl\":\"https:\/\/secure.gravatar.com\/avatar\/e2835a76ca7c31a2416b2d51c4ec9a8f?s=96&d=mm&r=g\",\"caption\":\"M M\"},\"sameAs\":[\"http:\/\/MM\"],\"url\":\"https:\/\/permbledhja.com\/sq\/author\/muhamet\/\"}]}<\/script>\n<!-- \/ Yoast SEO plugin. -->","yoast_head_json":{"title":"Osmani pyetet p\u00ebr marr\u00ebdh\u00ebniet Kurti-Rama: Angazhohem p\u00ebr tejkalimin e \u00e7do mospajtimi, por s\u2019shoh asgj\u00eb tragjike","robots":{"index":"index","follow":"follow","max-snippet":"max-snippet:-1","max-image-preview":"max-image-preview:large","max-video-preview":"max-video-preview:-1"},"canonical":"https:\/\/permbledhja.com\/sq\/osmani-pyetet-per-marredheniet-kurti-rama-angazhohem-per-tejkalimin-e-cdo-mospajtimi-por-sshoh-asgje-tragjike\/","og_locale":"sq_AL","og_type":"article","og_title":"Osmani pyetet p\u00ebr marr\u00ebdh\u00ebniet Kurti-Rama: Angazhohem p\u00ebr tejkalimin e \u00e7do mospajtimi, por s\u2019shoh asgj\u00eb tragjike","og_description":"Presidentja e Kosov\u00ebs, Vjosa Osmani u pyet n\u00eb Tiran\u00eb p\u00ebr marr\u00ebdh\u00ebniet nd\u00ebrmjet kryeministrave Albin Kurti dhe Edi Rama. N\u00eb nj\u00eb konferenc\u00eb t\u00eb p\u00ebrbashk\u00ebt me presidentin e Shqip\u00ebris\u00eb, Bajram Begaj pas takimit, Osmani tha se \u201crelacionet mes Kosov\u00ebs dhe Shqip\u00ebris\u00eb jan\u00eb t\u00eb shk\u00eblqyeshme\u201d, por q\u00eb ato \u201cmund t\u00eb fuqizohen\u201d, nd\u00ebrsa theksoi se ajo angazhohet p\u00ebr tejkalimin [&hellip;]","og_url":"https:\/\/permbledhja.com\/sq\/osmani-pyetet-per-marredheniet-kurti-rama-angazhohem-per-tejkalimin-e-cdo-mospajtimi-por-sshoh-asgje-tragjike\/","og_site_name":"Ve\u00e7 artikuj p\u00ebrmbledh\u00ebs","article_publisher":"https:\/\/www.facebook.com\/press07\/","article_published_time":"2023-09-04T10:41:43+00:00","og_image":[{"width":600,"height":360,"url":"https:\/\/permbledhja.com\/wp-content\/uploads\/2023\/09\/v-osmani-600x360-1.png","type":"image\/png"}],"author":"M M","twitter_card":"summary_large_image","twitter_misc":{"Written by":"M M","Est. reading time":"1 minut\u00eb"},"schema":{"@context":"https:\/\/schema.org","@graph":[{"@type":"Article","@id":"https:\/\/permbledhja.com\/osmani-pyetet-per-marredheniet-kurti-rama-angazhohem-per-tejkalimin-e-cdo-mospajtimi-por-sshoh-asgje-tragjike\/#article","isPartOf":{"@id":"https:\/\/permbledhja.com\/osmani-pyetet-per-marredheniet-kurti-rama-angazhohem-per-tejkalimin-e-cdo-mospajtimi-por-sshoh-asgje-tragjike\/"},"author":{"name":"M M","@id":"https:\/\/permbledhja.com\/#\/schema\/person\/d23f13f59b5722643933d6780783acf3"},"headline":"Osmani pyetet p\u00ebr marr\u00ebdh\u00ebniet Kurti-Rama: Angazhohem p\u00ebr tejkalimin e \u00e7do mospajtimi, por s\u2019shoh asgj\u00eb tragjike","datePublished":"2023-09-04T10:41:43+00:00","dateModified":"2023-09-04T10:41:43+00:00","mainEntityOfPage":{"@id":"https:\/\/permbledhja.com\/osmani-pyetet-per-marredheniet-kurti-rama-angazhohem-per-tejkalimin-e-cdo-mospajtimi-por-sshoh-asgje-tragjike\/"},"wordCount":217,"publisher":{"@id":"https:\/\/permbledhja.com\/#organization"},"keywords":["Vjosa Osmani"],"articleSection":["Kryesoret","Lajme"],"inLanguage":"sq"},{"@type":"WebPage","@id":"https:\/\/permbledhja.com\/osmani-pyetet-per-marredheniet-kurti-rama-angazhohem-per-tejkalimin-e-cdo-mospajtimi-por-sshoh-asgje-tragjike\/","url":"https:\/\/permbledhja.com\/osmani-pyetet-per-marredheniet-kurti-rama-angazhohem-per-tejkalimin-e-cdo-mospajtimi-por-sshoh-asgje-tragjike\/","name":"Osmani pyetet p\u00ebr marr\u00ebdh\u00ebniet Kurti-Rama: Angazhohem p\u00ebr tejkalimin e \u00e7do mospajtimi, por s\u2019shoh asgj\u00eb tragjike","isPartOf":{"@id":"https:\/\/permbledhja.com\/#website"},"datePublished":"2023-09-04T10:41:43+00:00","dateModified":"2023-09-04T10:41:43+00:00","breadcrumb":{"@id":"https:\/\/permbledhja.com\/osmani-pyetet-per-marredheniet-kurti-rama-angazhohem-per-tejkalimin-e-cdo-mospajtimi-por-sshoh-asgje-tragjike\/#breadcrumb"},"inLanguage":"sq","potentialAction":[{"@type":"ReadAction","target":["https:\/\/permbledhja.com\/osmani-pyetet-per-marredheniet-kurti-rama-angazhohem-per-tejkalimin-e-cdo-mospajtimi-por-sshoh-asgje-tragjike\/"]}]},{"@type":"BreadcrumbList","@id":"https:\/\/permbledhja.com\/osmani-pyetet-per-marredheniet-kurti-rama-angazhohem-per-tejkalimin-e-cdo-mospajtimi-por-sshoh-asgje-tragjike\/#breadcrumb","itemListElement":[{"@type":"ListItem","position":1,"name":"Ballina","item":"https:\/\/permbledhja.com\/sq\/"},{"@type":"ListItem","position":2,"name":"Osmani pyetet p\u00ebr marr\u00ebdh\u00ebniet Kurti-Rama: Angazhohem p\u00ebr tejkalimin e \u00e7do mospajtimi, por s\u2019shoh asgj\u00eb tragjike"}]},{"@type":"WebSite","@id":"https:\/\/permbledhja.com\/#website","url":"https:\/\/permbledhja.com\/","name":"Ve\u00e7 artikuj p\u00ebrmbledh\u00ebs","description":"","publisher":{"@id":"https:\/\/permbledhja.com\/#organization"},"potentialAction":[{"@type":"SearchAction","target":{"@type":"EntryPoint","urlTemplate":"https:\/\/permbledhja.com\/?s={search_term_string}"},"query-input":"required name=search_term_string"}],"inLanguage":"sq"},{"@type":"Organization","@id":"https:\/\/permbledhja.com\/#organization","name":"MK Media & Pr","url":"https:\/\/permbledhja.com\/","logo":{"@type":"ImageObject","inLanguage":"sq","@id":"https:\/\/permbledhja.com\/#\/schema\/logo\/image\/","url":"https:\/\/permbledhja.com\/wp-content\/uploads\/2021\/12\/07-Press-Logo.jpg","contentUrl":"https:\/\/permbledhja.com\/wp-content\/uploads\/2021\/12\/07-Press-Logo.jpg","width":512,"height":512,"caption":"MK Media & Pr"},"image":{"@id":"https:\/\/permbledhja.com\/#\/schema\/logo\/image\/"},"sameAs":["https:\/\/www.facebook.com\/press07\/"]},{"@type":"Person","@id":"https:\/\/permbledhja.com\/#\/schema\/person\/d23f13f59b5722643933d6780783acf3","name":"M M","image":{"@type":"ImageObject","inLanguage":"sq","@id":"https:\/\/permbledhja.com\/#\/schema\/person\/image\/","url":"https:\/\/secure.gravatar.com\/avatar\/e2835a76ca7c31a2416b2d51c4ec9a8f?s=96&d=mm&r=g","contentUrl":"https:\/\/secure.gravatar.com\/avatar\/e2835a76ca7c31a2416b2d51c4ec9a8f?s=96&d=mm&r=g","caption":"M M"},"sameAs":["http:\/\/MM"],"url":"https:\/\/permbledhja.com\/sq\/author\/muhamet\/"}]}},"_links":{"self":[{"href":"https:\/\/permbledhja.com\/sq\/wp-json\/wp\/v2\/posts\/25711"}],"collection":[{"href":"https:\/\/permbledhja.com\/sq\/wp-json\/wp\/v2\/posts"}],"about":[{"href":"https:\/\/permbledhja.com\/sq\/wp-json\/wp\/v2\/types\/post"}],"author":[{"embeddable":true,"href":"https:\/\/permbledhja.com\/sq\/wp-json\/wp\/v2\/users\/2"}],"replies":[{"embeddable":true,"href":"https:\/\/permbledhja.com\/sq\/wp-json\/wp\/v2\/comments?post=25711"}],"version-history":[{"count":1,"href":"https:\/\/permbledhja.com\/sq\/wp-json\/wp\/v2\/posts\/25711\/revisions"}],"predecessor-version":[{"id":25713,"href":"https:\/\/permbledhja.com\/sq\/wp-json\/wp\/v2\/posts\/25711\/revisions\/25713"}],"wp:featuredmedia":[{"embeddable":true,"href":"https:\/\/permbledhja.com\/sq\/wp-json\/wp\/v2\/media\/25712"}],"wp:attachment":[{"href":"https:\/\/permbledhja.com\/sq\/wp-json\/wp\/v2\/media?parent=25711"}],"wp:term":[{"taxonomy":"category","embeddable":true,"href":"https:\/\/permbledhja.com\/sq\/wp-json\/wp\/v2\/categories?post=25711"},{"taxonomy":"post_tag","embeddable":true,"href":"https:\/\/permbledhja.com\/sq\/wp-json\/wp\/v2\/tags?post=25711"}],"curies":[{"name":"wp","href":"https:\/\/api.w.org\/{rel}","templated":true}]}}