{"id":25708,"date":"2023-09-04T10:25:37","date_gmt":"2023-09-04T10:25:37","guid":{"rendered":"https:\/\/permbledhja.com\/?p=25708"},"modified":"2023-09-04T10:25:37","modified_gmt":"2023-09-04T10:25:37","slug":"begaj-kosova-eshte-prioritet-kombetar-i-shqiperise","status":"publish","type":"post","link":"https:\/\/permbledhja.com\/sq\/begaj-kosova-eshte-prioritet-kombetar-i-shqiperise\/","title":{"rendered":"Begaj: Kosova \u00ebsht\u00eb prioritet komb\u00ebtar i Shqip\u00ebris\u00eb"},"content":{"rendered":"<h3>Presidentja e Kosov\u00ebs, Vjosa Osmani dit\u00ebn e sotme ndodhet n\u00eb nj\u00eb vizit\u00eb zyrtare n\u00eb Tiran\u00eb.<\/h3>\n<p>N\u00eb nj\u00eb konferenc\u00eb t\u00eb p\u00ebrbashk\u00ebt p\u00ebr mediat Presidenti i Shqip\u00ebris\u00eb, Begaj u i k\u00ebrkoi homologes s\u00eb tij nj\u00eb koordinim m\u00eb t\u00eb mir\u00eb me SHBA-n\u00eb p\u00ebr situat\u00ebn n\u00eb veri.<\/p>\n<p>\u201c<em>Duhet koordinim m\u00eb i mir\u00eb dhe m\u00eb i ngusht\u00eb me partner\u00ebt, SHBA dhe BE-n\u00eb. Koordinimi me partner\u00ebt \u00ebsht\u00eb i domosdosh\u00ebm. Vler\u00ebsova hapet e nd\u00ebrmarra nga qeveria p\u00ebr de-eskalimin e situat\u00ebs n\u00eb veri.<\/em><\/p>\n<p><em>Dialogu \u00ebsht\u00eb rruga e vetme drejt paqes, normalizimit t\u00eb raporteve dhe an\u00ebtar\u00ebsimit n\u00eb organizata, p\u00ebrfshir\u00eb OKB-n\u00eb\u201d<\/em>\u00a0tha ai.<\/p>\n<div>\n<div id=\"div-gpt-ad-1634289484286-0\" data-google-query-id=\"CKXz3dLdkIEDFS8HogMdc8AByQ\">\n<p>Gjithashtu Begaj shtoi se Kosova \u00ebsht\u00eb prioritet komb\u00ebtar i Shqip\u00ebris\u00eb.<\/p>\n<p><em>\u201cSot 1 vit pas vizit\u00eb sime t\u00eb par\u00eb n\u00eb Kosov\u00eb, kisha nderin t\u2019i uroja mir\u00ebseardhjen Osmanit. Mir\u00ebserdh\u00ebt n\u00eb sht\u00ebpin\u00eb tuaj. Gjat\u00eb bisedave tona, p\u00ebrtej frym\u00eb v\u00ebllaz\u00ebrore, v\u00ebmendje pat\u00ebn \u00e7\u00ebshtjet m\u00eb t\u00eb r\u00ebnd t\u00eb interesave nd\u00ebrshtet\u00ebrore por edhe koordinimit m\u00eb t\u00eb mir\u00eb t\u00eb \u00e7\u00ebshtjes son\u00eb komb\u00ebtare. Lidhur me bashk\u00ebpunimin nd\u00ebrshtet\u00ebror v\u00ebmendja u fokusua n\u00eb thellimin e marr\u00ebdh\u00ebnieve. N\u00ebnvizova se marr\u00ebdh\u00ebniet jan\u00eb shum\u00eb t\u00eb mira dhe duhet t\u00eb udh\u00ebhiqemi nga interesi komb\u00ebtar p\u00ebr t\u00eb thelluar bashk\u00ebpunimin n\u00eb t\u00eb gjitha nivelet. Askush ska pse \u00e7uditet q\u00eb Kosova \u00ebsht\u00eb prioriteti komb\u00ebtar i Shqip\u00ebris\u00eb\u201d,<\/em>\u00a0tha Begaj.<\/p>\n<p>&nbsp;<\/p>\n<div class=\"lm-zs-enabled overlay-plain\" data-lm-zs-src=\"[&quot;https:\/\/www.gazetaexpress.com\/wp-content\/uploads\/2022\/09\/washington-hoti-vucic.png&quot;, &quot;https:\/\/www.gazetaexpress.com\/wp-content\/uploads\/2023\/04\/deshmitari-600x360-1.png&quot;, &quot;https:\/\/www.gazetaexpress.com\/wp-content\/uploads\/2023\/09\/640-0-1693821385x1693820924-screenshot8-712.jpg&quot;, &quot;https:\/\/www.gazetaexpress.com\/wp-content\/uploads\/2023\/09\/begaj.png&quot;]\">\n<div class=\"lm-zs-slideshow\">\n<div class=\"lm-click-for-story\">\n<div class=\"lm-click-for-left-story\"><\/div>\n<\/div>\n<\/div>\n<\/div>\n<\/div>\n<\/div>\n","protected":false},"excerpt":{"rendered":"<p>Presidentja e Kosov\u00ebs, Vjosa Osmani dit\u00ebn e sotme ndodhet n\u00eb nj\u00eb vizit\u00eb zyrtare n\u00eb Tiran\u00eb. N\u00eb nj\u00eb konferenc\u00eb t\u00eb p\u00ebrbashk\u00ebt p\u00ebr mediat Presidenti i Shqip\u00ebris\u00eb, Begaj u i k\u00ebrkoi homologes s\u00eb tij nj\u00eb koordinim m\u00eb t\u00eb mir\u00eb me SHBA-n\u00eb p\u00ebr situat\u00ebn n\u00eb veri. \u201cDuhet koordinim m\u00eb i mir\u00eb dhe m\u00eb i ngusht\u00eb me partner\u00ebt, SHBA [&hellip;]<\/p>\n","protected":false},"author":2,"featured_media":25709,"comment_status":"closed","ping_status":"closed","sticky":false,"template":"","format":"standard","meta":{"_monsterinsights_skip_tracking":false,"_monsterinsights_sitenote_active":false,"_monsterinsights_sitenote_note":"","_monsterinsights_sitenote_category":0,"_uf_show_specific_survey":0,"_uf_disable_surveys":false,"footnotes":""},"categories":[23,15],"tags":[672],"yoast_head":"<!-- This site is optimized with the Yoast SEO plugin v21.5 - https:\/\/yoast.com\/wordpress\/plugins\/seo\/ -->\n<title>Begaj: Kosova \u00ebsht\u00eb prioritet komb\u00ebtar i Shqip\u00ebris\u00eb<\/title>\n<meta name=\"robots\" content=\"index, follow, max-snippet:-1, max-image-preview:large, max-video-preview:-1\" \/>\n<link rel=\"canonical\" href=\"https:\/\/permbledhja.com\/sq\/begaj-kosova-eshte-prioritet-kombetar-i-shqiperise\/\" \/>\n<meta property=\"og:locale\" content=\"sq_AL\" \/>\n<meta property=\"og:type\" content=\"article\" \/>\n<meta property=\"og:title\" content=\"Begaj: Kosova \u00ebsht\u00eb prioritet komb\u00ebtar i Shqip\u00ebris\u00eb\" \/>\n<meta property=\"og:description\" content=\"Presidentja e Kosov\u00ebs, Vjosa Osmani dit\u00ebn e sotme ndodhet n\u00eb nj\u00eb vizit\u00eb zyrtare n\u00eb Tiran\u00eb. N\u00eb nj\u00eb konferenc\u00eb t\u00eb p\u00ebrbashk\u00ebt p\u00ebr mediat Presidenti i Shqip\u00ebris\u00eb, Begaj u i k\u00ebrkoi homologes s\u00eb tij nj\u00eb koordinim m\u00eb t\u00eb mir\u00eb me SHBA-n\u00eb p\u00ebr situat\u00ebn n\u00eb veri. \u201cDuhet koordinim m\u00eb i mir\u00eb dhe m\u00eb i ngusht\u00eb me partner\u00ebt, SHBA [&hellip;]\" \/>\n<meta property=\"og:url\" content=\"https:\/\/permbledhja.com\/sq\/begaj-kosova-eshte-prioritet-kombetar-i-shqiperise\/\" \/>\n<meta property=\"og:site_name\" content=\"Ve\u00e7 artikuj p\u00ebrmbledh\u00ebs\" \/>\n<meta property=\"article:publisher\" content=\"https:\/\/www.facebook.com\/press07\/\" \/>\n<meta property=\"article:published_time\" content=\"2023-09-04T10:25:37+00:00\" \/>\n<meta property=\"og:image\" content=\"https:\/\/permbledhja.com\/wp-content\/uploads\/2023\/09\/1693821810_WhatsAppImage20230904at11.52.031.jpg\" \/>\n\t<meta property=\"og:image:width\" content=\"780\" \/>\n\t<meta property=\"og:image:height\" content=\"440\" \/>\n\t<meta property=\"og:image:type\" content=\"image\/jpeg\" \/>\n<meta name=\"author\" content=\"M M\" \/>\n<meta name=\"twitter:card\" content=\"summary_large_image\" \/>\n<meta name=\"twitter:label1\" content=\"Written by\" \/>\n\t<meta name=\"twitter:data1\" content=\"M M\" \/>\n\t<meta name=\"twitter:label2\" content=\"Est. reading time\" \/>\n\t<meta name=\"twitter:data2\" content=\"1 minut\u00eb\" \/>\n<script type=\"application\/ld+json\" class=\"yoast-schema-graph\">{\"@context\":\"https:\/\/schema.org\",\"@graph\":[{\"@type\":\"Article\",\"@id\":\"https:\/\/permbledhja.com\/begaj-kosova-eshte-prioritet-kombetar-i-shqiperise\/#article\",\"isPartOf\":{\"@id\":\"https:\/\/permbledhja.com\/begaj-kosova-eshte-prioritet-kombetar-i-shqiperise\/\"},\"author\":{\"name\":\"M M\",\"@id\":\"https:\/\/permbledhja.com\/#\/schema\/person\/d23f13f59b5722643933d6780783acf3\"},\"headline\":\"Begaj: Kosova \u00ebsht\u00eb prioritet komb\u00ebtar i Shqip\u00ebris\u00eb\",\"datePublished\":\"2023-09-04T10:25:37+00:00\",\"dateModified\":\"2023-09-04T10:25:37+00:00\",\"mainEntityOfPage\":{\"@id\":\"https:\/\/permbledhja.com\/begaj-kosova-eshte-prioritet-kombetar-i-shqiperise\/\"},\"wordCount\":253,\"publisher\":{\"@id\":\"https:\/\/permbledhja.com\/#organization\"},\"keywords\":[\"Bajram Begaj\"],\"articleSection\":[\"Komb\u00ebtare\",\"Lajme\"],\"inLanguage\":\"sq\"},{\"@type\":\"WebPage\",\"@id\":\"https:\/\/permbledhja.com\/begaj-kosova-eshte-prioritet-kombetar-i-shqiperise\/\",\"url\":\"https:\/\/permbledhja.com\/begaj-kosova-eshte-prioritet-kombetar-i-shqiperise\/\",\"name\":\"Begaj: Kosova \u00ebsht\u00eb prioritet komb\u00ebtar i Shqip\u00ebris\u00eb\",\"isPartOf\":{\"@id\":\"https:\/\/permbledhja.com\/#website\"},\"datePublished\":\"2023-09-04T10:25:37+00:00\",\"dateModified\":\"2023-09-04T10:25:37+00:00\",\"breadcrumb\":{\"@id\":\"https:\/\/permbledhja.com\/begaj-kosova-eshte-prioritet-kombetar-i-shqiperise\/#breadcrumb\"},\"inLanguage\":\"sq\",\"potentialAction\":[{\"@type\":\"ReadAction\",\"target\":[\"https:\/\/permbledhja.com\/begaj-kosova-eshte-prioritet-kombetar-i-shqiperise\/\"]}]},{\"@type\":\"BreadcrumbList\",\"@id\":\"https:\/\/permbledhja.com\/begaj-kosova-eshte-prioritet-kombetar-i-shqiperise\/#breadcrumb\",\"itemListElement\":[{\"@type\":\"ListItem\",\"position\":1,\"name\":\"Ballina\",\"item\":\"https:\/\/permbledhja.com\/sq\/\"},{\"@type\":\"ListItem\",\"position\":2,\"name\":\"Begaj: Kosova \u00ebsht\u00eb prioritet komb\u00ebtar i Shqip\u00ebris\u00eb\"}]},{\"@type\":\"WebSite\",\"@id\":\"https:\/\/permbledhja.com\/#website\",\"url\":\"https:\/\/permbledhja.com\/\",\"name\":\"Ve\u00e7 artikuj p\u00ebrmbledh\u00ebs\",\"description\":\"\",\"publisher\":{\"@id\":\"https:\/\/permbledhja.com\/#organization\"},\"potentialAction\":[{\"@type\":\"SearchAction\",\"target\":{\"@type\":\"EntryPoint\",\"urlTemplate\":\"https:\/\/permbledhja.com\/?s={search_term_string}\"},\"query-input\":\"required name=search_term_string\"}],\"inLanguage\":\"sq\"},{\"@type\":\"Organization\",\"@id\":\"https:\/\/permbledhja.com\/#organization\",\"name\":\"MK Media & Pr\",\"url\":\"https:\/\/permbledhja.com\/\",\"logo\":{\"@type\":\"ImageObject\",\"inLanguage\":\"sq\",\"@id\":\"https:\/\/permbledhja.com\/#\/schema\/logo\/image\/\",\"url\":\"https:\/\/permbledhja.com\/wp-content\/uploads\/2021\/12\/07-Press-Logo.jpg\",\"contentUrl\":\"https:\/\/permbledhja.com\/wp-content\/uploads\/2021\/12\/07-Press-Logo.jpg\",\"width\":512,\"height\":512,\"caption\":\"MK Media & Pr\"},\"image\":{\"@id\":\"https:\/\/permbledhja.com\/#\/schema\/logo\/image\/\"},\"sameAs\":[\"https:\/\/www.facebook.com\/press07\/\"]},{\"@type\":\"Person\",\"@id\":\"https:\/\/permbledhja.com\/#\/schema\/person\/d23f13f59b5722643933d6780783acf3\",\"name\":\"M M\",\"image\":{\"@type\":\"ImageObject\",\"inLanguage\":\"sq\",\"@id\":\"https:\/\/permbledhja.com\/#\/schema\/person\/image\/\",\"url\":\"https:\/\/secure.gravatar.com\/avatar\/e2835a76ca7c31a2416b2d51c4ec9a8f?s=96&d=mm&r=g\",\"contentUrl\":\"https:\/\/secure.gravatar.com\/avatar\/e2835a76ca7c31a2416b2d51c4ec9a8f?s=96&d=mm&r=g\",\"caption\":\"M M\"},\"sameAs\":[\"http:\/\/MM\"],\"url\":\"https:\/\/permbledhja.com\/sq\/author\/muhamet\/\"}]}<\/script>\n<!-- \/ Yoast SEO plugin. -->","yoast_head_json":{"title":"Begaj: Kosova \u00ebsht\u00eb prioritet komb\u00ebtar i Shqip\u00ebris\u00eb","robots":{"index":"index","follow":"follow","max-snippet":"max-snippet:-1","max-image-preview":"max-image-preview:large","max-video-preview":"max-video-preview:-1"},"canonical":"https:\/\/permbledhja.com\/sq\/begaj-kosova-eshte-prioritet-kombetar-i-shqiperise\/","og_locale":"sq_AL","og_type":"article","og_title":"Begaj: Kosova \u00ebsht\u00eb prioritet komb\u00ebtar i Shqip\u00ebris\u00eb","og_description":"Presidentja e Kosov\u00ebs, Vjosa Osmani dit\u00ebn e sotme ndodhet n\u00eb nj\u00eb vizit\u00eb zyrtare n\u00eb Tiran\u00eb. N\u00eb nj\u00eb konferenc\u00eb t\u00eb p\u00ebrbashk\u00ebt p\u00ebr mediat Presidenti i Shqip\u00ebris\u00eb, Begaj u i k\u00ebrkoi homologes s\u00eb tij nj\u00eb koordinim m\u00eb t\u00eb mir\u00eb me SHBA-n\u00eb p\u00ebr situat\u00ebn n\u00eb veri. \u201cDuhet koordinim m\u00eb i mir\u00eb dhe m\u00eb i ngusht\u00eb me partner\u00ebt, SHBA [&hellip;]","og_url":"https:\/\/permbledhja.com\/sq\/begaj-kosova-eshte-prioritet-kombetar-i-shqiperise\/","og_site_name":"Ve\u00e7 artikuj p\u00ebrmbledh\u00ebs","article_publisher":"https:\/\/www.facebook.com\/press07\/","article_published_time":"2023-09-04T10:25:37+00:00","og_image":[{"width":780,"height":440,"url":"https:\/\/permbledhja.com\/wp-content\/uploads\/2023\/09\/1693821810_WhatsAppImage20230904at11.52.031.jpg","type":"image\/jpeg"}],"author":"M M","twitter_card":"summary_large_image","twitter_misc":{"Written by":"M M","Est. reading time":"1 minut\u00eb"},"schema":{"@context":"https:\/\/schema.org","@graph":[{"@type":"Article","@id":"https:\/\/permbledhja.com\/begaj-kosova-eshte-prioritet-kombetar-i-shqiperise\/#article","isPartOf":{"@id":"https:\/\/permbledhja.com\/begaj-kosova-eshte-prioritet-kombetar-i-shqiperise\/"},"author":{"name":"M M","@id":"https:\/\/permbledhja.com\/#\/schema\/person\/d23f13f59b5722643933d6780783acf3"},"headline":"Begaj: Kosova \u00ebsht\u00eb prioritet komb\u00ebtar i Shqip\u00ebris\u00eb","datePublished":"2023-09-04T10:25:37+00:00","dateModified":"2023-09-04T10:25:37+00:00","mainEntityOfPage":{"@id":"https:\/\/permbledhja.com\/begaj-kosova-eshte-prioritet-kombetar-i-shqiperise\/"},"wordCount":253,"publisher":{"@id":"https:\/\/permbledhja.com\/#organization"},"keywords":["Bajram Begaj"],"articleSection":["Komb\u00ebtare","Lajme"],"inLanguage":"sq"},{"@type":"WebPage","@id":"https:\/\/permbledhja.com\/begaj-kosova-eshte-prioritet-kombetar-i-shqiperise\/","url":"https:\/\/permbledhja.com\/begaj-kosova-eshte-prioritet-kombetar-i-shqiperise\/","name":"Begaj: Kosova \u00ebsht\u00eb prioritet komb\u00ebtar i Shqip\u00ebris\u00eb","isPartOf":{"@id":"https:\/\/permbledhja.com\/#website"},"datePublished":"2023-09-04T10:25:37+00:00","dateModified":"2023-09-04T10:25:37+00:00","breadcrumb":{"@id":"https:\/\/permbledhja.com\/begaj-kosova-eshte-prioritet-kombetar-i-shqiperise\/#breadcrumb"},"inLanguage":"sq","potentialAction":[{"@type":"ReadAction","target":["https:\/\/permbledhja.com\/begaj-kosova-eshte-prioritet-kombetar-i-shqiperise\/"]}]},{"@type":"BreadcrumbList","@id":"https:\/\/permbledhja.com\/begaj-kosova-eshte-prioritet-kombetar-i-shqiperise\/#breadcrumb","itemListElement":[{"@type":"ListItem","position":1,"name":"Ballina","item":"https:\/\/permbledhja.com\/sq\/"},{"@type":"ListItem","position":2,"name":"Begaj: Kosova \u00ebsht\u00eb prioritet komb\u00ebtar i Shqip\u00ebris\u00eb"}]},{"@type":"WebSite","@id":"https:\/\/permbledhja.com\/#website","url":"https:\/\/permbledhja.com\/","name":"Ve\u00e7 artikuj p\u00ebrmbledh\u00ebs","description":"","publisher":{"@id":"https:\/\/permbledhja.com\/#organization"},"potentialAction":[{"@type":"SearchAction","target":{"@type":"EntryPoint","urlTemplate":"https:\/\/permbledhja.com\/?s={search_term_string}"},"query-input":"required name=search_term_string"}],"inLanguage":"sq"},{"@type":"Organization","@id":"https:\/\/permbledhja.com\/#organization","name":"MK Media & Pr","url":"https:\/\/permbledhja.com\/","logo":{"@type":"ImageObject","inLanguage":"sq","@id":"https:\/\/permbledhja.com\/#\/schema\/logo\/image\/","url":"https:\/\/permbledhja.com\/wp-content\/uploads\/2021\/12\/07-Press-Logo.jpg","contentUrl":"https:\/\/permbledhja.com\/wp-content\/uploads\/2021\/12\/07-Press-Logo.jpg","width":512,"height":512,"caption":"MK Media & Pr"},"image":{"@id":"https:\/\/permbledhja.com\/#\/schema\/logo\/image\/"},"sameAs":["https:\/\/www.facebook.com\/press07\/"]},{"@type":"Person","@id":"https:\/\/permbledhja.com\/#\/schema\/person\/d23f13f59b5722643933d6780783acf3","name":"M M","image":{"@type":"ImageObject","inLanguage":"sq","@id":"https:\/\/permbledhja.com\/#\/schema\/person\/image\/","url":"https:\/\/secure.gravatar.com\/avatar\/e2835a76ca7c31a2416b2d51c4ec9a8f?s=96&d=mm&r=g","contentUrl":"https:\/\/secure.gravatar.com\/avatar\/e2835a76ca7c31a2416b2d51c4ec9a8f?s=96&d=mm&r=g","caption":"M M"},"sameAs":["http:\/\/MM"],"url":"https:\/\/permbledhja.com\/sq\/author\/muhamet\/"}]}},"_links":{"self":[{"href":"https:\/\/permbledhja.com\/sq\/wp-json\/wp\/v2\/posts\/25708"}],"collection":[{"href":"https:\/\/permbledhja.com\/sq\/wp-json\/wp\/v2\/posts"}],"about":[{"href":"https:\/\/permbledhja.com\/sq\/wp-json\/wp\/v2\/types\/post"}],"author":[{"embeddable":true,"href":"https:\/\/permbledhja.com\/sq\/wp-json\/wp\/v2\/users\/2"}],"replies":[{"embeddable":true,"href":"https:\/\/permbledhja.com\/sq\/wp-json\/wp\/v2\/comments?post=25708"}],"version-history":[{"count":1,"href":"https:\/\/permbledhja.com\/sq\/wp-json\/wp\/v2\/posts\/25708\/revisions"}],"predecessor-version":[{"id":25710,"href":"https:\/\/permbledhja.com\/sq\/wp-json\/wp\/v2\/posts\/25708\/revisions\/25710"}],"wp:featuredmedia":[{"embeddable":true,"href":"https:\/\/permbledhja.com\/sq\/wp-json\/wp\/v2\/media\/25709"}],"wp:attachment":[{"href":"https:\/\/permbledhja.com\/sq\/wp-json\/wp\/v2\/media?parent=25708"}],"wp:term":[{"taxonomy":"category","embeddable":true,"href":"https:\/\/permbledhja.com\/sq\/wp-json\/wp\/v2\/categories?post=25708"},{"taxonomy":"post_tag","embeddable":true,"href":"https:\/\/permbledhja.com\/sq\/wp-json\/wp\/v2\/tags?post=25708"}],"curies":[{"name":"wp","href":"https:\/\/api.w.org\/{rel}","templated":true}]}}