{"id":25702,"date":"2023-09-04T10:06:58","date_gmt":"2023-09-04T10:06:58","guid":{"rendered":"https:\/\/permbledhja.com\/?p=25702"},"modified":"2023-09-04T10:06:58","modified_gmt":"2023-09-04T10:06:58","slug":"kurti-ne-rahovec-xhevdet-bajraj-per-bindjen-time-te-fuqishme-eshte-poeti-yne-me-i-madh","status":"publish","type":"post","link":"https:\/\/permbledhja.com\/sq\/kurti-ne-rahovec-xhevdet-bajraj-per-bindjen-time-te-fuqishme-eshte-poeti-yne-me-i-madh\/","title":{"rendered":"Kurti n\u00eb Rahovec: Xhevdet Bajraj p\u00ebr bindjen time t\u00eb fuqishme \u00ebsht\u00eb poeti yn\u00eb m\u00eb i madh"},"content":{"rendered":"<h3>Kryeministri Albin Kurti ka marr\u00eb pjes\u00eb \u00a0mbr\u00ebm\u00eb pjes\u00eb n\u00eb aktivitetin \u201cHardh Ora Poetike\u201d kushtuar poetit Xhevdet Bajraj, t\u00eb organizuar nga Hardh Fest dhe Klubi Letrar \u201cXhevdet Bajraj\u201d.<\/h3>\n<p>Aty Kurti ka folur p\u00ebr njohjen me poetin q\u00eb vdiq vitin e kaluar n\u00eb Meksik\u00eb, ka analizuar e recituar pjes\u00eb t\u00eb poezis\u00eb e tij duke th\u00ebn\u00eb se p\u00ebr bindjen e tij Bajraj \u00ebsht\u00eb poeti m\u00eb i madh kosovar.<\/p>\n<p>\u201cXhevdet Bajraj p\u00ebr bindjen time t\u00eb fuqishme \u00ebsht\u00eb poeti yn\u00eb m\u00eb i madh i cili i ka dh\u00ebn\u00eb nj\u00ebkoh\u00ebsisht z\u00eb unik e estetik e social edhe dhimbjeve t\u00eb popullit edhe dashuris\u00eb p\u00ebr vendlindjen. Pra edhe dhimbjeve t\u00eb popullit, edhe dashuris\u00eb p\u00ebr vendlindjen. P\u00ebr vendlindjen si di\u00e7ka e shkuar q\u00eb nuk kalon dhe p\u00ebr popullin si di\u00e7ka nga ky buron e i rikthehet. Pra jasht\u00eb popullit p\u00ebr t\u2019u rikthyer brenda\u201d, ka th\u00ebn\u00eb Kurti n\u00eb aktivitetin e mbajtur n\u00eb sht\u00ebpin\u00eb e poetit.<\/p>\n<p><strong>Fjala e plot\u00eb e kryeministrit Kurti:<\/strong><\/p>\n<div><\/div>\n<p>Tejet e v\u00ebshtir\u00eb q\u00eb t\u00eb vij n\u00eb Rahovec, t\u00eb vij p\u00ebr \u201cHardhfest\u201d, e t\u00eb mos e takojm\u00eb Xhevdetin. Por t\u00eb vijm\u00eb n\u00eb sht\u00ebpin\u00eb e tij kur se kemi fizikisht at\u00eb mes nesh, e t\u00eb jemi p\u00ebrfundi k\u00ebsaj hardhie t\u00eb sht\u00ebpis\u00eb s\u00eb tij, besoj q\u00eb nuk ka pasur m\u00ebnyr\u00eb m\u00eb t\u00eb mir\u00eb p\u00ebr ta kompensuar sadopak zbraz\u00ebsin\u00eb e madhe q\u00eb kemi secili prej nesh n\u00eb zemrat tona, jo vet\u00ebm sot.<\/p>\n<p><em>T\u00eb dashura, Drita dhe Besa dhe Fadil,<\/em><\/p>\n<p><em>T\u00eb nderuar Zyrafete, Agron e Qemal,<\/em><\/p>\n<p><em>T\u00eb nderuar t\u00eb pranish\u00ebm, adhurues t\u00eb poezis\u00eb s\u00eb Xhevdetit, artdash\u00ebs n\u00eb p\u00ebrgjith\u00ebsi,<\/em><\/p>\n<p>Sivjet jan\u00eb b\u00ebr\u00eb 5 vjet prej se e kam takuar p\u00ebr her\u00eb t\u00eb par\u00eb Xhevdetin dhe \u00e7do takim ka zgjatur m\u00eb shum\u00eb se sa q\u00eb e kishim menduar t\u00eb dy ne, un\u00eb do t\u00eb thosha m\u00eb shum\u00eb p\u00ebr shkak t\u00eb d\u00ebshir\u00ebs time q\u00eb t\u00eb rri me t\u00eb sesa anasjelltas.<\/p>\n<p>Meqen\u00ebse un\u00eb m\u00ebsoja e k\u00ebnaqesha me at\u00eb \u00e7far\u00eb d\u00ebgjoja, dhe midis takimeve i kisha librat e tij q\u00eb i lexoja, por edhe midis librave t\u00eb tij q\u00eb i lexoja i kisha takimet.<\/p>\n<p>Andaj, ndjehem me shum\u00eb fat q\u00eb nj\u00eb poet kaq t\u00eb madh e kam njohur personalisht. Se zakonisht ky nuk \u00ebsht\u00eb rasti. Pra, artist\u00eb t\u00eb m\u00ebdhenj i njohim nga vepra, po kur ke arritur edhe q\u00eb t\u2019i d\u00ebgjosh direkt e t\u2019i prek\u00ebsh, padyshim se p\u00ebrshtypjet jan\u00eb m\u00eb t\u00eb m\u00ebdha, e un\u00eb do t\u00eb thosha posa\u00e7\u00ebrisht p\u00ebr shkak se b\u00ebhet fjal\u00eb p\u00ebr Xhevdetin.<\/p>\n<p>Libri i fundit i tij q\u00eb e lexova, \u00ebsht\u00eb libri i fundit i tij. \u00cbsht\u00eb pra \u201cAngelus Novus\u201d poezi t\u00eb p\u00ebrmbledhura t\u00eb pabotuara m\u00eb par\u00eb n\u00eb di\u00e7ka q\u00eb na mbush me nostalgji por edhe me shpres\u00eb.<\/p>\n<p>P\u00ebrshtypja e jasht\u00ebzakonshme ishte qysh n\u00eb poezin\u00eb e par\u00eb \u201cNj\u00eb hap para\u201d. Un\u00eb nuk e kam ditur q\u00eb, t\u2019ju them t\u00eb drejt\u00ebn, un\u00eb pajtohem me Xhevdetin p\u00ebr nj\u00eb tez\u00eb t\u00eb tij n\u00eb k\u00ebt\u00eb poezi t\u00eb par\u00eb, p\u00ebr nj\u00eb \u00e7\u00ebshtje q\u00eb \u00ebsht\u00eb shum\u00eb e r\u00ebnd\u00ebsishme jo vet\u00ebm p\u00ebr mua.<\/p>\n<p><strong>\u201cNj\u00eb hap para\u201d e ka titullin poezia, ajo thot\u00eb k\u00ebshtu:<\/strong><\/p>\n<p><em>\u201cNuk \u00ebsht\u00eb e v\u00ebshtir\u00eb t\u00eb b\u00ebhesh njeri,<\/em><\/p>\n<p><em>Vet\u00ebm nj\u00eb hap p\u00ebrpara,<\/em><\/p>\n<p><em>Gjithmon\u00eb nj\u00eb hap para,<\/em><\/p>\n<p><em>Duhet ta b\u00ebsh brenda vetes\u201d.<\/em><\/p>\n<p>Pra, nuk flet p\u00ebr hapat q\u00eb i b\u00ebjn\u00eb n\u00eb bot\u00eb, po p\u00ebr hapat q\u00eb i b\u00ebjn\u00eb n\u00eb vete. Dhe t\u00eb b\u00ebhesh njeri. Kjo \u00ebsht\u00eb trondit\u00ebse si konstatim sepse i bie q\u00eb nuk jemi tamam njer\u00ebz. Dhe th\u00ebn\u00eb t\u00eb drejt\u00ebn un\u00eb pajtohem. Pra, duhet t\u00eb b\u00ebhemi njer\u00ebz. T\u00eb qenit njeri nuk \u00ebsht\u00eb fakt i dh\u00ebn\u00eb, \u00ebsht\u00eb projekt human edhe social. Ne kur lindim teknikisht lindim njer\u00ebz, mir\u00ebpo lindim n\u00eb nj\u00eb kontekst t\u00eb caktuar komb\u00ebtar, shtet\u00ebror, kontinental, politik gjithsesi, dhe tashm\u00eb jemi di\u00e7ka e dikushi.<\/p>\n<p>Por ajo \u00e7ka duhet t\u00eb b\u00ebjm\u00eb me jet\u00ebt tona, \u00ebsht\u00eb t\u00eb b\u00ebhemi njer\u00ebz. N\u00eb k\u00ebt\u00eb kuptim t\u00eb qenit njeri \u00ebsht\u00eb e nj\u00eb rangu m\u00eb t\u00eb lart\u00eb t\u00eb qenies se sa ajo q\u00eb ishim n\u00eb fillim, qysh jan\u00eb ve\u00e7antit\u00eb kulturore e kontekstuale, e t\u00eb tjera.<\/p>\n<p>Kjo \u00ebsht\u00eb nj\u00eb tem\u00eb mbi identifikimin n\u00eb nj\u00eb kuptim m\u00eb t\u00eb thell\u00eb se identiteti t\u00eb cilin un\u00eb nuk e kam diskutuar me t\u00eb dhe mund ta merrni me mend se sa shum\u00eb u g\u00ebzova kur u pajtova me k\u00ebt\u00eb q\u00eb lexova.<\/p>\n<p>Tjetra, \u00ebsht\u00eb interesant q\u00eb Xhevdeti flet p\u00ebr veten, pa fol p\u00ebr veten. K\u00ebshtu q\u00eb ju q\u00eb nuk e keni takuar, t\u00eb gjith\u00eb ne q\u00eb s\u2019mund ta takojm\u00eb m\u00eb fizikisht ja vlen ta rilexojm\u00eb sepse e ka nj\u00eb shtres\u00eb leximi thua se jemi me t\u00eb s\u00ebrish.<\/p>\n<p>Kjo nuk do t\u00eb thot\u00eb q\u00eb ai ka shkruar p\u00ebr veten, por ka nj\u00eb disautobiografie poezia e tij.\u00a0 Dhe, ta z\u00ebm\u00eb te \u201cNj\u00eb dit\u00eb n\u00eb parajs\u00eb\u201d thot\u00eb si mbetet gj\u00eb tjet\u00ebr p\u00ebr t\u00eb b\u00ebr\u00eb n\u00eb jet\u00eb p\u00ebrve\u00e7 ta ushqejm\u00eb brenda vet\u00ebs f\u00ebmij\u00ebn q\u00eb refuzonte t\u00eb rritej. Tash n\u00eb p\u00ebrshtypjen time ky \u00ebsht\u00eb vet Xhevdeti. Xhevdeti vet ke refuzuar t\u00eb rritet. \u00cbsht\u00eb marifet i madh t\u00eb dish ta mendosh suksessh\u00ebm f\u00ebmij\u00ebn, sidomos kureshtjen f\u00ebmij\u00ebrore brenda vet\u00ebs sepse edhe sistemi i shkollimit edhe p\u00ebrvoja jet\u00ebsore edhe profesioni bash cilitdo q\u00eb e zgjedhim ose na zgjedh neve, t\u00eb \u00e7\u2018m\u00ebson prej f\u00ebmij\u00ebris\u00eb. Pra duke u rritur ne \u00e7 \u2018m\u00ebsohemi p\u00ebr f\u00ebmij\u00ebn q\u00eb kemi brenda vet\u00ebs, e ky reziston suksessh\u00ebm dhe un\u00eb besoj q\u00eb k\u00ebtij lloj suksesi Xhevdeti ia ka borxh suksesit. Rezistenc\u00ebs s\u00eb tij t\u00eb suksesshme p\u00ebr t\u2019u rritur dhe mir\u00ebmbajtjes s\u00eb q\u00ebndrueshme t\u00eb f\u00ebmij\u00ebris\u00eb brenda vet\u00ebs.<\/p>\n<p>Por, p\u00ebr ata q\u00eb b\u00ebjn\u00eb muzik\u00eb e krijojn\u00eb k\u00ebng\u00eb n\u00ebse k\u00ebt\u00eb e b\u00ebjn\u00eb me nj\u00eb, le t\u00eb themi, preokupim social t\u00eb angazhuar, at\u00ebher\u00eb un\u00eb besoj q\u00eb para se dikush t\u00eb prodhoj\u00eb, t\u00eb shkruaj k\u00ebng\u00ebn e radh\u00ebs \u00ebsht\u00eb mir\u00eb ta provoj\u00eb Xhevdetin, dhe vargjet e tij jan\u00eb edhe k\u00ebng\u00eb. Jan\u00eb k\u00ebng\u00eb t\u00eb angazhuara sociale q\u00eb mbase \u00ebsht\u00eb m\u00ebkat q\u00eb nuk b\u00ebhen k\u00ebng\u00eb si\u00e7 jan\u00eb. Dikush do t\u00eb thoshte q\u00eb, po e do nj\u00eb muzikant\u00eb kjo pun\u00eb si Xhevdeti q\u00eb \u00ebsht\u00eb poet, p\u00ebr t\u2019u b\u00ebr\u00eb, po ja q\u00eb shpresa nuk e le t\u00eb riun kollaj.<\/p>\n<p><strong>Ta z\u00ebm\u00eb n\u00eb nj\u00ebr\u00ebn prej poezive t\u00eb tij thot\u00eb:<\/strong><\/p>\n<p><em>\u201cNdal o \u00e7un,<\/em><\/p>\n<p><em>Pi uj\u00eb n\u00eb lum\u00eb<\/em><\/p>\n<p><em>\u2018Merru me veten,<\/em><\/p>\n<p><em>Dehu me jet\u00ebn.\u201d<\/em><\/p>\n<p>\u00cbsht\u00eb pa fund, vargje proteste n\u00ebp\u00ebr k\u00ebng\u00eb t\u00eb ndryshme, por jan\u00eb shum\u00eb t\u00eb p\u00ebrshtatshme k\u00ebto t\u00eb Xhevdetit, andaj ka nj\u00eb lloj trysnie n\u00eb bot\u00ebn sot q\u00eb t\u00eb jemi vazhdimisht kreativ, t\u00eb shpik\u00ebsh di\u00e7ka t\u00eb re, po un\u00eb besoj q\u00eb kjo nuk duhet t\u00eb jet\u00eb n\u00eb kurriz t\u00eb respektit t\u00eb atyre q\u00eb kan\u00eb b\u00ebr\u00eb tashm\u00eb di\u00e7ka t\u00eb re. Ndoshta kemi nevoj\u00eb p\u00ebr zhanre dhe forma t\u00eb reja t\u00eb asaj q\u00eb tashm\u00eb ekziston. Nuk \u00ebsht\u00eb e th\u00ebn\u00eb q\u00eb secili prej nesh bash n\u00eb \u00e7do gj\u00eb, t\u00ebr\u00eb koh\u00ebn e kudo t\u00eb prodhoj\u00eb di\u00e7ka t\u00eb re, t\u00eb krijoj di\u00e7ka t\u00eb papar\u00eb. Thjesht \u00ebsht\u00eb e r\u00ebnd\u00ebsishme q\u00eb t\u00eb lidhemi m\u00eb nj\u00ebri-tjetrin dhe le t\u00eb themi t\u00eb mbind\u00ebrtojm\u00eb, se shpesh her\u00eb nd\u00ebrtesa e re \u00ebsht\u00eb pik\u00ebrisht ky lloj mbind\u00ebrtimi q\u00eb pamund\u00ebson, si\u00e7 do t\u00eb thoshte edhe Xhevdeti, ta b\u00ebsh nj\u00eb hap para brenda vet\u00ebs.<\/p>\n<p><strong>Ose tek poezia \u201cKujtimet\u201d:<\/strong><\/p>\n<p><em>\u201cN\u00eb nj\u00eb pjat\u00eb prej guri,<\/em><\/p>\n<p><em>nga nj\u00eb got\u00eb prej druri,<\/em><\/p>\n<p><em>ha e pi kujtimet e t\u00eb par\u00ebve t\u00eb mi<\/em><\/p>\n<p><em>t\u00eb b\u00ebra hi\u201d.<\/em><\/p>\n<p>K\u00ebtu kallxon \u00e7far\u00eb vrulli i nj\u00ebhersh\u00ebm e ka shkruar k\u00ebt\u00eb varg, mir\u00ebpo jo vrull p\u00ebr mendim sepse kur e rilexon e gjen mendimin. Kur e lexon p\u00ebrball\u00ebsh me vrullin t\u00eb cil\u00ebs i q\u00ebndron, e n\u00eb k\u00ebt\u00eb kuptim un\u00eb besoj q\u00eb poezit\u00eb e tij jan\u00eb k\u00ebng\u00eb shum\u00eb t\u00eb p\u00ebrshtatshme edhe p\u00ebr t\u2019u k\u00ebnduar p\u00ebrve\u00e7 se p\u00ebr t\u2019u lexuar.<\/p>\n<p>Xhevdet Bajraj p\u00ebr bindjen time t\u00eb fuqishme \u00ebsht\u00eb poeti yn\u00eb m\u00eb i madh i cili i ka dh\u00ebn\u00eb nj\u00ebkoh\u00ebsisht z\u00eb unik e estetik e social edhe dhimbjeve t\u00eb popullit edhe dashuris\u00eb p\u00ebr vendlindjen. Pra edhe dhimbjeve t\u00eb popullit, edhe dashuris\u00eb p\u00ebr vendlindjen. P\u00ebr vendlindjen si di\u00e7ka e shkuar q\u00eb nuk kalon dhe p\u00ebr popullin si di\u00e7ka nga ky buron e i rikthehet. Pra jasht\u00eb popullit p\u00ebr t\u2019u rikthyer brenda.<\/p>\n<p>Andaj ky z\u00eb unik i Xhevdet Bajrajt q\u00eb e ka aspektin estetik e social, nj\u00ebkoh\u00ebsisht p\u00ebr t\u00eb dyja k\u00ebto dimensione kaq t\u00eb fuqishme, padyshim se \u00ebsht\u00eb mir\u00eb q\u00eb t\u00eb studiohet e l\u00ebvrohet n\u00eb universitetet tona, n\u00ebp\u00ebr akademit\u00eb tona dhe jo vet\u00ebm tonat, dhe m\u00eb vjen shum\u00eb mir\u00eb q\u00eb do t\u00eb ket\u00eb nj\u00eb platform\u00eb e nj\u00eb sht\u00ebpi me emrin e tij e cila do t\u00eb leht\u00ebsoj\u00eb nj\u00eb gj\u00eb t\u00eb till\u00eb.<\/p>\n<p>Si\u00e7 e tha Gustavo n\u00eb poezin\u00eb e tij, dhimbja e ka p\u00ebrmas\u00ebn e tij, e un\u00eb vet\u00ebm do t\u00eb shtoja q\u00eb edhe dashuria e ka m\u00ebnyr\u00ebn e tij.<\/p>\n<p>Ju faleminderit!<\/p>\n<div class=\"lm-zs-enabled overlay-plain\" data-lm-zs-src=\"[&quot;https:\/\/www.gazetaexpress.com\/wp-content\/uploads\/2023\/09\/640-0-1693816516xwhatsapp-image-2023-09-04-at-103506-703.jpeg&quot;, &quot;https:\/\/www.gazetaexpress.com\/wp-content\/uploads\/2023\/09\/Screenshot_1-65.png&quot;, &quot;https:\/\/www.gazetaexpress.com\/wp-content\/uploads\/2023\/09\/kurti-rahovec-1.jpg&quot;, &quot;https:\/\/www.gazetaexpress.com\/wp-content\/uploads\/2023\/09\/Bajram-Begaj.png&quot;]\">\n<div class=\"lm-zs-slideshow\">\n<div class=\"lm-zs-slides\">\n<div class=\"lm-zs-slide lm-zs-slide-1 passed active\"><\/div>\n<div class=\"lm-zs-slide lm-zs-slide-2 passed\"><\/div>\n<div class=\"lm-zs-slide lm-zs-slide-3 passed\"><\/div>\n<\/div>\n<div class=\"lm-zs-bullets\">\n<div class=\"lm-zs-bullet lm-zs-bullet-0 passed\"><\/div>\n<div class=\"lm-zs-bullet lm-zs-bullet-1 active\"><\/div>\n<div class=\"lm-zs-bullet lm-zs-bullet-2\"><\/div>\n<\/div>\n<\/div>\n<\/div>\n","protected":false},"excerpt":{"rendered":"<p>Kryeministri Albin Kurti ka marr\u00eb pjes\u00eb \u00a0mbr\u00ebm\u00eb pjes\u00eb n\u00eb aktivitetin \u201cHardh Ora Poetike\u201d kushtuar poetit Xhevdet Bajraj, t\u00eb organizuar nga Hardh Fest dhe Klubi Letrar \u201cXhevdet Bajraj\u201d. Aty Kurti ka folur p\u00ebr njohjen me poetin q\u00eb vdiq vitin e kaluar n\u00eb Meksik\u00eb, ka analizuar e recituar pjes\u00eb t\u00eb poezis\u00eb e tij duke th\u00ebn\u00eb se p\u00ebr [&hellip;]<\/p>\n","protected":false},"author":2,"featured_media":25703,"comment_status":"closed","ping_status":"closed","sticky":false,"template":"","format":"standard","meta":{"_monsterinsights_skip_tracking":false,"_monsterinsights_sitenote_active":false,"_monsterinsights_sitenote_note":"","_monsterinsights_sitenote_category":0,"_uf_show_specific_survey":0,"_uf_disable_surveys":false,"footnotes":""},"categories":[23,15],"tags":[86],"yoast_head":"<!-- This site is optimized with the Yoast SEO plugin v21.5 - https:\/\/yoast.com\/wordpress\/plugins\/seo\/ -->\n<title>Kurti n\u00eb Rahovec: Xhevdet Bajraj p\u00ebr bindjen time t\u00eb fuqishme \u00ebsht\u00eb poeti yn\u00eb m\u00eb i madh<\/title>\n<meta name=\"robots\" content=\"index, follow, max-snippet:-1, max-image-preview:large, max-video-preview:-1\" \/>\n<link rel=\"canonical\" href=\"https:\/\/permbledhja.com\/sq\/kurti-ne-rahovec-xhevdet-bajraj-per-bindjen-time-te-fuqishme-eshte-poeti-yne-me-i-madh\/\" \/>\n<meta property=\"og:locale\" content=\"sq_AL\" \/>\n<meta property=\"og:type\" content=\"article\" \/>\n<meta property=\"og:title\" content=\"Kurti n\u00eb Rahovec: Xhevdet Bajraj p\u00ebr bindjen time t\u00eb fuqishme \u00ebsht\u00eb poeti yn\u00eb m\u00eb i madh\" \/>\n<meta property=\"og:description\" content=\"Kryeministri Albin Kurti ka marr\u00eb pjes\u00eb \u00a0mbr\u00ebm\u00eb pjes\u00eb n\u00eb aktivitetin \u201cHardh Ora Poetike\u201d kushtuar poetit Xhevdet Bajraj, t\u00eb organizuar nga Hardh Fest dhe Klubi Letrar \u201cXhevdet Bajraj\u201d. Aty Kurti ka folur p\u00ebr njohjen me poetin q\u00eb vdiq vitin e kaluar n\u00eb Meksik\u00eb, ka analizuar e recituar pjes\u00eb t\u00eb poezis\u00eb e tij duke th\u00ebn\u00eb se p\u00ebr [&hellip;]\" \/>\n<meta property=\"og:url\" content=\"https:\/\/permbledhja.com\/sq\/kurti-ne-rahovec-xhevdet-bajraj-per-bindjen-time-te-fuqishme-eshte-poeti-yne-me-i-madh\/\" \/>\n<meta property=\"og:site_name\" content=\"Ve\u00e7 artikuj p\u00ebrmbledh\u00ebs\" \/>\n<meta property=\"article:publisher\" content=\"https:\/\/www.facebook.com\/press07\/\" \/>\n<meta property=\"article:published_time\" content=\"2023-09-04T10:06:58+00:00\" \/>\n<meta property=\"og:image\" content=\"https:\/\/permbledhja.com\/wp-content\/uploads\/2023\/09\/thumbnail_ZKP-ZKM-4-9-2023-3.jpg\" \/>\n\t<meta property=\"og:image:width\" content=\"1920\" \/>\n\t<meta property=\"og:image:height\" content=\"1279\" \/>\n\t<meta property=\"og:image:type\" content=\"image\/jpeg\" \/>\n<meta name=\"author\" content=\"M M\" \/>\n<meta name=\"twitter:card\" content=\"summary_large_image\" \/>\n<meta name=\"twitter:label1\" content=\"Written by\" \/>\n\t<meta name=\"twitter:data1\" content=\"M M\" \/>\n\t<meta name=\"twitter:label2\" content=\"Est. reading time\" \/>\n\t<meta name=\"twitter:data2\" content=\"8 minuta\" \/>\n<script type=\"application\/ld+json\" class=\"yoast-schema-graph\">{\"@context\":\"https:\/\/schema.org\",\"@graph\":[{\"@type\":\"Article\",\"@id\":\"https:\/\/permbledhja.com\/kurti-ne-rahovec-xhevdet-bajraj-per-bindjen-time-te-fuqishme-eshte-poeti-yne-me-i-madh\/#article\",\"isPartOf\":{\"@id\":\"https:\/\/permbledhja.com\/kurti-ne-rahovec-xhevdet-bajraj-per-bindjen-time-te-fuqishme-eshte-poeti-yne-me-i-madh\/\"},\"author\":{\"name\":\"M M\",\"@id\":\"https:\/\/permbledhja.com\/#\/schema\/person\/d23f13f59b5722643933d6780783acf3\"},\"headline\":\"Kurti n\u00eb Rahovec: Xhevdet Bajraj p\u00ebr bindjen time t\u00eb fuqishme \u00ebsht\u00eb poeti yn\u00eb m\u00eb i madh\",\"datePublished\":\"2023-09-04T10:06:58+00:00\",\"dateModified\":\"2023-09-04T10:06:58+00:00\",\"mainEntityOfPage\":{\"@id\":\"https:\/\/permbledhja.com\/kurti-ne-rahovec-xhevdet-bajraj-per-bindjen-time-te-fuqishme-eshte-poeti-yne-me-i-madh\/\"},\"wordCount\":1609,\"publisher\":{\"@id\":\"https:\/\/permbledhja.com\/#organization\"},\"keywords\":[\"Albin Kurti\"],\"articleSection\":[\"Komb\u00ebtare\",\"Lajme\"],\"inLanguage\":\"sq\"},{\"@type\":\"WebPage\",\"@id\":\"https:\/\/permbledhja.com\/kurti-ne-rahovec-xhevdet-bajraj-per-bindjen-time-te-fuqishme-eshte-poeti-yne-me-i-madh\/\",\"url\":\"https:\/\/permbledhja.com\/kurti-ne-rahovec-xhevdet-bajraj-per-bindjen-time-te-fuqishme-eshte-poeti-yne-me-i-madh\/\",\"name\":\"Kurti n\u00eb Rahovec: Xhevdet Bajraj p\u00ebr bindjen time t\u00eb fuqishme \u00ebsht\u00eb poeti yn\u00eb m\u00eb i madh\",\"isPartOf\":{\"@id\":\"https:\/\/permbledhja.com\/#website\"},\"datePublished\":\"2023-09-04T10:06:58+00:00\",\"dateModified\":\"2023-09-04T10:06:58+00:00\",\"breadcrumb\":{\"@id\":\"https:\/\/permbledhja.com\/kurti-ne-rahovec-xhevdet-bajraj-per-bindjen-time-te-fuqishme-eshte-poeti-yne-me-i-madh\/#breadcrumb\"},\"inLanguage\":\"sq\",\"potentialAction\":[{\"@type\":\"ReadAction\",\"target\":[\"https:\/\/permbledhja.com\/kurti-ne-rahovec-xhevdet-bajraj-per-bindjen-time-te-fuqishme-eshte-poeti-yne-me-i-madh\/\"]}]},{\"@type\":\"BreadcrumbList\",\"@id\":\"https:\/\/permbledhja.com\/kurti-ne-rahovec-xhevdet-bajraj-per-bindjen-time-te-fuqishme-eshte-poeti-yne-me-i-madh\/#breadcrumb\",\"itemListElement\":[{\"@type\":\"ListItem\",\"position\":1,\"name\":\"Ballina\",\"item\":\"https:\/\/permbledhja.com\/sq\/\"},{\"@type\":\"ListItem\",\"position\":2,\"name\":\"Kurti n\u00eb Rahovec: Xhevdet Bajraj p\u00ebr bindjen time t\u00eb fuqishme \u00ebsht\u00eb poeti yn\u00eb m\u00eb i madh\"}]},{\"@type\":\"WebSite\",\"@id\":\"https:\/\/permbledhja.com\/#website\",\"url\":\"https:\/\/permbledhja.com\/\",\"name\":\"Ve\u00e7 artikuj p\u00ebrmbledh\u00ebs\",\"description\":\"\",\"publisher\":{\"@id\":\"https:\/\/permbledhja.com\/#organization\"},\"potentialAction\":[{\"@type\":\"SearchAction\",\"target\":{\"@type\":\"EntryPoint\",\"urlTemplate\":\"https:\/\/permbledhja.com\/?s={search_term_string}\"},\"query-input\":\"required name=search_term_string\"}],\"inLanguage\":\"sq\"},{\"@type\":\"Organization\",\"@id\":\"https:\/\/permbledhja.com\/#organization\",\"name\":\"MK Media & Pr\",\"url\":\"https:\/\/permbledhja.com\/\",\"logo\":{\"@type\":\"ImageObject\",\"inLanguage\":\"sq\",\"@id\":\"https:\/\/permbledhja.com\/#\/schema\/logo\/image\/\",\"url\":\"https:\/\/permbledhja.com\/wp-content\/uploads\/2021\/12\/07-Press-Logo.jpg\",\"contentUrl\":\"https:\/\/permbledhja.com\/wp-content\/uploads\/2021\/12\/07-Press-Logo.jpg\",\"width\":512,\"height\":512,\"caption\":\"MK Media & Pr\"},\"image\":{\"@id\":\"https:\/\/permbledhja.com\/#\/schema\/logo\/image\/\"},\"sameAs\":[\"https:\/\/www.facebook.com\/press07\/\"]},{\"@type\":\"Person\",\"@id\":\"https:\/\/permbledhja.com\/#\/schema\/person\/d23f13f59b5722643933d6780783acf3\",\"name\":\"M M\",\"image\":{\"@type\":\"ImageObject\",\"inLanguage\":\"sq\",\"@id\":\"https:\/\/permbledhja.com\/#\/schema\/person\/image\/\",\"url\":\"https:\/\/secure.gravatar.com\/avatar\/e2835a76ca7c31a2416b2d51c4ec9a8f?s=96&d=mm&r=g\",\"contentUrl\":\"https:\/\/secure.gravatar.com\/avatar\/e2835a76ca7c31a2416b2d51c4ec9a8f?s=96&d=mm&r=g\",\"caption\":\"M M\"},\"sameAs\":[\"http:\/\/MM\"],\"url\":\"https:\/\/permbledhja.com\/sq\/author\/muhamet\/\"}]}<\/script>\n<!-- \/ Yoast SEO plugin. -->","yoast_head_json":{"title":"Kurti n\u00eb Rahovec: Xhevdet Bajraj p\u00ebr bindjen time t\u00eb fuqishme \u00ebsht\u00eb poeti yn\u00eb m\u00eb i madh","robots":{"index":"index","follow":"follow","max-snippet":"max-snippet:-1","max-image-preview":"max-image-preview:large","max-video-preview":"max-video-preview:-1"},"canonical":"https:\/\/permbledhja.com\/sq\/kurti-ne-rahovec-xhevdet-bajraj-per-bindjen-time-te-fuqishme-eshte-poeti-yne-me-i-madh\/","og_locale":"sq_AL","og_type":"article","og_title":"Kurti n\u00eb Rahovec: Xhevdet Bajraj p\u00ebr bindjen time t\u00eb fuqishme \u00ebsht\u00eb poeti yn\u00eb m\u00eb i madh","og_description":"Kryeministri Albin Kurti ka marr\u00eb pjes\u00eb \u00a0mbr\u00ebm\u00eb pjes\u00eb n\u00eb aktivitetin \u201cHardh Ora Poetike\u201d kushtuar poetit Xhevdet Bajraj, t\u00eb organizuar nga Hardh Fest dhe Klubi Letrar \u201cXhevdet Bajraj\u201d. Aty Kurti ka folur p\u00ebr njohjen me poetin q\u00eb vdiq vitin e kaluar n\u00eb Meksik\u00eb, ka analizuar e recituar pjes\u00eb t\u00eb poezis\u00eb e tij duke th\u00ebn\u00eb se p\u00ebr [&hellip;]","og_url":"https:\/\/permbledhja.com\/sq\/kurti-ne-rahovec-xhevdet-bajraj-per-bindjen-time-te-fuqishme-eshte-poeti-yne-me-i-madh\/","og_site_name":"Ve\u00e7 artikuj p\u00ebrmbledh\u00ebs","article_publisher":"https:\/\/www.facebook.com\/press07\/","article_published_time":"2023-09-04T10:06:58+00:00","og_image":[{"width":1920,"height":1279,"url":"https:\/\/permbledhja.com\/wp-content\/uploads\/2023\/09\/thumbnail_ZKP-ZKM-4-9-2023-3.jpg","type":"image\/jpeg"}],"author":"M M","twitter_card":"summary_large_image","twitter_misc":{"Written by":"M M","Est. reading time":"8 minuta"},"schema":{"@context":"https:\/\/schema.org","@graph":[{"@type":"Article","@id":"https:\/\/permbledhja.com\/kurti-ne-rahovec-xhevdet-bajraj-per-bindjen-time-te-fuqishme-eshte-poeti-yne-me-i-madh\/#article","isPartOf":{"@id":"https:\/\/permbledhja.com\/kurti-ne-rahovec-xhevdet-bajraj-per-bindjen-time-te-fuqishme-eshte-poeti-yne-me-i-madh\/"},"author":{"name":"M M","@id":"https:\/\/permbledhja.com\/#\/schema\/person\/d23f13f59b5722643933d6780783acf3"},"headline":"Kurti n\u00eb Rahovec: Xhevdet Bajraj p\u00ebr bindjen time t\u00eb fuqishme \u00ebsht\u00eb poeti yn\u00eb m\u00eb i madh","datePublished":"2023-09-04T10:06:58+00:00","dateModified":"2023-09-04T10:06:58+00:00","mainEntityOfPage":{"@id":"https:\/\/permbledhja.com\/kurti-ne-rahovec-xhevdet-bajraj-per-bindjen-time-te-fuqishme-eshte-poeti-yne-me-i-madh\/"},"wordCount":1609,"publisher":{"@id":"https:\/\/permbledhja.com\/#organization"},"keywords":["Albin Kurti"],"articleSection":["Komb\u00ebtare","Lajme"],"inLanguage":"sq"},{"@type":"WebPage","@id":"https:\/\/permbledhja.com\/kurti-ne-rahovec-xhevdet-bajraj-per-bindjen-time-te-fuqishme-eshte-poeti-yne-me-i-madh\/","url":"https:\/\/permbledhja.com\/kurti-ne-rahovec-xhevdet-bajraj-per-bindjen-time-te-fuqishme-eshte-poeti-yne-me-i-madh\/","name":"Kurti n\u00eb Rahovec: Xhevdet Bajraj p\u00ebr bindjen time t\u00eb fuqishme \u00ebsht\u00eb poeti yn\u00eb m\u00eb i madh","isPartOf":{"@id":"https:\/\/permbledhja.com\/#website"},"datePublished":"2023-09-04T10:06:58+00:00","dateModified":"2023-09-04T10:06:58+00:00","breadcrumb":{"@id":"https:\/\/permbledhja.com\/kurti-ne-rahovec-xhevdet-bajraj-per-bindjen-time-te-fuqishme-eshte-poeti-yne-me-i-madh\/#breadcrumb"},"inLanguage":"sq","potentialAction":[{"@type":"ReadAction","target":["https:\/\/permbledhja.com\/kurti-ne-rahovec-xhevdet-bajraj-per-bindjen-time-te-fuqishme-eshte-poeti-yne-me-i-madh\/"]}]},{"@type":"BreadcrumbList","@id":"https:\/\/permbledhja.com\/kurti-ne-rahovec-xhevdet-bajraj-per-bindjen-time-te-fuqishme-eshte-poeti-yne-me-i-madh\/#breadcrumb","itemListElement":[{"@type":"ListItem","position":1,"name":"Ballina","item":"https:\/\/permbledhja.com\/sq\/"},{"@type":"ListItem","position":2,"name":"Kurti n\u00eb Rahovec: Xhevdet Bajraj p\u00ebr bindjen time t\u00eb fuqishme \u00ebsht\u00eb poeti yn\u00eb m\u00eb i madh"}]},{"@type":"WebSite","@id":"https:\/\/permbledhja.com\/#website","url":"https:\/\/permbledhja.com\/","name":"Ve\u00e7 artikuj p\u00ebrmbledh\u00ebs","description":"","publisher":{"@id":"https:\/\/permbledhja.com\/#organization"},"potentialAction":[{"@type":"SearchAction","target":{"@type":"EntryPoint","urlTemplate":"https:\/\/permbledhja.com\/?s={search_term_string}"},"query-input":"required name=search_term_string"}],"inLanguage":"sq"},{"@type":"Organization","@id":"https:\/\/permbledhja.com\/#organization","name":"MK Media & Pr","url":"https:\/\/permbledhja.com\/","logo":{"@type":"ImageObject","inLanguage":"sq","@id":"https:\/\/permbledhja.com\/#\/schema\/logo\/image\/","url":"https:\/\/permbledhja.com\/wp-content\/uploads\/2021\/12\/07-Press-Logo.jpg","contentUrl":"https:\/\/permbledhja.com\/wp-content\/uploads\/2021\/12\/07-Press-Logo.jpg","width":512,"height":512,"caption":"MK Media & Pr"},"image":{"@id":"https:\/\/permbledhja.com\/#\/schema\/logo\/image\/"},"sameAs":["https:\/\/www.facebook.com\/press07\/"]},{"@type":"Person","@id":"https:\/\/permbledhja.com\/#\/schema\/person\/d23f13f59b5722643933d6780783acf3","name":"M M","image":{"@type":"ImageObject","inLanguage":"sq","@id":"https:\/\/permbledhja.com\/#\/schema\/person\/image\/","url":"https:\/\/secure.gravatar.com\/avatar\/e2835a76ca7c31a2416b2d51c4ec9a8f?s=96&d=mm&r=g","contentUrl":"https:\/\/secure.gravatar.com\/avatar\/e2835a76ca7c31a2416b2d51c4ec9a8f?s=96&d=mm&r=g","caption":"M M"},"sameAs":["http:\/\/MM"],"url":"https:\/\/permbledhja.com\/sq\/author\/muhamet\/"}]}},"_links":{"self":[{"href":"https:\/\/permbledhja.com\/sq\/wp-json\/wp\/v2\/posts\/25702"}],"collection":[{"href":"https:\/\/permbledhja.com\/sq\/wp-json\/wp\/v2\/posts"}],"about":[{"href":"https:\/\/permbledhja.com\/sq\/wp-json\/wp\/v2\/types\/post"}],"author":[{"embeddable":true,"href":"https:\/\/permbledhja.com\/sq\/wp-json\/wp\/v2\/users\/2"}],"replies":[{"embeddable":true,"href":"https:\/\/permbledhja.com\/sq\/wp-json\/wp\/v2\/comments?post=25702"}],"version-history":[{"count":1,"href":"https:\/\/permbledhja.com\/sq\/wp-json\/wp\/v2\/posts\/25702\/revisions"}],"predecessor-version":[{"id":25704,"href":"https:\/\/permbledhja.com\/sq\/wp-json\/wp\/v2\/posts\/25702\/revisions\/25704"}],"wp:featuredmedia":[{"embeddable":true,"href":"https:\/\/permbledhja.com\/sq\/wp-json\/wp\/v2\/media\/25703"}],"wp:attachment":[{"href":"https:\/\/permbledhja.com\/sq\/wp-json\/wp\/v2\/media?parent=25702"}],"wp:term":[{"taxonomy":"category","embeddable":true,"href":"https:\/\/permbledhja.com\/sq\/wp-json\/wp\/v2\/categories?post=25702"},{"taxonomy":"post_tag","embeddable":true,"href":"https:\/\/permbledhja.com\/sq\/wp-json\/wp\/v2\/tags?post=25702"}],"curies":[{"name":"wp","href":"https:\/\/api.w.org\/{rel}","templated":true}]}}