{"id":25699,"date":"2023-09-04T10:04:17","date_gmt":"2023-09-04T10:04:17","guid":{"rendered":"https:\/\/permbledhja.com\/?p=25699"},"modified":"2023-09-04T10:22:57","modified_gmt":"2023-09-04T10:22:57","slug":"osmani-ne-tirane-shqiperia-te-jete-zeri-i-kosoves-aty-ku-nuk-ka-perfaqesim0","status":"publish","type":"post","link":"https:\/\/permbledhja.com\/sq\/osmani-ne-tirane-shqiperia-te-jete-zeri-i-kosoves-aty-ku-nuk-ka-perfaqesim0\/","title":{"rendered":"Osmani n\u00eb Tiran\u00eb: Shqip\u00ebria t\u00eb jet\u00eb z\u00ebri i Kosov\u00ebs aty ku nuk ka p\u00ebrfaq\u00ebsim"},"content":{"rendered":"<h3>Presidentja Vjosa Osmani e ka fal\u00ebnderuar presidentin e Shqip\u00ebris\u00eb, Bajram Begaj, dhe shtetin shqiptar p\u00ebr mb\u00ebshtetjen q\u00eb i ofrojn\u00eb vazhdimisht Kosov\u00ebs.<\/h3>\n<p>Ajo, n\u00eb nj\u00eb konferenc\u00eb p\u00ebr media, ka deklaruar se kombi shqiptar vazhdon t\u00eb mbetet faktor stabiliteti n\u00eb rajon.<\/p>\n<p>\u201cKryefjala e vizit\u00ebs sime \u00ebsht\u00eb bashk\u00ebrendimi p\u00ebr nj\u00eb strategji dhe veprim t\u00eb unifikuar t\u00eb politik\u00ebs s\u00eb jashtme\u201d, ka th\u00ebn\u00eb Osmani.<\/p>\n<p>Ajo foli p\u00ebr Serbin\u00eb q\u00eb tha se \u201cakoma vazhdon me logjik\u00ebn e zhdukjes son\u00eb nga faqja e dheut\u201d. \u201c\u00cbsht\u00eb detyrim i secilit prej nesh q\u00eb interesat komb\u00ebtare t\u2019i v\u00ebm\u00eb para se gjithash, t\u00eb koordinohemi n\u00eb baza ditore, t\u00eb flasim me nj\u00eb z\u00eb t\u00eb unifikuar\u201d, tha Osmani.<\/p>\n<p>\u201cSi\u00e7 kemi pasur nevoj\u00eb edhe m\u00eb par\u00eb, s\u00ebrish kemi nevoj\u00eb p\u00ebr mb\u00ebshtetjen e fuqishme t\u00eb Shqip\u00ebris\u00eb, sidomos q\u00eb t\u00eb jet\u00eb z\u00ebri yn\u00eb n\u00eb t\u00eb gjitha instancat nd\u00ebrkomb\u00ebtare ku Kosova ende nuk ka p\u00ebrfaq\u00ebsim\u201d, tha nd\u00ebr tjerash Osmani, duke p\u00ebrmendur synimin e vendit p\u00ebr t\u2019u an\u00ebtar\u00ebsuar n\u00eb NATO e BE.<\/p>\n<p>P\u00ebrderisa politika shtet\u00ebrore e Serbis\u00eb vazhdimisht po e sfidon integritetin territorial t\u00eb Kosov\u00ebs dhe angazhohet n\u00eb agresion institucional kund\u00ebr Kosov\u00ebs n\u00eb baza t\u00eb rregullta, Osmani tha se \u201cne do t\u00eb kemi nevoj\u00eb p\u00ebr p\u00ebrkrahjen e Shqip\u00ebris\u00eb, e po ashtu edhe p\u00ebr p\u00ebrkrahjen e partner\u00ebve euroaltantik\u00eb\u201d.<\/p>\n<p>\u201c\u2026Natyrisht q\u00eb pajtohem me presidentin Begaj q\u00eb koordinimi me miqt\u00eb dhe aleat\u00ebt tan\u00eb \u00ebsht\u00eb parakusht p\u00ebr suksesin ton\u00eb kudo e kurdo\u201d, tha ajo.<\/p>\n<p>Osmani tha se Begaj ka qen\u00eb \u201cshum\u00eb aktiv\u201d n\u00eb aren\u00ebn nd\u00ebrkomb\u00ebtare, duke k\u00ebrkuar an\u00ebtar\u00ebsimin e Kosov\u00ebs n\u00eb \u00e7dop organiz\u00ebm nd\u00ebrkomb\u00ebtar.<\/p>\n","protected":false},"excerpt":{"rendered":"<p>Presidentja Vjosa Osmani e ka fal\u00ebnderuar presidentin e Shqip\u00ebris\u00eb, Bajram Begaj, dhe shtetin shqiptar p\u00ebr mb\u00ebshtetjen q\u00eb i ofrojn\u00eb vazhdimisht Kosov\u00ebs. Ajo, n\u00eb nj\u00eb konferenc\u00eb p\u00ebr media, ka deklaruar se kombi shqiptar vazhdon t\u00eb mbetet faktor stabiliteti n\u00eb rajon. \u201cKryefjala e vizit\u00ebs sime \u00ebsht\u00eb bashk\u00ebrendimi p\u00ebr nj\u00eb strategji dhe veprim t\u00eb unifikuar t\u00eb politik\u00ebs s\u00eb [&hellip;]<\/p>\n","protected":false},"author":2,"featured_media":25700,"comment_status":"closed","ping_status":"closed","sticky":false,"template":"","format":"standard","meta":{"_monsterinsights_skip_tracking":false,"_monsterinsights_sitenote_active":false,"_monsterinsights_sitenote_note":"","_monsterinsights_sitenote_category":0,"_uf_show_specific_survey":0,"_uf_disable_surveys":false,"footnotes":""},"categories":[1146,15],"tags":[163],"yoast_head":"<!-- This site is optimized with the Yoast SEO plugin v21.5 - https:\/\/yoast.com\/wordpress\/plugins\/seo\/ -->\n<title>Osmani n\u00eb Tiran\u00eb: Shqip\u00ebria t\u00eb jet\u00eb z\u00ebri i Kosov\u00ebs aty ku nuk ka p\u00ebrfaq\u00ebsim<\/title>\n<meta name=\"robots\" content=\"index, follow, max-snippet:-1, max-image-preview:large, max-video-preview:-1\" \/>\n<link rel=\"canonical\" href=\"https:\/\/permbledhja.com\/sq\/osmani-ne-tirane-shqiperia-te-jete-zeri-i-kosoves-aty-ku-nuk-ka-perfaqesim0\/\" \/>\n<meta property=\"og:locale\" content=\"sq_AL\" \/>\n<meta property=\"og:type\" content=\"article\" \/>\n<meta property=\"og:title\" content=\"Osmani n\u00eb Tiran\u00eb: Shqip\u00ebria t\u00eb jet\u00eb z\u00ebri i Kosov\u00ebs aty ku nuk ka p\u00ebrfaq\u00ebsim\" \/>\n<meta property=\"og:description\" content=\"Presidentja Vjosa Osmani e ka fal\u00ebnderuar presidentin e Shqip\u00ebris\u00eb, Bajram Begaj, dhe shtetin shqiptar p\u00ebr mb\u00ebshtetjen q\u00eb i ofrojn\u00eb vazhdimisht Kosov\u00ebs. Ajo, n\u00eb nj\u00eb konferenc\u00eb p\u00ebr media, ka deklaruar se kombi shqiptar vazhdon t\u00eb mbetet faktor stabiliteti n\u00eb rajon. \u201cKryefjala e vizit\u00ebs sime \u00ebsht\u00eb bashk\u00ebrendimi p\u00ebr nj\u00eb strategji dhe veprim t\u00eb unifikuar t\u00eb politik\u00ebs s\u00eb [&hellip;]\" \/>\n<meta property=\"og:url\" content=\"https:\/\/permbledhja.com\/sq\/osmani-ne-tirane-shqiperia-te-jete-zeri-i-kosoves-aty-ku-nuk-ka-perfaqesim0\/\" \/>\n<meta property=\"og:site_name\" content=\"Ve\u00e7 artikuj p\u00ebrmbledh\u00ebs\" \/>\n<meta property=\"article:publisher\" content=\"https:\/\/www.facebook.com\/press07\/\" \/>\n<meta property=\"article:published_time\" content=\"2023-09-04T10:04:17+00:00\" \/>\n<meta property=\"article:modified_time\" content=\"2023-09-04T10:22:57+00:00\" \/>\n<meta property=\"og:image\" content=\"https:\/\/permbledhja.com\/wp-content\/uploads\/2023\/09\/VJOSA-OSMANI-7.jpg\" \/>\n\t<meta property=\"og:image:width\" content=\"1254\" \/>\n\t<meta property=\"og:image:height\" content=\"676\" \/>\n\t<meta property=\"og:image:type\" content=\"image\/jpeg\" \/>\n<meta name=\"author\" content=\"M M\" \/>\n<meta name=\"twitter:card\" content=\"summary_large_image\" \/>\n<meta name=\"twitter:label1\" content=\"Written by\" \/>\n\t<meta name=\"twitter:data1\" content=\"M M\" \/>\n\t<meta name=\"twitter:label2\" content=\"Est. reading time\" \/>\n\t<meta name=\"twitter:data2\" content=\"1 minut\u00eb\" \/>\n<script type=\"application\/ld+json\" class=\"yoast-schema-graph\">{\"@context\":\"https:\/\/schema.org\",\"@graph\":[{\"@type\":\"Article\",\"@id\":\"https:\/\/permbledhja.com\/sq\/osmani-ne-tirane-shqiperia-te-jete-zeri-i-kosoves-aty-ku-nuk-ka-perfaqesim0\/#article\",\"isPartOf\":{\"@id\":\"https:\/\/permbledhja.com\/sq\/osmani-ne-tirane-shqiperia-te-jete-zeri-i-kosoves-aty-ku-nuk-ka-perfaqesim0\/\"},\"author\":{\"name\":\"M M\",\"@id\":\"https:\/\/permbledhja.com\/#\/schema\/person\/d23f13f59b5722643933d6780783acf3\"},\"headline\":\"Osmani n\u00eb Tiran\u00eb: Shqip\u00ebria t\u00eb jet\u00eb z\u00ebri i Kosov\u00ebs aty ku nuk ka p\u00ebrfaq\u00ebsim\",\"datePublished\":\"2023-09-04T10:04:17+00:00\",\"dateModified\":\"2023-09-04T10:22:57+00:00\",\"mainEntityOfPage\":{\"@id\":\"https:\/\/permbledhja.com\/sq\/osmani-ne-tirane-shqiperia-te-jete-zeri-i-kosoves-aty-ku-nuk-ka-perfaqesim0\/\"},\"wordCount\":315,\"publisher\":{\"@id\":\"https:\/\/permbledhja.com\/#organization\"},\"keywords\":[\"Vjosa Osmani\"],\"articleSection\":[\"Kryesoret\",\"Lajme\"],\"inLanguage\":\"sq\"},{\"@type\":\"WebPage\",\"@id\":\"https:\/\/permbledhja.com\/sq\/osmani-ne-tirane-shqiperia-te-jete-zeri-i-kosoves-aty-ku-nuk-ka-perfaqesim0\/\",\"url\":\"https:\/\/permbledhja.com\/sq\/osmani-ne-tirane-shqiperia-te-jete-zeri-i-kosoves-aty-ku-nuk-ka-perfaqesim0\/\",\"name\":\"Osmani n\u00eb Tiran\u00eb: Shqip\u00ebria t\u00eb jet\u00eb z\u00ebri i Kosov\u00ebs aty ku nuk ka p\u00ebrfaq\u00ebsim\",\"isPartOf\":{\"@id\":\"https:\/\/permbledhja.com\/#website\"},\"datePublished\":\"2023-09-04T10:04:17+00:00\",\"dateModified\":\"2023-09-04T10:22:57+00:00\",\"breadcrumb\":{\"@id\":\"https:\/\/permbledhja.com\/sq\/osmani-ne-tirane-shqiperia-te-jete-zeri-i-kosoves-aty-ku-nuk-ka-perfaqesim0\/#breadcrumb\"},\"inLanguage\":\"sq\",\"potentialAction\":[{\"@type\":\"ReadAction\",\"target\":[\"https:\/\/permbledhja.com\/sq\/osmani-ne-tirane-shqiperia-te-jete-zeri-i-kosoves-aty-ku-nuk-ka-perfaqesim0\/\"]}]},{\"@type\":\"BreadcrumbList\",\"@id\":\"https:\/\/permbledhja.com\/sq\/osmani-ne-tirane-shqiperia-te-jete-zeri-i-kosoves-aty-ku-nuk-ka-perfaqesim0\/#breadcrumb\",\"itemListElement\":[{\"@type\":\"ListItem\",\"position\":1,\"name\":\"Ballina\",\"item\":\"https:\/\/permbledhja.com\/sq\/\"},{\"@type\":\"ListItem\",\"position\":2,\"name\":\"Osmani n\u00eb Tiran\u00eb: Shqip\u00ebria t\u00eb jet\u00eb z\u00ebri i Kosov\u00ebs aty ku nuk ka p\u00ebrfaq\u00ebsim\"}]},{\"@type\":\"WebSite\",\"@id\":\"https:\/\/permbledhja.com\/#website\",\"url\":\"https:\/\/permbledhja.com\/\",\"name\":\"Ve\u00e7 artikuj p\u00ebrmbledh\u00ebs\",\"description\":\"\",\"publisher\":{\"@id\":\"https:\/\/permbledhja.com\/#organization\"},\"potentialAction\":[{\"@type\":\"SearchAction\",\"target\":{\"@type\":\"EntryPoint\",\"urlTemplate\":\"https:\/\/permbledhja.com\/?s={search_term_string}\"},\"query-input\":\"required name=search_term_string\"}],\"inLanguage\":\"sq\"},{\"@type\":\"Organization\",\"@id\":\"https:\/\/permbledhja.com\/#organization\",\"name\":\"MK Media & Pr\",\"url\":\"https:\/\/permbledhja.com\/\",\"logo\":{\"@type\":\"ImageObject\",\"inLanguage\":\"sq\",\"@id\":\"https:\/\/permbledhja.com\/#\/schema\/logo\/image\/\",\"url\":\"https:\/\/permbledhja.com\/wp-content\/uploads\/2021\/12\/07-Press-Logo.jpg\",\"contentUrl\":\"https:\/\/permbledhja.com\/wp-content\/uploads\/2021\/12\/07-Press-Logo.jpg\",\"width\":512,\"height\":512,\"caption\":\"MK Media & Pr\"},\"image\":{\"@id\":\"https:\/\/permbledhja.com\/#\/schema\/logo\/image\/\"},\"sameAs\":[\"https:\/\/www.facebook.com\/press07\/\"]},{\"@type\":\"Person\",\"@id\":\"https:\/\/permbledhja.com\/#\/schema\/person\/d23f13f59b5722643933d6780783acf3\",\"name\":\"M M\",\"image\":{\"@type\":\"ImageObject\",\"inLanguage\":\"sq\",\"@id\":\"https:\/\/permbledhja.com\/#\/schema\/person\/image\/\",\"url\":\"https:\/\/secure.gravatar.com\/avatar\/e2835a76ca7c31a2416b2d51c4ec9a8f?s=96&d=mm&r=g\",\"contentUrl\":\"https:\/\/secure.gravatar.com\/avatar\/e2835a76ca7c31a2416b2d51c4ec9a8f?s=96&d=mm&r=g\",\"caption\":\"M M\"},\"sameAs\":[\"http:\/\/MM\"],\"url\":\"https:\/\/permbledhja.com\/sq\/author\/muhamet\/\"}]}<\/script>\n<!-- \/ Yoast SEO plugin. -->","yoast_head_json":{"title":"Osmani n\u00eb Tiran\u00eb: Shqip\u00ebria t\u00eb jet\u00eb z\u00ebri i Kosov\u00ebs aty ku nuk ka p\u00ebrfaq\u00ebsim","robots":{"index":"index","follow":"follow","max-snippet":"max-snippet:-1","max-image-preview":"max-image-preview:large","max-video-preview":"max-video-preview:-1"},"canonical":"https:\/\/permbledhja.com\/sq\/osmani-ne-tirane-shqiperia-te-jete-zeri-i-kosoves-aty-ku-nuk-ka-perfaqesim0\/","og_locale":"sq_AL","og_type":"article","og_title":"Osmani n\u00eb Tiran\u00eb: Shqip\u00ebria t\u00eb jet\u00eb z\u00ebri i Kosov\u00ebs aty ku nuk ka p\u00ebrfaq\u00ebsim","og_description":"Presidentja Vjosa Osmani e ka fal\u00ebnderuar presidentin e Shqip\u00ebris\u00eb, Bajram Begaj, dhe shtetin shqiptar p\u00ebr mb\u00ebshtetjen q\u00eb i ofrojn\u00eb vazhdimisht Kosov\u00ebs. Ajo, n\u00eb nj\u00eb konferenc\u00eb p\u00ebr media, ka deklaruar se kombi shqiptar vazhdon t\u00eb mbetet faktor stabiliteti n\u00eb rajon. \u201cKryefjala e vizit\u00ebs sime \u00ebsht\u00eb bashk\u00ebrendimi p\u00ebr nj\u00eb strategji dhe veprim t\u00eb unifikuar t\u00eb politik\u00ebs s\u00eb [&hellip;]","og_url":"https:\/\/permbledhja.com\/sq\/osmani-ne-tirane-shqiperia-te-jete-zeri-i-kosoves-aty-ku-nuk-ka-perfaqesim0\/","og_site_name":"Ve\u00e7 artikuj p\u00ebrmbledh\u00ebs","article_publisher":"https:\/\/www.facebook.com\/press07\/","article_published_time":"2023-09-04T10:04:17+00:00","article_modified_time":"2023-09-04T10:22:57+00:00","og_image":[{"width":1254,"height":676,"url":"https:\/\/permbledhja.com\/wp-content\/uploads\/2023\/09\/VJOSA-OSMANI-7.jpg","type":"image\/jpeg"}],"author":"M M","twitter_card":"summary_large_image","twitter_misc":{"Written by":"M M","Est. reading time":"1 minut\u00eb"},"schema":{"@context":"https:\/\/schema.org","@graph":[{"@type":"Article","@id":"https:\/\/permbledhja.com\/sq\/osmani-ne-tirane-shqiperia-te-jete-zeri-i-kosoves-aty-ku-nuk-ka-perfaqesim0\/#article","isPartOf":{"@id":"https:\/\/permbledhja.com\/sq\/osmani-ne-tirane-shqiperia-te-jete-zeri-i-kosoves-aty-ku-nuk-ka-perfaqesim0\/"},"author":{"name":"M M","@id":"https:\/\/permbledhja.com\/#\/schema\/person\/d23f13f59b5722643933d6780783acf3"},"headline":"Osmani n\u00eb Tiran\u00eb: Shqip\u00ebria t\u00eb jet\u00eb z\u00ebri i Kosov\u00ebs aty ku nuk ka p\u00ebrfaq\u00ebsim","datePublished":"2023-09-04T10:04:17+00:00","dateModified":"2023-09-04T10:22:57+00:00","mainEntityOfPage":{"@id":"https:\/\/permbledhja.com\/sq\/osmani-ne-tirane-shqiperia-te-jete-zeri-i-kosoves-aty-ku-nuk-ka-perfaqesim0\/"},"wordCount":315,"publisher":{"@id":"https:\/\/permbledhja.com\/#organization"},"keywords":["Vjosa Osmani"],"articleSection":["Kryesoret","Lajme"],"inLanguage":"sq"},{"@type":"WebPage","@id":"https:\/\/permbledhja.com\/sq\/osmani-ne-tirane-shqiperia-te-jete-zeri-i-kosoves-aty-ku-nuk-ka-perfaqesim0\/","url":"https:\/\/permbledhja.com\/sq\/osmani-ne-tirane-shqiperia-te-jete-zeri-i-kosoves-aty-ku-nuk-ka-perfaqesim0\/","name":"Osmani n\u00eb Tiran\u00eb: Shqip\u00ebria t\u00eb jet\u00eb z\u00ebri i Kosov\u00ebs aty ku nuk ka p\u00ebrfaq\u00ebsim","isPartOf":{"@id":"https:\/\/permbledhja.com\/#website"},"datePublished":"2023-09-04T10:04:17+00:00","dateModified":"2023-09-04T10:22:57+00:00","breadcrumb":{"@id":"https:\/\/permbledhja.com\/sq\/osmani-ne-tirane-shqiperia-te-jete-zeri-i-kosoves-aty-ku-nuk-ka-perfaqesim0\/#breadcrumb"},"inLanguage":"sq","potentialAction":[{"@type":"ReadAction","target":["https:\/\/permbledhja.com\/sq\/osmani-ne-tirane-shqiperia-te-jete-zeri-i-kosoves-aty-ku-nuk-ka-perfaqesim0\/"]}]},{"@type":"BreadcrumbList","@id":"https:\/\/permbledhja.com\/sq\/osmani-ne-tirane-shqiperia-te-jete-zeri-i-kosoves-aty-ku-nuk-ka-perfaqesim0\/#breadcrumb","itemListElement":[{"@type":"ListItem","position":1,"name":"Ballina","item":"https:\/\/permbledhja.com\/sq\/"},{"@type":"ListItem","position":2,"name":"Osmani n\u00eb Tiran\u00eb: Shqip\u00ebria t\u00eb jet\u00eb z\u00ebri i Kosov\u00ebs aty ku nuk ka p\u00ebrfaq\u00ebsim"}]},{"@type":"WebSite","@id":"https:\/\/permbledhja.com\/#website","url":"https:\/\/permbledhja.com\/","name":"Ve\u00e7 artikuj p\u00ebrmbledh\u00ebs","description":"","publisher":{"@id":"https:\/\/permbledhja.com\/#organization"},"potentialAction":[{"@type":"SearchAction","target":{"@type":"EntryPoint","urlTemplate":"https:\/\/permbledhja.com\/?s={search_term_string}"},"query-input":"required name=search_term_string"}],"inLanguage":"sq"},{"@type":"Organization","@id":"https:\/\/permbledhja.com\/#organization","name":"MK Media & Pr","url":"https:\/\/permbledhja.com\/","logo":{"@type":"ImageObject","inLanguage":"sq","@id":"https:\/\/permbledhja.com\/#\/schema\/logo\/image\/","url":"https:\/\/permbledhja.com\/wp-content\/uploads\/2021\/12\/07-Press-Logo.jpg","contentUrl":"https:\/\/permbledhja.com\/wp-content\/uploads\/2021\/12\/07-Press-Logo.jpg","width":512,"height":512,"caption":"MK Media & Pr"},"image":{"@id":"https:\/\/permbledhja.com\/#\/schema\/logo\/image\/"},"sameAs":["https:\/\/www.facebook.com\/press07\/"]},{"@type":"Person","@id":"https:\/\/permbledhja.com\/#\/schema\/person\/d23f13f59b5722643933d6780783acf3","name":"M M","image":{"@type":"ImageObject","inLanguage":"sq","@id":"https:\/\/permbledhja.com\/#\/schema\/person\/image\/","url":"https:\/\/secure.gravatar.com\/avatar\/e2835a76ca7c31a2416b2d51c4ec9a8f?s=96&d=mm&r=g","contentUrl":"https:\/\/secure.gravatar.com\/avatar\/e2835a76ca7c31a2416b2d51c4ec9a8f?s=96&d=mm&r=g","caption":"M M"},"sameAs":["http:\/\/MM"],"url":"https:\/\/permbledhja.com\/sq\/author\/muhamet\/"}]}},"_links":{"self":[{"href":"https:\/\/permbledhja.com\/sq\/wp-json\/wp\/v2\/posts\/25699"}],"collection":[{"href":"https:\/\/permbledhja.com\/sq\/wp-json\/wp\/v2\/posts"}],"about":[{"href":"https:\/\/permbledhja.com\/sq\/wp-json\/wp\/v2\/types\/post"}],"author":[{"embeddable":true,"href":"https:\/\/permbledhja.com\/sq\/wp-json\/wp\/v2\/users\/2"}],"replies":[{"embeddable":true,"href":"https:\/\/permbledhja.com\/sq\/wp-json\/wp\/v2\/comments?post=25699"}],"version-history":[{"count":4,"href":"https:\/\/permbledhja.com\/sq\/wp-json\/wp\/v2\/posts\/25699\/revisions"}],"predecessor-version":[{"id":25707,"href":"https:\/\/permbledhja.com\/sq\/wp-json\/wp\/v2\/posts\/25699\/revisions\/25707"}],"wp:featuredmedia":[{"embeddable":true,"href":"https:\/\/permbledhja.com\/sq\/wp-json\/wp\/v2\/media\/25700"}],"wp:attachment":[{"href":"https:\/\/permbledhja.com\/sq\/wp-json\/wp\/v2\/media?parent=25699"}],"wp:term":[{"taxonomy":"category","embeddable":true,"href":"https:\/\/permbledhja.com\/sq\/wp-json\/wp\/v2\/categories?post=25699"},{"taxonomy":"post_tag","embeddable":true,"href":"https:\/\/permbledhja.com\/sq\/wp-json\/wp\/v2\/tags?post=25699"}],"curies":[{"name":"wp","href":"https:\/\/api.w.org\/{rel}","templated":true}]}}