{"id":25691,"date":"2023-09-04T09:33:03","date_gmt":"2023-09-04T09:33:03","guid":{"rendered":"https:\/\/permbledhja.com\/?p=25691"},"modified":"2023-09-04T09:34:08","modified_gmt":"2023-09-04T09:34:08","slug":"kfor-me-ushtrime-stervitore-do-te-shtoje-trupat-ne-dy-zona-perfshire-manastirin-e-decanit0","status":"publish","type":"post","link":"https:\/\/permbledhja.com\/sq\/kfor-me-ushtrime-stervitore-do-te-shtoje-trupat-ne-dy-zona-perfshire-manastirin-e-decanit0\/","title":{"rendered":"KFOR me ushtrime st\u00ebrvitore, do t\u00eb shtoj\u00eb trupat n\u00eb dy zona, p\u00ebrfshir\u00eb Manastirin e De\u00e7anit"},"content":{"rendered":"<p><strong>Misioni i NATO-s n\u00eb Kosov\u00eb, KFOR-i ka njoftuar se nga data 5 deri m\u00eb 7 shtator, do t\u00eb zhvilloj\u00eb nj\u00eb st\u00ebrvitje ushtarake n\u00eb Kosov\u00ebn per\u00ebndimore.<\/strong><\/p>\n<p>Sipas njoftimit, p\u00ebr shkak t\u00eb ushtrimeve ushtarake, ushtar\u00ebt dhe automjetet e KFOR-it gjat\u00eb k\u00ebsaj periudhe do t\u00eb vendosen n\u00eb af\u00ebrsi t\u00eb Krushev\u00ebs dhe Manastirit t\u00eb De\u00e7anit.<\/p>\n<p>\u201cMisioni i KFOR-it i udh\u00ebhequr nga NATO do t\u00eb zhvilloj\u00eb nj\u00eb st\u00ebrvitje rutin\u00eb ushtarake n\u00eb Kosov\u00ebn per\u00ebndimore nga data 5 deri m\u00eb 7 shtator 2023. Aktiviteti st\u00ebrvitor do t\u00eb kryhet nga Komanda Rajonale-Kontingjentet Shum\u00ebkomb\u00ebshe Per\u00ebndimore dhe do t\u00eb fokusohet n\u00eb procedurat dhe p\u00ebrgatitjen e gatishm\u00ebris\u00eb operacionale t\u00eb nj\u00ebsis\u00eb. Ushtar\u00ebt dhe automjetet e KFOR-it gjat\u00eb k\u00ebsaj periudhe do t\u00eb vendosen n\u00eb af\u00ebrsi t\u00eb Krushev\u00ebs dhe Manastirit t\u00eb De\u00e7anit\u201d, thuhet n\u00eb njoftim.<\/p>\n<p>Aty jepen edhe detaje tjera.<\/p>\n<p>\u201cAktivitetet st\u00ebrvitore do t\u00eb p\u00ebrfshijn\u00eb l\u00ebvizje si dit\u00ebn ashtu edhe nat\u00ebn n\u00eb terren. Do t\u00eb ket\u00eb gjithashtu autokolona mjetesh ushtarake t\u00eb p\u00ebrb\u00ebra nga pajisje t\u00eb r\u00ebnda inxhinierike q\u00eb do t\u00eb udh\u00ebtojn\u00eb n\u00eb rrug\u00ebt kryesore dhe dyt\u00ebsore brenda zon\u00ebs. KFOR-i i kryen k\u00ebto ushtrime rutin\u00eb p\u00ebr q\u00ebllime provash dhe trajnimi p\u00ebr t\u00eb ofruar reagim n\u00eb koh\u00eb dhe t\u00eb sigurt sa her\u00eb q\u00eb k\u00ebrkohet. KFOR-i k\u00ebrkon t\u00eb siguroj\u00eb ndikim minimal n\u00eb popullat\u00ebn civile gjat\u00eb gjith\u00eb koh\u00ebs gjat\u00eb st\u00ebrvitjes dhe k\u00ebrkon bashk\u00ebpunimin e komuniteteve lokale gjat\u00eb k\u00ebtij aktiviteti\u201d, vijon njoftimi.<\/p>\n","protected":false},"excerpt":{"rendered":"<p>Misioni i NATO-s n\u00eb Kosov\u00eb, KFOR-i ka njoftuar se nga data 5 deri m\u00eb 7 shtator, do t\u00eb zhvilloj\u00eb nj\u00eb st\u00ebrvitje ushtarake n\u00eb Kosov\u00ebn per\u00ebndimore. Sipas njoftimit, p\u00ebr shkak t\u00eb ushtrimeve ushtarake, ushtar\u00ebt dhe automjetet e KFOR-it gjat\u00eb k\u00ebsaj periudhe do t\u00eb vendosen n\u00eb af\u00ebrsi t\u00eb Krushev\u00ebs dhe Manastirit t\u00eb De\u00e7anit. \u201cMisioni i KFOR-it i [&hellip;]<\/p>\n","protected":false},"author":2,"featured_media":25694,"comment_status":"closed","ping_status":"closed","sticky":false,"template":"","format":"standard","meta":{"_monsterinsights_skip_tracking":false,"_monsterinsights_sitenote_active":false,"_monsterinsights_sitenote_note":"","_monsterinsights_sitenote_category":0,"_uf_show_specific_survey":0,"_uf_disable_surveys":false,"footnotes":""},"categories":[23,15],"tags":[517],"yoast_head":"<!-- This site is optimized with the Yoast SEO plugin v21.5 - https:\/\/yoast.com\/wordpress\/plugins\/seo\/ -->\n<title>KFOR me ushtrime st\u00ebrvitore, do t\u00eb shtoj\u00eb trupat n\u00eb dy zona, p\u00ebrfshir\u00eb Manastirin e De\u00e7anit<\/title>\n<meta name=\"robots\" content=\"index, follow, max-snippet:-1, max-image-preview:large, max-video-preview:-1\" \/>\n<link rel=\"canonical\" href=\"https:\/\/permbledhja.com\/sq\/kfor-me-ushtrime-stervitore-do-te-shtoje-trupat-ne-dy-zona-perfshire-manastirin-e-decanit0\/\" \/>\n<meta property=\"og:locale\" content=\"sq_AL\" \/>\n<meta property=\"og:type\" content=\"article\" \/>\n<meta property=\"og:title\" content=\"KFOR me ushtrime st\u00ebrvitore, do t\u00eb shtoj\u00eb trupat n\u00eb dy zona, p\u00ebrfshir\u00eb Manastirin e De\u00e7anit\" \/>\n<meta property=\"og:description\" content=\"Misioni i NATO-s n\u00eb Kosov\u00eb, KFOR-i ka njoftuar se nga data 5 deri m\u00eb 7 shtator, do t\u00eb zhvilloj\u00eb nj\u00eb st\u00ebrvitje ushtarake n\u00eb Kosov\u00ebn per\u00ebndimore. Sipas njoftimit, p\u00ebr shkak t\u00eb ushtrimeve ushtarake, ushtar\u00ebt dhe automjetet e KFOR-it gjat\u00eb k\u00ebsaj periudhe do t\u00eb vendosen n\u00eb af\u00ebrsi t\u00eb Krushev\u00ebs dhe Manastirit t\u00eb De\u00e7anit. \u201cMisioni i KFOR-it i [&hellip;]\" \/>\n<meta property=\"og:url\" content=\"https:\/\/permbledhja.com\/sq\/kfor-me-ushtrime-stervitore-do-te-shtoje-trupat-ne-dy-zona-perfshire-manastirin-e-decanit0\/\" \/>\n<meta property=\"og:site_name\" content=\"Ve\u00e7 artikuj p\u00ebrmbledh\u00ebs\" \/>\n<meta property=\"article:publisher\" content=\"https:\/\/www.facebook.com\/press07\/\" \/>\n<meta property=\"article:published_time\" content=\"2023-09-04T09:33:03+00:00\" \/>\n<meta property=\"article:modified_time\" content=\"2023-09-04T09:34:08+00:00\" \/>\n<meta property=\"og:image\" content=\"https:\/\/permbledhja.com\/wp-content\/uploads\/2023\/09\/KFOR-2-1.webp\" \/>\n\t<meta property=\"og:image:width\" content=\"1424\" \/>\n\t<meta property=\"og:image:height\" content=\"745\" \/>\n\t<meta property=\"og:image:type\" content=\"image\/webp\" \/>\n<meta name=\"author\" content=\"M M\" \/>\n<meta name=\"twitter:card\" content=\"summary_large_image\" \/>\n<meta name=\"twitter:label1\" content=\"Written by\" \/>\n\t<meta name=\"twitter:data1\" content=\"M M\" \/>\n\t<meta name=\"twitter:label2\" content=\"Est. reading time\" \/>\n\t<meta name=\"twitter:data2\" content=\"1 minut\u00eb\" \/>\n<script type=\"application\/ld+json\" class=\"yoast-schema-graph\">{\"@context\":\"https:\/\/schema.org\",\"@graph\":[{\"@type\":\"Article\",\"@id\":\"https:\/\/permbledhja.com\/kfor-me-ushtrime-stervitore-do-te-shtoje-trupat-ne-dy-zona-perfshire-manastirin-e-decanit0\/#article\",\"isPartOf\":{\"@id\":\"https:\/\/permbledhja.com\/kfor-me-ushtrime-stervitore-do-te-shtoje-trupat-ne-dy-zona-perfshire-manastirin-e-decanit0\/\"},\"author\":{\"name\":\"M M\",\"@id\":\"https:\/\/permbledhja.com\/#\/schema\/person\/d23f13f59b5722643933d6780783acf3\"},\"headline\":\"KFOR me ushtrime st\u00ebrvitore, do t\u00eb shtoj\u00eb trupat n\u00eb dy zona, p\u00ebrfshir\u00eb Manastirin e De\u00e7anit\",\"datePublished\":\"2023-09-04T09:33:03+00:00\",\"dateModified\":\"2023-09-04T09:34:08+00:00\",\"mainEntityOfPage\":{\"@id\":\"https:\/\/permbledhja.com\/kfor-me-ushtrime-stervitore-do-te-shtoje-trupat-ne-dy-zona-perfshire-manastirin-e-decanit0\/\"},\"wordCount\":275,\"publisher\":{\"@id\":\"https:\/\/permbledhja.com\/#organization\"},\"keywords\":[\"KFOR\"],\"articleSection\":[\"Komb\u00ebtare\",\"Lajme\"],\"inLanguage\":\"sq\"},{\"@type\":\"WebPage\",\"@id\":\"https:\/\/permbledhja.com\/kfor-me-ushtrime-stervitore-do-te-shtoje-trupat-ne-dy-zona-perfshire-manastirin-e-decanit0\/\",\"url\":\"https:\/\/permbledhja.com\/kfor-me-ushtrime-stervitore-do-te-shtoje-trupat-ne-dy-zona-perfshire-manastirin-e-decanit0\/\",\"name\":\"KFOR me ushtrime st\u00ebrvitore, do t\u00eb shtoj\u00eb trupat n\u00eb dy zona, p\u00ebrfshir\u00eb Manastirin e De\u00e7anit\",\"isPartOf\":{\"@id\":\"https:\/\/permbledhja.com\/#website\"},\"datePublished\":\"2023-09-04T09:33:03+00:00\",\"dateModified\":\"2023-09-04T09:34:08+00:00\",\"breadcrumb\":{\"@id\":\"https:\/\/permbledhja.com\/kfor-me-ushtrime-stervitore-do-te-shtoje-trupat-ne-dy-zona-perfshire-manastirin-e-decanit0\/#breadcrumb\"},\"inLanguage\":\"sq\",\"potentialAction\":[{\"@type\":\"ReadAction\",\"target\":[\"https:\/\/permbledhja.com\/kfor-me-ushtrime-stervitore-do-te-shtoje-trupat-ne-dy-zona-perfshire-manastirin-e-decanit0\/\"]}]},{\"@type\":\"BreadcrumbList\",\"@id\":\"https:\/\/permbledhja.com\/kfor-me-ushtrime-stervitore-do-te-shtoje-trupat-ne-dy-zona-perfshire-manastirin-e-decanit0\/#breadcrumb\",\"itemListElement\":[{\"@type\":\"ListItem\",\"position\":1,\"name\":\"Ballina\",\"item\":\"https:\/\/permbledhja.com\/sq\/\"},{\"@type\":\"ListItem\",\"position\":2,\"name\":\"KFOR me ushtrime st\u00ebrvitore, do t\u00eb shtoj\u00eb trupat n\u00eb dy zona, p\u00ebrfshir\u00eb Manastirin e De\u00e7anit\"}]},{\"@type\":\"WebSite\",\"@id\":\"https:\/\/permbledhja.com\/#website\",\"url\":\"https:\/\/permbledhja.com\/\",\"name\":\"Ve\u00e7 artikuj p\u00ebrmbledh\u00ebs\",\"description\":\"\",\"publisher\":{\"@id\":\"https:\/\/permbledhja.com\/#organization\"},\"potentialAction\":[{\"@type\":\"SearchAction\",\"target\":{\"@type\":\"EntryPoint\",\"urlTemplate\":\"https:\/\/permbledhja.com\/?s={search_term_string}\"},\"query-input\":\"required name=search_term_string\"}],\"inLanguage\":\"sq\"},{\"@type\":\"Organization\",\"@id\":\"https:\/\/permbledhja.com\/#organization\",\"name\":\"MK Media & Pr\",\"url\":\"https:\/\/permbledhja.com\/\",\"logo\":{\"@type\":\"ImageObject\",\"inLanguage\":\"sq\",\"@id\":\"https:\/\/permbledhja.com\/#\/schema\/logo\/image\/\",\"url\":\"https:\/\/permbledhja.com\/wp-content\/uploads\/2021\/12\/07-Press-Logo.jpg\",\"contentUrl\":\"https:\/\/permbledhja.com\/wp-content\/uploads\/2021\/12\/07-Press-Logo.jpg\",\"width\":512,\"height\":512,\"caption\":\"MK Media & Pr\"},\"image\":{\"@id\":\"https:\/\/permbledhja.com\/#\/schema\/logo\/image\/\"},\"sameAs\":[\"https:\/\/www.facebook.com\/press07\/\"]},{\"@type\":\"Person\",\"@id\":\"https:\/\/permbledhja.com\/#\/schema\/person\/d23f13f59b5722643933d6780783acf3\",\"name\":\"M M\",\"image\":{\"@type\":\"ImageObject\",\"inLanguage\":\"sq\",\"@id\":\"https:\/\/permbledhja.com\/#\/schema\/person\/image\/\",\"url\":\"https:\/\/secure.gravatar.com\/avatar\/e2835a76ca7c31a2416b2d51c4ec9a8f?s=96&d=mm&r=g\",\"contentUrl\":\"https:\/\/secure.gravatar.com\/avatar\/e2835a76ca7c31a2416b2d51c4ec9a8f?s=96&d=mm&r=g\",\"caption\":\"M M\"},\"sameAs\":[\"http:\/\/MM\"],\"url\":\"https:\/\/permbledhja.com\/sq\/author\/muhamet\/\"}]}<\/script>\n<!-- \/ Yoast SEO plugin. -->","yoast_head_json":{"title":"KFOR me ushtrime st\u00ebrvitore, do t\u00eb shtoj\u00eb trupat n\u00eb dy zona, p\u00ebrfshir\u00eb Manastirin e De\u00e7anit","robots":{"index":"index","follow":"follow","max-snippet":"max-snippet:-1","max-image-preview":"max-image-preview:large","max-video-preview":"max-video-preview:-1"},"canonical":"https:\/\/permbledhja.com\/sq\/kfor-me-ushtrime-stervitore-do-te-shtoje-trupat-ne-dy-zona-perfshire-manastirin-e-decanit0\/","og_locale":"sq_AL","og_type":"article","og_title":"KFOR me ushtrime st\u00ebrvitore, do t\u00eb shtoj\u00eb trupat n\u00eb dy zona, p\u00ebrfshir\u00eb Manastirin e De\u00e7anit","og_description":"Misioni i NATO-s n\u00eb Kosov\u00eb, KFOR-i ka njoftuar se nga data 5 deri m\u00eb 7 shtator, do t\u00eb zhvilloj\u00eb nj\u00eb st\u00ebrvitje ushtarake n\u00eb Kosov\u00ebn per\u00ebndimore. Sipas njoftimit, p\u00ebr shkak t\u00eb ushtrimeve ushtarake, ushtar\u00ebt dhe automjetet e KFOR-it gjat\u00eb k\u00ebsaj periudhe do t\u00eb vendosen n\u00eb af\u00ebrsi t\u00eb Krushev\u00ebs dhe Manastirit t\u00eb De\u00e7anit. \u201cMisioni i KFOR-it i [&hellip;]","og_url":"https:\/\/permbledhja.com\/sq\/kfor-me-ushtrime-stervitore-do-te-shtoje-trupat-ne-dy-zona-perfshire-manastirin-e-decanit0\/","og_site_name":"Ve\u00e7 artikuj p\u00ebrmbledh\u00ebs","article_publisher":"https:\/\/www.facebook.com\/press07\/","article_published_time":"2023-09-04T09:33:03+00:00","article_modified_time":"2023-09-04T09:34:08+00:00","og_image":[{"width":1424,"height":745,"url":"https:\/\/permbledhja.com\/wp-content\/uploads\/2023\/09\/KFOR-2-1.webp","type":"image\/webp"}],"author":"M M","twitter_card":"summary_large_image","twitter_misc":{"Written by":"M M","Est. reading time":"1 minut\u00eb"},"schema":{"@context":"https:\/\/schema.org","@graph":[{"@type":"Article","@id":"https:\/\/permbledhja.com\/kfor-me-ushtrime-stervitore-do-te-shtoje-trupat-ne-dy-zona-perfshire-manastirin-e-decanit0\/#article","isPartOf":{"@id":"https:\/\/permbledhja.com\/kfor-me-ushtrime-stervitore-do-te-shtoje-trupat-ne-dy-zona-perfshire-manastirin-e-decanit0\/"},"author":{"name":"M M","@id":"https:\/\/permbledhja.com\/#\/schema\/person\/d23f13f59b5722643933d6780783acf3"},"headline":"KFOR me ushtrime st\u00ebrvitore, do t\u00eb shtoj\u00eb trupat n\u00eb dy zona, p\u00ebrfshir\u00eb Manastirin e De\u00e7anit","datePublished":"2023-09-04T09:33:03+00:00","dateModified":"2023-09-04T09:34:08+00:00","mainEntityOfPage":{"@id":"https:\/\/permbledhja.com\/kfor-me-ushtrime-stervitore-do-te-shtoje-trupat-ne-dy-zona-perfshire-manastirin-e-decanit0\/"},"wordCount":275,"publisher":{"@id":"https:\/\/permbledhja.com\/#organization"},"keywords":["KFOR"],"articleSection":["Komb\u00ebtare","Lajme"],"inLanguage":"sq"},{"@type":"WebPage","@id":"https:\/\/permbledhja.com\/kfor-me-ushtrime-stervitore-do-te-shtoje-trupat-ne-dy-zona-perfshire-manastirin-e-decanit0\/","url":"https:\/\/permbledhja.com\/kfor-me-ushtrime-stervitore-do-te-shtoje-trupat-ne-dy-zona-perfshire-manastirin-e-decanit0\/","name":"KFOR me ushtrime st\u00ebrvitore, do t\u00eb shtoj\u00eb trupat n\u00eb dy zona, p\u00ebrfshir\u00eb Manastirin e De\u00e7anit","isPartOf":{"@id":"https:\/\/permbledhja.com\/#website"},"datePublished":"2023-09-04T09:33:03+00:00","dateModified":"2023-09-04T09:34:08+00:00","breadcrumb":{"@id":"https:\/\/permbledhja.com\/kfor-me-ushtrime-stervitore-do-te-shtoje-trupat-ne-dy-zona-perfshire-manastirin-e-decanit0\/#breadcrumb"},"inLanguage":"sq","potentialAction":[{"@type":"ReadAction","target":["https:\/\/permbledhja.com\/kfor-me-ushtrime-stervitore-do-te-shtoje-trupat-ne-dy-zona-perfshire-manastirin-e-decanit0\/"]}]},{"@type":"BreadcrumbList","@id":"https:\/\/permbledhja.com\/kfor-me-ushtrime-stervitore-do-te-shtoje-trupat-ne-dy-zona-perfshire-manastirin-e-decanit0\/#breadcrumb","itemListElement":[{"@type":"ListItem","position":1,"name":"Ballina","item":"https:\/\/permbledhja.com\/sq\/"},{"@type":"ListItem","position":2,"name":"KFOR me ushtrime st\u00ebrvitore, do t\u00eb shtoj\u00eb trupat n\u00eb dy zona, p\u00ebrfshir\u00eb Manastirin e De\u00e7anit"}]},{"@type":"WebSite","@id":"https:\/\/permbledhja.com\/#website","url":"https:\/\/permbledhja.com\/","name":"Ve\u00e7 artikuj p\u00ebrmbledh\u00ebs","description":"","publisher":{"@id":"https:\/\/permbledhja.com\/#organization"},"potentialAction":[{"@type":"SearchAction","target":{"@type":"EntryPoint","urlTemplate":"https:\/\/permbledhja.com\/?s={search_term_string}"},"query-input":"required name=search_term_string"}],"inLanguage":"sq"},{"@type":"Organization","@id":"https:\/\/permbledhja.com\/#organization","name":"MK Media & Pr","url":"https:\/\/permbledhja.com\/","logo":{"@type":"ImageObject","inLanguage":"sq","@id":"https:\/\/permbledhja.com\/#\/schema\/logo\/image\/","url":"https:\/\/permbledhja.com\/wp-content\/uploads\/2021\/12\/07-Press-Logo.jpg","contentUrl":"https:\/\/permbledhja.com\/wp-content\/uploads\/2021\/12\/07-Press-Logo.jpg","width":512,"height":512,"caption":"MK Media & Pr"},"image":{"@id":"https:\/\/permbledhja.com\/#\/schema\/logo\/image\/"},"sameAs":["https:\/\/www.facebook.com\/press07\/"]},{"@type":"Person","@id":"https:\/\/permbledhja.com\/#\/schema\/person\/d23f13f59b5722643933d6780783acf3","name":"M M","image":{"@type":"ImageObject","inLanguage":"sq","@id":"https:\/\/permbledhja.com\/#\/schema\/person\/image\/","url":"https:\/\/secure.gravatar.com\/avatar\/e2835a76ca7c31a2416b2d51c4ec9a8f?s=96&d=mm&r=g","contentUrl":"https:\/\/secure.gravatar.com\/avatar\/e2835a76ca7c31a2416b2d51c4ec9a8f?s=96&d=mm&r=g","caption":"M M"},"sameAs":["http:\/\/MM"],"url":"https:\/\/permbledhja.com\/sq\/author\/muhamet\/"}]}},"_links":{"self":[{"href":"https:\/\/permbledhja.com\/sq\/wp-json\/wp\/v2\/posts\/25691"}],"collection":[{"href":"https:\/\/permbledhja.com\/sq\/wp-json\/wp\/v2\/posts"}],"about":[{"href":"https:\/\/permbledhja.com\/sq\/wp-json\/wp\/v2\/types\/post"}],"author":[{"embeddable":true,"href":"https:\/\/permbledhja.com\/sq\/wp-json\/wp\/v2\/users\/2"}],"replies":[{"embeddable":true,"href":"https:\/\/permbledhja.com\/sq\/wp-json\/wp\/v2\/comments?post=25691"}],"version-history":[{"count":1,"href":"https:\/\/permbledhja.com\/sq\/wp-json\/wp\/v2\/posts\/25691\/revisions"}],"predecessor-version":[{"id":25693,"href":"https:\/\/permbledhja.com\/sq\/wp-json\/wp\/v2\/posts\/25691\/revisions\/25693"}],"wp:featuredmedia":[{"embeddable":true,"href":"https:\/\/permbledhja.com\/sq\/wp-json\/wp\/v2\/media\/25694"}],"wp:attachment":[{"href":"https:\/\/permbledhja.com\/sq\/wp-json\/wp\/v2\/media?parent=25691"}],"wp:term":[{"taxonomy":"category","embeddable":true,"href":"https:\/\/permbledhja.com\/sq\/wp-json\/wp\/v2\/categories?post=25691"},{"taxonomy":"post_tag","embeddable":true,"href":"https:\/\/permbledhja.com\/sq\/wp-json\/wp\/v2\/tags?post=25691"}],"curies":[{"name":"wp","href":"https:\/\/api.w.org\/{rel}","templated":true}]}}