{"id":25667,"date":"2023-09-04T07:55:47","date_gmt":"2023-09-04T07:55:47","guid":{"rendered":"https:\/\/permbledhja.com\/?p=25667"},"modified":"2023-09-04T07:55:47","modified_gmt":"2023-09-04T07:55:47","slug":"dyshohet-se-tre-persona-kane-kaluar-ilegalisht-kufirin-nga-serbia-ne-kosove","status":"publish","type":"post","link":"https:\/\/permbledhja.com\/sq\/dyshohet-se-tre-persona-kane-kaluar-ilegalisht-kufirin-nga-serbia-ne-kosove\/","title":{"rendered":"Dyshohet se tre persona kan\u00eb kaluar ilegalisht kufirin nga Serbia n\u00eb Kosov\u00eb"},"content":{"rendered":"<h3>N\u00eb Leposaviq \u00ebsht\u00eb ndaluar vetura m\u00eb targa t\u00eb Serbis\u00eb, n\u00eb t\u00eb cilin ishin tre persona q\u00eb dyshohet se kishin kaluar kufirin ilegalisht nga Serbia n\u00eb Kosov\u00eb.<\/h3>\n<p>Policia b\u00ebn t\u00eb ditur se me vendim t\u00eb prokurorit, rasti procedohet n\u00eb procedur\u00eb t\u00eb rregullt hetimore.<ins><\/ins><\/p>\n<p>\u201c\u00cbsht\u00eb ndaluar vetura me targa t\u00eb serbis\u00eb, ne te cil\u00ebn ishin tre persona te cil\u00ebt dyshohet se kishin kaluar kufirin ilegalisht nga serbia p\u00ebr n\u00eb Republik\u00ebn e Kosov\u00ebs. Me vendim t\u00eb prokurorit t\u00eb dyshuarit rasti procedohet n\u00eb procedur\u00eb t\u00eb rregullt hetimore\u201d, thuhet n\u00eb raportin e policis\u00eb.<\/p>\n","protected":false},"excerpt":{"rendered":"<p>N\u00eb Leposaviq \u00ebsht\u00eb ndaluar vetura m\u00eb targa t\u00eb Serbis\u00eb, n\u00eb t\u00eb cilin ishin tre persona q\u00eb dyshohet se kishin kaluar kufirin ilegalisht nga Serbia n\u00eb Kosov\u00eb. Policia b\u00ebn t\u00eb ditur se me vendim t\u00eb prokurorit, rasti procedohet n\u00eb procedur\u00eb t\u00eb rregullt hetimore. \u201c\u00cbsht\u00eb ndaluar vetura me targa t\u00eb serbis\u00eb, ne te cil\u00ebn ishin tre persona [&hellip;]<\/p>\n","protected":false},"author":2,"featured_media":25668,"comment_status":"closed","ping_status":"closed","sticky":false,"template":"","format":"standard","meta":{"_monsterinsights_skip_tracking":false,"_monsterinsights_sitenote_active":false,"_monsterinsights_sitenote_note":"","_monsterinsights_sitenote_category":0,"_uf_show_specific_survey":0,"_uf_disable_surveys":false,"footnotes":""},"categories":[15],"tags":[],"yoast_head":"<!-- This site is optimized with the Yoast SEO plugin v21.5 - https:\/\/yoast.com\/wordpress\/plugins\/seo\/ -->\n<title>Dyshohet se tre persona kan\u00eb kaluar ilegalisht kufirin nga Serbia n\u00eb Kosov\u00eb<\/title>\n<meta name=\"robots\" content=\"index, follow, max-snippet:-1, max-image-preview:large, max-video-preview:-1\" \/>\n<link rel=\"canonical\" href=\"https:\/\/permbledhja.com\/sq\/dyshohet-se-tre-persona-kane-kaluar-ilegalisht-kufirin-nga-serbia-ne-kosove\/\" \/>\n<meta property=\"og:locale\" content=\"sq_AL\" \/>\n<meta property=\"og:type\" content=\"article\" \/>\n<meta property=\"og:title\" content=\"Dyshohet se tre persona kan\u00eb kaluar ilegalisht kufirin nga Serbia n\u00eb Kosov\u00eb\" \/>\n<meta property=\"og:description\" content=\"N\u00eb Leposaviq \u00ebsht\u00eb ndaluar vetura m\u00eb targa t\u00eb Serbis\u00eb, n\u00eb t\u00eb cilin ishin tre persona q\u00eb dyshohet se kishin kaluar kufirin ilegalisht nga Serbia n\u00eb Kosov\u00eb. Policia b\u00ebn t\u00eb ditur se me vendim t\u00eb prokurorit, rasti procedohet n\u00eb procedur\u00eb t\u00eb rregullt hetimore. \u201c\u00cbsht\u00eb ndaluar vetura me targa t\u00eb serbis\u00eb, ne te cil\u00ebn ishin tre persona [&hellip;]\" \/>\n<meta property=\"og:url\" content=\"https:\/\/permbledhja.com\/sq\/dyshohet-se-tre-persona-kane-kaluar-ilegalisht-kufirin-nga-serbia-ne-kosove\/\" \/>\n<meta property=\"og:site_name\" content=\"Ve\u00e7 artikuj p\u00ebrmbledh\u00ebs\" \/>\n<meta property=\"article:publisher\" content=\"https:\/\/www.facebook.com\/press07\/\" \/>\n<meta property=\"article:published_time\" content=\"2023-09-04T07:55:47+00:00\" \/>\n<meta property=\"og:image\" content=\"https:\/\/permbledhja.com\/wp-content\/uploads\/2023\/09\/1-5.jpg\" \/>\n\t<meta property=\"og:image:width\" content=\"600\" \/>\n\t<meta property=\"og:image:height\" content=\"360\" \/>\n\t<meta property=\"og:image:type\" content=\"image\/jpeg\" \/>\n<meta name=\"author\" content=\"M M\" \/>\n<meta name=\"twitter:card\" content=\"summary_large_image\" \/>\n<meta name=\"twitter:label1\" content=\"Written by\" \/>\n\t<meta name=\"twitter:data1\" content=\"M M\" \/>\n<script type=\"application\/ld+json\" class=\"yoast-schema-graph\">{\"@context\":\"https:\/\/schema.org\",\"@graph\":[{\"@type\":\"Article\",\"@id\":\"https:\/\/permbledhja.com\/dyshohet-se-tre-persona-kane-kaluar-ilegalisht-kufirin-nga-serbia-ne-kosove\/#article\",\"isPartOf\":{\"@id\":\"https:\/\/permbledhja.com\/dyshohet-se-tre-persona-kane-kaluar-ilegalisht-kufirin-nga-serbia-ne-kosove\/\"},\"author\":{\"name\":\"M M\",\"@id\":\"https:\/\/permbledhja.com\/#\/schema\/person\/d23f13f59b5722643933d6780783acf3\"},\"headline\":\"Dyshohet se tre persona kan\u00eb kaluar ilegalisht kufirin nga Serbia n\u00eb Kosov\u00eb\",\"datePublished\":\"2023-09-04T07:55:47+00:00\",\"dateModified\":\"2023-09-04T07:55:47+00:00\",\"mainEntityOfPage\":{\"@id\":\"https:\/\/permbledhja.com\/dyshohet-se-tre-persona-kane-kaluar-ilegalisht-kufirin-nga-serbia-ne-kosove\/\"},\"wordCount\":106,\"publisher\":{\"@id\":\"https:\/\/permbledhja.com\/#organization\"},\"articleSection\":[\"Lajme\"],\"inLanguage\":\"sq\"},{\"@type\":\"WebPage\",\"@id\":\"https:\/\/permbledhja.com\/dyshohet-se-tre-persona-kane-kaluar-ilegalisht-kufirin-nga-serbia-ne-kosove\/\",\"url\":\"https:\/\/permbledhja.com\/dyshohet-se-tre-persona-kane-kaluar-ilegalisht-kufirin-nga-serbia-ne-kosove\/\",\"name\":\"Dyshohet se tre persona kan\u00eb kaluar ilegalisht kufirin nga Serbia n\u00eb Kosov\u00eb\",\"isPartOf\":{\"@id\":\"https:\/\/permbledhja.com\/#website\"},\"datePublished\":\"2023-09-04T07:55:47+00:00\",\"dateModified\":\"2023-09-04T07:55:47+00:00\",\"breadcrumb\":{\"@id\":\"https:\/\/permbledhja.com\/dyshohet-se-tre-persona-kane-kaluar-ilegalisht-kufirin-nga-serbia-ne-kosove\/#breadcrumb\"},\"inLanguage\":\"sq\",\"potentialAction\":[{\"@type\":\"ReadAction\",\"target\":[\"https:\/\/permbledhja.com\/dyshohet-se-tre-persona-kane-kaluar-ilegalisht-kufirin-nga-serbia-ne-kosove\/\"]}]},{\"@type\":\"BreadcrumbList\",\"@id\":\"https:\/\/permbledhja.com\/dyshohet-se-tre-persona-kane-kaluar-ilegalisht-kufirin-nga-serbia-ne-kosove\/#breadcrumb\",\"itemListElement\":[{\"@type\":\"ListItem\",\"position\":1,\"name\":\"Ballina\",\"item\":\"https:\/\/permbledhja.com\/sq\/\"},{\"@type\":\"ListItem\",\"position\":2,\"name\":\"Dyshohet se tre persona kan\u00eb kaluar ilegalisht kufirin nga Serbia n\u00eb Kosov\u00eb\"}]},{\"@type\":\"WebSite\",\"@id\":\"https:\/\/permbledhja.com\/#website\",\"url\":\"https:\/\/permbledhja.com\/\",\"name\":\"Ve\u00e7 artikuj p\u00ebrmbledh\u00ebs\",\"description\":\"\",\"publisher\":{\"@id\":\"https:\/\/permbledhja.com\/#organization\"},\"potentialAction\":[{\"@type\":\"SearchAction\",\"target\":{\"@type\":\"EntryPoint\",\"urlTemplate\":\"https:\/\/permbledhja.com\/?s={search_term_string}\"},\"query-input\":\"required name=search_term_string\"}],\"inLanguage\":\"sq\"},{\"@type\":\"Organization\",\"@id\":\"https:\/\/permbledhja.com\/#organization\",\"name\":\"MK Media & Pr\",\"url\":\"https:\/\/permbledhja.com\/\",\"logo\":{\"@type\":\"ImageObject\",\"inLanguage\":\"sq\",\"@id\":\"https:\/\/permbledhja.com\/#\/schema\/logo\/image\/\",\"url\":\"https:\/\/permbledhja.com\/wp-content\/uploads\/2021\/12\/07-Press-Logo.jpg\",\"contentUrl\":\"https:\/\/permbledhja.com\/wp-content\/uploads\/2021\/12\/07-Press-Logo.jpg\",\"width\":512,\"height\":512,\"caption\":\"MK Media & Pr\"},\"image\":{\"@id\":\"https:\/\/permbledhja.com\/#\/schema\/logo\/image\/\"},\"sameAs\":[\"https:\/\/www.facebook.com\/press07\/\"]},{\"@type\":\"Person\",\"@id\":\"https:\/\/permbledhja.com\/#\/schema\/person\/d23f13f59b5722643933d6780783acf3\",\"name\":\"M M\",\"image\":{\"@type\":\"ImageObject\",\"inLanguage\":\"sq\",\"@id\":\"https:\/\/permbledhja.com\/#\/schema\/person\/image\/\",\"url\":\"https:\/\/secure.gravatar.com\/avatar\/e2835a76ca7c31a2416b2d51c4ec9a8f?s=96&d=mm&r=g\",\"contentUrl\":\"https:\/\/secure.gravatar.com\/avatar\/e2835a76ca7c31a2416b2d51c4ec9a8f?s=96&d=mm&r=g\",\"caption\":\"M M\"},\"sameAs\":[\"http:\/\/MM\"],\"url\":\"https:\/\/permbledhja.com\/sq\/author\/muhamet\/\"}]}<\/script>\n<!-- \/ Yoast SEO plugin. -->","yoast_head_json":{"title":"Dyshohet se tre persona kan\u00eb kaluar ilegalisht kufirin nga Serbia n\u00eb Kosov\u00eb","robots":{"index":"index","follow":"follow","max-snippet":"max-snippet:-1","max-image-preview":"max-image-preview:large","max-video-preview":"max-video-preview:-1"},"canonical":"https:\/\/permbledhja.com\/sq\/dyshohet-se-tre-persona-kane-kaluar-ilegalisht-kufirin-nga-serbia-ne-kosove\/","og_locale":"sq_AL","og_type":"article","og_title":"Dyshohet se tre persona kan\u00eb kaluar ilegalisht kufirin nga Serbia n\u00eb Kosov\u00eb","og_description":"N\u00eb Leposaviq \u00ebsht\u00eb ndaluar vetura m\u00eb targa t\u00eb Serbis\u00eb, n\u00eb t\u00eb cilin ishin tre persona q\u00eb dyshohet se kishin kaluar kufirin ilegalisht nga Serbia n\u00eb Kosov\u00eb. Policia b\u00ebn t\u00eb ditur se me vendim t\u00eb prokurorit, rasti procedohet n\u00eb procedur\u00eb t\u00eb rregullt hetimore. \u201c\u00cbsht\u00eb ndaluar vetura me targa t\u00eb serbis\u00eb, ne te cil\u00ebn ishin tre persona [&hellip;]","og_url":"https:\/\/permbledhja.com\/sq\/dyshohet-se-tre-persona-kane-kaluar-ilegalisht-kufirin-nga-serbia-ne-kosove\/","og_site_name":"Ve\u00e7 artikuj p\u00ebrmbledh\u00ebs","article_publisher":"https:\/\/www.facebook.com\/press07\/","article_published_time":"2023-09-04T07:55:47+00:00","og_image":[{"width":600,"height":360,"url":"https:\/\/permbledhja.com\/wp-content\/uploads\/2023\/09\/1-5.jpg","type":"image\/jpeg"}],"author":"M M","twitter_card":"summary_large_image","twitter_misc":{"Written by":"M M"},"schema":{"@context":"https:\/\/schema.org","@graph":[{"@type":"Article","@id":"https:\/\/permbledhja.com\/dyshohet-se-tre-persona-kane-kaluar-ilegalisht-kufirin-nga-serbia-ne-kosove\/#article","isPartOf":{"@id":"https:\/\/permbledhja.com\/dyshohet-se-tre-persona-kane-kaluar-ilegalisht-kufirin-nga-serbia-ne-kosove\/"},"author":{"name":"M M","@id":"https:\/\/permbledhja.com\/#\/schema\/person\/d23f13f59b5722643933d6780783acf3"},"headline":"Dyshohet se tre persona kan\u00eb kaluar ilegalisht kufirin nga Serbia n\u00eb Kosov\u00eb","datePublished":"2023-09-04T07:55:47+00:00","dateModified":"2023-09-04T07:55:47+00:00","mainEntityOfPage":{"@id":"https:\/\/permbledhja.com\/dyshohet-se-tre-persona-kane-kaluar-ilegalisht-kufirin-nga-serbia-ne-kosove\/"},"wordCount":106,"publisher":{"@id":"https:\/\/permbledhja.com\/#organization"},"articleSection":["Lajme"],"inLanguage":"sq"},{"@type":"WebPage","@id":"https:\/\/permbledhja.com\/dyshohet-se-tre-persona-kane-kaluar-ilegalisht-kufirin-nga-serbia-ne-kosove\/","url":"https:\/\/permbledhja.com\/dyshohet-se-tre-persona-kane-kaluar-ilegalisht-kufirin-nga-serbia-ne-kosove\/","name":"Dyshohet se tre persona kan\u00eb kaluar ilegalisht kufirin nga Serbia n\u00eb Kosov\u00eb","isPartOf":{"@id":"https:\/\/permbledhja.com\/#website"},"datePublished":"2023-09-04T07:55:47+00:00","dateModified":"2023-09-04T07:55:47+00:00","breadcrumb":{"@id":"https:\/\/permbledhja.com\/dyshohet-se-tre-persona-kane-kaluar-ilegalisht-kufirin-nga-serbia-ne-kosove\/#breadcrumb"},"inLanguage":"sq","potentialAction":[{"@type":"ReadAction","target":["https:\/\/permbledhja.com\/dyshohet-se-tre-persona-kane-kaluar-ilegalisht-kufirin-nga-serbia-ne-kosove\/"]}]},{"@type":"BreadcrumbList","@id":"https:\/\/permbledhja.com\/dyshohet-se-tre-persona-kane-kaluar-ilegalisht-kufirin-nga-serbia-ne-kosove\/#breadcrumb","itemListElement":[{"@type":"ListItem","position":1,"name":"Ballina","item":"https:\/\/permbledhja.com\/sq\/"},{"@type":"ListItem","position":2,"name":"Dyshohet se tre persona kan\u00eb kaluar ilegalisht kufirin nga Serbia n\u00eb Kosov\u00eb"}]},{"@type":"WebSite","@id":"https:\/\/permbledhja.com\/#website","url":"https:\/\/permbledhja.com\/","name":"Ve\u00e7 artikuj p\u00ebrmbledh\u00ebs","description":"","publisher":{"@id":"https:\/\/permbledhja.com\/#organization"},"potentialAction":[{"@type":"SearchAction","target":{"@type":"EntryPoint","urlTemplate":"https:\/\/permbledhja.com\/?s={search_term_string}"},"query-input":"required name=search_term_string"}],"inLanguage":"sq"},{"@type":"Organization","@id":"https:\/\/permbledhja.com\/#organization","name":"MK Media & Pr","url":"https:\/\/permbledhja.com\/","logo":{"@type":"ImageObject","inLanguage":"sq","@id":"https:\/\/permbledhja.com\/#\/schema\/logo\/image\/","url":"https:\/\/permbledhja.com\/wp-content\/uploads\/2021\/12\/07-Press-Logo.jpg","contentUrl":"https:\/\/permbledhja.com\/wp-content\/uploads\/2021\/12\/07-Press-Logo.jpg","width":512,"height":512,"caption":"MK Media & Pr"},"image":{"@id":"https:\/\/permbledhja.com\/#\/schema\/logo\/image\/"},"sameAs":["https:\/\/www.facebook.com\/press07\/"]},{"@type":"Person","@id":"https:\/\/permbledhja.com\/#\/schema\/person\/d23f13f59b5722643933d6780783acf3","name":"M M","image":{"@type":"ImageObject","inLanguage":"sq","@id":"https:\/\/permbledhja.com\/#\/schema\/person\/image\/","url":"https:\/\/secure.gravatar.com\/avatar\/e2835a76ca7c31a2416b2d51c4ec9a8f?s=96&d=mm&r=g","contentUrl":"https:\/\/secure.gravatar.com\/avatar\/e2835a76ca7c31a2416b2d51c4ec9a8f?s=96&d=mm&r=g","caption":"M M"},"sameAs":["http:\/\/MM"],"url":"https:\/\/permbledhja.com\/sq\/author\/muhamet\/"}]}},"_links":{"self":[{"href":"https:\/\/permbledhja.com\/sq\/wp-json\/wp\/v2\/posts\/25667"}],"collection":[{"href":"https:\/\/permbledhja.com\/sq\/wp-json\/wp\/v2\/posts"}],"about":[{"href":"https:\/\/permbledhja.com\/sq\/wp-json\/wp\/v2\/types\/post"}],"author":[{"embeddable":true,"href":"https:\/\/permbledhja.com\/sq\/wp-json\/wp\/v2\/users\/2"}],"replies":[{"embeddable":true,"href":"https:\/\/permbledhja.com\/sq\/wp-json\/wp\/v2\/comments?post=25667"}],"version-history":[{"count":1,"href":"https:\/\/permbledhja.com\/sq\/wp-json\/wp\/v2\/posts\/25667\/revisions"}],"predecessor-version":[{"id":25669,"href":"https:\/\/permbledhja.com\/sq\/wp-json\/wp\/v2\/posts\/25667\/revisions\/25669"}],"wp:featuredmedia":[{"embeddable":true,"href":"https:\/\/permbledhja.com\/sq\/wp-json\/wp\/v2\/media\/25668"}],"wp:attachment":[{"href":"https:\/\/permbledhja.com\/sq\/wp-json\/wp\/v2\/media?parent=25667"}],"wp:term":[{"taxonomy":"category","embeddable":true,"href":"https:\/\/permbledhja.com\/sq\/wp-json\/wp\/v2\/categories?post=25667"},{"taxonomy":"post_tag","embeddable":true,"href":"https:\/\/permbledhja.com\/sq\/wp-json\/wp\/v2\/tags?post=25667"}],"curies":[{"name":"wp","href":"https:\/\/api.w.org\/{rel}","templated":true}]}}