{"id":25637,"date":"2023-09-04T06:11:50","date_gmt":"2023-09-04T06:11:50","guid":{"rendered":"https:\/\/permbledhja.com\/?p=25637"},"modified":"2023-09-04T06:11:50","modified_gmt":"2023-09-04T06:11:50","slug":"osmani-sot-nis-viziten-ne-shqiperi","status":"publish","type":"post","link":"https:\/\/permbledhja.com\/sq\/osmani-sot-nis-viziten-ne-shqiperi\/","title":{"rendered":"Osmani sot nis vizit\u00ebn n\u00eb Shqip\u00ebri"},"content":{"rendered":"<h3>Presidentja Vjosa Osmani m\u00eb 4 dhe 5 shtator do t\u00eb q\u00ebndroj\u00eb p\u00ebr vizit\u00eb n\u00eb Shqip\u00ebri.<\/h3>\n<p>E para e shtetit t\u00eb Kosov\u00ebs n\u00eb Tiran\u00eb do t\u00eb pritet nga homologu i saj nga Shqip\u00ebria, Bajram Begaj me nj\u00eb ceremoni shtet\u00ebrore n\u00eb ambientet e Presidenc\u00ebs s\u00eb Shqip\u00ebris\u00eb.<\/p>\n<p>P\u00ebrgjat\u00eb q\u00ebndrimit n\u00eb Shqip\u00ebri, shefja e shtetit t\u00eb Kosov\u00ebs do t\u00eb takohet edhe me kryeministrin e Shqip\u00ebris\u00eb, Edi Rama dhe kryeparlamentaren Lindita Nikolla.<\/p>\n<p>Kjo \u00ebsht\u00eb vizita e par\u00eb e Presidentes s\u00eb Kosov\u00ebs q\u00eb nga koha kur kreu i shtetit shqiptar Bajram Begaj mori detyr\u00ebn.<\/p>\n<p><strong>M\u00eb posht\u00eb mund ta gjeni edhe agjend\u00ebn e vizit\u00ebs s\u00eb Osmanit n\u00eb Shqip\u00ebri:<\/strong><\/p>\n<p>4 shtator<\/p>\n<p>Ora 10:00 \u2013 Ceremonia Zyrtare e Mir\u00ebseardhjes n\u00eb Institucionin e Presidentit t\u00eb Republik\u00ebs s\u00eb Shqip\u00ebris\u00eb.<\/p>\n<p>Ora 10.15-10.40 \u2013 Takim tete-a-tete midis Sh.T.Z. Bajram Begaj, President i Republik\u00ebs s\u00eb Shqip\u00ebris\u00eb dhe Sh.S.Znj. Vjosa Osmani Sadriu, Presidente e Republik\u00ebs s\u00eb Kosov\u00ebs<\/p>\n<p>Ora 10.40-11.30 \u2013 Bisedimet dypal\u00ebshe midis dy delegacioneve t\u00eb kryesuara nga Presidenti i Republik\u00ebs s\u00eb Shqip\u00ebris\u00eb SH.T.Z. Bajram Begaj dhe SH.S.Znj. Vjosa Osmani Sadriu, Presidente e Republik\u00ebs s\u00eb Kosov\u00ebs;<\/p>\n<p>Ora 11.40-12.05 \u2013 Konferenc\u00eb p\u00ebr shtyp dhe pyetje-p\u00ebrgjigje<\/p>\n<p>(Sh\u00ebnim: Deklaratat e dy President\u00ebve \u2013 nga dy pyetje nga gazetaret p\u00ebr secilin President)<\/p>\n<p>Ora 12.30-12.45 \u2013 Takimi t\u00eate-\u00e0-t\u00eate midis Sh.T. Z. Edi Rama, Kryeminist\u00ebr i Republik\u00ebs s\u00eb Shqip\u00ebris\u00eb dhe Sh.S. Dr. Vjosa Osmani, Presidente e Republik\u00ebs s\u00eb Kosov\u00ebs<\/p>\n<p>Ora 12.45-13.00 \u2013 Takim midis dy delegacioneve te kryesuara nga Sh.T.Z. Edi Rama, Kryeminist\u00ebr i Republik\u00ebs s\u00eb Shqip\u00ebris\u00eb dhe SH.S.Znj. Vjosa Osmani Sadriu, Presidente e Republik\u00ebs s\u00eb Kosov\u00ebs<\/p>\n<p>Ora 14:35-15:20 \u2013 Takim midis Kryetares s\u00eb Kuvendit, SH.S.Znj. Lindita Nikolla dhe Presidentes s\u00eb Republik\u00ebs s\u00eb Kosov\u00ebs SH.S.Znj. Vjosa Osmani Sadriu<\/p>\n<p>5 shtator<\/p>\n<p>Ora 09:00 \u2013 09.20 \u2013 Aktivitet i p\u00ebrbashk\u00ebt i dy President\u00ebve me rastin e Dit\u00ebs s\u00eb N\u00ebn\u00eb Terez\u00ebs n\u00eb ekspozit\u00ebn e Arkivave<\/p>\n<p>T\u00eb dy president\u00ebt marrin pjes\u00eb n\u00eb hapje dhe japin nga nj\u00eb deklarat\u00eb<\/p>\n<p>Vendi: Presidenca e Shqip\u00ebris\u00eb<\/p>\n<p>Ora 09:30-09:40 \u2013 Ceremonia e vendosjes s\u00eb kuror\u00ebs n\u00eb monumentin \u201cN\u00ebna Shqip\u00ebri\u201d me pjes\u00ebmarrjen e N\u00ebnkryetarit t\u00eb Bashkise, z. Andi Seferi dhe Komandantit te Gardes se Republikes, z. Gramos Sako<\/p>\n<p>Nisja p\u00ebr n\u00eb BERAT<\/p>\n<p>Ora 11:15-11:30 \u2013 Takim midis Presidentes s\u00eb Republik\u00ebs s\u00eb Kosov\u00ebs SH.S.Znj. Vjosa Osmani Sadriu, me Kryetarin e Bashkis\u00eb s\u00eb Beratit, Z.Ervin Demo<\/p>\n<p>Vendi: Bashkia e Beratit<\/p>\n<p>11.30-11.45 \u2013 Ceremonia e dh\u00ebnies s\u00eb Titullit \u2018\u2019Patron i Kalas\u00eb\u2019\u2019 ( Anglisht \u2018\u2019Patron of the Castle\u2019\u2019). Ky \u00ebsht\u00eb nj\u00eb titull shum\u00eb i lart\u00eb ekskluziv,i cili i jepet personaliteteve t\u00eb shquara q\u00eb vizitojn\u00eb qytetin dhe q\u00eb kontribuojn\u00eb me veprimtarin\u00eb e tyre n\u00eb dobi t\u00eb qytetit.<\/p>\n<p>NISJA P\u00cbR NE DURR\u00cbS<\/p>\n<p>Ora 16.50-17.15 \u2013 Takim me Kryetaren e Bashkis\u00eb te Durr\u00ebsit, zj. Emiriana Sako<\/p>\n<p>Vendi: Bashkia Durr\u00ebs<\/p>\n<p>Ora 17.30 \u2013 Vizit\u00eb n\u00eb pik\u00ebn doganore t\u00eb Kosov\u00ebs n\u00eb Portin e Durr\u00ebsit<\/p>\n","protected":false},"excerpt":{"rendered":"<p>Presidentja Vjosa Osmani m\u00eb 4 dhe 5 shtator do t\u00eb q\u00ebndroj\u00eb p\u00ebr vizit\u00eb n\u00eb Shqip\u00ebri. E para e shtetit t\u00eb Kosov\u00ebs n\u00eb Tiran\u00eb do t\u00eb pritet nga homologu i saj nga Shqip\u00ebria, Bajram Begaj me nj\u00eb ceremoni shtet\u00ebrore n\u00eb ambientet e Presidenc\u00ebs s\u00eb Shqip\u00ebris\u00eb. P\u00ebrgjat\u00eb q\u00ebndrimit n\u00eb Shqip\u00ebri, shefja e shtetit t\u00eb Kosov\u00ebs do t\u00eb [&hellip;]<\/p>\n","protected":false},"author":2,"featured_media":25638,"comment_status":"closed","ping_status":"closed","sticky":false,"template":"","format":"standard","meta":{"_monsterinsights_skip_tracking":false,"_monsterinsights_sitenote_active":false,"_monsterinsights_sitenote_note":"","_monsterinsights_sitenote_category":0,"_uf_show_specific_survey":0,"_uf_disable_surveys":false,"footnotes":""},"categories":[1146,15],"tags":[163],"yoast_head":"<!-- This site is optimized with the Yoast SEO plugin v21.5 - https:\/\/yoast.com\/wordpress\/plugins\/seo\/ -->\n<title>Osmani sot nis vizit\u00ebn n\u00eb Shqip\u00ebri<\/title>\n<meta name=\"robots\" content=\"index, follow, max-snippet:-1, max-image-preview:large, max-video-preview:-1\" \/>\n<link rel=\"canonical\" href=\"https:\/\/permbledhja.com\/sq\/osmani-sot-nis-viziten-ne-shqiperi\/\" \/>\n<meta property=\"og:locale\" content=\"sq_AL\" \/>\n<meta property=\"og:type\" content=\"article\" \/>\n<meta property=\"og:title\" content=\"Osmani sot nis vizit\u00ebn n\u00eb Shqip\u00ebri\" \/>\n<meta property=\"og:description\" content=\"Presidentja Vjosa Osmani m\u00eb 4 dhe 5 shtator do t\u00eb q\u00ebndroj\u00eb p\u00ebr vizit\u00eb n\u00eb Shqip\u00ebri. E para e shtetit t\u00eb Kosov\u00ebs n\u00eb Tiran\u00eb do t\u00eb pritet nga homologu i saj nga Shqip\u00ebria, Bajram Begaj me nj\u00eb ceremoni shtet\u00ebrore n\u00eb ambientet e Presidenc\u00ebs s\u00eb Shqip\u00ebris\u00eb. P\u00ebrgjat\u00eb q\u00ebndrimit n\u00eb Shqip\u00ebri, shefja e shtetit t\u00eb Kosov\u00ebs do t\u00eb [&hellip;]\" \/>\n<meta property=\"og:url\" content=\"https:\/\/permbledhja.com\/sq\/osmani-sot-nis-viziten-ne-shqiperi\/\" \/>\n<meta property=\"og:site_name\" content=\"Ve\u00e7 artikuj p\u00ebrmbledh\u00ebs\" \/>\n<meta property=\"article:publisher\" content=\"https:\/\/www.facebook.com\/press07\/\" \/>\n<meta property=\"article:published_time\" content=\"2023-09-04T06:11:50+00:00\" \/>\n<meta property=\"og:image\" content=\"https:\/\/permbledhja.com\/wp-content\/uploads\/2023\/09\/thumbs_b_c_45e11c5d9505a301aee5f772245fefcd.jpg\" \/>\n\t<meta property=\"og:image:width\" content=\"864\" \/>\n\t<meta property=\"og:image:height\" content=\"486\" \/>\n\t<meta property=\"og:image:type\" content=\"image\/jpeg\" \/>\n<meta name=\"author\" content=\"M M\" \/>\n<meta name=\"twitter:card\" content=\"summary_large_image\" \/>\n<meta name=\"twitter:label1\" content=\"Written by\" \/>\n\t<meta name=\"twitter:data1\" content=\"M M\" \/>\n\t<meta name=\"twitter:label2\" content=\"Est. reading time\" \/>\n\t<meta name=\"twitter:data2\" content=\"3 minuta\" \/>\n<script type=\"application\/ld+json\" class=\"yoast-schema-graph\">{\"@context\":\"https:\/\/schema.org\",\"@graph\":[{\"@type\":\"Article\",\"@id\":\"https:\/\/permbledhja.com\/osmani-sot-nis-viziten-ne-shqiperi\/#article\",\"isPartOf\":{\"@id\":\"https:\/\/permbledhja.com\/osmani-sot-nis-viziten-ne-shqiperi\/\"},\"author\":{\"name\":\"M M\",\"@id\":\"https:\/\/permbledhja.com\/#\/schema\/person\/d23f13f59b5722643933d6780783acf3\"},\"headline\":\"Osmani sot nis vizit\u00ebn n\u00eb Shqip\u00ebri\",\"datePublished\":\"2023-09-04T06:11:50+00:00\",\"dateModified\":\"2023-09-04T06:11:50+00:00\",\"mainEntityOfPage\":{\"@id\":\"https:\/\/permbledhja.com\/osmani-sot-nis-viziten-ne-shqiperi\/\"},\"wordCount\":525,\"publisher\":{\"@id\":\"https:\/\/permbledhja.com\/#organization\"},\"keywords\":[\"Vjosa Osmani\"],\"articleSection\":[\"Kryesoret\",\"Lajme\"],\"inLanguage\":\"sq\"},{\"@type\":\"WebPage\",\"@id\":\"https:\/\/permbledhja.com\/osmani-sot-nis-viziten-ne-shqiperi\/\",\"url\":\"https:\/\/permbledhja.com\/osmani-sot-nis-viziten-ne-shqiperi\/\",\"name\":\"Osmani sot nis vizit\u00ebn n\u00eb Shqip\u00ebri\",\"isPartOf\":{\"@id\":\"https:\/\/permbledhja.com\/#website\"},\"datePublished\":\"2023-09-04T06:11:50+00:00\",\"dateModified\":\"2023-09-04T06:11:50+00:00\",\"breadcrumb\":{\"@id\":\"https:\/\/permbledhja.com\/osmani-sot-nis-viziten-ne-shqiperi\/#breadcrumb\"},\"inLanguage\":\"sq\",\"potentialAction\":[{\"@type\":\"ReadAction\",\"target\":[\"https:\/\/permbledhja.com\/osmani-sot-nis-viziten-ne-shqiperi\/\"]}]},{\"@type\":\"BreadcrumbList\",\"@id\":\"https:\/\/permbledhja.com\/osmani-sot-nis-viziten-ne-shqiperi\/#breadcrumb\",\"itemListElement\":[{\"@type\":\"ListItem\",\"position\":1,\"name\":\"Ballina\",\"item\":\"https:\/\/permbledhja.com\/sq\/\"},{\"@type\":\"ListItem\",\"position\":2,\"name\":\"Osmani sot nis vizit\u00ebn n\u00eb Shqip\u00ebri\"}]},{\"@type\":\"WebSite\",\"@id\":\"https:\/\/permbledhja.com\/#website\",\"url\":\"https:\/\/permbledhja.com\/\",\"name\":\"Ve\u00e7 artikuj p\u00ebrmbledh\u00ebs\",\"description\":\"\",\"publisher\":{\"@id\":\"https:\/\/permbledhja.com\/#organization\"},\"potentialAction\":[{\"@type\":\"SearchAction\",\"target\":{\"@type\":\"EntryPoint\",\"urlTemplate\":\"https:\/\/permbledhja.com\/?s={search_term_string}\"},\"query-input\":\"required name=search_term_string\"}],\"inLanguage\":\"sq\"},{\"@type\":\"Organization\",\"@id\":\"https:\/\/permbledhja.com\/#organization\",\"name\":\"MK Media & Pr\",\"url\":\"https:\/\/permbledhja.com\/\",\"logo\":{\"@type\":\"ImageObject\",\"inLanguage\":\"sq\",\"@id\":\"https:\/\/permbledhja.com\/#\/schema\/logo\/image\/\",\"url\":\"https:\/\/permbledhja.com\/wp-content\/uploads\/2021\/12\/07-Press-Logo.jpg\",\"contentUrl\":\"https:\/\/permbledhja.com\/wp-content\/uploads\/2021\/12\/07-Press-Logo.jpg\",\"width\":512,\"height\":512,\"caption\":\"MK Media & Pr\"},\"image\":{\"@id\":\"https:\/\/permbledhja.com\/#\/schema\/logo\/image\/\"},\"sameAs\":[\"https:\/\/www.facebook.com\/press07\/\"]},{\"@type\":\"Person\",\"@id\":\"https:\/\/permbledhja.com\/#\/schema\/person\/d23f13f59b5722643933d6780783acf3\",\"name\":\"M M\",\"image\":{\"@type\":\"ImageObject\",\"inLanguage\":\"sq\",\"@id\":\"https:\/\/permbledhja.com\/#\/schema\/person\/image\/\",\"url\":\"https:\/\/secure.gravatar.com\/avatar\/e2835a76ca7c31a2416b2d51c4ec9a8f?s=96&d=mm&r=g\",\"contentUrl\":\"https:\/\/secure.gravatar.com\/avatar\/e2835a76ca7c31a2416b2d51c4ec9a8f?s=96&d=mm&r=g\",\"caption\":\"M M\"},\"sameAs\":[\"http:\/\/MM\"],\"url\":\"https:\/\/permbledhja.com\/sq\/author\/muhamet\/\"}]}<\/script>\n<!-- \/ Yoast SEO plugin. -->","yoast_head_json":{"title":"Osmani sot nis vizit\u00ebn n\u00eb Shqip\u00ebri","robots":{"index":"index","follow":"follow","max-snippet":"max-snippet:-1","max-image-preview":"max-image-preview:large","max-video-preview":"max-video-preview:-1"},"canonical":"https:\/\/permbledhja.com\/sq\/osmani-sot-nis-viziten-ne-shqiperi\/","og_locale":"sq_AL","og_type":"article","og_title":"Osmani sot nis vizit\u00ebn n\u00eb Shqip\u00ebri","og_description":"Presidentja Vjosa Osmani m\u00eb 4 dhe 5 shtator do t\u00eb q\u00ebndroj\u00eb p\u00ebr vizit\u00eb n\u00eb Shqip\u00ebri. E para e shtetit t\u00eb Kosov\u00ebs n\u00eb Tiran\u00eb do t\u00eb pritet nga homologu i saj nga Shqip\u00ebria, Bajram Begaj me nj\u00eb ceremoni shtet\u00ebrore n\u00eb ambientet e Presidenc\u00ebs s\u00eb Shqip\u00ebris\u00eb. P\u00ebrgjat\u00eb q\u00ebndrimit n\u00eb Shqip\u00ebri, shefja e shtetit t\u00eb Kosov\u00ebs do t\u00eb [&hellip;]","og_url":"https:\/\/permbledhja.com\/sq\/osmani-sot-nis-viziten-ne-shqiperi\/","og_site_name":"Ve\u00e7 artikuj p\u00ebrmbledh\u00ebs","article_publisher":"https:\/\/www.facebook.com\/press07\/","article_published_time":"2023-09-04T06:11:50+00:00","og_image":[{"width":864,"height":486,"url":"https:\/\/permbledhja.com\/wp-content\/uploads\/2023\/09\/thumbs_b_c_45e11c5d9505a301aee5f772245fefcd.jpg","type":"image\/jpeg"}],"author":"M M","twitter_card":"summary_large_image","twitter_misc":{"Written by":"M M","Est. reading time":"3 minuta"},"schema":{"@context":"https:\/\/schema.org","@graph":[{"@type":"Article","@id":"https:\/\/permbledhja.com\/osmani-sot-nis-viziten-ne-shqiperi\/#article","isPartOf":{"@id":"https:\/\/permbledhja.com\/osmani-sot-nis-viziten-ne-shqiperi\/"},"author":{"name":"M M","@id":"https:\/\/permbledhja.com\/#\/schema\/person\/d23f13f59b5722643933d6780783acf3"},"headline":"Osmani sot nis vizit\u00ebn n\u00eb Shqip\u00ebri","datePublished":"2023-09-04T06:11:50+00:00","dateModified":"2023-09-04T06:11:50+00:00","mainEntityOfPage":{"@id":"https:\/\/permbledhja.com\/osmani-sot-nis-viziten-ne-shqiperi\/"},"wordCount":525,"publisher":{"@id":"https:\/\/permbledhja.com\/#organization"},"keywords":["Vjosa Osmani"],"articleSection":["Kryesoret","Lajme"],"inLanguage":"sq"},{"@type":"WebPage","@id":"https:\/\/permbledhja.com\/osmani-sot-nis-viziten-ne-shqiperi\/","url":"https:\/\/permbledhja.com\/osmani-sot-nis-viziten-ne-shqiperi\/","name":"Osmani sot nis vizit\u00ebn n\u00eb Shqip\u00ebri","isPartOf":{"@id":"https:\/\/permbledhja.com\/#website"},"datePublished":"2023-09-04T06:11:50+00:00","dateModified":"2023-09-04T06:11:50+00:00","breadcrumb":{"@id":"https:\/\/permbledhja.com\/osmani-sot-nis-viziten-ne-shqiperi\/#breadcrumb"},"inLanguage":"sq","potentialAction":[{"@type":"ReadAction","target":["https:\/\/permbledhja.com\/osmani-sot-nis-viziten-ne-shqiperi\/"]}]},{"@type":"BreadcrumbList","@id":"https:\/\/permbledhja.com\/osmani-sot-nis-viziten-ne-shqiperi\/#breadcrumb","itemListElement":[{"@type":"ListItem","position":1,"name":"Ballina","item":"https:\/\/permbledhja.com\/sq\/"},{"@type":"ListItem","position":2,"name":"Osmani sot nis vizit\u00ebn n\u00eb Shqip\u00ebri"}]},{"@type":"WebSite","@id":"https:\/\/permbledhja.com\/#website","url":"https:\/\/permbledhja.com\/","name":"Ve\u00e7 artikuj p\u00ebrmbledh\u00ebs","description":"","publisher":{"@id":"https:\/\/permbledhja.com\/#organization"},"potentialAction":[{"@type":"SearchAction","target":{"@type":"EntryPoint","urlTemplate":"https:\/\/permbledhja.com\/?s={search_term_string}"},"query-input":"required name=search_term_string"}],"inLanguage":"sq"},{"@type":"Organization","@id":"https:\/\/permbledhja.com\/#organization","name":"MK Media & Pr","url":"https:\/\/permbledhja.com\/","logo":{"@type":"ImageObject","inLanguage":"sq","@id":"https:\/\/permbledhja.com\/#\/schema\/logo\/image\/","url":"https:\/\/permbledhja.com\/wp-content\/uploads\/2021\/12\/07-Press-Logo.jpg","contentUrl":"https:\/\/permbledhja.com\/wp-content\/uploads\/2021\/12\/07-Press-Logo.jpg","width":512,"height":512,"caption":"MK Media & Pr"},"image":{"@id":"https:\/\/permbledhja.com\/#\/schema\/logo\/image\/"},"sameAs":["https:\/\/www.facebook.com\/press07\/"]},{"@type":"Person","@id":"https:\/\/permbledhja.com\/#\/schema\/person\/d23f13f59b5722643933d6780783acf3","name":"M M","image":{"@type":"ImageObject","inLanguage":"sq","@id":"https:\/\/permbledhja.com\/#\/schema\/person\/image\/","url":"https:\/\/secure.gravatar.com\/avatar\/e2835a76ca7c31a2416b2d51c4ec9a8f?s=96&d=mm&r=g","contentUrl":"https:\/\/secure.gravatar.com\/avatar\/e2835a76ca7c31a2416b2d51c4ec9a8f?s=96&d=mm&r=g","caption":"M M"},"sameAs":["http:\/\/MM"],"url":"https:\/\/permbledhja.com\/sq\/author\/muhamet\/"}]}},"_links":{"self":[{"href":"https:\/\/permbledhja.com\/sq\/wp-json\/wp\/v2\/posts\/25637"}],"collection":[{"href":"https:\/\/permbledhja.com\/sq\/wp-json\/wp\/v2\/posts"}],"about":[{"href":"https:\/\/permbledhja.com\/sq\/wp-json\/wp\/v2\/types\/post"}],"author":[{"embeddable":true,"href":"https:\/\/permbledhja.com\/sq\/wp-json\/wp\/v2\/users\/2"}],"replies":[{"embeddable":true,"href":"https:\/\/permbledhja.com\/sq\/wp-json\/wp\/v2\/comments?post=25637"}],"version-history":[{"count":1,"href":"https:\/\/permbledhja.com\/sq\/wp-json\/wp\/v2\/posts\/25637\/revisions"}],"predecessor-version":[{"id":25639,"href":"https:\/\/permbledhja.com\/sq\/wp-json\/wp\/v2\/posts\/25637\/revisions\/25639"}],"wp:featuredmedia":[{"embeddable":true,"href":"https:\/\/permbledhja.com\/sq\/wp-json\/wp\/v2\/media\/25638"}],"wp:attachment":[{"href":"https:\/\/permbledhja.com\/sq\/wp-json\/wp\/v2\/media?parent=25637"}],"wp:term":[{"taxonomy":"category","embeddable":true,"href":"https:\/\/permbledhja.com\/sq\/wp-json\/wp\/v2\/categories?post=25637"},{"taxonomy":"post_tag","embeddable":true,"href":"https:\/\/permbledhja.com\/sq\/wp-json\/wp\/v2\/tags?post=25637"}],"curies":[{"name":"wp","href":"https:\/\/api.w.org\/{rel}","templated":true}]}}