{"id":25622,"date":"2023-09-03T19:06:44","date_gmt":"2023-09-03T19:06:44","guid":{"rendered":"https:\/\/permbledhja.com\/?p=25622"},"modified":"2023-09-03T19:06:44","modified_gmt":"2023-09-03T19:06:44","slug":"ish-presidenti-hashim-thaci-vazhdon-qendrimin-ne-kosove","status":"publish","type":"post","link":"https:\/\/permbledhja.com\/sq\/ish-presidenti-hashim-thaci-vazhdon-qendrimin-ne-kosove\/","title":{"rendered":"Ish-presidenti Hashim Tha\u00e7i vazhdon q\u00ebndrimin n\u00eb Kosov\u00eb"},"content":{"rendered":"<h3>Ish-presidenti i Kosov\u00ebs, Hashim Tha\u00e7i po e vazhdon t\u00eb q\u00ebndroj\u00eb n\u00eb Kosov\u00eb, pasi u lejua nga Dhomat e Specializuara, q\u00eb t\u00eb vizitoj\u00eb baban\u00eb e tij, n\u00eb gjendje t\u00eb r\u00ebnduar sh\u00ebndet\u00ebsore.<\/h3>\n<p>Kjo \u00ebsht\u00eb hera e dyt\u00eb q\u00eb brenda k\u00ebtij viti, p\u00ebr arsye t\u00eb nj\u00ebjta, Specialja e ka lejuar ish-presidentin Tha\u00e7i q\u00eb t\u00eb vij\u00eb n\u00eb Kosov\u00eb, jo t\u00eb gjitha k\u00ebrkesat p\u00ebr vizita me arsye humanitare t\u00eb t\u00eb akuzuarve t\u00eb speciales, jan\u00eb miratuar.<\/p>\n<p>Haga shfaqet rrall\u00eb n\u00eb tabel\u00ebn informuese t\u00eb fluturimeve n\u00eb Aeroportin Nd\u00ebrkomb\u00ebtar t\u00eb Prishtin\u00ebs.<\/p>\n<p>Kjo pasi nuk ka nj\u00eb linj\u00eb direkte t\u00eb fluturimeve nd\u00ebrmjet k\u00ebtyre dy qyteteve dhe \u00e7do fluturim zhvillohet n\u00eb m\u00ebnyr\u00eb t\u00eb ve\u00e7ant\u00eb.<\/p>\n<p>Nj\u00eb i till\u00eb ndodhi t\u00eb shtun\u00ebn, kur n\u00eb Kosov\u00eb u soll ish-Presidenti, Hashim Tha\u00e7i.<\/p>\n<p>Gjendja e r\u00ebnduar e babait t\u00eb Tha\u00e7it, i bindi Dhomat e Specializuara q\u00eb atij t\u2019ia lejojn\u00eb nj\u00eb vizit\u00eb humanitare n\u00eb vendlindje.<\/p>\n<p>Lajmin, Specialja e konfirmoi edhe p\u00ebrmes nj\u00eb komunikate p\u00ebr publikun.<\/p>\n<p>Tha\u00e7i t\u00eb shtun\u00ebn ka q\u00ebndruar rreth dy or\u00eb n\u00eb sht\u00ebpin\u00eb e tij n\u00eb fshatin Buroj\u00eb, p\u00ebrderisa shumic\u00ebn e koh\u00ebs do ta kaloj n\u00eb objektet e EULEX-it.<\/p>\n<p>P\u00ebrgjat\u00eb q\u00ebndrimit n\u00eb Kosov\u00eb, avokati Ardian Bajraktari vler\u00ebson se t\u00eb akuzuarve nga Specialja do t\u00eb duhej t\u2019u ofrohej m\u00eb shum\u00eb liri.<\/p>\n<p>\u201cKan\u00eb shprehur gatishm\u00ebrin\u00eb e plot\u00eb p\u00ebr t\u2019u ballafaquar edhe me akuzat, mir\u00ebpo edhe p\u00ebr t\u00eb bashk\u00ebpunuar me organet p\u00ebrkat\u00ebse q\u00eb zhvillojn\u00eb procedurat. Prandaj, natyrisht q\u00eb kjo do t\u00eb duhej t\u00eb merrej n\u00eb konsiderat\u00eb nga ana e panelit dhe rrjedhimisht t\u00eb ket\u00eb m\u00eb tep\u00ebr tolerime t\u00eb tilla\u201d, ka th\u00ebn\u00eb Ardian Bajraktari \u2013 avokat.<\/p>\n<p>Q\u00ebndrimi mbi dy vje\u00e7ar n\u00eb paraburgim, ka b\u00ebr\u00eb q\u00eb ish-krer\u00ebt e U\u00c7K-s\u00eb t\u00eb ken\u00eb k\u00ebrkesa t\u00eb shpeshta p\u00ebr vizita me arsye humanitare n\u00eb Kosov\u00eb.<\/p>\n<p>Mir\u00ebpo, jo t\u00eb gjitha jan\u00eb aprovuar.<\/p>\n<p>\u201cDuke qen\u00eb se rregulla t\u00eb cil\u00ebs ju referova nuk p\u00ebrcakton kritere t\u00eb qarta, at\u00ebher\u00eb natyrisht se dh\u00ebnja e k\u00ebsaj mund\u00ebsie n\u00eb diskrecion t\u00eb panelit, ndoshta ndonj\u00ebher\u00eb ka pasur edhe raste kur k\u00ebrkesa \u00ebsht\u00eb refuzuar dhe rrjedhimisht i ka v\u00ebn\u00eb n\u00eb pozit\u00eb t\u00eb pabarabart\u00eb personat t\u00eb cil\u00ebt ndodhen n\u00eb Qendr\u00ebn e Paraburgimit\u201d, ka shtuar Ardian Bajraktari \u2013 Avokat.<\/p>\n<p>Nj\u00eb rast t\u00eb d\u00ebshtimit t\u00eb vizit\u00ebs p\u00ebr arsye humanitare, e p\u00ebrjetoi para disa muajsh Nasim Haradinaj.<\/p>\n<p>Ai nuk mundi t\u00eb marr\u00eb pjes\u00eb n\u00eb varrimin e v\u00ebllait t\u00eb tij, pasi Specialja konsideroi se e pranoi me vones\u00eb k\u00ebrkes\u00ebn.<\/p>\n<p>E Specialja para pak koh\u00ebsh ia refuzoi edhe nj\u00eb k\u00ebrkes\u00eb ish-kryeparlamentarit Jakup Krasniqi, p\u00ebr nj\u00eb lirim dy javor nga paraburgimi.<\/p>\n<p>Krasniqi kishte k\u00ebrkuar t\u00eb lirohej n\u00eb koh\u00ebn e pushimit vjetor t\u00eb Dhomave t\u00eb Specializuara.\/RTV Dukagjini\/<\/p>\n","protected":false},"excerpt":{"rendered":"<p>Ish-presidenti i Kosov\u00ebs, Hashim Tha\u00e7i po e vazhdon t\u00eb q\u00ebndroj\u00eb n\u00eb Kosov\u00eb, pasi u lejua nga Dhomat e Specializuara, q\u00eb t\u00eb vizitoj\u00eb baban\u00eb e tij, n\u00eb gjendje t\u00eb r\u00ebnduar sh\u00ebndet\u00ebsore. Kjo \u00ebsht\u00eb hera e dyt\u00eb q\u00eb brenda k\u00ebtij viti, p\u00ebr arsye t\u00eb nj\u00ebjta, Specialja e ka lejuar ish-presidentin Tha\u00e7i q\u00eb t\u00eb vij\u00eb n\u00eb Kosov\u00eb, jo [&hellip;]<\/p>\n","protected":false},"author":1,"featured_media":15278,"comment_status":"closed","ping_status":"closed","sticky":false,"template":"","format":"standard","meta":{"_monsterinsights_skip_tracking":false,"_monsterinsights_sitenote_active":false,"_monsterinsights_sitenote_note":"","_monsterinsights_sitenote_category":0,"_uf_show_specific_survey":0,"_uf_disable_surveys":false,"footnotes":""},"categories":[23,15],"tags":[299],"yoast_head":"<!-- This site is optimized with the Yoast SEO plugin v21.5 - https:\/\/yoast.com\/wordpress\/plugins\/seo\/ -->\n<title>Ish-presidenti Hashim Tha\u00e7i vazhdon q\u00ebndrimin n\u00eb Kosov\u00eb<\/title>\n<meta name=\"robots\" content=\"index, follow, max-snippet:-1, max-image-preview:large, max-video-preview:-1\" \/>\n<link rel=\"canonical\" href=\"https:\/\/permbledhja.com\/sq\/ish-presidenti-hashim-thaci-vazhdon-qendrimin-ne-kosove\/\" \/>\n<meta property=\"og:locale\" content=\"sq_AL\" \/>\n<meta property=\"og:type\" content=\"article\" \/>\n<meta property=\"og:title\" content=\"Ish-presidenti Hashim Tha\u00e7i vazhdon q\u00ebndrimin n\u00eb Kosov\u00eb\" \/>\n<meta property=\"og:description\" content=\"Ish-presidenti i Kosov\u00ebs, Hashim Tha\u00e7i po e vazhdon t\u00eb q\u00ebndroj\u00eb n\u00eb Kosov\u00eb, pasi u lejua nga Dhomat e Specializuara, q\u00eb t\u00eb vizitoj\u00eb baban\u00eb e tij, n\u00eb gjendje t\u00eb r\u00ebnduar sh\u00ebndet\u00ebsore. Kjo \u00ebsht\u00eb hera e dyt\u00eb q\u00eb brenda k\u00ebtij viti, p\u00ebr arsye t\u00eb nj\u00ebjta, Specialja e ka lejuar ish-presidentin Tha\u00e7i q\u00eb t\u00eb vij\u00eb n\u00eb Kosov\u00eb, jo [&hellip;]\" \/>\n<meta property=\"og:url\" content=\"https:\/\/permbledhja.com\/sq\/ish-presidenti-hashim-thaci-vazhdon-qendrimin-ne-kosove\/\" \/>\n<meta property=\"og:site_name\" content=\"Ve\u00e7 artikuj p\u00ebrmbledh\u00ebs\" \/>\n<meta property=\"article:publisher\" content=\"https:\/\/www.facebook.com\/press07\/\" \/>\n<meta property=\"article:author\" content=\"https:\/\/www.facebook.com\/kafexhiu.muharrem\/\" \/>\n<meta property=\"article:published_time\" content=\"2023-09-03T19:06:44+00:00\" \/>\n<meta property=\"og:image\" content=\"https:\/\/permbledhja.com\/wp-content\/uploads\/2023\/05\/200624-hashim-thaci-ew-111p-2048x1364-1.jpg\" \/>\n\t<meta property=\"og:image:width\" content=\"2048\" \/>\n\t<meta property=\"og:image:height\" content=\"1364\" \/>\n\t<meta property=\"og:image:type\" content=\"image\/jpeg\" \/>\n<meta name=\"author\" content=\"P\u00ebrmbledhja\" \/>\n<meta name=\"twitter:card\" content=\"summary_large_image\" \/>\n<meta name=\"twitter:label1\" content=\"Written by\" \/>\n\t<meta name=\"twitter:data1\" content=\"P\u00ebrmbledhja\" \/>\n\t<meta name=\"twitter:label2\" content=\"Est. reading time\" \/>\n\t<meta name=\"twitter:data2\" content=\"2 minuta\" \/>\n<script type=\"application\/ld+json\" class=\"yoast-schema-graph\">{\"@context\":\"https:\/\/schema.org\",\"@graph\":[{\"@type\":\"Article\",\"@id\":\"https:\/\/permbledhja.com\/ish-presidenti-hashim-thaci-vazhdon-qendrimin-ne-kosove\/#article\",\"isPartOf\":{\"@id\":\"https:\/\/permbledhja.com\/ish-presidenti-hashim-thaci-vazhdon-qendrimin-ne-kosove\/\"},\"author\":{\"name\":\"P\u00ebrmbledhja\",\"@id\":\"https:\/\/permbledhja.com\/#\/schema\/person\/0d064377258d3221e50693947b9eb4fe\"},\"headline\":\"Ish-presidenti Hashim Tha\u00e7i vazhdon q\u00ebndrimin n\u00eb Kosov\u00eb\",\"datePublished\":\"2023-09-03T19:06:44+00:00\",\"dateModified\":\"2023-09-03T19:06:44+00:00\",\"mainEntityOfPage\":{\"@id\":\"https:\/\/permbledhja.com\/ish-presidenti-hashim-thaci-vazhdon-qendrimin-ne-kosove\/\"},\"wordCount\":494,\"publisher\":{\"@id\":\"https:\/\/permbledhja.com\/#organization\"},\"keywords\":[\"Hashim Tha\u00e7i\"],\"articleSection\":[\"Komb\u00ebtare\",\"Lajme\"],\"inLanguage\":\"sq\"},{\"@type\":\"WebPage\",\"@id\":\"https:\/\/permbledhja.com\/ish-presidenti-hashim-thaci-vazhdon-qendrimin-ne-kosove\/\",\"url\":\"https:\/\/permbledhja.com\/ish-presidenti-hashim-thaci-vazhdon-qendrimin-ne-kosove\/\",\"name\":\"Ish-presidenti Hashim Tha\u00e7i vazhdon q\u00ebndrimin n\u00eb Kosov\u00eb\",\"isPartOf\":{\"@id\":\"https:\/\/permbledhja.com\/#website\"},\"datePublished\":\"2023-09-03T19:06:44+00:00\",\"dateModified\":\"2023-09-03T19:06:44+00:00\",\"breadcrumb\":{\"@id\":\"https:\/\/permbledhja.com\/ish-presidenti-hashim-thaci-vazhdon-qendrimin-ne-kosove\/#breadcrumb\"},\"inLanguage\":\"sq\",\"potentialAction\":[{\"@type\":\"ReadAction\",\"target\":[\"https:\/\/permbledhja.com\/ish-presidenti-hashim-thaci-vazhdon-qendrimin-ne-kosove\/\"]}]},{\"@type\":\"BreadcrumbList\",\"@id\":\"https:\/\/permbledhja.com\/ish-presidenti-hashim-thaci-vazhdon-qendrimin-ne-kosove\/#breadcrumb\",\"itemListElement\":[{\"@type\":\"ListItem\",\"position\":1,\"name\":\"Ballina\",\"item\":\"https:\/\/permbledhja.com\/sq\/\"},{\"@type\":\"ListItem\",\"position\":2,\"name\":\"Ish-presidenti Hashim Tha\u00e7i vazhdon q\u00ebndrimin n\u00eb Kosov\u00eb\"}]},{\"@type\":\"WebSite\",\"@id\":\"https:\/\/permbledhja.com\/#website\",\"url\":\"https:\/\/permbledhja.com\/\",\"name\":\"Ve\u00e7 artikuj p\u00ebrmbledh\u00ebs\",\"description\":\"\",\"publisher\":{\"@id\":\"https:\/\/permbledhja.com\/#organization\"},\"potentialAction\":[{\"@type\":\"SearchAction\",\"target\":{\"@type\":\"EntryPoint\",\"urlTemplate\":\"https:\/\/permbledhja.com\/?s={search_term_string}\"},\"query-input\":\"required name=search_term_string\"}],\"inLanguage\":\"sq\"},{\"@type\":\"Organization\",\"@id\":\"https:\/\/permbledhja.com\/#organization\",\"name\":\"MK Media & Pr\",\"url\":\"https:\/\/permbledhja.com\/\",\"logo\":{\"@type\":\"ImageObject\",\"inLanguage\":\"sq\",\"@id\":\"https:\/\/permbledhja.com\/#\/schema\/logo\/image\/\",\"url\":\"https:\/\/permbledhja.com\/wp-content\/uploads\/2021\/12\/07-Press-Logo.jpg\",\"contentUrl\":\"https:\/\/permbledhja.com\/wp-content\/uploads\/2021\/12\/07-Press-Logo.jpg\",\"width\":512,\"height\":512,\"caption\":\"MK Media & Pr\"},\"image\":{\"@id\":\"https:\/\/permbledhja.com\/#\/schema\/logo\/image\/\"},\"sameAs\":[\"https:\/\/www.facebook.com\/press07\/\"]},{\"@type\":\"Person\",\"@id\":\"https:\/\/permbledhja.com\/#\/schema\/person\/0d064377258d3221e50693947b9eb4fe\",\"name\":\"P\u00ebrmbledhja\",\"image\":{\"@type\":\"ImageObject\",\"inLanguage\":\"sq\",\"@id\":\"https:\/\/permbledhja.com\/#\/schema\/person\/image\/\",\"url\":\"https:\/\/permbledhja.com\/wp-content\/uploads\/2026\/01\/452004717_1040944174702970_8932037511805513407_n-96x96.jpg\",\"contentUrl\":\"https:\/\/permbledhja.com\/wp-content\/uploads\/2026\/01\/452004717_1040944174702970_8932037511805513407_n-96x96.jpg\",\"caption\":\"P\u00ebrmbledhja\"},\"sameAs\":[\"https:\/\/www.facebook.com\/kafexhiu.muharrem\/\",\"https:\/\/www.instagram.com\/muharrem_kafexhiu\/\"],\"url\":\"https:\/\/permbledhja.com\/sq\/author\/admin\/\"}]}<\/script>\n<!-- \/ Yoast SEO plugin. -->","yoast_head_json":{"title":"Ish-presidenti Hashim Tha\u00e7i vazhdon q\u00ebndrimin n\u00eb Kosov\u00eb","robots":{"index":"index","follow":"follow","max-snippet":"max-snippet:-1","max-image-preview":"max-image-preview:large","max-video-preview":"max-video-preview:-1"},"canonical":"https:\/\/permbledhja.com\/sq\/ish-presidenti-hashim-thaci-vazhdon-qendrimin-ne-kosove\/","og_locale":"sq_AL","og_type":"article","og_title":"Ish-presidenti Hashim Tha\u00e7i vazhdon q\u00ebndrimin n\u00eb Kosov\u00eb","og_description":"Ish-presidenti i Kosov\u00ebs, Hashim Tha\u00e7i po e vazhdon t\u00eb q\u00ebndroj\u00eb n\u00eb Kosov\u00eb, pasi u lejua nga Dhomat e Specializuara, q\u00eb t\u00eb vizitoj\u00eb baban\u00eb e tij, n\u00eb gjendje t\u00eb r\u00ebnduar sh\u00ebndet\u00ebsore. Kjo \u00ebsht\u00eb hera e dyt\u00eb q\u00eb brenda k\u00ebtij viti, p\u00ebr arsye t\u00eb nj\u00ebjta, Specialja e ka lejuar ish-presidentin Tha\u00e7i q\u00eb t\u00eb vij\u00eb n\u00eb Kosov\u00eb, jo [&hellip;]","og_url":"https:\/\/permbledhja.com\/sq\/ish-presidenti-hashim-thaci-vazhdon-qendrimin-ne-kosove\/","og_site_name":"Ve\u00e7 artikuj p\u00ebrmbledh\u00ebs","article_publisher":"https:\/\/www.facebook.com\/press07\/","article_author":"https:\/\/www.facebook.com\/kafexhiu.muharrem\/","article_published_time":"2023-09-03T19:06:44+00:00","og_image":[{"width":2048,"height":1364,"url":"https:\/\/permbledhja.com\/wp-content\/uploads\/2023\/05\/200624-hashim-thaci-ew-111p-2048x1364-1.jpg","type":"image\/jpeg"}],"author":"P\u00ebrmbledhja","twitter_card":"summary_large_image","twitter_misc":{"Written by":"P\u00ebrmbledhja","Est. reading time":"2 minuta"},"schema":{"@context":"https:\/\/schema.org","@graph":[{"@type":"Article","@id":"https:\/\/permbledhja.com\/ish-presidenti-hashim-thaci-vazhdon-qendrimin-ne-kosove\/#article","isPartOf":{"@id":"https:\/\/permbledhja.com\/ish-presidenti-hashim-thaci-vazhdon-qendrimin-ne-kosove\/"},"author":{"name":"P\u00ebrmbledhja","@id":"https:\/\/permbledhja.com\/#\/schema\/person\/0d064377258d3221e50693947b9eb4fe"},"headline":"Ish-presidenti Hashim Tha\u00e7i vazhdon q\u00ebndrimin n\u00eb Kosov\u00eb","datePublished":"2023-09-03T19:06:44+00:00","dateModified":"2023-09-03T19:06:44+00:00","mainEntityOfPage":{"@id":"https:\/\/permbledhja.com\/ish-presidenti-hashim-thaci-vazhdon-qendrimin-ne-kosove\/"},"wordCount":494,"publisher":{"@id":"https:\/\/permbledhja.com\/#organization"},"keywords":["Hashim Tha\u00e7i"],"articleSection":["Komb\u00ebtare","Lajme"],"inLanguage":"sq"},{"@type":"WebPage","@id":"https:\/\/permbledhja.com\/ish-presidenti-hashim-thaci-vazhdon-qendrimin-ne-kosove\/","url":"https:\/\/permbledhja.com\/ish-presidenti-hashim-thaci-vazhdon-qendrimin-ne-kosove\/","name":"Ish-presidenti Hashim Tha\u00e7i vazhdon q\u00ebndrimin n\u00eb Kosov\u00eb","isPartOf":{"@id":"https:\/\/permbledhja.com\/#website"},"datePublished":"2023-09-03T19:06:44+00:00","dateModified":"2023-09-03T19:06:44+00:00","breadcrumb":{"@id":"https:\/\/permbledhja.com\/ish-presidenti-hashim-thaci-vazhdon-qendrimin-ne-kosove\/#breadcrumb"},"inLanguage":"sq","potentialAction":[{"@type":"ReadAction","target":["https:\/\/permbledhja.com\/ish-presidenti-hashim-thaci-vazhdon-qendrimin-ne-kosove\/"]}]},{"@type":"BreadcrumbList","@id":"https:\/\/permbledhja.com\/ish-presidenti-hashim-thaci-vazhdon-qendrimin-ne-kosove\/#breadcrumb","itemListElement":[{"@type":"ListItem","position":1,"name":"Ballina","item":"https:\/\/permbledhja.com\/sq\/"},{"@type":"ListItem","position":2,"name":"Ish-presidenti Hashim Tha\u00e7i vazhdon q\u00ebndrimin n\u00eb Kosov\u00eb"}]},{"@type":"WebSite","@id":"https:\/\/permbledhja.com\/#website","url":"https:\/\/permbledhja.com\/","name":"Ve\u00e7 artikuj p\u00ebrmbledh\u00ebs","description":"","publisher":{"@id":"https:\/\/permbledhja.com\/#organization"},"potentialAction":[{"@type":"SearchAction","target":{"@type":"EntryPoint","urlTemplate":"https:\/\/permbledhja.com\/?s={search_term_string}"},"query-input":"required name=search_term_string"}],"inLanguage":"sq"},{"@type":"Organization","@id":"https:\/\/permbledhja.com\/#organization","name":"MK Media & Pr","url":"https:\/\/permbledhja.com\/","logo":{"@type":"ImageObject","inLanguage":"sq","@id":"https:\/\/permbledhja.com\/#\/schema\/logo\/image\/","url":"https:\/\/permbledhja.com\/wp-content\/uploads\/2021\/12\/07-Press-Logo.jpg","contentUrl":"https:\/\/permbledhja.com\/wp-content\/uploads\/2021\/12\/07-Press-Logo.jpg","width":512,"height":512,"caption":"MK Media & Pr"},"image":{"@id":"https:\/\/permbledhja.com\/#\/schema\/logo\/image\/"},"sameAs":["https:\/\/www.facebook.com\/press07\/"]},{"@type":"Person","@id":"https:\/\/permbledhja.com\/#\/schema\/person\/0d064377258d3221e50693947b9eb4fe","name":"P\u00ebrmbledhja","image":{"@type":"ImageObject","inLanguage":"sq","@id":"https:\/\/permbledhja.com\/#\/schema\/person\/image\/","url":"https:\/\/permbledhja.com\/wp-content\/uploads\/2026\/01\/452004717_1040944174702970_8932037511805513407_n-96x96.jpg","contentUrl":"https:\/\/permbledhja.com\/wp-content\/uploads\/2026\/01\/452004717_1040944174702970_8932037511805513407_n-96x96.jpg","caption":"P\u00ebrmbledhja"},"sameAs":["https:\/\/www.facebook.com\/kafexhiu.muharrem\/","https:\/\/www.instagram.com\/muharrem_kafexhiu\/"],"url":"https:\/\/permbledhja.com\/sq\/author\/admin\/"}]}},"_links":{"self":[{"href":"https:\/\/permbledhja.com\/sq\/wp-json\/wp\/v2\/posts\/25622"}],"collection":[{"href":"https:\/\/permbledhja.com\/sq\/wp-json\/wp\/v2\/posts"}],"about":[{"href":"https:\/\/permbledhja.com\/sq\/wp-json\/wp\/v2\/types\/post"}],"author":[{"embeddable":true,"href":"https:\/\/permbledhja.com\/sq\/wp-json\/wp\/v2\/users\/1"}],"replies":[{"embeddable":true,"href":"https:\/\/permbledhja.com\/sq\/wp-json\/wp\/v2\/comments?post=25622"}],"version-history":[{"count":1,"href":"https:\/\/permbledhja.com\/sq\/wp-json\/wp\/v2\/posts\/25622\/revisions"}],"predecessor-version":[{"id":25623,"href":"https:\/\/permbledhja.com\/sq\/wp-json\/wp\/v2\/posts\/25622\/revisions\/25623"}],"wp:featuredmedia":[{"embeddable":true,"href":"https:\/\/permbledhja.com\/sq\/wp-json\/wp\/v2\/media\/15278"}],"wp:attachment":[{"href":"https:\/\/permbledhja.com\/sq\/wp-json\/wp\/v2\/media?parent=25622"}],"wp:term":[{"taxonomy":"category","embeddable":true,"href":"https:\/\/permbledhja.com\/sq\/wp-json\/wp\/v2\/categories?post=25622"},{"taxonomy":"post_tag","embeddable":true,"href":"https:\/\/permbledhja.com\/sq\/wp-json\/wp\/v2\/tags?post=25622"}],"curies":[{"name":"wp","href":"https:\/\/api.w.org\/{rel}","templated":true}]}}